{"id":46376,"date":"2025-11-27T05:13:27","date_gmt":"2025-11-27T05:13:27","guid":{"rendered":"https:\/\/elukelele.com\/fr\/?p=46376"},"modified":"2025-11-27T05:13:28","modified_gmt":"2025-11-27T05:13:28","slug":"proces-de-mazan-une-interdiction-dexercer-pendant-18-mois-demandee-a","status":"publish","type":"post","link":"https:\/\/elukelele.com\/fr\/divertissement\/proces-de-mazan-une-interdiction-dexercer-pendant-18-mois-demandee-a\/","title":{"rendered":"Proce\u0300s de Mazan : une interdiction d&rsquo;exercer pendant 18 mois demande\u0301e a\u0300"},"content":{"rendered":"<p>Le monde judiciaire et m\u00e9diatique a de nouveau les yeux riv\u00e9s sur Nadia El Bouroumi, l&rsquo;avocate avignonnaise qui avait d\u00e9j\u00e0 d\u00e9fray\u00e9 la chronique lors de l&rsquo;affaire P\u00e9licot. Elle se trouve aujourd&rsquo;hui au c\u0153ur d&rsquo;une proc\u00e9dure disciplinaire devant le conseil r\u00e9gional de discipline de la Cour d&rsquo;appel de N\u00eemes, o\u00f9 une interdiction d&rsquo;exercer de 18 mois a \u00e9t\u00e9 requise \u00e0 son encontre. Cette demande fait suite \u00e0 son comportement jug\u00e9 inappropri\u00e9 lors du tr\u00e8s m\u00e9diatis\u00e9 proc\u00e8s des viols de Mazan, notamment la publication de vid\u00e9os sur ses r\u00e9seaux sociaux, ravivant ainsi le d\u00e9bat sur l&rsquo;\u00e9thique professionnelle et la libert\u00e9 d&rsquo;expression des avocats \u00e0 l&rsquo;\u00e8re num\u00e9rique.<\/p>\n<h2 id=\"le-proces-de-mazan-et-le-comportement-controverse-de-nadia-el-bouroumi\">Le Proc\u00e8s de Mazan et le Comportement Controvers\u00e9 de Nadia El Bouroumi<\/h2>\n<p>L&rsquo;affaire qui m\u00e8ne aujourd&rsquo;hui Nadia El Bouroumi devant les instances disciplinaires trouve ses racines dans le proc\u00e8s des viols de Mazan. Les faits reproch\u00e9s \u00e0 l&rsquo;avocate concernent sp\u00e9cifiquement des vid\u00e9os qu&rsquo;elle a publi\u00e9es sur ses r\u00e9seaux sociaux, jug\u00e9es par le b\u00e2tonnier du barreau d&rsquo;Avignon, Philippe Cano, comme ayant port\u00e9 atteinte \u00e0 la dignit\u00e9 de la profession.<\/p>\n<h3>Les Vid\u00e9os en Question<\/h3>\n<ul>\n<li>La premi\u00e8re vid\u00e9o, datant de septembre 2024, montre Nadia El Bouroumi se filmant \u00e0 la sortie du tribunal. Elle y \u00e9voque la diffusion de photos de la victime dans des \u00ab\u00a0positions qui posent probl\u00e8me\u00a0\u00bb, alors que cette derni\u00e8re \u00ab\u00a0expliquait qu&rsquo;elle n&rsquo;avait jamais, jamais particip\u00e9 \u00e0 quoi que ce soit\u00a0\u00bb.<\/li>\n<li>La seconde vid\u00e9o, publi\u00e9e d\u00e8s le lendemain, la met en sc\u00e8ne en train de chanter le morceau \u00ab\u00a0Wake me up\u00a0\u00bb, dont les paroles ont \u00e9t\u00e9 consid\u00e9r\u00e9es comme particuli\u00e8rement d\u00e9plac\u00e9es au vu du contexte de l&rsquo;affaire et de sa gravit\u00e9.<\/li>\n<\/ul>\n<h2 id=\"la-procedure-disciplinaire-et-les-arguments-du-batonnier\">La Proc\u00e9dure Disciplinaire et les Arguments du B\u00e2tonnier<\/h2>\n<p>La proc\u00e9dure disciplinaire a \u00e9t\u00e9 initi\u00e9e le 13 d\u00e9cembre 2024 par le b\u00e2tonnier Philippe Cano. Devant le conseil r\u00e9gional de discipline, il a fermement soutenu que ces vid\u00e9os avaient \u00ab\u00a0port\u00e9 atteinte \u00e0 la profession\u00a0\u00bb et que Nadia El Bouroumi avait cherch\u00e9 \u00ab\u00a0la pol\u00e9mique, le buzz\u00a0\u00bb avec sa premi\u00e8re publication.<\/p>\n<p>Le b\u00e2tonnier a \u00e9galement qualifi\u00e9 le comportement de l&rsquo;avocate de \u00ab\u00a0pompier pyromane\u00a0\u00bb avec la deuxi\u00e8me vid\u00e9o, estimant qu&rsquo;elle n&rsquo;avait fait qu&rsquo;aggraver la temp\u00eate m\u00e9diatique. Il a rappel\u00e9 le serment professionnel d&rsquo;exercer avec dignit\u00e9, un serment qui, selon lui, a \u00e9t\u00e9 \u00ab\u00a0pi\u00e9tin\u00e9 par Nadia El Bouroumi\u00a0\u00bb. Philippe Cano a soulign\u00e9 son r\u00f4le de b\u00e2tonnier, qui est de \u00ab\u00a0d\u00e9fendre l&rsquo;honneur et la dignit\u00e9 de la profession\u00a0\u00bb, tout en pr\u00e9cisant n&rsquo;avoir \u00ab\u00a0aucune animosit\u00e9 personnelle\u00a0\u00bb envers sa cons\u0153ur.<\/p>\n<h2 id=\"la-defense-de-nadia-el-bouroumi-et-la-liberte-dexpression\">La D\u00e9fense de Nadia El Bouroumi et la Libert\u00e9 d&rsquo;Expression<\/h2>\n<p>Lors de l&rsquo;audience, la d\u00e9fense de Nadia El Bouroumi, repr\u00e9sent\u00e9e notamment par l&rsquo;un de ses avocats, Olivier Morice, a longuement plaid\u00e9 en faveur de la libert\u00e9 d&rsquo;expression. Invoquant plusieurs jurisprudences, Ma\u00eetre Morice a demand\u00e9 \u00e0 ce que ce principe fondamental prime sur les exigences de mod\u00e9ration, de courtoisie ou d&rsquo;\u00e9l\u00e9gance souvent associ\u00e9es \u00e0 la profession. Il a ainsi r\u00e9clam\u00e9 la relaxe de sa cliente.<\/p>\n<p>Initialement silencieuse, Nadia El Bouroumi a finalement pris la parole en fin d&rsquo;audience. Elle a affirm\u00e9 avoir \u00e9t\u00e9 \u00ab\u00a0victime d&rsquo;attaques violentes pendant ce proc\u00e8s\u00a0\u00bb et avoir r\u00e9alis\u00e9 la vid\u00e9o \u00ab\u00a0pour dire stop\u00a0\u00bb, assurant qu&rsquo;elle n&rsquo;avait pens\u00e9 qu&rsquo;au proc\u00e8s.<\/p>\n<h2 id=\"attente-de-la-decision\">Attente de la D\u00e9cision<\/h2>\n<p>La d\u00e9cision concernant l&rsquo;interdiction d&rsquo;exercer de 18 mois requise \u00e0 l&rsquo;encontre de Nadia El Bouroumi a \u00e9t\u00e9 mise en d\u00e9lib\u00e9r\u00e9. Le verdict est attendu le 18 d\u00e9cembre prochain. Cette affaire continue de susciter l&rsquo;int\u00e9r\u00eat, non seulement pour le sort de l&rsquo;avocate, mais aussi pour les implications plus larges sur l&rsquo;image et les r\u00e8gles de conduite de la profession d&rsquo;avocat \u00e0 l&rsquo;\u00e8re des r\u00e9seaux sociaux et de l&rsquo;omnipr\u00e9sence m\u00e9diatique.<\/p>\n","protected":false},"excerpt":{"rendered":"<p>Le monde judiciaire et m\u00e9diatique a de nouveau les yeux riv\u00e9s sur Nadia El Bouroumi, l&rsquo;avocate avignonnaise qui avait d\u00e9j\u00e0 d\u00e9fray\u00e9 la chronique lors de l&rsquo;affaire P\u00e9licot. Elle se trouve aujourd&rsquo;hui au c\u0153ur d&rsquo;une proc\u00e9dure disciplinaire devant le conseil r\u00e9gional de discipline de la Cour d&rsquo;appel de N\u00eemes, o\u00f9 une interdiction d&rsquo;exercer de 18 mois [&hellip;]<\/p>\n","protected":false},"author":4,"featured_media":46375,"comment_status":"open","ping_status":"open","sticky":false,"template":"","format":"standard","meta":{"_yoast_wpseo_title":"Proce\u0300s de Mazan : une interdiction d'exercer pendant 18 mois demande\u0301e a","_yoast_wpseo_metadesc":"","_yoast_wpseo_focuskw":"Proce\u0300s"},"categories":[5],"tags":[],"class_list":["post-46376","post","type-post","status-publish","format-standard","has-post-thumbnail","hentry","category-divertissement"],"yoast_head":"<!-- This site is optimized with the Yoast SEO plugin v26.3 - https:\/\/yoast.com\/wordpress\/plugins\/seo\/ -->\n<title>Proce\u0300s de Mazan : une interdiction d&#039;exercer pendant 18 mois demande\u0301e a<\/title>\n<meta name=\"robots\" content=\"index, follow, max-snippet:-1, max-image-preview:large, max-video-preview:-1\" \/>\n<link rel=\"canonical\" href=\"https:\/\/elukelele.com\/fr\/divertissement\/proces-de-mazan-une-interdiction-dexercer-pendant-18-mois-demandee-a\/\" \/>\n<meta property=\"og:locale\" content=\"fr_FR\" \/>\n<meta property=\"og:type\" content=\"article\" \/>\n<meta property=\"og:title\" content=\"Proce\u0300s de Mazan : une interdiction d&#039;exercer pendant 18 mois demande\u0301e a\" \/>\n<meta property=\"og:description\" content=\"Le monde judiciaire et m\u00e9diatique a de nouveau les yeux riv\u00e9s sur Nadia El Bouroumi, l&rsquo;avocate avignonnaise qui avait d\u00e9j\u00e0 d\u00e9fray\u00e9 la chronique lors de l&rsquo;affaire P\u00e9licot. Elle se trouve aujourd&rsquo;hui au c\u0153ur d&rsquo;une proc\u00e9dure disciplinaire devant le conseil r\u00e9gional de discipline de la Cour d&rsquo;appel de N\u00eemes, o\u00f9 une interdiction d&rsquo;exercer de 18 mois [&hellip;]\" \/>\n<meta property=\"og:url\" content=\"https:\/\/elukelele.com\/fr\/divertissement\/proces-de-mazan-une-interdiction-dexercer-pendant-18-mois-demandee-a\/\" \/>\n<meta property=\"og:site_name\" content=\"El Ukelele\" \/>\n<meta property=\"article:published_time\" content=\"2025-11-27T05:13:27+00:00\" \/>\n<meta property=\"article:modified_time\" content=\"2025-11-27T05:13:28+00:00\" \/>\n<meta property=\"og:image\" content=\"https:\/\/elukelele.com\/fr\/wp-content\/uploads\/2025\/11\/framed_only-828.png\" \/>\n\t<meta property=\"og:image:width\" content=\"1200\" \/>\n\t<meta property=\"og:image:height\" content=\"628\" \/>\n\t<meta property=\"og:image:type\" content=\"image\/png\" \/>\n<meta name=\"author\" content=\"Daniel Perrin\" \/>\n<meta name=\"twitter:card\" content=\"summary_large_image\" \/>\n<meta name=\"twitter:label1\" content=\"\u00c9crit par\" \/>\n\t<meta name=\"twitter:data1\" content=\"Daniel Perrin\" \/>\n\t<meta name=\"twitter:label2\" content=\"Dur\u00e9e de lecture estim\u00e9e\" \/>\n\t<meta name=\"twitter:data2\" content=\"4 minutes\" \/>\n<script type=\"application\/ld+json\" class=\"yoast-schema-graph\">{\"@context\":\"https:\/\/schema.org\",\"@graph\":[{\"@type\":\"WebPage\",\"@id\":\"https:\/\/elukelele.com\/fr\/divertissement\/proces-de-mazan-une-interdiction-dexercer-pendant-18-mois-demandee-a\/\",\"url\":\"https:\/\/elukelele.com\/fr\/divertissement\/proces-de-mazan-une-interdiction-dexercer-pendant-18-mois-demandee-a\/\",\"name\":\"Proce\u0300s de Mazan : une interdiction d'exercer pendant 18 mois demande\u0301e a\",\"isPartOf\":{\"@id\":\"https:\/\/elukelele.com\/fr\/#website\"},\"primaryImageOfPage\":{\"@id\":\"https:\/\/elukelele.com\/fr\/divertissement\/proces-de-mazan-une-interdiction-dexercer-pendant-18-mois-demandee-a\/#primaryimage\"},\"image\":{\"@id\":\"https:\/\/elukelele.com\/fr\/divertissement\/proces-de-mazan-une-interdiction-dexercer-pendant-18-mois-demandee-a\/#primaryimage\"},\"thumbnailUrl\":\"https:\/\/elukelele.com\/fr\/wp-content\/uploads\/2025\/11\/framed_only-828.png\",\"datePublished\":\"2025-11-27T05:13:27+00:00\",\"dateModified\":\"2025-11-27T05:13:28+00:00\",\"author\":{\"@id\":\"https:\/\/elukelele.com\/fr\/#\/schema\/person\/ccfb3d2be2ec7fa389608eb6da0b38d6\"},\"breadcrumb\":{\"@id\":\"https:\/\/elukelele.com\/fr\/divertissement\/proces-de-mazan-une-interdiction-dexercer-pendant-18-mois-demandee-a\/#breadcrumb\"},\"inLanguage\":\"fr-FR\",\"potentialAction\":[{\"@type\":\"ReadAction\",\"target\":[\"https:\/\/elukelele.com\/fr\/divertissement\/proces-de-mazan-une-interdiction-dexercer-pendant-18-mois-demandee-a\/\"]}]},{\"@type\":\"ImageObject\",\"inLanguage\":\"fr-FR\",\"@id\":\"https:\/\/elukelele.com\/fr\/divertissement\/proces-de-mazan-une-interdiction-dexercer-pendant-18-mois-demandee-a\/#primaryimage\",\"url\":\"https:\/\/elukelele.com\/fr\/wp-content\/uploads\/2025\/11\/framed_only-828.png\",\"contentUrl\":\"https:\/\/elukelele.com\/fr\/wp-content\/uploads\/2025\/11\/framed_only-828.png\",\"width\":1200,\"height\":628,\"caption\":\"Proce\u0300s\"},{\"@type\":\"BreadcrumbList\",\"@id\":\"https:\/\/elukelele.com\/fr\/divertissement\/proces-de-mazan-une-interdiction-dexercer-pendant-18-mois-demandee-a\/#breadcrumb\",\"itemListElement\":[{\"@type\":\"ListItem\",\"position\":1,\"name\":\"Home\",\"item\":\"https:\/\/elukelele.com\/fr\/\"},{\"@type\":\"ListItem\",\"position\":2,\"name\":\"Proce\u0300s de Mazan : une interdiction d&rsquo;exercer pendant 18 mois demande\u0301e a\u0300\"}]},{\"@type\":\"WebSite\",\"@id\":\"https:\/\/elukelele.com\/fr\/#website\",\"url\":\"https:\/\/elukelele.com\/fr\/\",\"name\":\"El Ukelele\",\"description\":\"Musique au-del\u00e0 de l&#039;indie\",\"potentialAction\":[{\"@type\":\"SearchAction\",\"target\":{\"@type\":\"EntryPoint\",\"urlTemplate\":\"https:\/\/elukelele.com\/fr\/?s={search_term_string}\"},\"query-input\":{\"@type\":\"PropertyValueSpecification\",\"valueRequired\":true,\"valueName\":\"search_term_string\"}}],\"inLanguage\":\"fr-FR\"},{\"@type\":\"Person\",\"@id\":\"https:\/\/elukelele.com\/fr\/#\/schema\/person\/ccfb3d2be2ec7fa389608eb6da0b38d6\",\"name\":\"Daniel Perrin\",\"image\":{\"@type\":\"ImageObject\",\"inLanguage\":\"fr-FR\",\"@id\":\"https:\/\/elukelele.com\/fr\/#\/schema\/person\/image\/\",\"url\":\"https:\/\/secure.gravatar.com\/avatar\/37f9d9ffa29ce5640a0d9c6ca8bbd90afb854014296ecaa0e3a558ac716e6fe4?s=96&d=mm&r=g\",\"contentUrl\":\"https:\/\/secure.gravatar.com\/avatar\/37f9d9ffa29ce5640a0d9c6ca8bbd90afb854014296ecaa0e3a558ac716e6fe4?s=96&d=mm&r=g\",\"caption\":\"Daniel Perrin\"},\"sameAs\":[\"https:\/\/elukelele.com\/fr\"],\"url\":\"https:\/\/elukelele.com\/fr\/author\/daniel-perrin\/\"}]}<\/script>\n<!-- \/ Yoast SEO plugin. -->","yoast_head_json":{"title":"Proce\u0300s de Mazan : une interdiction d'exercer pendant 18 mois demande\u0301e a","robots":{"index":"index","follow":"follow","max-snippet":"max-snippet:-1","max-image-preview":"max-image-preview:large","max-video-preview":"max-video-preview:-1"},"canonical":"https:\/\/elukelele.com\/fr\/divertissement\/proces-de-mazan-une-interdiction-dexercer-pendant-18-mois-demandee-a\/","og_locale":"fr_FR","og_type":"article","og_title":"Proce\u0300s de Mazan : une interdiction d'exercer pendant 18 mois demande\u0301e a","og_description":"Le monde judiciaire et m\u00e9diatique a de nouveau les yeux riv\u00e9s sur Nadia El Bouroumi, l&rsquo;avocate avignonnaise qui avait d\u00e9j\u00e0 d\u00e9fray\u00e9 la chronique lors de l&rsquo;affaire P\u00e9licot. Elle se trouve aujourd&rsquo;hui au c\u0153ur d&rsquo;une proc\u00e9dure disciplinaire devant le conseil r\u00e9gional de discipline de la Cour d&rsquo;appel de N\u00eemes, o\u00f9 une interdiction d&rsquo;exercer de 18 mois [&hellip;]","og_url":"https:\/\/elukelele.com\/fr\/divertissement\/proces-de-mazan-une-interdiction-dexercer-pendant-18-mois-demandee-a\/","og_site_name":"El Ukelele","article_published_time":"2025-11-27T05:13:27+00:00","article_modified_time":"2025-11-27T05:13:28+00:00","og_image":[{"width":1200,"height":628,"url":"https:\/\/elukelele.com\/fr\/wp-content\/uploads\/2025\/11\/framed_only-828.png","type":"image\/png"}],"author":"Daniel Perrin","twitter_card":"summary_large_image","twitter_misc":{"\u00c9crit par":"Daniel Perrin","Dur\u00e9e de lecture estim\u00e9e":"4 minutes"},"schema":{"@context":"https:\/\/schema.org","@graph":[{"@type":"WebPage","@id":"https:\/\/elukelele.com\/fr\/divertissement\/proces-de-mazan-une-interdiction-dexercer-pendant-18-mois-demandee-a\/","url":"https:\/\/elukelele.com\/fr\/divertissement\/proces-de-mazan-une-interdiction-dexercer-pendant-18-mois-demandee-a\/","name":"Proce\u0300s de Mazan : une interdiction d'exercer pendant 18 mois demande\u0301e a","isPartOf":{"@id":"https:\/\/elukelele.com\/fr\/#website"},"primaryImageOfPage":{"@id":"https:\/\/elukelele.com\/fr\/divertissement\/proces-de-mazan-une-interdiction-dexercer-pendant-18-mois-demandee-a\/#primaryimage"},"image":{"@id":"https:\/\/elukelele.com\/fr\/divertissement\/proces-de-mazan-une-interdiction-dexercer-pendant-18-mois-demandee-a\/#primaryimage"},"thumbnailUrl":"https:\/\/elukelele.com\/fr\/wp-content\/uploads\/2025\/11\/framed_only-828.png","datePublished":"2025-11-27T05:13:27+00:00","dateModified":"2025-11-27T05:13:28+00:00","author":{"@id":"https:\/\/elukelele.com\/fr\/#\/schema\/person\/ccfb3d2be2ec7fa389608eb6da0b38d6"},"breadcrumb":{"@id":"https:\/\/elukelele.com\/fr\/divertissement\/proces-de-mazan-une-interdiction-dexercer-pendant-18-mois-demandee-a\/#breadcrumb"},"inLanguage":"fr-FR","potentialAction":[{"@type":"ReadAction","target":["https:\/\/elukelele.com\/fr\/divertissement\/proces-de-mazan-une-interdiction-dexercer-pendant-18-mois-demandee-a\/"]}]},{"@type":"ImageObject","inLanguage":"fr-FR","@id":"https:\/\/elukelele.com\/fr\/divertissement\/proces-de-mazan-une-interdiction-dexercer-pendant-18-mois-demandee-a\/#primaryimage","url":"https:\/\/elukelele.com\/fr\/wp-content\/uploads\/2025\/11\/framed_only-828.png","contentUrl":"https:\/\/elukelele.com\/fr\/wp-content\/uploads\/2025\/11\/framed_only-828.png","width":1200,"height":628,"caption":"Proce\u0300s"},{"@type":"BreadcrumbList","@id":"https:\/\/elukelele.com\/fr\/divertissement\/proces-de-mazan-une-interdiction-dexercer-pendant-18-mois-demandee-a\/#breadcrumb","itemListElement":[{"@type":"ListItem","position":1,"name":"Home","item":"https:\/\/elukelele.com\/fr\/"},{"@type":"ListItem","position":2,"name":"Proce\u0300s de Mazan : une interdiction d&rsquo;exercer pendant 18 mois demande\u0301e a\u0300"}]},{"@type":"WebSite","@id":"https:\/\/elukelele.com\/fr\/#website","url":"https:\/\/elukelele.com\/fr\/","name":"El Ukelele","description":"Musique au-del\u00e0 de l&#039;indie","potentialAction":[{"@type":"SearchAction","target":{"@type":"EntryPoint","urlTemplate":"https:\/\/elukelele.com\/fr\/?s={search_term_string}"},"query-input":{"@type":"PropertyValueSpecification","valueRequired":true,"valueName":"search_term_string"}}],"inLanguage":"fr-FR"},{"@type":"Person","@id":"https:\/\/elukelele.com\/fr\/#\/schema\/person\/ccfb3d2be2ec7fa389608eb6da0b38d6","name":"Daniel Perrin","image":{"@type":"ImageObject","inLanguage":"fr-FR","@id":"https:\/\/elukelele.com\/fr\/#\/schema\/person\/image\/","url":"https:\/\/secure.gravatar.com\/avatar\/37f9d9ffa29ce5640a0d9c6ca8bbd90afb854014296ecaa0e3a558ac716e6fe4?s=96&d=mm&r=g","contentUrl":"https:\/\/secure.gravatar.com\/avatar\/37f9d9ffa29ce5640a0d9c6ca8bbd90afb854014296ecaa0e3a558ac716e6fe4?s=96&d=mm&r=g","caption":"Daniel Perrin"},"sameAs":["https:\/\/elukelele.com\/fr"],"url":"https:\/\/elukelele.com\/fr\/author\/daniel-perrin\/"}]}},"_links":{"self":[{"href":"https:\/\/elukelele.com\/fr\/wp-json\/wp\/v2\/posts\/46376","targetHints":{"allow":["GET"]}}],"collection":[{"href":"https:\/\/elukelele.com\/fr\/wp-json\/wp\/v2\/posts"}],"about":[{"href":"https:\/\/elukelele.com\/fr\/wp-json\/wp\/v2\/types\/post"}],"author":[{"embeddable":true,"href":"https:\/\/elukelele.com\/fr\/wp-json\/wp\/v2\/users\/4"}],"replies":[{"embeddable":true,"href":"https:\/\/elukelele.com\/fr\/wp-json\/wp\/v2\/comments?post=46376"}],"version-history":[{"count":1,"href":"https:\/\/elukelele.com\/fr\/wp-json\/wp\/v2\/posts\/46376\/revisions"}],"predecessor-version":[{"id":46426,"href":"https:\/\/elukelele.com\/fr\/wp-json\/wp\/v2\/posts\/46376\/revisions\/46426"}],"wp:featuredmedia":[{"embeddable":true,"href":"https:\/\/elukelele.com\/fr\/wp-json\/wp\/v2\/media\/46375"}],"wp:attachment":[{"href":"https:\/\/elukelele.com\/fr\/wp-json\/wp\/v2\/media?parent=46376"}],"wp:term":[{"taxonomy":"category","embeddable":true,"href":"https:\/\/elukelele.com\/fr\/wp-json\/wp\/v2\/categories?post=46376"},{"taxonomy":"post_tag","embeddable":true,"href":"https:\/\/elukelele.com\/fr\/wp-json\/wp\/v2\/tags?post=46376"}],"curies":[{"name":"wp","href":"https:\/\/api.w.org\/{rel}","templated":true}]}}