{"id":46009,"date":"2025-11-26T06:24:19","date_gmt":"2025-11-26T06:24:19","guid":{"rendered":"https:\/\/elukelele.com\/fr\/?p=46009"},"modified":"2025-11-26T06:24:20","modified_gmt":"2025-11-26T06:24:20","slug":"shana-loustau-devoile-tout-ses-secrets-derriere-les-cameras-de-cnews-et-w9","status":"publish","type":"post","link":"https:\/\/elukelele.com\/fr\/divertissement\/shana-loustau-devoile-tout-ses-secrets-derriere-les-cameras-de-cnews-et-w9\/","title":{"rendered":"Shana Loustau d\u00e9voile tout : ses secrets derri\u00e8re les cam\u00e9ras de CNews et W9"},"content":{"rendered":"<p>L&rsquo;univers m\u00e9diatique fran\u00e7ais voit r\u00e9guli\u00e8rement \u00e9merger de nouveaux visages, et parmi eux, Shana Loustau s&rsquo;est distingu\u00e9e par un parcours singulier, passant de l&rsquo;exigence de l&rsquo;information sur CNews \u00e0 la vivacit\u00e9 du divertissement sur W9. Son cheminement professionnel, marqu\u00e9 par des choix audacieux et une capacit\u00e9 d&rsquo;adaptation notable, r\u00e9v\u00e8le les multiples facettes d&rsquo;un m\u00e9tier en constante \u00e9volution. Loin des cam\u00e9ras, la journaliste partage ses secrets, les d\u00e9fis rencontr\u00e9s et les raisons qui l&rsquo;ont pouss\u00e9e \u00e0 embrasser de nouvelles aventures t\u00e9l\u00e9visuelles.<\/p>\n<h2>Shana Loustau : Un parcours m\u00e9diatique entre information et divertissement<\/h2>\n<p>N\u00e9e le 27 juillet 1996 \u00e0 Royan, Shana Loustau a forg\u00e9 sa passion pour les m\u00e9dias d\u00e8s son plus jeune \u00e2ge. Ayant grandi dans une famille li\u00e9e au monde du spectacle \u2014 avec un p\u00e8re com\u00e9dien et une m\u00e8re productrice \u2014 elle a tr\u00e8s t\u00f4t manifest\u00e9 un vif int\u00e9r\u00eat pour l&rsquo;information et les plateaux de t\u00e9l\u00e9vision.<\/p>\n<p>Son parcours acad\u00e9mique t\u00e9moigne de cette d\u00e9termination. Apr\u00e8s un baccalaur\u00e9at \u00c9conomique et Social en 2014, elle a int\u00e9gr\u00e9 l&rsquo;EFJ Paris pour ses \u00e9tudes de journalisme. Un passage par les Cours Florent a \u00e9galement \u00e9t\u00e9 d\u00e9terminant, l&rsquo;aidant \u00e0 surmonter une timidit\u00e9 initiale et \u00e0 d\u00e9velopper son aisance \u00e0 l&rsquo;oral, essentielle pour sa future carri\u00e8re t\u00e9l\u00e9visuelle.<\/p>\n<h3>De CNews aux lumi\u00e8res de W9<\/h3>\n<p>Shana Loustau a commenc\u00e9 sa carri\u00e8re au sein du groupe Canal+, int\u00e9grant CNews en alternance avant d&rsquo;\u00eatre d\u00e9finitivement engag\u00e9e en janvier 2022. Elle y a notamment co-pr\u00e9sent\u00e9 la matinale de 6h \u00e0 9h, devenant un visage familier pour de nombreux t\u00e9l\u00e9spectateurs. Sa rigueur et son dynamisme lui ont valu les \u00e9loges de ses coll\u00e8gues, comme Romain Desarbres, qui la d\u00e9crivait comme \u00ab\u00a0une excellente journaliste, intelligente avec un caract\u00e8re en or, bosseuse et dr\u00f4le\u00a0\u00bb lors de son d\u00e9part en juillet 2025.<\/p>\n<p>Entre 2023 et 2024, elle a \u00e9galement anim\u00e9 le magazine \u00ab\u00a0Au c\u0153ur de l\u2019enqu\u00eate\u00a0\u00bb sur CStar, d\u00e9montrant sa polyvalence. Son d\u00e9part de CNews en juillet 2025 a marqu\u00e9 une transition significative vers une nouvelle phase de sa carri\u00e8re.<\/p>\n<p>Depuis septembre 2025, Shana Loustau s&rsquo;est lanc\u00e9e dans l&rsquo;aventure du divertissement en rejoignant le talk-show \u00ab\u00a0Tout beau tout n9uf\u00a0\u00bb sur W9, aux c\u00f4t\u00e9s de Cyril Hanouna. Cette d\u00e9cision repr\u00e9sente un changement radical, passant de l&rsquo;information pure \u00e0 un format qui m\u00eale actualit\u00e9 et spectacle.<\/p>\n<h2>Les coulisses d&rsquo;une transformation : d\u00e9fis et adaptations<\/h2>\n<p>La transition de l&rsquo;information vers le divertissement n&rsquo;est pas sans d\u00e9fis. Shana Loustau a confi\u00e9 que cette nouvelle exp\u00e9rience exigeait de \u00ab\u00a0se l\u00e2cher\u00a0\u00bb et de sortir de la \u00ab\u00a0posture tr\u00e8s lisse de journaliste\u00a0\u00bb pour embrasser un ton plus l\u00e9ger et humoristique. Elle y voit un pari qu&rsquo;elle a choisi de relever, estimant que c&rsquo;\u00e9tait \u00ab\u00a0maintenant ou jamais\u00a0\u00bb pour s&rsquo;aventurer dans ce type de projet.<\/p>\n<p>Cette adaptation implique une nouvelle mani\u00e8re d&rsquo;interagir \u00e0 l&rsquo;\u00e9cran, o\u00f9 l&rsquo;expertise journalistique rencontre l&rsquo;exigence du divertissement. Elle y apporte sa capacit\u00e9 \u00e0 analyser les actualit\u00e9s, tout en s&rsquo;ouvrant \u00e0 une ambiance plus d\u00e9contract\u00e9e. Son int\u00e9gration \u00e0 l&rsquo;\u00e9quipe de Cyril Hanouna s&rsquo;est faite \u00ab\u00a0par hasard\u00a0\u00bb lors d&rsquo;un d\u00eener, et le \u00ab\u00a0feeling\u00a0\u00bb a \u00e9t\u00e9 imm\u00e9diat.<\/p>\n<h2>Vision et perspectives : entre authenticit\u00e9 et discr\u00e9tion<\/h2>\n<p>Shana Loustau continue d&rsquo;apprendre au quotidien dans ce nouvel environnement, enrichie par les retours du public et les dynamiques d&rsquo;une \u00e9quipe diff\u00e9rente. Malgr\u00e9 sa notori\u00e9t\u00e9 croissante, elle privil\u00e9gie la discr\u00e9tion concernant sa vie priv\u00e9e, pr\u00e9f\u00e9rant mettre en avant son parcours professionnel. Cette approche lui permet de maintenir une certaine s\u00e9r\u00e9nit\u00e9 loin des projecteurs, tout en partageant des aper\u00e7us de sa vie professionnelle et personnelle sur les r\u00e9seaux sociaux.<\/p>\n<p>Son parcours de Royan aux matinales de CNews, puis aux talk-shows de W9, illustre une aptitude rare \u00e0 \u00e9voluer sans renier ses valeurs. \u00c0 29 ans, elle incarne une nouvelle g\u00e9n\u00e9ration de professionnels des m\u00e9dias qui conjugue comp\u00e9tence, authenticit\u00e9 et une volont\u00e9 de se r\u00e9inventer.<\/p>\n<h2>Les points cl\u00e9s de son parcours<\/h2>\n<ul>\n<li><strong>Origines et Formation<\/strong> : N\u00e9e \u00e0 Royan en 1996, Shana Loustau a \u00e9t\u00e9 influenc\u00e9e d\u00e8s l&rsquo;enfance par l&rsquo;univers m\u00e9diatique de ses parents. Elle est dipl\u00f4m\u00e9e de l&rsquo;EFJ Paris et a suivi des cours au Cours Florent pour d\u00e9velopper son aisance.<\/li>\n<li><strong>Carri\u00e8re \u00e0 CNews<\/strong> : Elle a co-pr\u00e9sent\u00e9 la matinale de CNews de 2022 \u00e0 juillet 2025 et a anim\u00e9 \u00ab\u00a0Au c\u0153ur de l\u2019enqu\u00eate\u00a0\u00bb sur CStar.<\/li>\n<li><strong>Transition vers W9<\/strong> : Depuis septembre 2025, elle est chroniqueuse dans \u00ab\u00a0Tout beau tout n9uf\u00a0\u00bb aux c\u00f4t\u00e9s de Cyril Hanouna, marquant un passage de l&rsquo;information au divertissement.<\/li>\n<li><strong>D\u00e9fis et Adaptation<\/strong> : Le changement exige d&rsquo;elle de s&rsquo;adapter \u00e0 un ton plus l\u00e9ger et \u00e0 une nouvelle dynamique d&rsquo;\u00e9mission, loin de la rigueur de l&rsquo;information.<\/li>\n<li><strong>Vie Priv\u00e9e<\/strong> : Elle maintient une discr\u00e9tion sur sa vie personnelle, se concentrant sur son d\u00e9veloppement professionnel et partageant son actualit\u00e9 sur les r\u00e9seaux sociaux.<\/li>\n<\/ul>\n<p>En somme, le parcours de Shana Loustau est celui d&rsquo;une journaliste qui a su naviguer avec succ\u00e8s entre diff\u00e9rents univers m\u00e9diatiques, embrassant le changement et d\u00e9montrant une remarquable capacit\u00e9 \u00e0 se r\u00e9inventer. Ses confidences derri\u00e8re les cam\u00e9ras de CNews et W9 offrent un aper\u00e7u pr\u00e9cieux des coulisses d&rsquo;une carri\u00e8re dynamique et prometteuse dans le paysage audiovisuel fran\u00e7ais.<\/p>\n","protected":false},"excerpt":{"rendered":"<p>L&rsquo;univers m\u00e9diatique fran\u00e7ais voit r\u00e9guli\u00e8rement \u00e9merger de nouveaux visages, et parmi eux, Shana Loustau s&rsquo;est distingu\u00e9e par un parcours singulier, passant de l&rsquo;exigence de l&rsquo;information sur CNews \u00e0 la vivacit\u00e9 du divertissement sur W9. Son cheminement professionnel, marqu\u00e9 par des choix audacieux et une capacit\u00e9 d&rsquo;adaptation notable, r\u00e9v\u00e8le les multiples facettes d&rsquo;un m\u00e9tier en constante [&hellip;]<\/p>\n","protected":false},"author":4,"featured_media":46008,"comment_status":"open","ping_status":"open","sticky":false,"template":"","format":"standard","meta":{"_yoast_wpseo_title":"Shana Loustau : Parcours M\u00e9dias de CNews \u00e0 W9","_yoast_wpseo_metadesc":"","_yoast_wpseo_focuskw":"Shana"},"categories":[5],"tags":[],"class_list":["post-46009","post","type-post","status-publish","format-standard","has-post-thumbnail","hentry","category-divertissement"],"yoast_head":"<!-- This site is optimized with the Yoast SEO plugin v26.3 - https:\/\/yoast.com\/wordpress\/plugins\/seo\/ -->\n<title>Shana Loustau : Parcours M\u00e9dias de CNews \u00e0 W9<\/title>\n<meta name=\"robots\" content=\"index, follow, max-snippet:-1, max-image-preview:large, max-video-preview:-1\" \/>\n<link rel=\"canonical\" href=\"https:\/\/elukelele.com\/fr\/divertissement\/shana-loustau-devoile-tout-ses-secrets-derriere-les-cameras-de-cnews-et-w9\/\" \/>\n<meta property=\"og:locale\" content=\"fr_FR\" \/>\n<meta property=\"og:type\" content=\"article\" \/>\n<meta property=\"og:title\" content=\"Shana Loustau : Parcours M\u00e9dias de CNews \u00e0 W9\" \/>\n<meta property=\"og:description\" content=\"L&rsquo;univers m\u00e9diatique fran\u00e7ais voit r\u00e9guli\u00e8rement \u00e9merger de nouveaux visages, et parmi eux, Shana Loustau s&rsquo;est distingu\u00e9e par un parcours singulier, passant de l&rsquo;exigence de l&rsquo;information sur CNews \u00e0 la vivacit\u00e9 du divertissement sur W9. Son cheminement professionnel, marqu\u00e9 par des choix audacieux et une capacit\u00e9 d&rsquo;adaptation notable, r\u00e9v\u00e8le les multiples facettes d&rsquo;un m\u00e9tier en constante [&hellip;]\" \/>\n<meta property=\"og:url\" content=\"https:\/\/elukelele.com\/fr\/divertissement\/shana-loustau-devoile-tout-ses-secrets-derriere-les-cameras-de-cnews-et-w9\/\" \/>\n<meta property=\"og:site_name\" content=\"El Ukelele\" \/>\n<meta property=\"article:published_time\" content=\"2025-11-26T06:24:19+00:00\" \/>\n<meta property=\"article:modified_time\" content=\"2025-11-26T06:24:20+00:00\" \/>\n<meta property=\"og:image\" content=\"https:\/\/elukelele.com\/fr\/wp-content\/uploads\/2025\/11\/framed_only-657.png\" \/>\n\t<meta property=\"og:image:width\" content=\"1200\" \/>\n\t<meta property=\"og:image:height\" content=\"628\" \/>\n\t<meta property=\"og:image:type\" content=\"image\/png\" \/>\n<meta name=\"author\" content=\"Daniel Perrin\" \/>\n<meta name=\"twitter:card\" content=\"summary_large_image\" \/>\n<meta name=\"twitter:label1\" content=\"\u00c9crit par\" \/>\n\t<meta name=\"twitter:data1\" content=\"Daniel Perrin\" \/>\n\t<meta name=\"twitter:label2\" content=\"Dur\u00e9e de lecture estim\u00e9e\" \/>\n\t<meta name=\"twitter:data2\" content=\"5 minutes\" \/>\n<script type=\"application\/ld+json\" class=\"yoast-schema-graph\">{\"@context\":\"https:\/\/schema.org\",\"@graph\":[{\"@type\":\"WebPage\",\"@id\":\"https:\/\/elukelele.com\/fr\/divertissement\/shana-loustau-devoile-tout-ses-secrets-derriere-les-cameras-de-cnews-et-w9\/\",\"url\":\"https:\/\/elukelele.com\/fr\/divertissement\/shana-loustau-devoile-tout-ses-secrets-derriere-les-cameras-de-cnews-et-w9\/\",\"name\":\"Shana Loustau : Parcours M\u00e9dias de CNews \u00e0 W9\",\"isPartOf\":{\"@id\":\"https:\/\/elukelele.com\/fr\/#website\"},\"primaryImageOfPage\":{\"@id\":\"https:\/\/elukelele.com\/fr\/divertissement\/shana-loustau-devoile-tout-ses-secrets-derriere-les-cameras-de-cnews-et-w9\/#primaryimage\"},\"image\":{\"@id\":\"https:\/\/elukelele.com\/fr\/divertissement\/shana-loustau-devoile-tout-ses-secrets-derriere-les-cameras-de-cnews-et-w9\/#primaryimage\"},\"thumbnailUrl\":\"https:\/\/elukelele.com\/fr\/wp-content\/uploads\/2025\/11\/framed_only-657.png\",\"datePublished\":\"2025-11-26T06:24:19+00:00\",\"dateModified\":\"2025-11-26T06:24:20+00:00\",\"author\":{\"@id\":\"https:\/\/elukelele.com\/fr\/#\/schema\/person\/ccfb3d2be2ec7fa389608eb6da0b38d6\"},\"breadcrumb\":{\"@id\":\"https:\/\/elukelele.com\/fr\/divertissement\/shana-loustau-devoile-tout-ses-secrets-derriere-les-cameras-de-cnews-et-w9\/#breadcrumb\"},\"inLanguage\":\"fr-FR\",\"potentialAction\":[{\"@type\":\"ReadAction\",\"target\":[\"https:\/\/elukelele.com\/fr\/divertissement\/shana-loustau-devoile-tout-ses-secrets-derriere-les-cameras-de-cnews-et-w9\/\"]}]},{\"@type\":\"ImageObject\",\"inLanguage\":\"fr-FR\",\"@id\":\"https:\/\/elukelele.com\/fr\/divertissement\/shana-loustau-devoile-tout-ses-secrets-derriere-les-cameras-de-cnews-et-w9\/#primaryimage\",\"url\":\"https:\/\/elukelele.com\/fr\/wp-content\/uploads\/2025\/11\/framed_only-657.png\",\"contentUrl\":\"https:\/\/elukelele.com\/fr\/wp-content\/uploads\/2025\/11\/framed_only-657.png\",\"width\":1200,\"height\":628,\"caption\":\"Shana\"},{\"@type\":\"BreadcrumbList\",\"@id\":\"https:\/\/elukelele.com\/fr\/divertissement\/shana-loustau-devoile-tout-ses-secrets-derriere-les-cameras-de-cnews-et-w9\/#breadcrumb\",\"itemListElement\":[{\"@type\":\"ListItem\",\"position\":1,\"name\":\"Home\",\"item\":\"https:\/\/elukelele.com\/fr\/\"},{\"@type\":\"ListItem\",\"position\":2,\"name\":\"Shana Loustau d\u00e9voile tout : ses secrets derri\u00e8re les cam\u00e9ras de CNews et W9\"}]},{\"@type\":\"WebSite\",\"@id\":\"https:\/\/elukelele.com\/fr\/#website\",\"url\":\"https:\/\/elukelele.com\/fr\/\",\"name\":\"El Ukelele\",\"description\":\"Musique au-del\u00e0 de l&#039;indie\",\"potentialAction\":[{\"@type\":\"SearchAction\",\"target\":{\"@type\":\"EntryPoint\",\"urlTemplate\":\"https:\/\/elukelele.com\/fr\/?s={search_term_string}\"},\"query-input\":{\"@type\":\"PropertyValueSpecification\",\"valueRequired\":true,\"valueName\":\"search_term_string\"}}],\"inLanguage\":\"fr-FR\"},{\"@type\":\"Person\",\"@id\":\"https:\/\/elukelele.com\/fr\/#\/schema\/person\/ccfb3d2be2ec7fa389608eb6da0b38d6\",\"name\":\"Daniel Perrin\",\"image\":{\"@type\":\"ImageObject\",\"inLanguage\":\"fr-FR\",\"@id\":\"https:\/\/elukelele.com\/fr\/#\/schema\/person\/image\/\",\"url\":\"https:\/\/secure.gravatar.com\/avatar\/37f9d9ffa29ce5640a0d9c6ca8bbd90afb854014296ecaa0e3a558ac716e6fe4?s=96&d=mm&r=g\",\"contentUrl\":\"https:\/\/secure.gravatar.com\/avatar\/37f9d9ffa29ce5640a0d9c6ca8bbd90afb854014296ecaa0e3a558ac716e6fe4?s=96&d=mm&r=g\",\"caption\":\"Daniel Perrin\"},\"sameAs\":[\"https:\/\/elukelele.com\/fr\"],\"url\":\"https:\/\/elukelele.com\/fr\/author\/daniel-perrin\/\"}]}<\/script>\n<!-- \/ Yoast SEO plugin. -->","yoast_head_json":{"title":"Shana Loustau : Parcours M\u00e9dias de CNews \u00e0 W9","robots":{"index":"index","follow":"follow","max-snippet":"max-snippet:-1","max-image-preview":"max-image-preview:large","max-video-preview":"max-video-preview:-1"},"canonical":"https:\/\/elukelele.com\/fr\/divertissement\/shana-loustau-devoile-tout-ses-secrets-derriere-les-cameras-de-cnews-et-w9\/","og_locale":"fr_FR","og_type":"article","og_title":"Shana Loustau : Parcours M\u00e9dias de CNews \u00e0 W9","og_description":"L&rsquo;univers m\u00e9diatique fran\u00e7ais voit r\u00e9guli\u00e8rement \u00e9merger de nouveaux visages, et parmi eux, Shana Loustau s&rsquo;est distingu\u00e9e par un parcours singulier, passant de l&rsquo;exigence de l&rsquo;information sur CNews \u00e0 la vivacit\u00e9 du divertissement sur W9. Son cheminement professionnel, marqu\u00e9 par des choix audacieux et une capacit\u00e9 d&rsquo;adaptation notable, r\u00e9v\u00e8le les multiples facettes d&rsquo;un m\u00e9tier en constante [&hellip;]","og_url":"https:\/\/elukelele.com\/fr\/divertissement\/shana-loustau-devoile-tout-ses-secrets-derriere-les-cameras-de-cnews-et-w9\/","og_site_name":"El Ukelele","article_published_time":"2025-11-26T06:24:19+00:00","article_modified_time":"2025-11-26T06:24:20+00:00","og_image":[{"width":1200,"height":628,"url":"https:\/\/elukelele.com\/fr\/wp-content\/uploads\/2025\/11\/framed_only-657.png","type":"image\/png"}],"author":"Daniel Perrin","twitter_card":"summary_large_image","twitter_misc":{"\u00c9crit par":"Daniel Perrin","Dur\u00e9e de lecture estim\u00e9e":"5 minutes"},"schema":{"@context":"https:\/\/schema.org","@graph":[{"@type":"WebPage","@id":"https:\/\/elukelele.com\/fr\/divertissement\/shana-loustau-devoile-tout-ses-secrets-derriere-les-cameras-de-cnews-et-w9\/","url":"https:\/\/elukelele.com\/fr\/divertissement\/shana-loustau-devoile-tout-ses-secrets-derriere-les-cameras-de-cnews-et-w9\/","name":"Shana Loustau : Parcours M\u00e9dias de CNews \u00e0 W9","isPartOf":{"@id":"https:\/\/elukelele.com\/fr\/#website"},"primaryImageOfPage":{"@id":"https:\/\/elukelele.com\/fr\/divertissement\/shana-loustau-devoile-tout-ses-secrets-derriere-les-cameras-de-cnews-et-w9\/#primaryimage"},"image":{"@id":"https:\/\/elukelele.com\/fr\/divertissement\/shana-loustau-devoile-tout-ses-secrets-derriere-les-cameras-de-cnews-et-w9\/#primaryimage"},"thumbnailUrl":"https:\/\/elukelele.com\/fr\/wp-content\/uploads\/2025\/11\/framed_only-657.png","datePublished":"2025-11-26T06:24:19+00:00","dateModified":"2025-11-26T06:24:20+00:00","author":{"@id":"https:\/\/elukelele.com\/fr\/#\/schema\/person\/ccfb3d2be2ec7fa389608eb6da0b38d6"},"breadcrumb":{"@id":"https:\/\/elukelele.com\/fr\/divertissement\/shana-loustau-devoile-tout-ses-secrets-derriere-les-cameras-de-cnews-et-w9\/#breadcrumb"},"inLanguage":"fr-FR","potentialAction":[{"@type":"ReadAction","target":["https:\/\/elukelele.com\/fr\/divertissement\/shana-loustau-devoile-tout-ses-secrets-derriere-les-cameras-de-cnews-et-w9\/"]}]},{"@type":"ImageObject","inLanguage":"fr-FR","@id":"https:\/\/elukelele.com\/fr\/divertissement\/shana-loustau-devoile-tout-ses-secrets-derriere-les-cameras-de-cnews-et-w9\/#primaryimage","url":"https:\/\/elukelele.com\/fr\/wp-content\/uploads\/2025\/11\/framed_only-657.png","contentUrl":"https:\/\/elukelele.com\/fr\/wp-content\/uploads\/2025\/11\/framed_only-657.png","width":1200,"height":628,"caption":"Shana"},{"@type":"BreadcrumbList","@id":"https:\/\/elukelele.com\/fr\/divertissement\/shana-loustau-devoile-tout-ses-secrets-derriere-les-cameras-de-cnews-et-w9\/#breadcrumb","itemListElement":[{"@type":"ListItem","position":1,"name":"Home","item":"https:\/\/elukelele.com\/fr\/"},{"@type":"ListItem","position":2,"name":"Shana Loustau d\u00e9voile tout : ses secrets derri\u00e8re les cam\u00e9ras de CNews et W9"}]},{"@type":"WebSite","@id":"https:\/\/elukelele.com\/fr\/#website","url":"https:\/\/elukelele.com\/fr\/","name":"El Ukelele","description":"Musique au-del\u00e0 de l&#039;indie","potentialAction":[{"@type":"SearchAction","target":{"@type":"EntryPoint","urlTemplate":"https:\/\/elukelele.com\/fr\/?s={search_term_string}"},"query-input":{"@type":"PropertyValueSpecification","valueRequired":true,"valueName":"search_term_string"}}],"inLanguage":"fr-FR"},{"@type":"Person","@id":"https:\/\/elukelele.com\/fr\/#\/schema\/person\/ccfb3d2be2ec7fa389608eb6da0b38d6","name":"Daniel Perrin","image":{"@type":"ImageObject","inLanguage":"fr-FR","@id":"https:\/\/elukelele.com\/fr\/#\/schema\/person\/image\/","url":"https:\/\/secure.gravatar.com\/avatar\/37f9d9ffa29ce5640a0d9c6ca8bbd90afb854014296ecaa0e3a558ac716e6fe4?s=96&d=mm&r=g","contentUrl":"https:\/\/secure.gravatar.com\/avatar\/37f9d9ffa29ce5640a0d9c6ca8bbd90afb854014296ecaa0e3a558ac716e6fe4?s=96&d=mm&r=g","caption":"Daniel Perrin"},"sameAs":["https:\/\/elukelele.com\/fr"],"url":"https:\/\/elukelele.com\/fr\/author\/daniel-perrin\/"}]}},"_links":{"self":[{"href":"https:\/\/elukelele.com\/fr\/wp-json\/wp\/v2\/posts\/46009","targetHints":{"allow":["GET"]}}],"collection":[{"href":"https:\/\/elukelele.com\/fr\/wp-json\/wp\/v2\/posts"}],"about":[{"href":"https:\/\/elukelele.com\/fr\/wp-json\/wp\/v2\/types\/post"}],"author":[{"embeddable":true,"href":"https:\/\/elukelele.com\/fr\/wp-json\/wp\/v2\/users\/4"}],"replies":[{"embeddable":true,"href":"https:\/\/elukelele.com\/fr\/wp-json\/wp\/v2\/comments?post=46009"}],"version-history":[{"count":1,"href":"https:\/\/elukelele.com\/fr\/wp-json\/wp\/v2\/posts\/46009\/revisions"}],"predecessor-version":[{"id":46012,"href":"https:\/\/elukelele.com\/fr\/wp-json\/wp\/v2\/posts\/46009\/revisions\/46012"}],"wp:featuredmedia":[{"embeddable":true,"href":"https:\/\/elukelele.com\/fr\/wp-json\/wp\/v2\/media\/46008"}],"wp:attachment":[{"href":"https:\/\/elukelele.com\/fr\/wp-json\/wp\/v2\/media?parent=46009"}],"wp:term":[{"taxonomy":"category","embeddable":true,"href":"https:\/\/elukelele.com\/fr\/wp-json\/wp\/v2\/categories?post=46009"},{"taxonomy":"post_tag","embeddable":true,"href":"https:\/\/elukelele.com\/fr\/wp-json\/wp\/v2\/tags?post=46009"}],"curies":[{"name":"wp","href":"https:\/\/api.w.org\/{rel}","templated":true}]}}