{"id":45998,"date":"2025-11-25T18:07:22","date_gmt":"2025-11-25T18:07:22","guid":{"rendered":"https:\/\/elukelele.com\/fr\/?p=45998"},"modified":"2025-11-25T18:07:24","modified_gmt":"2025-11-25T18:07:24","slug":"cyril-hanouna-face-a-la-realite-france-televisions-reagit-a-ses-accusations-sur-santa-et-le-telethon","status":"publish","type":"post","link":"https:\/\/elukelele.com\/fr\/divertissement\/cyril-hanouna-face-a-la-realite-france-televisions-reagit-a-ses-accusations-sur-santa-et-le-telethon\/","title":{"rendered":"Cyril Hanouna face \u00e0 la r\u00e9alit\u00e9 : France T\u00e9l\u00e9visions r\u00e9agit \u00e0 ses accusations sur Santa et le T\u00e9l\u00e9thon !"},"content":{"rendered":"<p>Une controverse m\u00e9diatique a r\u00e9cemment \u00e9clat\u00e9, pla\u00e7ant le c\u00e9l\u00e8bre animateur Cyril Hanouna au centre des discussions apr\u00e8s ses d\u00e9clarations concernant la marraine du T\u00e9l\u00e9thon 2025, la chanteuse Santa, et son r\u00f4le pr\u00e9sum\u00e9 dans la s\u00e9lection des artistes. Ces accusations ont rapidement suscit\u00e9 une r\u00e9action officielle et sans \u00e9quivoque de la part de France T\u00e9l\u00e9visions, qui a tenu \u00e0 r\u00e9tablir les faits et \u00e0 d\u00e9fendre l&rsquo;int\u00e9grit\u00e9 de l&rsquo;\u00e9v\u00e9nement caritatif.<\/p>\n<h2 id=\"les-allegations-de-cyril-hanouna-et-la-polemique-autour-de-santa\">Les All\u00e9gations de Cyril Hanouna et la Pol\u00e9mique Autour de Santa<\/h2>\n<p>La pol\u00e9mique a d\u00e9but\u00e9 lors de l&rsquo;\u00e9mission \u00ab\u00a0Tout beau tout n9uf\u00a0\u00bb diffus\u00e9e sur W9, o\u00f9 Cyril Hanouna a formul\u00e9 des all\u00e9gations percutantes. L&rsquo;animateur a insinu\u00e9 que Santa, d\u00e9sign\u00e9e marraine de l&rsquo;\u00e9dition 2025 du T\u00e9l\u00e9thon, aurait exerc\u00e9 une influence sur la programmation artistique, \u00e9cartant notamment d&rsquo;autres artistes populaires tels que Slimane et Vitaa. Ces propos ont rapidement \u00e9t\u00e9 per\u00e7us comme une tentative de jeter le discr\u00e9dit sur la chanteuse et, par extension, sur l&rsquo;image de convivialit\u00e9 et d&rsquo;unit\u00e9 traditionnellement associ\u00e9e \u00e0 l&rsquo;\u00e9v\u00e9nement caritatif.<\/p>\n<p>Les commentaires d&rsquo;Hanouna ont soulev\u00e9 des questions quant \u00e0 l&rsquo;impartialit\u00e9 des choix artistiques et ont aliment\u00e9 une certaine rumeur, sugg\u00e9rant que la pr\u00e9sence de Santa en tant que marraine pourrait potentiellement nuire \u00e0 l&rsquo;esprit f\u00e9d\u00e9rateur du T\u00e9l\u00e9thon. La nature des accusations, impliquant des d\u00e9cisions qui rel\u00e8vent g\u00e9n\u00e9ralement de la production, a mis en lumi\u00e8re une tension m\u00e9diatique autour de l&rsquo;organisation d&rsquo;un \u00e9v\u00e9nement d&rsquo;une telle envergure.<\/p>\n<h2 id=\"la-reponse-ferme-de-france-televisions\">La R\u00e9ponse Ferme de France T\u00e9l\u00e9visions<\/h2>\n<p>Face \u00e0 ces d\u00e9clarations, la r\u00e9action de France T\u00e9l\u00e9visions n&rsquo;a pas tard\u00e9, se manifestant moins de 24 heures apr\u00e8s la diffusion des propos de Cyril Hanouna. Le groupe audiovisuel public a qualifi\u00e9 les affirmations de l&rsquo;animateur de \u00ab\u00a0fausses\u00a0\u00bb et a clairement pr\u00e9cis\u00e9 la cha\u00eene de d\u00e9cision concernant la programmation artistique du T\u00e9l\u00e9thon.<\/p>\n<p>France T\u00e9l\u00e9visions a soulign\u00e9 que les choix artistiques et les d\u00e9cisions de programmation sont du ressort exclusif des producteurs de l&rsquo;\u00e9v\u00e9nement et non de la marraine. Cette clarification visait \u00e0 dissiper toute ambigu\u00eft\u00e9 et \u00e0 d\u00e9charger Santa de toute responsabilit\u00e9 dans la s\u00e9lection des artistes. Le groupe a r\u00e9affirm\u00e9 son soutien inconditionnel \u00e0 Santa, saluant son engagement sinc\u00e8re en faveur de la cause, et a fermement condamn\u00e9 les rumeurs qui tentent de ternir l&rsquo;image de cet \u00e9v\u00e9nement solidaire.<\/p>\n<h2 id=\"le-telethon-2025-rappel-des-enjeux-et-des-valeurs\">Le T\u00e9l\u00e9thon 2025 : Rappel des Enjeux et des Valeurs<\/h2>\n<p>Au-del\u00e0 de cette joute m\u00e9diatique, France T\u00e9l\u00e9visions a tenu \u00e0 rappeler la mission fondamentale du T\u00e9l\u00e9thon. L&rsquo;\u00e9v\u00e9nement, qui se d\u00e9ploiera sur plus de 30 heures d&rsquo;activit\u00e9s d\u00e9di\u00e9es \u00e0 la cause en fin d&rsquo;ann\u00e9e, met avant tout l&rsquo;accent sur les avanc\u00e9es scientifiques dans la recherche sur les maladies rares et les histoires \u00e9mouvantes des familles directement concern\u00e9es.<\/p>\n<p>Le T\u00e9l\u00e9thon incarne des valeurs de solidarit\u00e9, d&rsquo;humanit\u00e9 et d&rsquo;espoir, rassemblant des millions de Fran\u00e7ais autour d&rsquo;un objectif commun : vaincre la maladie. L&rsquo;engagement des personnalit\u00e9s publiques, comme Santa, est pr\u00e9cieux pour sensibiliser le public et collecter des fonds essentiels \u00e0 la recherche. L&rsquo;int\u00e9grit\u00e9 de l&rsquo;\u00e9v\u00e9nement et la sinc\u00e9rit\u00e9 des participants sont des piliers sur lesquels repose sa r\u00e9ussite et sa cr\u00e9dibilit\u00e9 aupr\u00e8s du public.<\/p>\n<h2 id=\"analyse-de-la-situation-et-implications\">Analyse de la Situation et Implications<\/h2>\n<p>Cet \u00e9pisode illustre les d\u00e9fis auxquels sont confront\u00e9s les grands \u00e9v\u00e9nements caritatifs \u00e0 l&rsquo;\u00e8re des m\u00e9dias sociaux et de la t\u00e9l\u00e9vision en continu. Les all\u00e9gations non v\u00e9rifi\u00e9es peuvent rapidement se propager et potentiellement nuire \u00e0 des causes importantes. La r\u00e9activit\u00e9 de France T\u00e9l\u00e9visions \u00e0 d\u00e9mentir les propos de Cyril Hanouna montre l&rsquo;importance de prot\u00e9ger la r\u00e9putation des figures engag\u00e9es et la clart\u00e9 de la communication autour d&rsquo;initiatives \u00e0 fort impact social. Cela souligne \u00e9galement la responsabilit\u00e9 des m\u00e9dias dans la diffusion d&rsquo;informations pr\u00e9cises et v\u00e9rifi\u00e9es, surtout lorsqu&rsquo;il s&rsquo;agit de sujets aussi sensibles et f\u00e9d\u00e9rateurs que le T\u00e9l\u00e9thon.<\/p>\n<h2 id=\"points-a-retenir\">Points \u00e0 Retenir<\/h2>\n<ul>\n<li><strong>Soutien \u00e0 Santa<\/strong> : France T\u00e9l\u00e9visions a r\u00e9affirm\u00e9 son engagement total envers Santa, la marraine du T\u00e9l\u00e9thon 2025.<\/li>\n<li><strong>All\u00e9gations de Cyril Hanouna<\/strong> : L&rsquo;animateur a formul\u00e9 des accusations concernant l&rsquo;influence de Santa sur la s\u00e9lection artistique de l&rsquo;\u00e9v\u00e9nement.<\/li>\n<li><strong>D\u00e9menti de France T\u00e9l\u00e9visions<\/strong> : Le groupe a qualifi\u00e9 ces affirmations de \u00ab\u00a0fausses\u00a0\u00bb, pr\u00e9cisant que les d\u00e9cisions de programmation rel\u00e8vent des producteurs.<\/li>\n<li><strong>Objectif du T\u00e9l\u00e9thon 2025<\/strong> : L&rsquo;\u00e9v\u00e9nement met en lumi\u00e8re les avanc\u00e9es scientifiques et les histoires humaines, avec plus de 30 heures de mobilisation.<\/li>\n<li><strong>Valeurs de solidarit\u00e9<\/strong> : Le T\u00e9l\u00e9thon continue de promouvoir la solidarit\u00e9, l&rsquo;humanit\u00e9 et l&rsquo;espoir dans la lutte contre les maladies rares.<\/li>\n<\/ul>\n<p>La controverse autour des d\u00e9clarations de Cyril Hanouna et la r\u00e9action de France T\u00e9l\u00e9visions rappellent l&rsquo;importance de la vigilance et de la v\u00e9rification des faits, particuli\u00e8rement lorsque des initiatives d&rsquo;int\u00e9r\u00eat g\u00e9n\u00e9ral sont en jeu. Le T\u00e9l\u00e9thon, avec sa mission noble et son impact consid\u00e9rable, continue de s&rsquo;appuyer sur la confiance et l&rsquo;unit\u00e9 du public, des b\u00e9n\u00e9voles et des personnalit\u00e9s qui s&rsquo;y engagent.<\/p>\n","protected":false},"excerpt":{"rendered":"<p>Une controverse m\u00e9diatique a r\u00e9cemment \u00e9clat\u00e9, pla\u00e7ant le c\u00e9l\u00e8bre animateur Cyril Hanouna au centre des discussions apr\u00e8s ses d\u00e9clarations concernant la marraine du T\u00e9l\u00e9thon 2025, la chanteuse Santa, et son r\u00f4le pr\u00e9sum\u00e9 dans la s\u00e9lection des artistes. Ces accusations ont rapidement suscit\u00e9 une r\u00e9action officielle et sans \u00e9quivoque de la part de France T\u00e9l\u00e9visions, qui [&hellip;]<\/p>\n","protected":false},"author":4,"featured_media":45997,"comment_status":"open","ping_status":"open","sticky":false,"template":"","format":"standard","meta":{"_yoast_wpseo_title":"Cyril Hanouna face \u00e0 la r\u00e9alit\u00e9 : France T\u00e9l\u00e9visions r\u00e9agit \u00e0 ses accusations sur Santa et le T\u00e9l\u00e9thon !","_yoast_wpseo_metadesc":"","_yoast_wpseo_focuskw":"Cyril"},"categories":[5],"tags":[],"class_list":["post-45998","post","type-post","status-publish","format-standard","has-post-thumbnail","hentry","category-divertissement"],"yoast_head":"<!-- This site is optimized with the Yoast SEO plugin v26.3 - https:\/\/yoast.com\/wordpress\/plugins\/seo\/ -->\n<title>Cyril Hanouna face \u00e0 la r\u00e9alit\u00e9 : France T\u00e9l\u00e9visions r\u00e9agit \u00e0 ses accusations sur Santa et le T\u00e9l\u00e9thon !<\/title>\n<meta name=\"robots\" content=\"index, follow, max-snippet:-1, max-image-preview:large, max-video-preview:-1\" \/>\n<link rel=\"canonical\" href=\"https:\/\/elukelele.com\/fr\/divertissement\/cyril-hanouna-face-a-la-realite-france-televisions-reagit-a-ses-accusations-sur-santa-et-le-telethon\/\" \/>\n<meta property=\"og:locale\" content=\"fr_FR\" \/>\n<meta property=\"og:type\" content=\"article\" \/>\n<meta property=\"og:title\" content=\"Cyril Hanouna face \u00e0 la r\u00e9alit\u00e9 : France T\u00e9l\u00e9visions r\u00e9agit \u00e0 ses accusations sur Santa et le T\u00e9l\u00e9thon !\" \/>\n<meta property=\"og:description\" content=\"Une controverse m\u00e9diatique a r\u00e9cemment \u00e9clat\u00e9, pla\u00e7ant le c\u00e9l\u00e8bre animateur Cyril Hanouna au centre des discussions apr\u00e8s ses d\u00e9clarations concernant la marraine du T\u00e9l\u00e9thon 2025, la chanteuse Santa, et son r\u00f4le pr\u00e9sum\u00e9 dans la s\u00e9lection des artistes. Ces accusations ont rapidement suscit\u00e9 une r\u00e9action officielle et sans \u00e9quivoque de la part de France T\u00e9l\u00e9visions, qui [&hellip;]\" \/>\n<meta property=\"og:url\" content=\"https:\/\/elukelele.com\/fr\/divertissement\/cyril-hanouna-face-a-la-realite-france-televisions-reagit-a-ses-accusations-sur-santa-et-le-telethon\/\" \/>\n<meta property=\"og:site_name\" content=\"El Ukelele\" \/>\n<meta property=\"article:published_time\" content=\"2025-11-25T18:07:22+00:00\" \/>\n<meta property=\"article:modified_time\" content=\"2025-11-25T18:07:24+00:00\" \/>\n<meta property=\"og:image\" content=\"https:\/\/elukelele.com\/fr\/wp-content\/uploads\/2025\/11\/framed_only-653.png\" \/>\n\t<meta property=\"og:image:width\" content=\"1200\" \/>\n\t<meta property=\"og:image:height\" content=\"628\" \/>\n\t<meta property=\"og:image:type\" content=\"image\/png\" \/>\n<meta name=\"author\" content=\"Daniel Perrin\" \/>\n<meta name=\"twitter:card\" content=\"summary_large_image\" \/>\n<meta name=\"twitter:label1\" content=\"\u00c9crit par\" \/>\n\t<meta name=\"twitter:data1\" content=\"Daniel Perrin\" \/>\n\t<meta name=\"twitter:label2\" content=\"Dur\u00e9e de lecture estim\u00e9e\" \/>\n\t<meta name=\"twitter:data2\" content=\"5 minutes\" \/>\n<script type=\"application\/ld+json\" class=\"yoast-schema-graph\">{\"@context\":\"https:\/\/schema.org\",\"@graph\":[{\"@type\":\"WebPage\",\"@id\":\"https:\/\/elukelele.com\/fr\/divertissement\/cyril-hanouna-face-a-la-realite-france-televisions-reagit-a-ses-accusations-sur-santa-et-le-telethon\/\",\"url\":\"https:\/\/elukelele.com\/fr\/divertissement\/cyril-hanouna-face-a-la-realite-france-televisions-reagit-a-ses-accusations-sur-santa-et-le-telethon\/\",\"name\":\"Cyril Hanouna face \u00e0 la r\u00e9alit\u00e9 : France T\u00e9l\u00e9visions r\u00e9agit \u00e0 ses accusations sur Santa et le T\u00e9l\u00e9thon !\",\"isPartOf\":{\"@id\":\"https:\/\/elukelele.com\/fr\/#website\"},\"primaryImageOfPage\":{\"@id\":\"https:\/\/elukelele.com\/fr\/divertissement\/cyril-hanouna-face-a-la-realite-france-televisions-reagit-a-ses-accusations-sur-santa-et-le-telethon\/#primaryimage\"},\"image\":{\"@id\":\"https:\/\/elukelele.com\/fr\/divertissement\/cyril-hanouna-face-a-la-realite-france-televisions-reagit-a-ses-accusations-sur-santa-et-le-telethon\/#primaryimage\"},\"thumbnailUrl\":\"https:\/\/elukelele.com\/fr\/wp-content\/uploads\/2025\/11\/framed_only-653.png\",\"datePublished\":\"2025-11-25T18:07:22+00:00\",\"dateModified\":\"2025-11-25T18:07:24+00:00\",\"author\":{\"@id\":\"https:\/\/elukelele.com\/fr\/#\/schema\/person\/ccfb3d2be2ec7fa389608eb6da0b38d6\"},\"breadcrumb\":{\"@id\":\"https:\/\/elukelele.com\/fr\/divertissement\/cyril-hanouna-face-a-la-realite-france-televisions-reagit-a-ses-accusations-sur-santa-et-le-telethon\/#breadcrumb\"},\"inLanguage\":\"fr-FR\",\"potentialAction\":[{\"@type\":\"ReadAction\",\"target\":[\"https:\/\/elukelele.com\/fr\/divertissement\/cyril-hanouna-face-a-la-realite-france-televisions-reagit-a-ses-accusations-sur-santa-et-le-telethon\/\"]}]},{\"@type\":\"ImageObject\",\"inLanguage\":\"fr-FR\",\"@id\":\"https:\/\/elukelele.com\/fr\/divertissement\/cyril-hanouna-face-a-la-realite-france-televisions-reagit-a-ses-accusations-sur-santa-et-le-telethon\/#primaryimage\",\"url\":\"https:\/\/elukelele.com\/fr\/wp-content\/uploads\/2025\/11\/framed_only-653.png\",\"contentUrl\":\"https:\/\/elukelele.com\/fr\/wp-content\/uploads\/2025\/11\/framed_only-653.png\",\"width\":1200,\"height\":628,\"caption\":\"Cyril\"},{\"@type\":\"BreadcrumbList\",\"@id\":\"https:\/\/elukelele.com\/fr\/divertissement\/cyril-hanouna-face-a-la-realite-france-televisions-reagit-a-ses-accusations-sur-santa-et-le-telethon\/#breadcrumb\",\"itemListElement\":[{\"@type\":\"ListItem\",\"position\":1,\"name\":\"Home\",\"item\":\"https:\/\/elukelele.com\/fr\/\"},{\"@type\":\"ListItem\",\"position\":2,\"name\":\"Cyril Hanouna face \u00e0 la r\u00e9alit\u00e9 : France T\u00e9l\u00e9visions r\u00e9agit \u00e0 ses accusations sur Santa et le T\u00e9l\u00e9thon !\"}]},{\"@type\":\"WebSite\",\"@id\":\"https:\/\/elukelele.com\/fr\/#website\",\"url\":\"https:\/\/elukelele.com\/fr\/\",\"name\":\"El Ukelele\",\"description\":\"Musique au-del\u00e0 de l&#039;indie\",\"potentialAction\":[{\"@type\":\"SearchAction\",\"target\":{\"@type\":\"EntryPoint\",\"urlTemplate\":\"https:\/\/elukelele.com\/fr\/?s={search_term_string}\"},\"query-input\":{\"@type\":\"PropertyValueSpecification\",\"valueRequired\":true,\"valueName\":\"search_term_string\"}}],\"inLanguage\":\"fr-FR\"},{\"@type\":\"Person\",\"@id\":\"https:\/\/elukelele.com\/fr\/#\/schema\/person\/ccfb3d2be2ec7fa389608eb6da0b38d6\",\"name\":\"Daniel Perrin\",\"image\":{\"@type\":\"ImageObject\",\"inLanguage\":\"fr-FR\",\"@id\":\"https:\/\/elukelele.com\/fr\/#\/schema\/person\/image\/\",\"url\":\"https:\/\/secure.gravatar.com\/avatar\/37f9d9ffa29ce5640a0d9c6ca8bbd90afb854014296ecaa0e3a558ac716e6fe4?s=96&d=mm&r=g\",\"contentUrl\":\"https:\/\/secure.gravatar.com\/avatar\/37f9d9ffa29ce5640a0d9c6ca8bbd90afb854014296ecaa0e3a558ac716e6fe4?s=96&d=mm&r=g\",\"caption\":\"Daniel Perrin\"},\"sameAs\":[\"https:\/\/elukelele.com\/fr\"],\"url\":\"https:\/\/elukelele.com\/fr\/author\/daniel-perrin\/\"}]}<\/script>\n<!-- \/ Yoast SEO plugin. -->","yoast_head_json":{"title":"Cyril Hanouna face \u00e0 la r\u00e9alit\u00e9 : France T\u00e9l\u00e9visions r\u00e9agit \u00e0 ses accusations sur Santa et le T\u00e9l\u00e9thon !","robots":{"index":"index","follow":"follow","max-snippet":"max-snippet:-1","max-image-preview":"max-image-preview:large","max-video-preview":"max-video-preview:-1"},"canonical":"https:\/\/elukelele.com\/fr\/divertissement\/cyril-hanouna-face-a-la-realite-france-televisions-reagit-a-ses-accusations-sur-santa-et-le-telethon\/","og_locale":"fr_FR","og_type":"article","og_title":"Cyril Hanouna face \u00e0 la r\u00e9alit\u00e9 : France T\u00e9l\u00e9visions r\u00e9agit \u00e0 ses accusations sur Santa et le T\u00e9l\u00e9thon !","og_description":"Une controverse m\u00e9diatique a r\u00e9cemment \u00e9clat\u00e9, pla\u00e7ant le c\u00e9l\u00e8bre animateur Cyril Hanouna au centre des discussions apr\u00e8s ses d\u00e9clarations concernant la marraine du T\u00e9l\u00e9thon 2025, la chanteuse Santa, et son r\u00f4le pr\u00e9sum\u00e9 dans la s\u00e9lection des artistes. Ces accusations ont rapidement suscit\u00e9 une r\u00e9action officielle et sans \u00e9quivoque de la part de France T\u00e9l\u00e9visions, qui [&hellip;]","og_url":"https:\/\/elukelele.com\/fr\/divertissement\/cyril-hanouna-face-a-la-realite-france-televisions-reagit-a-ses-accusations-sur-santa-et-le-telethon\/","og_site_name":"El Ukelele","article_published_time":"2025-11-25T18:07:22+00:00","article_modified_time":"2025-11-25T18:07:24+00:00","og_image":[{"width":1200,"height":628,"url":"https:\/\/elukelele.com\/fr\/wp-content\/uploads\/2025\/11\/framed_only-653.png","type":"image\/png"}],"author":"Daniel Perrin","twitter_card":"summary_large_image","twitter_misc":{"\u00c9crit par":"Daniel Perrin","Dur\u00e9e de lecture estim\u00e9e":"5 minutes"},"schema":{"@context":"https:\/\/schema.org","@graph":[{"@type":"WebPage","@id":"https:\/\/elukelele.com\/fr\/divertissement\/cyril-hanouna-face-a-la-realite-france-televisions-reagit-a-ses-accusations-sur-santa-et-le-telethon\/","url":"https:\/\/elukelele.com\/fr\/divertissement\/cyril-hanouna-face-a-la-realite-france-televisions-reagit-a-ses-accusations-sur-santa-et-le-telethon\/","name":"Cyril Hanouna face \u00e0 la r\u00e9alit\u00e9 : France T\u00e9l\u00e9visions r\u00e9agit \u00e0 ses accusations sur Santa et le T\u00e9l\u00e9thon !","isPartOf":{"@id":"https:\/\/elukelele.com\/fr\/#website"},"primaryImageOfPage":{"@id":"https:\/\/elukelele.com\/fr\/divertissement\/cyril-hanouna-face-a-la-realite-france-televisions-reagit-a-ses-accusations-sur-santa-et-le-telethon\/#primaryimage"},"image":{"@id":"https:\/\/elukelele.com\/fr\/divertissement\/cyril-hanouna-face-a-la-realite-france-televisions-reagit-a-ses-accusations-sur-santa-et-le-telethon\/#primaryimage"},"thumbnailUrl":"https:\/\/elukelele.com\/fr\/wp-content\/uploads\/2025\/11\/framed_only-653.png","datePublished":"2025-11-25T18:07:22+00:00","dateModified":"2025-11-25T18:07:24+00:00","author":{"@id":"https:\/\/elukelele.com\/fr\/#\/schema\/person\/ccfb3d2be2ec7fa389608eb6da0b38d6"},"breadcrumb":{"@id":"https:\/\/elukelele.com\/fr\/divertissement\/cyril-hanouna-face-a-la-realite-france-televisions-reagit-a-ses-accusations-sur-santa-et-le-telethon\/#breadcrumb"},"inLanguage":"fr-FR","potentialAction":[{"@type":"ReadAction","target":["https:\/\/elukelele.com\/fr\/divertissement\/cyril-hanouna-face-a-la-realite-france-televisions-reagit-a-ses-accusations-sur-santa-et-le-telethon\/"]}]},{"@type":"ImageObject","inLanguage":"fr-FR","@id":"https:\/\/elukelele.com\/fr\/divertissement\/cyril-hanouna-face-a-la-realite-france-televisions-reagit-a-ses-accusations-sur-santa-et-le-telethon\/#primaryimage","url":"https:\/\/elukelele.com\/fr\/wp-content\/uploads\/2025\/11\/framed_only-653.png","contentUrl":"https:\/\/elukelele.com\/fr\/wp-content\/uploads\/2025\/11\/framed_only-653.png","width":1200,"height":628,"caption":"Cyril"},{"@type":"BreadcrumbList","@id":"https:\/\/elukelele.com\/fr\/divertissement\/cyril-hanouna-face-a-la-realite-france-televisions-reagit-a-ses-accusations-sur-santa-et-le-telethon\/#breadcrumb","itemListElement":[{"@type":"ListItem","position":1,"name":"Home","item":"https:\/\/elukelele.com\/fr\/"},{"@type":"ListItem","position":2,"name":"Cyril Hanouna face \u00e0 la r\u00e9alit\u00e9 : France T\u00e9l\u00e9visions r\u00e9agit \u00e0 ses accusations sur Santa et le T\u00e9l\u00e9thon !"}]},{"@type":"WebSite","@id":"https:\/\/elukelele.com\/fr\/#website","url":"https:\/\/elukelele.com\/fr\/","name":"El Ukelele","description":"Musique au-del\u00e0 de l&#039;indie","potentialAction":[{"@type":"SearchAction","target":{"@type":"EntryPoint","urlTemplate":"https:\/\/elukelele.com\/fr\/?s={search_term_string}"},"query-input":{"@type":"PropertyValueSpecification","valueRequired":true,"valueName":"search_term_string"}}],"inLanguage":"fr-FR"},{"@type":"Person","@id":"https:\/\/elukelele.com\/fr\/#\/schema\/person\/ccfb3d2be2ec7fa389608eb6da0b38d6","name":"Daniel Perrin","image":{"@type":"ImageObject","inLanguage":"fr-FR","@id":"https:\/\/elukelele.com\/fr\/#\/schema\/person\/image\/","url":"https:\/\/secure.gravatar.com\/avatar\/37f9d9ffa29ce5640a0d9c6ca8bbd90afb854014296ecaa0e3a558ac716e6fe4?s=96&d=mm&r=g","contentUrl":"https:\/\/secure.gravatar.com\/avatar\/37f9d9ffa29ce5640a0d9c6ca8bbd90afb854014296ecaa0e3a558ac716e6fe4?s=96&d=mm&r=g","caption":"Daniel Perrin"},"sameAs":["https:\/\/elukelele.com\/fr"],"url":"https:\/\/elukelele.com\/fr\/author\/daniel-perrin\/"}]}},"_links":{"self":[{"href":"https:\/\/elukelele.com\/fr\/wp-json\/wp\/v2\/posts\/45998","targetHints":{"allow":["GET"]}}],"collection":[{"href":"https:\/\/elukelele.com\/fr\/wp-json\/wp\/v2\/posts"}],"about":[{"href":"https:\/\/elukelele.com\/fr\/wp-json\/wp\/v2\/types\/post"}],"author":[{"embeddable":true,"href":"https:\/\/elukelele.com\/fr\/wp-json\/wp\/v2\/users\/4"}],"replies":[{"embeddable":true,"href":"https:\/\/elukelele.com\/fr\/wp-json\/wp\/v2\/comments?post=45998"}],"version-history":[{"count":1,"href":"https:\/\/elukelele.com\/fr\/wp-json\/wp\/v2\/posts\/45998\/revisions"}],"predecessor-version":[{"id":46005,"href":"https:\/\/elukelele.com\/fr\/wp-json\/wp\/v2\/posts\/45998\/revisions\/46005"}],"wp:featuredmedia":[{"embeddable":true,"href":"https:\/\/elukelele.com\/fr\/wp-json\/wp\/v2\/media\/45997"}],"wp:attachment":[{"href":"https:\/\/elukelele.com\/fr\/wp-json\/wp\/v2\/media?parent=45998"}],"wp:term":[{"taxonomy":"category","embeddable":true,"href":"https:\/\/elukelele.com\/fr\/wp-json\/wp\/v2\/categories?post=45998"},{"taxonomy":"post_tag","embeddable":true,"href":"https:\/\/elukelele.com\/fr\/wp-json\/wp\/v2\/tags?post=45998"}],"curies":[{"name":"wp","href":"https:\/\/api.w.org\/{rel}","templated":true}]}}