{"id":45778,"date":"2025-11-26T11:46:41","date_gmt":"2025-11-26T11:46:41","guid":{"rendered":"https:\/\/elukelele.com\/fr\/?p=45778"},"modified":"2025-11-26T11:46:42","modified_gmt":"2025-11-26T11:46:42","slug":"benoit-magimel-et-melanie-laurent-leur-future-serie-traques-a-la-poubelle-limpensable-scenario","status":"publish","type":"post","link":"https:\/\/elukelele.com\/fr\/divertissement\/benoit-magimel-et-melanie-laurent-leur-future-serie-traques-a-la-poubelle-limpensable-scenario\/","title":{"rendered":"Beno\u00eet Magimel et M\u00e9lanie Laurent : leur future s\u00e9rie \u00ab\u00a0Traqu\u00e9s\u00a0\u00bb \u00e0 la poubelle, l&rsquo;impensable sc\u00e9nario"},"content":{"rendered":"<p>C&rsquo;est une nouvelle qui a retenti comme un coup de tonnerre dans le paysage audiovisuel fran\u00e7ais et international : la s\u00e9rie tr\u00e8s attendue \u00ab\u00a0Traqu\u00e9s\u00a0\u00bb, qui devait mettre en vedette les talents de Beno\u00eet Magimel et M\u00e9lanie Laurent sur Apple TV+, a \u00e9t\u00e9 subitement annul\u00e9e. La raison de cette d\u00e9cision radicale, prise \u00e0 quelques jours seulement de sa diffusion, rel\u00e8ve d&rsquo;un sc\u00e9nario presque impensable, r\u00e9v\u00e9lant un scandale de plagiat majeur.<\/p>\n<h2 class=\"wp-block-heading\">Une annulation retentissante pour \u00ab\u00a0Traqu\u00e9s\u00a0\u00bb<\/h2>\n<p>Tout semblait pourtant align\u00e9 pour que \u00ab\u00a0Traqu\u00e9s\u00a0\u00bb devienne un succ\u00e8s retentissant. Dot\u00e9e d&rsquo;une promotion internationale ambitieuse, d&rsquo;un casting prestigieux avec Beno\u00eet Magimel et M\u00e9lanie Laurent, et d&rsquo;un budget colossal, la s\u00e9rie d&rsquo;Apple TV+ \u00e9tait pr\u00e9sent\u00e9e comme un thriller \u00e9v\u00e9nement. Tourn\u00e9e dans les paysages majestueux des montagnes savoyardes et is\u00e9roises, elle promettait d&rsquo;accrocher les spectateurs d\u00e8s le 3 d\u00e9cembre 2025.<\/p>\n<p>Cependant, le silence radio qui a pr\u00e9c\u00e9d\u00e9 l&rsquo;annonce de son annulation, le 25 novembre 2025, a rapidement laiss\u00e9 place \u00e0 des interrogations. Une br\u00e8ve communication indiquant que \u00ab\u00a0Traqu\u00e9s ne sortira finalement pas le 3 d\u00e9cembre\u00a0\u00bb a \u00e9t\u00e9 la seule information disponible publiquement, sans explication ni justification. Derri\u00e8re cette discr\u00e9tion, se cachait en r\u00e9alit\u00e9 une situation bien plus embarrassante : la s\u00e9rie a \u00e9t\u00e9 purement et simplement jet\u00e9e \u00e0 la poubelle en raison d&rsquo;un plagiat flagrant.<\/p>\n<h2 class=\"wp-block-heading\">Le Plagiat R\u00e9v\u00e9l\u00e9 : Un Roman de 1973 au C\u0153ur du Scandale<\/h2>\n<p>Le choc est survenu suite \u00e0 la diffusion de la bande-annonce de \u00ab\u00a0Traqu\u00e9s\u00a0\u00bb. Des passionn\u00e9s de litt\u00e9rature ont rapidement alert\u00e9 sur les similitudes troublantes entre l&rsquo;intrigue de la s\u00e9rie et celle de \u00ab\u00a0Shoot\u00a0\u00bb, un roman de Douglas Fairbairn publi\u00e9 en 1973 et traduit en France en 1974 sous le titre \u00ab\u00a0La Traque\u00a0\u00bb.<\/p>\n<p>Selon les informations r\u00e9v\u00e9l\u00e9es par le journaliste Cl\u00e9ment Garin, les v\u00e9rifications men\u00e9es par la direction d&rsquo;Apple TV+ ont confirm\u00e9 l&rsquo;impensable : le sc\u00e9nario de C\u00e9dric Anger, le r\u00e9alisateur et cr\u00e9ateur de \u00ab\u00a0Traqu\u00e9s\u00a0\u00bb, reprenait en grande partie le roman am\u00e9ricain, sans que cela n&rsquo;ait jamais \u00e9t\u00e9 d\u00e9clar\u00e9 ni cr\u00e9dit\u00e9.<\/p>\n<p>Les ressemblances sont accablantes. L&rsquo;histoire de \u00ab\u00a0Traqu\u00e9s\u00a0\u00bb met en sc\u00e8ne un groupe d&rsquo;amis chasseurs attaqu\u00e9 sans raison par un autre groupe. Un homme est bless\u00e9, la riposte s&rsquo;organise, suivie d&rsquo;une fuite et d&rsquo;un silence initial, avant la r\u00e9alisation qu&rsquo;ils sont d\u00e9sormais traqu\u00e9s par leurs agresseurs cherchant vengeance. Ce d\u00e9roul\u00e9, cette dynamique, l&rsquo;ambiance parano\u00efaque et m\u00eame le d\u00e9cor montagneux, sont des \u00e9l\u00e9ments centraux du roman de Fairbairn.<\/p>\n<p>L&rsquo;affaire est d&rsquo;autant plus grave que le roman \u00ab\u00a0Shoot\u00a0\u00bb avait d\u00e9j\u00e0 fait l&rsquo;objet d&rsquo;une adaptation cin\u00e9matographique en 1976, r\u00e9alis\u00e9e par Harvey Hart et mettant en vedette Cliff Robertson, Ernest Borgnine et Henry Silva. Cette ant\u00e9c\u00e9dence d\u00e9montre que l&rsquo;\u0153uvre n&rsquo;\u00e9tait pas obscure, rendant l&rsquo;omission du cr\u00e9ateur d&rsquo;autant plus incompr\u00e9hensible et inexcusable pour une plateforme de l&rsquo;envergure d&rsquo;Apple TV+, qui est cens\u00e9e disposer de processus de v\u00e9rification rigoureux.<\/p>\n<h2 class=\"wp-block-heading\">Des R\u00e9percussions Financi\u00e8res et Judiciaires Majeures<\/h2>\n<p>Bien que le budget exact de la s\u00e9rie n&rsquo;ait pas \u00e9t\u00e9 communiqu\u00e9, les estimations sugg\u00e8rent que plusieurs millions d&rsquo;euros ont \u00e9t\u00e9 investis par Apple TV+ et Gaumont. Entre les tournages complexes en altitude, les conditions extr\u00eames et les cachets des acteurs de renom comme Beno\u00eet Magimel et M\u00e9lanie Laurent, la perte financi\u00e8re est certainement colossale. La \u00ab\u00a0honte\u00a0\u00bb, comme le souligne la source, s&rsquo;ajoute \u00e0 cette d\u00e9b\u00e2cle.<\/p>\n<p>Pour Apple TV+, engag\u00e9e dans une comp\u00e9tition f\u00e9roce avec des g\u00e9ants du streaming tels que Netflix et Amazon, ce scandale arrive \u00e0 un moment critique, alors que la plateforme s&rsquo;efforce de d\u00e9velopper et de renforcer son offre de contenus europ\u00e9ens.<\/p>\n<p>Face \u00e0 cette situation, des informations internes indiquent qu&rsquo;Apple TV+, Gaumont et m\u00eame les acteurs envisageraient un recours judiciaire contre C\u00e9dric Anger. Le r\u00e9alisateur serait accus\u00e9 d&rsquo;avoir pr\u00e9sent\u00e9 comme originale une \u0153uvre qui ne l&rsquo;\u00e9tait pas. Une telle proc\u00e9dure, qui s&rsquo;annonce longue, complexe et potentiellement humiliante, pourrait avoir des cons\u00e9quences s\u00e9rieuses et durables sur la carri\u00e8re de C\u00e9dric Anger.<\/p>\n<h2 class=\"wp-block-heading\">Conclusion<\/h2>\n<p>L&rsquo;annulation de \u00ab\u00a0Traqu\u00e9s\u00a0\u00bb est un rappel brutal des enjeux li\u00e9s \u00e0 la propri\u00e9t\u00e9 intellectuelle et \u00e0 l&rsquo;int\u00e9grit\u00e9 cr\u00e9ative dans l&rsquo;industrie du divertissement. Ce cas de plagiat, impliquant des noms prestigieux du cin\u00e9ma fran\u00e7ais et une plateforme de streaming majeure, met en lumi\u00e8re l&rsquo;importance cruciale des v\u00e9rifications approfondies des sc\u00e9narios et la responsabilit\u00e9 des cr\u00e9ateurs. Les r\u00e9percussions financi\u00e8res et judiciaires de cette affaire serviront sans doute de pr\u00e9c\u00e9dent, soulignant que m\u00eame les projets les plus ambitieux peuvent \u00eatre r\u00e9duits \u00e0 n\u00e9ant si les fondations de leur originalit\u00e9 sont compromises.<\/p>\n","protected":false},"excerpt":{"rendered":"<p>C&rsquo;est une nouvelle qui a retenti comme un coup de tonnerre dans le paysage audiovisuel fran\u00e7ais et international : la s\u00e9rie tr\u00e8s attendue \u00ab\u00a0Traqu\u00e9s\u00a0\u00bb, qui devait mettre en vedette les talents de Beno\u00eet Magimel et M\u00e9lanie Laurent sur Apple TV+, a \u00e9t\u00e9 subitement annul\u00e9e. La raison de cette d\u00e9cision radicale, prise \u00e0 quelques jours seulement [&hellip;]<\/p>\n","protected":false},"author":4,"featured_media":45776,"comment_status":"open","ping_status":"open","sticky":false,"template":"","format":"standard","meta":{"_yoast_wpseo_title":"Beno\u00eet Magimel et M\u00e9lanie Laurent : leur future s\u00e9rie \"Traqu\u00e9s\" \u00e0 la poubelle, l'impensable sc\u00e9nario","_yoast_wpseo_metadesc":"","_yoast_wpseo_focuskw":"Magimel"},"categories":[5],"tags":[],"class_list":["post-45778","post","type-post","status-publish","format-standard","has-post-thumbnail","hentry","category-divertissement"],"yoast_head":"<!-- This site is optimized with the Yoast SEO plugin v26.3 - https:\/\/yoast.com\/wordpress\/plugins\/seo\/ -->\n<title>Beno\u00eet Magimel et M\u00e9lanie Laurent : leur future s\u00e9rie &quot;Traqu\u00e9s&quot; \u00e0 la poubelle, l&#039;impensable sc\u00e9nario<\/title>\n<meta name=\"robots\" content=\"index, follow, max-snippet:-1, max-image-preview:large, max-video-preview:-1\" \/>\n<link rel=\"canonical\" href=\"https:\/\/elukelele.com\/fr\/divertissement\/benoit-magimel-et-melanie-laurent-leur-future-serie-traques-a-la-poubelle-limpensable-scenario\/\" \/>\n<meta property=\"og:locale\" content=\"fr_FR\" \/>\n<meta property=\"og:type\" content=\"article\" \/>\n<meta property=\"og:title\" content=\"Beno\u00eet Magimel et M\u00e9lanie Laurent : leur future s\u00e9rie &quot;Traqu\u00e9s&quot; \u00e0 la poubelle, l&#039;impensable sc\u00e9nario\" \/>\n<meta property=\"og:description\" content=\"C&rsquo;est une nouvelle qui a retenti comme un coup de tonnerre dans le paysage audiovisuel fran\u00e7ais et international : la s\u00e9rie tr\u00e8s attendue \u00ab\u00a0Traqu\u00e9s\u00a0\u00bb, qui devait mettre en vedette les talents de Beno\u00eet Magimel et M\u00e9lanie Laurent sur Apple TV+, a \u00e9t\u00e9 subitement annul\u00e9e. La raison de cette d\u00e9cision radicale, prise \u00e0 quelques jours seulement [&hellip;]\" \/>\n<meta property=\"og:url\" content=\"https:\/\/elukelele.com\/fr\/divertissement\/benoit-magimel-et-melanie-laurent-leur-future-serie-traques-a-la-poubelle-limpensable-scenario\/\" \/>\n<meta property=\"og:site_name\" content=\"El Ukelele\" \/>\n<meta property=\"article:published_time\" content=\"2025-11-26T11:46:41+00:00\" \/>\n<meta property=\"article:modified_time\" content=\"2025-11-26T11:46:42+00:00\" \/>\n<meta property=\"og:image\" content=\"https:\/\/elukelele.com\/fr\/wp-content\/uploads\/2025\/11\/framed_only-544.png\" \/>\n\t<meta property=\"og:image:width\" content=\"1200\" \/>\n\t<meta property=\"og:image:height\" content=\"628\" \/>\n\t<meta property=\"og:image:type\" content=\"image\/png\" \/>\n<meta name=\"author\" content=\"Daniel Perrin\" \/>\n<meta name=\"twitter:card\" content=\"summary_large_image\" \/>\n<meta name=\"twitter:label1\" content=\"\u00c9crit par\" \/>\n\t<meta name=\"twitter:data1\" content=\"Daniel Perrin\" \/>\n\t<meta name=\"twitter:label2\" content=\"Dur\u00e9e de lecture estim\u00e9e\" \/>\n\t<meta name=\"twitter:data2\" content=\"4 minutes\" \/>\n<script type=\"application\/ld+json\" class=\"yoast-schema-graph\">{\"@context\":\"https:\/\/schema.org\",\"@graph\":[{\"@type\":\"WebPage\",\"@id\":\"https:\/\/elukelele.com\/fr\/divertissement\/benoit-magimel-et-melanie-laurent-leur-future-serie-traques-a-la-poubelle-limpensable-scenario\/\",\"url\":\"https:\/\/elukelele.com\/fr\/divertissement\/benoit-magimel-et-melanie-laurent-leur-future-serie-traques-a-la-poubelle-limpensable-scenario\/\",\"name\":\"Beno\u00eet Magimel et M\u00e9lanie Laurent : leur future s\u00e9rie \\\"Traqu\u00e9s\\\" \u00e0 la poubelle, l'impensable sc\u00e9nario\",\"isPartOf\":{\"@id\":\"https:\/\/elukelele.com\/fr\/#website\"},\"primaryImageOfPage\":{\"@id\":\"https:\/\/elukelele.com\/fr\/divertissement\/benoit-magimel-et-melanie-laurent-leur-future-serie-traques-a-la-poubelle-limpensable-scenario\/#primaryimage\"},\"image\":{\"@id\":\"https:\/\/elukelele.com\/fr\/divertissement\/benoit-magimel-et-melanie-laurent-leur-future-serie-traques-a-la-poubelle-limpensable-scenario\/#primaryimage\"},\"thumbnailUrl\":\"https:\/\/elukelele.com\/fr\/wp-content\/uploads\/2025\/11\/framed_only-544.png\",\"datePublished\":\"2025-11-26T11:46:41+00:00\",\"dateModified\":\"2025-11-26T11:46:42+00:00\",\"author\":{\"@id\":\"https:\/\/elukelele.com\/fr\/#\/schema\/person\/ccfb3d2be2ec7fa389608eb6da0b38d6\"},\"breadcrumb\":{\"@id\":\"https:\/\/elukelele.com\/fr\/divertissement\/benoit-magimel-et-melanie-laurent-leur-future-serie-traques-a-la-poubelle-limpensable-scenario\/#breadcrumb\"},\"inLanguage\":\"fr-FR\",\"potentialAction\":[{\"@type\":\"ReadAction\",\"target\":[\"https:\/\/elukelele.com\/fr\/divertissement\/benoit-magimel-et-melanie-laurent-leur-future-serie-traques-a-la-poubelle-limpensable-scenario\/\"]}]},{\"@type\":\"ImageObject\",\"inLanguage\":\"fr-FR\",\"@id\":\"https:\/\/elukelele.com\/fr\/divertissement\/benoit-magimel-et-melanie-laurent-leur-future-serie-traques-a-la-poubelle-limpensable-scenario\/#primaryimage\",\"url\":\"https:\/\/elukelele.com\/fr\/wp-content\/uploads\/2025\/11\/framed_only-544.png\",\"contentUrl\":\"https:\/\/elukelele.com\/fr\/wp-content\/uploads\/2025\/11\/framed_only-544.png\",\"width\":1200,\"height\":628,\"caption\":\"Magimel\"},{\"@type\":\"BreadcrumbList\",\"@id\":\"https:\/\/elukelele.com\/fr\/divertissement\/benoit-magimel-et-melanie-laurent-leur-future-serie-traques-a-la-poubelle-limpensable-scenario\/#breadcrumb\",\"itemListElement\":[{\"@type\":\"ListItem\",\"position\":1,\"name\":\"Home\",\"item\":\"https:\/\/elukelele.com\/fr\/\"},{\"@type\":\"ListItem\",\"position\":2,\"name\":\"Beno\u00eet Magimel et M\u00e9lanie Laurent : leur future s\u00e9rie \u00ab\u00a0Traqu\u00e9s\u00a0\u00bb \u00e0 la poubelle, l&rsquo;impensable sc\u00e9nario\"}]},{\"@type\":\"WebSite\",\"@id\":\"https:\/\/elukelele.com\/fr\/#website\",\"url\":\"https:\/\/elukelele.com\/fr\/\",\"name\":\"El Ukelele\",\"description\":\"Musique au-del\u00e0 de l&#039;indie\",\"potentialAction\":[{\"@type\":\"SearchAction\",\"target\":{\"@type\":\"EntryPoint\",\"urlTemplate\":\"https:\/\/elukelele.com\/fr\/?s={search_term_string}\"},\"query-input\":{\"@type\":\"PropertyValueSpecification\",\"valueRequired\":true,\"valueName\":\"search_term_string\"}}],\"inLanguage\":\"fr-FR\"},{\"@type\":\"Person\",\"@id\":\"https:\/\/elukelele.com\/fr\/#\/schema\/person\/ccfb3d2be2ec7fa389608eb6da0b38d6\",\"name\":\"Daniel Perrin\",\"image\":{\"@type\":\"ImageObject\",\"inLanguage\":\"fr-FR\",\"@id\":\"https:\/\/elukelele.com\/fr\/#\/schema\/person\/image\/\",\"url\":\"https:\/\/secure.gravatar.com\/avatar\/37f9d9ffa29ce5640a0d9c6ca8bbd90afb854014296ecaa0e3a558ac716e6fe4?s=96&d=mm&r=g\",\"contentUrl\":\"https:\/\/secure.gravatar.com\/avatar\/37f9d9ffa29ce5640a0d9c6ca8bbd90afb854014296ecaa0e3a558ac716e6fe4?s=96&d=mm&r=g\",\"caption\":\"Daniel Perrin\"},\"sameAs\":[\"https:\/\/elukelele.com\/fr\"],\"url\":\"https:\/\/elukelele.com\/fr\/author\/daniel-perrin\/\"}]}<\/script>\n<!-- \/ Yoast SEO plugin. -->","yoast_head_json":{"title":"Beno\u00eet Magimel et M\u00e9lanie Laurent : leur future s\u00e9rie \"Traqu\u00e9s\" \u00e0 la poubelle, l'impensable sc\u00e9nario","robots":{"index":"index","follow":"follow","max-snippet":"max-snippet:-1","max-image-preview":"max-image-preview:large","max-video-preview":"max-video-preview:-1"},"canonical":"https:\/\/elukelele.com\/fr\/divertissement\/benoit-magimel-et-melanie-laurent-leur-future-serie-traques-a-la-poubelle-limpensable-scenario\/","og_locale":"fr_FR","og_type":"article","og_title":"Beno\u00eet Magimel et M\u00e9lanie Laurent : leur future s\u00e9rie \"Traqu\u00e9s\" \u00e0 la poubelle, l'impensable sc\u00e9nario","og_description":"C&rsquo;est une nouvelle qui a retenti comme un coup de tonnerre dans le paysage audiovisuel fran\u00e7ais et international : la s\u00e9rie tr\u00e8s attendue \u00ab\u00a0Traqu\u00e9s\u00a0\u00bb, qui devait mettre en vedette les talents de Beno\u00eet Magimel et M\u00e9lanie Laurent sur Apple TV+, a \u00e9t\u00e9 subitement annul\u00e9e. La raison de cette d\u00e9cision radicale, prise \u00e0 quelques jours seulement [&hellip;]","og_url":"https:\/\/elukelele.com\/fr\/divertissement\/benoit-magimel-et-melanie-laurent-leur-future-serie-traques-a-la-poubelle-limpensable-scenario\/","og_site_name":"El Ukelele","article_published_time":"2025-11-26T11:46:41+00:00","article_modified_time":"2025-11-26T11:46:42+00:00","og_image":[{"width":1200,"height":628,"url":"https:\/\/elukelele.com\/fr\/wp-content\/uploads\/2025\/11\/framed_only-544.png","type":"image\/png"}],"author":"Daniel Perrin","twitter_card":"summary_large_image","twitter_misc":{"\u00c9crit par":"Daniel Perrin","Dur\u00e9e de lecture estim\u00e9e":"4 minutes"},"schema":{"@context":"https:\/\/schema.org","@graph":[{"@type":"WebPage","@id":"https:\/\/elukelele.com\/fr\/divertissement\/benoit-magimel-et-melanie-laurent-leur-future-serie-traques-a-la-poubelle-limpensable-scenario\/","url":"https:\/\/elukelele.com\/fr\/divertissement\/benoit-magimel-et-melanie-laurent-leur-future-serie-traques-a-la-poubelle-limpensable-scenario\/","name":"Beno\u00eet Magimel et M\u00e9lanie Laurent : leur future s\u00e9rie \"Traqu\u00e9s\" \u00e0 la poubelle, l'impensable sc\u00e9nario","isPartOf":{"@id":"https:\/\/elukelele.com\/fr\/#website"},"primaryImageOfPage":{"@id":"https:\/\/elukelele.com\/fr\/divertissement\/benoit-magimel-et-melanie-laurent-leur-future-serie-traques-a-la-poubelle-limpensable-scenario\/#primaryimage"},"image":{"@id":"https:\/\/elukelele.com\/fr\/divertissement\/benoit-magimel-et-melanie-laurent-leur-future-serie-traques-a-la-poubelle-limpensable-scenario\/#primaryimage"},"thumbnailUrl":"https:\/\/elukelele.com\/fr\/wp-content\/uploads\/2025\/11\/framed_only-544.png","datePublished":"2025-11-26T11:46:41+00:00","dateModified":"2025-11-26T11:46:42+00:00","author":{"@id":"https:\/\/elukelele.com\/fr\/#\/schema\/person\/ccfb3d2be2ec7fa389608eb6da0b38d6"},"breadcrumb":{"@id":"https:\/\/elukelele.com\/fr\/divertissement\/benoit-magimel-et-melanie-laurent-leur-future-serie-traques-a-la-poubelle-limpensable-scenario\/#breadcrumb"},"inLanguage":"fr-FR","potentialAction":[{"@type":"ReadAction","target":["https:\/\/elukelele.com\/fr\/divertissement\/benoit-magimel-et-melanie-laurent-leur-future-serie-traques-a-la-poubelle-limpensable-scenario\/"]}]},{"@type":"ImageObject","inLanguage":"fr-FR","@id":"https:\/\/elukelele.com\/fr\/divertissement\/benoit-magimel-et-melanie-laurent-leur-future-serie-traques-a-la-poubelle-limpensable-scenario\/#primaryimage","url":"https:\/\/elukelele.com\/fr\/wp-content\/uploads\/2025\/11\/framed_only-544.png","contentUrl":"https:\/\/elukelele.com\/fr\/wp-content\/uploads\/2025\/11\/framed_only-544.png","width":1200,"height":628,"caption":"Magimel"},{"@type":"BreadcrumbList","@id":"https:\/\/elukelele.com\/fr\/divertissement\/benoit-magimel-et-melanie-laurent-leur-future-serie-traques-a-la-poubelle-limpensable-scenario\/#breadcrumb","itemListElement":[{"@type":"ListItem","position":1,"name":"Home","item":"https:\/\/elukelele.com\/fr\/"},{"@type":"ListItem","position":2,"name":"Beno\u00eet Magimel et M\u00e9lanie Laurent : leur future s\u00e9rie \u00ab\u00a0Traqu\u00e9s\u00a0\u00bb \u00e0 la poubelle, l&rsquo;impensable sc\u00e9nario"}]},{"@type":"WebSite","@id":"https:\/\/elukelele.com\/fr\/#website","url":"https:\/\/elukelele.com\/fr\/","name":"El Ukelele","description":"Musique au-del\u00e0 de l&#039;indie","potentialAction":[{"@type":"SearchAction","target":{"@type":"EntryPoint","urlTemplate":"https:\/\/elukelele.com\/fr\/?s={search_term_string}"},"query-input":{"@type":"PropertyValueSpecification","valueRequired":true,"valueName":"search_term_string"}}],"inLanguage":"fr-FR"},{"@type":"Person","@id":"https:\/\/elukelele.com\/fr\/#\/schema\/person\/ccfb3d2be2ec7fa389608eb6da0b38d6","name":"Daniel Perrin","image":{"@type":"ImageObject","inLanguage":"fr-FR","@id":"https:\/\/elukelele.com\/fr\/#\/schema\/person\/image\/","url":"https:\/\/secure.gravatar.com\/avatar\/37f9d9ffa29ce5640a0d9c6ca8bbd90afb854014296ecaa0e3a558ac716e6fe4?s=96&d=mm&r=g","contentUrl":"https:\/\/secure.gravatar.com\/avatar\/37f9d9ffa29ce5640a0d9c6ca8bbd90afb854014296ecaa0e3a558ac716e6fe4?s=96&d=mm&r=g","caption":"Daniel Perrin"},"sameAs":["https:\/\/elukelele.com\/fr"],"url":"https:\/\/elukelele.com\/fr\/author\/daniel-perrin\/"}]}},"_links":{"self":[{"href":"https:\/\/elukelele.com\/fr\/wp-json\/wp\/v2\/posts\/45778","targetHints":{"allow":["GET"]}}],"collection":[{"href":"https:\/\/elukelele.com\/fr\/wp-json\/wp\/v2\/posts"}],"about":[{"href":"https:\/\/elukelele.com\/fr\/wp-json\/wp\/v2\/types\/post"}],"author":[{"embeddable":true,"href":"https:\/\/elukelele.com\/fr\/wp-json\/wp\/v2\/users\/4"}],"replies":[{"embeddable":true,"href":"https:\/\/elukelele.com\/fr\/wp-json\/wp\/v2\/comments?post=45778"}],"version-history":[{"count":1,"href":"https:\/\/elukelele.com\/fr\/wp-json\/wp\/v2\/posts\/45778\/revisions"}],"predecessor-version":[{"id":46109,"href":"https:\/\/elukelele.com\/fr\/wp-json\/wp\/v2\/posts\/45778\/revisions\/46109"}],"wp:featuredmedia":[{"embeddable":true,"href":"https:\/\/elukelele.com\/fr\/wp-json\/wp\/v2\/media\/45776"}],"wp:attachment":[{"href":"https:\/\/elukelele.com\/fr\/wp-json\/wp\/v2\/media?parent=45778"}],"wp:term":[{"taxonomy":"category","embeddable":true,"href":"https:\/\/elukelele.com\/fr\/wp-json\/wp\/v2\/categories?post=45778"},{"taxonomy":"post_tag","embeddable":true,"href":"https:\/\/elukelele.com\/fr\/wp-json\/wp\/v2\/tags?post=45778"}],"curies":[{"name":"wp","href":"https:\/\/api.w.org\/{rel}","templated":true}]}}