{"id":45769,"date":"2025-11-26T11:43:44","date_gmt":"2025-11-26T11:43:44","guid":{"rendered":"https:\/\/elukelele.com\/fr\/?p=45769"},"modified":"2025-11-26T11:43:45","modified_gmt":"2025-11-26T11:43:45","slug":"ariane-brodier-46-ans-mon-cerveau-il-part-son-intimite-avec-fulgence-ouedraogo-evoquee-sans-tabou","status":"publish","type":"post","link":"https:\/\/elukelele.com\/fr\/divertissement\/ariane-brodier-46-ans-mon-cerveau-il-part-son-intimite-avec-fulgence-ouedraogo-evoquee-sans-tabou\/","title":{"rendered":"Ariane Brodier (46 ans) : \u00ab\u00a0Mon cerveau, il part\u00a0\u00bb :  son intimite\u0301 avec Fulgence Ouedraogo e\u0301voque\u0301e sans tabou"},"content":{"rendered":"<p>Ariane Brodier, \u00e0 l&rsquo;\u00e2ge de 46 ans, s&rsquo;est r\u00e9cemment retrouv\u00e9e sous le feu des projecteurs, non pas pour ses projets artistiques, mais pour des \u00e9preuves personnelles marquantes. Au-del\u00e0 de ces d\u00e9fis, elle a partag\u00e9 avec transparence des aspects de son intimit\u00e9 avec l&rsquo;ancien rugbyman Fulgence Ouedraogo, r\u00e9v\u00e9lant les dynamiques de leur couple qui apportent \u00e9quilibre et soutien dans sa vie.<\/p>\n<h2 class=\"wp-block-heading\">Des \u00c9preuves R\u00e9centes et un Besoin de Recul<\/h2>\n<p>L&rsquo;actualit\u00e9 d&rsquo;Ariane Brodier a \u00e9t\u00e9 marqu\u00e9e par des \u00e9v\u00e9nements difficiles. R\u00e9cemment, l&rsquo;artiste a r\u00e9v\u00e9l\u00e9 \u00e0 sa communaut\u00e9 avoir \u00e9t\u00e9 victime d&rsquo;une \u00ab\u00a0agression d\u2019une violence extr\u00eame\u00a0\u00bb le 24 novembre 2025, entra\u00eenant des s\u00e9quelles physiques telles qu&rsquo;un nez cass\u00e9 et des l\u00e9sions aux cervicales. Cet incident survient peu apr\u00e8s une autre m\u00e9saventure, une attaque par des chiens lors d&rsquo;un jogging. Ces \u00e9preuves ont naturellement boulevers\u00e9 la com\u00e9dienne, qui a exprim\u00e9 son besoin de \u00ab\u00a0se prot\u00e9ger, de se reposer et de prendre du recul face \u00e0 ce traumatisme\u00a0\u00bb. Elle a \u00e9galement fait part de sa gratitude envers les services m\u00e9dicaux, les gendarmes, les pompiers et les personnes l&rsquo;ayant secourue, confirmant avoir port\u00e9 plainte suite \u00e0 la r\u00e9cente agression. Dans ces moments, le soutien de son compagnon, Fulgence Ouedraogo, semble \u00eatre une ancre essentielle.<\/p>\n<h2 class=\"wp-block-heading\">L&rsquo;Intimit\u00e9 du Couple Ariane Brodier et Fulgence Ouedraogo : \u00ab\u00a0Mon cerveau, il part\u00a0\u00bb<\/h2>\n<p>L&rsquo;\u00e9quilibre au sein du couple d&rsquo;Ariane Brodier et Fulgence Ouedraogo r\u00e9side dans leurs personnalit\u00e9s compl\u00e9mentaires. Ariane Brodier a \u00e9voqu\u00e9 sans tabou les facettes de leur intimit\u00e9, soulignant un contraste marqu\u00e9 entre leurs temp\u00e9raments. \u00ab\u00a0Il est aux antipodes de moi\u00a0\u00bb, a-t-elle confi\u00e9 au m\u00e9dia <em>Lou<\/em>. Alors qu&rsquo;elle se d\u00e9crit comme \u00ab\u00a0un peu bord\u00e9lique\u00a0\u00bb, \u00ab\u00a0tr\u00e8s artistique\u00a0\u00bb et dont \u00ab\u00a0le cerveau, il part\u00a0\u00bb dans la cr\u00e9ation, Fulgence Ouedraogo est, selon ses mots, \u00ab\u00a0hyper carr\u00e9\u00a0\u00bb. Cette diff\u00e9rence est, paradoxalement, une source d&rsquo;apaisement pour Ariane. \u00ab\u00a0\u00c7a m&rsquo;apaise beaucoup\u00a0\u00bb, a-t-elle d\u00e9clar\u00e9, ajoutant que tous deux font des efforts pour s&rsquo;adapter, elle-m\u00eame tentant d&rsquo;\u00eatre \u00ab\u00a0plus structur\u00e9e, de faire des choses plus carr\u00e9es\u00a0\u00bb.<\/p>\n<p>Leur rencontre a \u00e9t\u00e9 marqu\u00e9e par un \u00ab\u00a0v\u00e9ritable coup de foudre\u00a0\u00bb. Ariane Brodier se souvient avec \u00e9motion de la premi\u00e8re fois qu&rsquo;elle l&rsquo;a vu dans un restaurant, d\u00e9crivant son extr\u00eame nervosit\u00e9 : \u00ab\u00a0J&rsquo;\u00e9tais tellement stress\u00e9e\u00a0\u00bb. Cette connexion instantan\u00e9e a jet\u00e9 les bases d&rsquo;une relation solide, aujourd&rsquo;hui consolid\u00e9e par deux enfants, n\u00e9s en 2018 et 2019.<\/p>\n<h2 class=\"wp-block-heading\">Famille, Retraite Sportive et Renaissance Artistique<\/h2>\n<p>Ces derni\u00e8res ann\u00e9es, la vie d&rsquo;Ariane Brodier a \u00e9t\u00e9 largement centr\u00e9e sur sa famille et ses jeunes enfants. Elle avait auparavant expliqu\u00e9 \u00e0 <em>France Dimanche<\/em> les d\u00e9fis de concilier sa carri\u00e8re avec l&rsquo;allaitement et les week-ends accapar\u00e9s par les matchs de son conjoint, alors sportif de haut niveau.<\/p>\n<p>Cependant, un nouveau chapitre s&rsquo;ouvre pour le couple. Avec la retraite sportive de Fulgence Ouedraogo et des enfants d\u00e9sormais plus grands, Ariane Brodier retrouve une libert\u00e9 qui lui permet de se consacrer \u00e0 de nouveaux projets artistiques. \u00ab\u00a0Maintenant qu&rsquo;il a pris sa retraite et que les enfants sont plus grands, je vais pouvoir me replonger dans mon deuxi\u00e8me one-woman show que j&rsquo;ai bien l&rsquo;intention de jouer dans quelques mois. \u00c7a me manquait tellement !\u00a0\u00bb, a-t-elle partag\u00e9 avec enthousiasme.<\/p>\n<p>Install\u00e9e dans la r\u00e9gion de Montpellier avec sa famille, Ariane Brodier nourrit \u00e9galement l&rsquo;ambition de retrouver les plateaux de tournage. Ayant d\u00e9j\u00e0 particip\u00e9 \u00e0 des s\u00e9ries populaires comme <em>Fais pas ci, fais pas \u00e7a<\/em>, <em>Section de recherches<\/em> ou <em>Camping Paradis<\/em>, elle a lanc\u00e9 un appel pour des r\u00f4les dans des productions tourn\u00e9es localement, telles que <em>Un si grand soleil<\/em> ou <em>Ici tout commence<\/em>. Ce retour \u00e0 ses passions marque une p\u00e9riode de renouveau professionnel pour l&rsquo;artiste, d\u00e9sormais soutenue par une vie de famille \u00e9panouie et un partenaire dont la stabilit\u00e9 compl\u00e8te sa propre nature effervescente.<\/p>\n<h2 class=\"wp-block-heading\">Conclusion<\/h2>\n<p>L&rsquo;ouverture d&rsquo;Ariane Brodier sur sa vie personnelle offre une perspective authentique sur les d\u00e9fis et les joies du quotidien d&rsquo;une personnalit\u00e9 publique. Son intimit\u00e9 avec Fulgence Ouedraogo, caract\u00e9ris\u00e9e par des contrastes qui s&rsquo;harmonisent, illustre la force et la profondeur de leur relation. Alors qu&rsquo;elle traverse des moments personnels exigeants, le soutien familial et le renouveau de ses aspirations professionnelles dessinent un avenir prometteur pour l&rsquo;artiste.<\/p>\n","protected":false},"excerpt":{"rendered":"<p>Ariane Brodier, \u00e0 l&rsquo;\u00e2ge de 46 ans, s&rsquo;est r\u00e9cemment retrouv\u00e9e sous le feu des projecteurs, non pas pour ses projets artistiques, mais pour des \u00e9preuves personnelles marquantes. Au-del\u00e0 de ces d\u00e9fis, elle a partag\u00e9 avec transparence des aspects de son intimit\u00e9 avec l&rsquo;ancien rugbyman Fulgence Ouedraogo, r\u00e9v\u00e9lant les dynamiques de leur couple qui apportent \u00e9quilibre [&hellip;]<\/p>\n","protected":false},"author":4,"featured_media":45768,"comment_status":"open","ping_status":"open","sticky":false,"template":"","format":"standard","meta":{"_yoast_wpseo_title":"Ariane Brodier (46 ans) : \"Mon cerveau, il part\" : son intimite\u0301 avec Fulgence Ouedraogo e\u0301voque\u0301e sans tabou","_yoast_wpseo_metadesc":"","_yoast_wpseo_focuskw":"Ariane"},"categories":[5],"tags":[],"class_list":["post-45769","post","type-post","status-publish","format-standard","has-post-thumbnail","hentry","category-divertissement"],"yoast_head":"<!-- This site is optimized with the Yoast SEO plugin v26.3 - https:\/\/yoast.com\/wordpress\/plugins\/seo\/ -->\n<title>Ariane Brodier (46 ans) : &quot;Mon cerveau, il part&quot; : son intimite\u0301 avec Fulgence Ouedraogo e\u0301voque\u0301e sans tabou<\/title>\n<meta name=\"robots\" content=\"index, follow, max-snippet:-1, max-image-preview:large, max-video-preview:-1\" \/>\n<link rel=\"canonical\" href=\"https:\/\/elukelele.com\/fr\/divertissement\/ariane-brodier-46-ans-mon-cerveau-il-part-son-intimite-avec-fulgence-ouedraogo-evoquee-sans-tabou\/\" \/>\n<meta property=\"og:locale\" content=\"fr_FR\" \/>\n<meta property=\"og:type\" content=\"article\" \/>\n<meta property=\"og:title\" content=\"Ariane Brodier (46 ans) : &quot;Mon cerveau, il part&quot; : son intimite\u0301 avec Fulgence Ouedraogo e\u0301voque\u0301e sans tabou\" \/>\n<meta property=\"og:description\" content=\"Ariane Brodier, \u00e0 l&rsquo;\u00e2ge de 46 ans, s&rsquo;est r\u00e9cemment retrouv\u00e9e sous le feu des projecteurs, non pas pour ses projets artistiques, mais pour des \u00e9preuves personnelles marquantes. Au-del\u00e0 de ces d\u00e9fis, elle a partag\u00e9 avec transparence des aspects de son intimit\u00e9 avec l&rsquo;ancien rugbyman Fulgence Ouedraogo, r\u00e9v\u00e9lant les dynamiques de leur couple qui apportent \u00e9quilibre [&hellip;]\" \/>\n<meta property=\"og:url\" content=\"https:\/\/elukelele.com\/fr\/divertissement\/ariane-brodier-46-ans-mon-cerveau-il-part-son-intimite-avec-fulgence-ouedraogo-evoquee-sans-tabou\/\" \/>\n<meta property=\"og:site_name\" content=\"El Ukelele\" \/>\n<meta property=\"article:published_time\" content=\"2025-11-26T11:43:44+00:00\" \/>\n<meta property=\"article:modified_time\" content=\"2025-11-26T11:43:45+00:00\" \/>\n<meta property=\"og:image\" content=\"https:\/\/elukelele.com\/fr\/wp-content\/uploads\/2025\/11\/framed_only-540.png\" \/>\n\t<meta property=\"og:image:width\" content=\"1200\" \/>\n\t<meta property=\"og:image:height\" content=\"628\" \/>\n\t<meta property=\"og:image:type\" content=\"image\/png\" \/>\n<meta name=\"author\" content=\"Daniel Perrin\" \/>\n<meta name=\"twitter:card\" content=\"summary_large_image\" \/>\n<meta name=\"twitter:label1\" content=\"\u00c9crit par\" \/>\n\t<meta name=\"twitter:data1\" content=\"Daniel Perrin\" \/>\n\t<meta name=\"twitter:label2\" content=\"Dur\u00e9e de lecture estim\u00e9e\" \/>\n\t<meta name=\"twitter:data2\" content=\"4 minutes\" \/>\n<script type=\"application\/ld+json\" class=\"yoast-schema-graph\">{\"@context\":\"https:\/\/schema.org\",\"@graph\":[{\"@type\":\"WebPage\",\"@id\":\"https:\/\/elukelele.com\/fr\/divertissement\/ariane-brodier-46-ans-mon-cerveau-il-part-son-intimite-avec-fulgence-ouedraogo-evoquee-sans-tabou\/\",\"url\":\"https:\/\/elukelele.com\/fr\/divertissement\/ariane-brodier-46-ans-mon-cerveau-il-part-son-intimite-avec-fulgence-ouedraogo-evoquee-sans-tabou\/\",\"name\":\"Ariane Brodier (46 ans) : \\\"Mon cerveau, il part\\\" : son intimite\u0301 avec Fulgence Ouedraogo e\u0301voque\u0301e sans tabou\",\"isPartOf\":{\"@id\":\"https:\/\/elukelele.com\/fr\/#website\"},\"primaryImageOfPage\":{\"@id\":\"https:\/\/elukelele.com\/fr\/divertissement\/ariane-brodier-46-ans-mon-cerveau-il-part-son-intimite-avec-fulgence-ouedraogo-evoquee-sans-tabou\/#primaryimage\"},\"image\":{\"@id\":\"https:\/\/elukelele.com\/fr\/divertissement\/ariane-brodier-46-ans-mon-cerveau-il-part-son-intimite-avec-fulgence-ouedraogo-evoquee-sans-tabou\/#primaryimage\"},\"thumbnailUrl\":\"https:\/\/elukelele.com\/fr\/wp-content\/uploads\/2025\/11\/framed_only-540.png\",\"datePublished\":\"2025-11-26T11:43:44+00:00\",\"dateModified\":\"2025-11-26T11:43:45+00:00\",\"author\":{\"@id\":\"https:\/\/elukelele.com\/fr\/#\/schema\/person\/ccfb3d2be2ec7fa389608eb6da0b38d6\"},\"breadcrumb\":{\"@id\":\"https:\/\/elukelele.com\/fr\/divertissement\/ariane-brodier-46-ans-mon-cerveau-il-part-son-intimite-avec-fulgence-ouedraogo-evoquee-sans-tabou\/#breadcrumb\"},\"inLanguage\":\"fr-FR\",\"potentialAction\":[{\"@type\":\"ReadAction\",\"target\":[\"https:\/\/elukelele.com\/fr\/divertissement\/ariane-brodier-46-ans-mon-cerveau-il-part-son-intimite-avec-fulgence-ouedraogo-evoquee-sans-tabou\/\"]}]},{\"@type\":\"ImageObject\",\"inLanguage\":\"fr-FR\",\"@id\":\"https:\/\/elukelele.com\/fr\/divertissement\/ariane-brodier-46-ans-mon-cerveau-il-part-son-intimite-avec-fulgence-ouedraogo-evoquee-sans-tabou\/#primaryimage\",\"url\":\"https:\/\/elukelele.com\/fr\/wp-content\/uploads\/2025\/11\/framed_only-540.png\",\"contentUrl\":\"https:\/\/elukelele.com\/fr\/wp-content\/uploads\/2025\/11\/framed_only-540.png\",\"width\":1200,\"height\":628,\"caption\":\"Ariane\"},{\"@type\":\"BreadcrumbList\",\"@id\":\"https:\/\/elukelele.com\/fr\/divertissement\/ariane-brodier-46-ans-mon-cerveau-il-part-son-intimite-avec-fulgence-ouedraogo-evoquee-sans-tabou\/#breadcrumb\",\"itemListElement\":[{\"@type\":\"ListItem\",\"position\":1,\"name\":\"Home\",\"item\":\"https:\/\/elukelele.com\/fr\/\"},{\"@type\":\"ListItem\",\"position\":2,\"name\":\"Ariane Brodier (46 ans) : \u00ab\u00a0Mon cerveau, il part\u00a0\u00bb : son intimite\u0301 avec Fulgence Ouedraogo e\u0301voque\u0301e sans tabou\"}]},{\"@type\":\"WebSite\",\"@id\":\"https:\/\/elukelele.com\/fr\/#website\",\"url\":\"https:\/\/elukelele.com\/fr\/\",\"name\":\"El Ukelele\",\"description\":\"Musique au-del\u00e0 de l&#039;indie\",\"potentialAction\":[{\"@type\":\"SearchAction\",\"target\":{\"@type\":\"EntryPoint\",\"urlTemplate\":\"https:\/\/elukelele.com\/fr\/?s={search_term_string}\"},\"query-input\":{\"@type\":\"PropertyValueSpecification\",\"valueRequired\":true,\"valueName\":\"search_term_string\"}}],\"inLanguage\":\"fr-FR\"},{\"@type\":\"Person\",\"@id\":\"https:\/\/elukelele.com\/fr\/#\/schema\/person\/ccfb3d2be2ec7fa389608eb6da0b38d6\",\"name\":\"Daniel Perrin\",\"image\":{\"@type\":\"ImageObject\",\"inLanguage\":\"fr-FR\",\"@id\":\"https:\/\/elukelele.com\/fr\/#\/schema\/person\/image\/\",\"url\":\"https:\/\/secure.gravatar.com\/avatar\/37f9d9ffa29ce5640a0d9c6ca8bbd90afb854014296ecaa0e3a558ac716e6fe4?s=96&d=mm&r=g\",\"contentUrl\":\"https:\/\/secure.gravatar.com\/avatar\/37f9d9ffa29ce5640a0d9c6ca8bbd90afb854014296ecaa0e3a558ac716e6fe4?s=96&d=mm&r=g\",\"caption\":\"Daniel Perrin\"},\"sameAs\":[\"https:\/\/elukelele.com\/fr\"],\"url\":\"https:\/\/elukelele.com\/fr\/author\/daniel-perrin\/\"}]}<\/script>\n<!-- \/ Yoast SEO plugin. -->","yoast_head_json":{"title":"Ariane Brodier (46 ans) : \"Mon cerveau, il part\" : son intimite\u0301 avec Fulgence Ouedraogo e\u0301voque\u0301e sans tabou","robots":{"index":"index","follow":"follow","max-snippet":"max-snippet:-1","max-image-preview":"max-image-preview:large","max-video-preview":"max-video-preview:-1"},"canonical":"https:\/\/elukelele.com\/fr\/divertissement\/ariane-brodier-46-ans-mon-cerveau-il-part-son-intimite-avec-fulgence-ouedraogo-evoquee-sans-tabou\/","og_locale":"fr_FR","og_type":"article","og_title":"Ariane Brodier (46 ans) : \"Mon cerveau, il part\" : son intimite\u0301 avec Fulgence Ouedraogo e\u0301voque\u0301e sans tabou","og_description":"Ariane Brodier, \u00e0 l&rsquo;\u00e2ge de 46 ans, s&rsquo;est r\u00e9cemment retrouv\u00e9e sous le feu des projecteurs, non pas pour ses projets artistiques, mais pour des \u00e9preuves personnelles marquantes. Au-del\u00e0 de ces d\u00e9fis, elle a partag\u00e9 avec transparence des aspects de son intimit\u00e9 avec l&rsquo;ancien rugbyman Fulgence Ouedraogo, r\u00e9v\u00e9lant les dynamiques de leur couple qui apportent \u00e9quilibre [&hellip;]","og_url":"https:\/\/elukelele.com\/fr\/divertissement\/ariane-brodier-46-ans-mon-cerveau-il-part-son-intimite-avec-fulgence-ouedraogo-evoquee-sans-tabou\/","og_site_name":"El Ukelele","article_published_time":"2025-11-26T11:43:44+00:00","article_modified_time":"2025-11-26T11:43:45+00:00","og_image":[{"width":1200,"height":628,"url":"https:\/\/elukelele.com\/fr\/wp-content\/uploads\/2025\/11\/framed_only-540.png","type":"image\/png"}],"author":"Daniel Perrin","twitter_card":"summary_large_image","twitter_misc":{"\u00c9crit par":"Daniel Perrin","Dur\u00e9e de lecture estim\u00e9e":"4 minutes"},"schema":{"@context":"https:\/\/schema.org","@graph":[{"@type":"WebPage","@id":"https:\/\/elukelele.com\/fr\/divertissement\/ariane-brodier-46-ans-mon-cerveau-il-part-son-intimite-avec-fulgence-ouedraogo-evoquee-sans-tabou\/","url":"https:\/\/elukelele.com\/fr\/divertissement\/ariane-brodier-46-ans-mon-cerveau-il-part-son-intimite-avec-fulgence-ouedraogo-evoquee-sans-tabou\/","name":"Ariane Brodier (46 ans) : \"Mon cerveau, il part\" : son intimite\u0301 avec Fulgence Ouedraogo e\u0301voque\u0301e sans tabou","isPartOf":{"@id":"https:\/\/elukelele.com\/fr\/#website"},"primaryImageOfPage":{"@id":"https:\/\/elukelele.com\/fr\/divertissement\/ariane-brodier-46-ans-mon-cerveau-il-part-son-intimite-avec-fulgence-ouedraogo-evoquee-sans-tabou\/#primaryimage"},"image":{"@id":"https:\/\/elukelele.com\/fr\/divertissement\/ariane-brodier-46-ans-mon-cerveau-il-part-son-intimite-avec-fulgence-ouedraogo-evoquee-sans-tabou\/#primaryimage"},"thumbnailUrl":"https:\/\/elukelele.com\/fr\/wp-content\/uploads\/2025\/11\/framed_only-540.png","datePublished":"2025-11-26T11:43:44+00:00","dateModified":"2025-11-26T11:43:45+00:00","author":{"@id":"https:\/\/elukelele.com\/fr\/#\/schema\/person\/ccfb3d2be2ec7fa389608eb6da0b38d6"},"breadcrumb":{"@id":"https:\/\/elukelele.com\/fr\/divertissement\/ariane-brodier-46-ans-mon-cerveau-il-part-son-intimite-avec-fulgence-ouedraogo-evoquee-sans-tabou\/#breadcrumb"},"inLanguage":"fr-FR","potentialAction":[{"@type":"ReadAction","target":["https:\/\/elukelele.com\/fr\/divertissement\/ariane-brodier-46-ans-mon-cerveau-il-part-son-intimite-avec-fulgence-ouedraogo-evoquee-sans-tabou\/"]}]},{"@type":"ImageObject","inLanguage":"fr-FR","@id":"https:\/\/elukelele.com\/fr\/divertissement\/ariane-brodier-46-ans-mon-cerveau-il-part-son-intimite-avec-fulgence-ouedraogo-evoquee-sans-tabou\/#primaryimage","url":"https:\/\/elukelele.com\/fr\/wp-content\/uploads\/2025\/11\/framed_only-540.png","contentUrl":"https:\/\/elukelele.com\/fr\/wp-content\/uploads\/2025\/11\/framed_only-540.png","width":1200,"height":628,"caption":"Ariane"},{"@type":"BreadcrumbList","@id":"https:\/\/elukelele.com\/fr\/divertissement\/ariane-brodier-46-ans-mon-cerveau-il-part-son-intimite-avec-fulgence-ouedraogo-evoquee-sans-tabou\/#breadcrumb","itemListElement":[{"@type":"ListItem","position":1,"name":"Home","item":"https:\/\/elukelele.com\/fr\/"},{"@type":"ListItem","position":2,"name":"Ariane Brodier (46 ans) : \u00ab\u00a0Mon cerveau, il part\u00a0\u00bb : son intimite\u0301 avec Fulgence Ouedraogo e\u0301voque\u0301e sans tabou"}]},{"@type":"WebSite","@id":"https:\/\/elukelele.com\/fr\/#website","url":"https:\/\/elukelele.com\/fr\/","name":"El Ukelele","description":"Musique au-del\u00e0 de l&#039;indie","potentialAction":[{"@type":"SearchAction","target":{"@type":"EntryPoint","urlTemplate":"https:\/\/elukelele.com\/fr\/?s={search_term_string}"},"query-input":{"@type":"PropertyValueSpecification","valueRequired":true,"valueName":"search_term_string"}}],"inLanguage":"fr-FR"},{"@type":"Person","@id":"https:\/\/elukelele.com\/fr\/#\/schema\/person\/ccfb3d2be2ec7fa389608eb6da0b38d6","name":"Daniel Perrin","image":{"@type":"ImageObject","inLanguage":"fr-FR","@id":"https:\/\/elukelele.com\/fr\/#\/schema\/person\/image\/","url":"https:\/\/secure.gravatar.com\/avatar\/37f9d9ffa29ce5640a0d9c6ca8bbd90afb854014296ecaa0e3a558ac716e6fe4?s=96&d=mm&r=g","contentUrl":"https:\/\/secure.gravatar.com\/avatar\/37f9d9ffa29ce5640a0d9c6ca8bbd90afb854014296ecaa0e3a558ac716e6fe4?s=96&d=mm&r=g","caption":"Daniel Perrin"},"sameAs":["https:\/\/elukelele.com\/fr"],"url":"https:\/\/elukelele.com\/fr\/author\/daniel-perrin\/"}]}},"_links":{"self":[{"href":"https:\/\/elukelele.com\/fr\/wp-json\/wp\/v2\/posts\/45769","targetHints":{"allow":["GET"]}}],"collection":[{"href":"https:\/\/elukelele.com\/fr\/wp-json\/wp\/v2\/posts"}],"about":[{"href":"https:\/\/elukelele.com\/fr\/wp-json\/wp\/v2\/types\/post"}],"author":[{"embeddable":true,"href":"https:\/\/elukelele.com\/fr\/wp-json\/wp\/v2\/users\/4"}],"replies":[{"embeddable":true,"href":"https:\/\/elukelele.com\/fr\/wp-json\/wp\/v2\/comments?post=45769"}],"version-history":[{"count":1,"href":"https:\/\/elukelele.com\/fr\/wp-json\/wp\/v2\/posts\/45769\/revisions"}],"predecessor-version":[{"id":46106,"href":"https:\/\/elukelele.com\/fr\/wp-json\/wp\/v2\/posts\/45769\/revisions\/46106"}],"wp:featuredmedia":[{"embeddable":true,"href":"https:\/\/elukelele.com\/fr\/wp-json\/wp\/v2\/media\/45768"}],"wp:attachment":[{"href":"https:\/\/elukelele.com\/fr\/wp-json\/wp\/v2\/media?parent=45769"}],"wp:term":[{"taxonomy":"category","embeddable":true,"href":"https:\/\/elukelele.com\/fr\/wp-json\/wp\/v2\/categories?post=45769"},{"taxonomy":"post_tag","embeddable":true,"href":"https:\/\/elukelele.com\/fr\/wp-json\/wp\/v2\/tags?post=45769"}],"curies":[{"name":"wp","href":"https:\/\/api.w.org\/{rel}","templated":true}]}}