{"id":45755,"date":"2025-11-26T11:41:53","date_gmt":"2025-11-26T11:41:53","guid":{"rendered":"https:\/\/elukelele.com\/fr\/?p=45755"},"modified":"2025-11-26T11:41:54","modified_gmt":"2025-11-26T11:41:54","slug":"vincent-dechu-dans-tout-le-monde-veut-prendre-sa-place","status":"publish","type":"post","link":"https:\/\/elukelele.com\/fr\/divertissement\/vincent-dechu-dans-tout-le-monde-veut-prendre-sa-place\/","title":{"rendered":"Vincent d\u00e9chu dans \u00ab\u00a0Tout le monde veut prendre sa place\u00a0\u00bb ?"},"content":{"rendered":"<p>Le c\u00e9l\u00e8bre jeu t\u00e9l\u00e9vis\u00e9 de France 2, \u00ab Tout le monde veut prendre sa place \u00bb, continue de captiver les t\u00e9l\u00e9spectateurs gr\u00e2ce \u00e0 ses champions embl\u00e9matiques. Parmi eux, Vincent a marqu\u00e9 les esprits par son parcours exceptionnel. Mais alors que son aventure se poursuit, la question se pose : le champion Vincent a-t-il \u00e9t\u00e9 mis en \u00e9chec lors de ses r\u00e9centes participations ? Plongeons dans les d\u00e9tails de ses derni\u00e8res performances, ses succ\u00e8s, et les moments qui ont test\u00e9 sa supr\u00e9matie sur le fauteuil rouge.<\/p>\n<h2>Le Champion Vincent : Un Parcours Remarquable<\/h2>\n<p>Vincent, le professeur d&rsquo;histoire-g\u00e9ographie, est devenu une figure incontournable de \u00ab Tout le monde veut prendre sa place \u00bb. Apr\u00e8s avoir franchi des \u00e9tapes significatives et accumul\u00e9 de nombreuses victoires, il a su b\u00e2tir une solide r\u00e9putation de champion. Sa pers\u00e9v\u00e9rance et sa culture g\u00e9n\u00e9rale lui ont permis de d\u00e9fendre son titre face \u00e0 des adversaires toujours plus d\u00e9termin\u00e9s, faisant de chaque \u00e9mission un rendez-vous attendu par les fid\u00e8les du programme.<\/p>\n<h2>Succ\u00e8s d&rsquo;Audiences pour \u00ab Tout le monde veut prendre sa place \u00bb<\/h2>\n<p>L&rsquo;\u00e9mission \u00ab Tout le monde veut prendre sa place \u00bb, anim\u00e9e par Cyril F\u00e9raud, b\u00e9n\u00e9ficie d&rsquo;une excellente dynamique d&rsquo;audience, en partie gr\u00e2ce \u00e0 la popularit\u00e9 de ses champions comme Vincent. L&rsquo;\u00e9dition du lundi 24 novembre 2025, par exemple, a rassembl\u00e9 1,93 million de t\u00e9l\u00e9spectateurs entre 11h54 et 12h48, repr\u00e9sentant 23,3 % de part de march\u00e9 aupr\u00e8s de l&rsquo;ensemble du public. Ces chiffres placent France 2 confortablement au second rang national sur cette tranche horaire, marquant une progression notable de 0,9 point de part de march\u00e9 par rapport \u00e0 la semaine pr\u00e9c\u00e9dente et un gain de 230 000 curieux sur un an. La pr\u00e9sence de champions charismatiques contribue ind\u00e9niablement \u00e0 cet engouement croissant.<\/p>\n<h2>Entre Adr\u00e9naline et Comp\u00e9tition : Les R\u00e9centes Performances de Vincent<\/h2>\n<p>La 70e victoire de Vincent a \u00e9t\u00e9 l&rsquo;occasion d&rsquo;une surprise m\u00e9morable orchestr\u00e9e par Cyril F\u00e9raud : un saut en parachute. Le champion, apr\u00e8s avoir vu d&rsquo;autres participants comme Jo\u00ebl s&rsquo;adonner \u00e0 l&rsquo;exercice, s&rsquo;est pr\u00eat\u00e9 au jeu. Les images, diffus\u00e9es lors de l&rsquo;\u00e9mission du lundi 24 novembre 2025, ont montr\u00e9 un Vincent \u00e9tonnamment sto\u00efque, au grand \u00ab\u00a0d\u00e9sappointement\u00a0\u00bb de Cyril F\u00e9raud qui esp\u00e9rait des expressions faciales plus&#8230; d\u00e9form\u00e9es. Vincent lui-m\u00eame a admis que l&rsquo;exp\u00e9rience ne ferait peut-\u00eatre pas partie de ses habitudes futures.<\/p>\n<p>Quant \u00e0 l&rsquo;aspect comp\u00e9titif, lors de sa 71e finale, Vincent a affront\u00e9 Gilles, originaire de la r\u00e9gion parisienne. Le champion a choisi d&rsquo;attribuer le th\u00e8me des vignobles et c\u00e9pages \u00e0 son adversaire, se r\u00e9servant un questionnaire sur le Commonwealth. Malgr\u00e9 la pression, Vincent a d\u00e9montr\u00e9 sa ma\u00eetrise en obtenant un score de 18 points, tandis que son adversaire n&rsquo;a pu en cumuler que 6. Il n&rsquo;a donc pas \u00e9t\u00e9 mis en \u00e9chec, conservant son fauteuil de champion. Cette victoire a ajout\u00e9 600 euros suppl\u00e9mentaires \u00e0 sa cagnotte, portant son total \u00e0 90 300 euros pour 71 victoires.<\/p>\n<h2>Conclusion<\/h2>\n<p>L&rsquo;aventure de Vincent dans \u00ab Tout le monde veut prendre sa place \u00bb continue de fasciner. Loin d&rsquo;\u00eatre mis en \u00e9chec, le champion a r\u00e9cemment d\u00e9montr\u00e9 sa r\u00e9silience et sa connaissance, consolidant sa position sur le fauteuil rouge. Ses performances constantes, coupl\u00e9es \u00e0 des moments plus personnels et divertissants comme son saut en parachute, enrichissent l&rsquo;exp\u00e9rience des t\u00e9l\u00e9spectateurs et confirment la place pr\u00e9pond\u00e9rante du jeu dans le paysage audiovisuel fran\u00e7ais.<\/p>\n","protected":false},"excerpt":{"rendered":"<p>Le c\u00e9l\u00e8bre jeu t\u00e9l\u00e9vis\u00e9 de France 2, \u00ab Tout le monde veut prendre sa place \u00bb, continue de captiver les t\u00e9l\u00e9spectateurs gr\u00e2ce \u00e0 ses champions embl\u00e9matiques. Parmi eux, Vincent a marqu\u00e9 les esprits par son parcours exceptionnel. Mais alors que son aventure se poursuit, la question se pose : le champion Vincent a-t-il \u00e9t\u00e9 mis [&hellip;]<\/p>\n","protected":false},"author":4,"featured_media":45753,"comment_status":"open","ping_status":"open","sticky":false,"template":"","format":"standard","meta":{"_yoast_wpseo_title":"Vincent champion : Son parcours dans Tout le monde veut pren","_yoast_wpseo_metadesc":"Comment Vincent, le champion de \"Tout le monde veut prendre sa place\", a-t-il \u00e9t\u00e9 mis \u00e0 l'\u00e9preuve ? D\u00e9couvrez son parcours exceptionnel.","_yoast_wpseo_focuskw":"Vincent"},"categories":[5],"tags":[],"class_list":["post-45755","post","type-post","status-publish","format-standard","has-post-thumbnail","hentry","category-divertissement"],"yoast_head":"<!-- This site is optimized with the Yoast SEO plugin v26.3 - https:\/\/yoast.com\/wordpress\/plugins\/seo\/ -->\n<title>Vincent champion : Son parcours dans Tout le monde veut pren<\/title>\n<meta name=\"description\" content=\"Comment Vincent, le champion de &quot;Tout le monde veut prendre sa place&quot;, a-t-il \u00e9t\u00e9 mis \u00e0 l&#039;\u00e9preuve ? D\u00e9couvrez son parcours exceptionnel.\" \/>\n<meta name=\"robots\" content=\"index, follow, max-snippet:-1, max-image-preview:large, max-video-preview:-1\" \/>\n<link rel=\"canonical\" href=\"https:\/\/elukelele.com\/fr\/divertissement\/vincent-dechu-dans-tout-le-monde-veut-prendre-sa-place\/\" \/>\n<meta property=\"og:locale\" content=\"fr_FR\" \/>\n<meta property=\"og:type\" content=\"article\" \/>\n<meta property=\"og:title\" content=\"Vincent champion : Son parcours dans Tout le monde veut pren\" \/>\n<meta property=\"og:description\" content=\"Comment Vincent, le champion de &quot;Tout le monde veut prendre sa place&quot;, a-t-il \u00e9t\u00e9 mis \u00e0 l&#039;\u00e9preuve ? D\u00e9couvrez son parcours exceptionnel.\" \/>\n<meta property=\"og:url\" content=\"https:\/\/elukelele.com\/fr\/divertissement\/vincent-dechu-dans-tout-le-monde-veut-prendre-sa-place\/\" \/>\n<meta property=\"og:site_name\" content=\"El Ukelele\" \/>\n<meta property=\"article:published_time\" content=\"2025-11-26T11:41:53+00:00\" \/>\n<meta property=\"article:modified_time\" content=\"2025-11-26T11:41:54+00:00\" \/>\n<meta property=\"og:image\" content=\"https:\/\/elukelele.com\/fr\/wp-content\/uploads\/2025\/11\/framed_only-534.png\" \/>\n\t<meta property=\"og:image:width\" content=\"1200\" \/>\n\t<meta property=\"og:image:height\" content=\"628\" \/>\n\t<meta property=\"og:image:type\" content=\"image\/png\" \/>\n<meta name=\"author\" content=\"Daniel Perrin\" \/>\n<meta name=\"twitter:card\" content=\"summary_large_image\" \/>\n<meta name=\"twitter:label1\" content=\"\u00c9crit par\" \/>\n\t<meta name=\"twitter:data1\" content=\"Daniel Perrin\" \/>\n\t<meta name=\"twitter:label2\" content=\"Dur\u00e9e de lecture estim\u00e9e\" \/>\n\t<meta name=\"twitter:data2\" content=\"3 minutes\" \/>\n<script type=\"application\/ld+json\" class=\"yoast-schema-graph\">{\"@context\":\"https:\/\/schema.org\",\"@graph\":[{\"@type\":\"WebPage\",\"@id\":\"https:\/\/elukelele.com\/fr\/divertissement\/vincent-dechu-dans-tout-le-monde-veut-prendre-sa-place\/\",\"url\":\"https:\/\/elukelele.com\/fr\/divertissement\/vincent-dechu-dans-tout-le-monde-veut-prendre-sa-place\/\",\"name\":\"Vincent champion : Son parcours dans Tout le monde veut pren\",\"isPartOf\":{\"@id\":\"https:\/\/elukelele.com\/fr\/#website\"},\"primaryImageOfPage\":{\"@id\":\"https:\/\/elukelele.com\/fr\/divertissement\/vincent-dechu-dans-tout-le-monde-veut-prendre-sa-place\/#primaryimage\"},\"image\":{\"@id\":\"https:\/\/elukelele.com\/fr\/divertissement\/vincent-dechu-dans-tout-le-monde-veut-prendre-sa-place\/#primaryimage\"},\"thumbnailUrl\":\"https:\/\/elukelele.com\/fr\/wp-content\/uploads\/2025\/11\/framed_only-534.png\",\"datePublished\":\"2025-11-26T11:41:53+00:00\",\"dateModified\":\"2025-11-26T11:41:54+00:00\",\"author\":{\"@id\":\"https:\/\/elukelele.com\/fr\/#\/schema\/person\/ccfb3d2be2ec7fa389608eb6da0b38d6\"},\"description\":\"Comment Vincent, le champion de \\\"Tout le monde veut prendre sa place\\\", a-t-il \u00e9t\u00e9 mis \u00e0 l'\u00e9preuve ? D\u00e9couvrez son parcours exceptionnel.\",\"breadcrumb\":{\"@id\":\"https:\/\/elukelele.com\/fr\/divertissement\/vincent-dechu-dans-tout-le-monde-veut-prendre-sa-place\/#breadcrumb\"},\"inLanguage\":\"fr-FR\",\"potentialAction\":[{\"@type\":\"ReadAction\",\"target\":[\"https:\/\/elukelele.com\/fr\/divertissement\/vincent-dechu-dans-tout-le-monde-veut-prendre-sa-place\/\"]}]},{\"@type\":\"ImageObject\",\"inLanguage\":\"fr-FR\",\"@id\":\"https:\/\/elukelele.com\/fr\/divertissement\/vincent-dechu-dans-tout-le-monde-veut-prendre-sa-place\/#primaryimage\",\"url\":\"https:\/\/elukelele.com\/fr\/wp-content\/uploads\/2025\/11\/framed_only-534.png\",\"contentUrl\":\"https:\/\/elukelele.com\/fr\/wp-content\/uploads\/2025\/11\/framed_only-534.png\",\"width\":1200,\"height\":628,\"caption\":\"Vincent\"},{\"@type\":\"BreadcrumbList\",\"@id\":\"https:\/\/elukelele.com\/fr\/divertissement\/vincent-dechu-dans-tout-le-monde-veut-prendre-sa-place\/#breadcrumb\",\"itemListElement\":[{\"@type\":\"ListItem\",\"position\":1,\"name\":\"Home\",\"item\":\"https:\/\/elukelele.com\/fr\/\"},{\"@type\":\"ListItem\",\"position\":2,\"name\":\"Vincent d\u00e9chu dans \u00ab\u00a0Tout le monde veut prendre sa place\u00a0\u00bb ?\"}]},{\"@type\":\"WebSite\",\"@id\":\"https:\/\/elukelele.com\/fr\/#website\",\"url\":\"https:\/\/elukelele.com\/fr\/\",\"name\":\"El Ukelele\",\"description\":\"Musique au-del\u00e0 de l&#039;indie\",\"potentialAction\":[{\"@type\":\"SearchAction\",\"target\":{\"@type\":\"EntryPoint\",\"urlTemplate\":\"https:\/\/elukelele.com\/fr\/?s={search_term_string}\"},\"query-input\":{\"@type\":\"PropertyValueSpecification\",\"valueRequired\":true,\"valueName\":\"search_term_string\"}}],\"inLanguage\":\"fr-FR\"},{\"@type\":\"Person\",\"@id\":\"https:\/\/elukelele.com\/fr\/#\/schema\/person\/ccfb3d2be2ec7fa389608eb6da0b38d6\",\"name\":\"Daniel Perrin\",\"image\":{\"@type\":\"ImageObject\",\"inLanguage\":\"fr-FR\",\"@id\":\"https:\/\/elukelele.com\/fr\/#\/schema\/person\/image\/\",\"url\":\"https:\/\/secure.gravatar.com\/avatar\/37f9d9ffa29ce5640a0d9c6ca8bbd90afb854014296ecaa0e3a558ac716e6fe4?s=96&d=mm&r=g\",\"contentUrl\":\"https:\/\/secure.gravatar.com\/avatar\/37f9d9ffa29ce5640a0d9c6ca8bbd90afb854014296ecaa0e3a558ac716e6fe4?s=96&d=mm&r=g\",\"caption\":\"Daniel Perrin\"},\"sameAs\":[\"https:\/\/elukelele.com\/fr\"],\"url\":\"https:\/\/elukelele.com\/fr\/author\/daniel-perrin\/\"}]}<\/script>\n<!-- \/ Yoast SEO plugin. -->","yoast_head_json":{"title":"Vincent champion : Son parcours dans Tout le monde veut pren","description":"Comment Vincent, le champion de \"Tout le monde veut prendre sa place\", a-t-il \u00e9t\u00e9 mis \u00e0 l'\u00e9preuve ? D\u00e9couvrez son parcours exceptionnel.","robots":{"index":"index","follow":"follow","max-snippet":"max-snippet:-1","max-image-preview":"max-image-preview:large","max-video-preview":"max-video-preview:-1"},"canonical":"https:\/\/elukelele.com\/fr\/divertissement\/vincent-dechu-dans-tout-le-monde-veut-prendre-sa-place\/","og_locale":"fr_FR","og_type":"article","og_title":"Vincent champion : Son parcours dans Tout le monde veut pren","og_description":"Comment Vincent, le champion de \"Tout le monde veut prendre sa place\", a-t-il \u00e9t\u00e9 mis \u00e0 l'\u00e9preuve ? D\u00e9couvrez son parcours exceptionnel.","og_url":"https:\/\/elukelele.com\/fr\/divertissement\/vincent-dechu-dans-tout-le-monde-veut-prendre-sa-place\/","og_site_name":"El Ukelele","article_published_time":"2025-11-26T11:41:53+00:00","article_modified_time":"2025-11-26T11:41:54+00:00","og_image":[{"width":1200,"height":628,"url":"https:\/\/elukelele.com\/fr\/wp-content\/uploads\/2025\/11\/framed_only-534.png","type":"image\/png"}],"author":"Daniel Perrin","twitter_card":"summary_large_image","twitter_misc":{"\u00c9crit par":"Daniel Perrin","Dur\u00e9e de lecture estim\u00e9e":"3 minutes"},"schema":{"@context":"https:\/\/schema.org","@graph":[{"@type":"WebPage","@id":"https:\/\/elukelele.com\/fr\/divertissement\/vincent-dechu-dans-tout-le-monde-veut-prendre-sa-place\/","url":"https:\/\/elukelele.com\/fr\/divertissement\/vincent-dechu-dans-tout-le-monde-veut-prendre-sa-place\/","name":"Vincent champion : Son parcours dans Tout le monde veut pren","isPartOf":{"@id":"https:\/\/elukelele.com\/fr\/#website"},"primaryImageOfPage":{"@id":"https:\/\/elukelele.com\/fr\/divertissement\/vincent-dechu-dans-tout-le-monde-veut-prendre-sa-place\/#primaryimage"},"image":{"@id":"https:\/\/elukelele.com\/fr\/divertissement\/vincent-dechu-dans-tout-le-monde-veut-prendre-sa-place\/#primaryimage"},"thumbnailUrl":"https:\/\/elukelele.com\/fr\/wp-content\/uploads\/2025\/11\/framed_only-534.png","datePublished":"2025-11-26T11:41:53+00:00","dateModified":"2025-11-26T11:41:54+00:00","author":{"@id":"https:\/\/elukelele.com\/fr\/#\/schema\/person\/ccfb3d2be2ec7fa389608eb6da0b38d6"},"description":"Comment Vincent, le champion de \"Tout le monde veut prendre sa place\", a-t-il \u00e9t\u00e9 mis \u00e0 l'\u00e9preuve ? D\u00e9couvrez son parcours exceptionnel.","breadcrumb":{"@id":"https:\/\/elukelele.com\/fr\/divertissement\/vincent-dechu-dans-tout-le-monde-veut-prendre-sa-place\/#breadcrumb"},"inLanguage":"fr-FR","potentialAction":[{"@type":"ReadAction","target":["https:\/\/elukelele.com\/fr\/divertissement\/vincent-dechu-dans-tout-le-monde-veut-prendre-sa-place\/"]}]},{"@type":"ImageObject","inLanguage":"fr-FR","@id":"https:\/\/elukelele.com\/fr\/divertissement\/vincent-dechu-dans-tout-le-monde-veut-prendre-sa-place\/#primaryimage","url":"https:\/\/elukelele.com\/fr\/wp-content\/uploads\/2025\/11\/framed_only-534.png","contentUrl":"https:\/\/elukelele.com\/fr\/wp-content\/uploads\/2025\/11\/framed_only-534.png","width":1200,"height":628,"caption":"Vincent"},{"@type":"BreadcrumbList","@id":"https:\/\/elukelele.com\/fr\/divertissement\/vincent-dechu-dans-tout-le-monde-veut-prendre-sa-place\/#breadcrumb","itemListElement":[{"@type":"ListItem","position":1,"name":"Home","item":"https:\/\/elukelele.com\/fr\/"},{"@type":"ListItem","position":2,"name":"Vincent d\u00e9chu dans \u00ab\u00a0Tout le monde veut prendre sa place\u00a0\u00bb ?"}]},{"@type":"WebSite","@id":"https:\/\/elukelele.com\/fr\/#website","url":"https:\/\/elukelele.com\/fr\/","name":"El Ukelele","description":"Musique au-del\u00e0 de l&#039;indie","potentialAction":[{"@type":"SearchAction","target":{"@type":"EntryPoint","urlTemplate":"https:\/\/elukelele.com\/fr\/?s={search_term_string}"},"query-input":{"@type":"PropertyValueSpecification","valueRequired":true,"valueName":"search_term_string"}}],"inLanguage":"fr-FR"},{"@type":"Person","@id":"https:\/\/elukelele.com\/fr\/#\/schema\/person\/ccfb3d2be2ec7fa389608eb6da0b38d6","name":"Daniel Perrin","image":{"@type":"ImageObject","inLanguage":"fr-FR","@id":"https:\/\/elukelele.com\/fr\/#\/schema\/person\/image\/","url":"https:\/\/secure.gravatar.com\/avatar\/37f9d9ffa29ce5640a0d9c6ca8bbd90afb854014296ecaa0e3a558ac716e6fe4?s=96&d=mm&r=g","contentUrl":"https:\/\/secure.gravatar.com\/avatar\/37f9d9ffa29ce5640a0d9c6ca8bbd90afb854014296ecaa0e3a558ac716e6fe4?s=96&d=mm&r=g","caption":"Daniel Perrin"},"sameAs":["https:\/\/elukelele.com\/fr"],"url":"https:\/\/elukelele.com\/fr\/author\/daniel-perrin\/"}]}},"_links":{"self":[{"href":"https:\/\/elukelele.com\/fr\/wp-json\/wp\/v2\/posts\/45755","targetHints":{"allow":["GET"]}}],"collection":[{"href":"https:\/\/elukelele.com\/fr\/wp-json\/wp\/v2\/posts"}],"about":[{"href":"https:\/\/elukelele.com\/fr\/wp-json\/wp\/v2\/types\/post"}],"author":[{"embeddable":true,"href":"https:\/\/elukelele.com\/fr\/wp-json\/wp\/v2\/users\/4"}],"replies":[{"embeddable":true,"href":"https:\/\/elukelele.com\/fr\/wp-json\/wp\/v2\/comments?post=45755"}],"version-history":[{"count":1,"href":"https:\/\/elukelele.com\/fr\/wp-json\/wp\/v2\/posts\/45755\/revisions"}],"predecessor-version":[{"id":46105,"href":"https:\/\/elukelele.com\/fr\/wp-json\/wp\/v2\/posts\/45755\/revisions\/46105"}],"wp:featuredmedia":[{"embeddable":true,"href":"https:\/\/elukelele.com\/fr\/wp-json\/wp\/v2\/media\/45753"}],"wp:attachment":[{"href":"https:\/\/elukelele.com\/fr\/wp-json\/wp\/v2\/media?parent=45755"}],"wp:term":[{"taxonomy":"category","embeddable":true,"href":"https:\/\/elukelele.com\/fr\/wp-json\/wp\/v2\/categories?post=45755"},{"taxonomy":"post_tag","embeddable":true,"href":"https:\/\/elukelele.com\/fr\/wp-json\/wp\/v2\/tags?post=45755"}],"curies":[{"name":"wp","href":"https:\/\/api.w.org\/{rel}","templated":true}]}}