{"id":45752,"date":"2025-11-26T11:40:50","date_gmt":"2025-11-26T11:40:50","guid":{"rendered":"https:\/\/elukelele.com\/fr\/?p=45752"},"modified":"2025-11-26T11:40:51","modified_gmt":"2025-11-26T11:40:51","slug":"flavie-flament-son-emission-face-a-un-public-en-fuite","status":"publish","type":"post","link":"https:\/\/elukelele.com\/fr\/divertissement\/flavie-flament-son-emission-face-a-un-public-en-fuite\/","title":{"rendered":"Flavie Flament : son \u00e9mission face \u00e0 un public en fuite"},"content":{"rendered":"<p>L&rsquo;\u00e9mission \u00ab\u00a0Flavie en France\u00a0\u00bb, pr\u00e9sent\u00e9e par Flavie Flament sur France 3, se trouve actuellement face \u00e0 un d\u00e9fi d&rsquo;audience, en particulier aupr\u00e8s d&rsquo;une partie du public. Lanc\u00e9e avec l&rsquo;ambition de valoriser le patrimoine et les initiatives locales fran\u00e7aises, l&rsquo;\u00e9mission peine \u00e0 fid\u00e9liser l&rsquo;ensemble des t\u00e9l\u00e9spectateurs, soulevant des questions quant \u00e0 son positionnement dans la grille matinale de la cha\u00eene publique.<\/p>\n<h2>\u00ab\u00a0Flavie en France\u00a0\u00bb : Un Concept Ax\u00e9 sur la Proximit\u00e9<\/h2>\n<p>Depuis son lancement, \u00ab\u00a0Flavie en France\u00a0\u00bb propose un format quotidien qui invite les t\u00e9l\u00e9spectateurs \u00e0 la d\u00e9couverte des r\u00e9gions de l&rsquo;Hexagone. Accompagn\u00e9e notamment de Victor Dekyv\u00e8re, Flavie Flament sillonne les villes et les villages, mettant en lumi\u00e8re leur histoire, leur culture, leur gastronomie et les portraits d&rsquo;habitants engag\u00e9s.<\/p>\n<p>Le programme, diffus\u00e9 du lundi au vendredi en fin de matin\u00e9e, se veut bienveillant et immersif, cherchant \u00e0 cr\u00e9er un lien direct avec les r\u00e9alit\u00e9s locales. Des lieux embl\u00e9matiques, comme Chinon, Libourne ou Saint-Quentin, ont d\u00e9j\u00e0 \u00e9t\u00e9 explor\u00e9s, offrant un panorama diversifi\u00e9 de la richesse fran\u00e7aise.<\/p>\n<h2>Des Audiences G\u00e9n\u00e9rales qui Se Maintiennent, Mais Peinent \u00e0 D\u00e9coller<\/h2>\n<p>En termes d&rsquo;audiences globales, les performances de \u00ab\u00a0Flavie en France\u00a0\u00bb ont montr\u00e9 une certaine stabilit\u00e9, bien que modeste. Par exemple, des \u00e9missions ont attir\u00e9 environ 150 000 t\u00e9l\u00e9spectateurs en moyenne, repr\u00e9sentant une part de march\u00e9 autour de 3,5% \u00e0 3,6% aupr\u00e8s de l&rsquo;ensemble du public \u00e2g\u00e9 de quatre ans et plus.<\/p>\n<p>Ces chiffres placent r\u00e9guli\u00e8rement France 3 en sixi\u00e8me ou septi\u00e8me position des cha\u00eenes nationales sur cette tranche horaire, derri\u00e8re des concurrents tels que TF1, France 2, M6, TMC ou RMC Story.<\/p>\n<p>Malgr\u00e9 les efforts pour proposer un contenu vari\u00e9 et engageant, l&rsquo;\u00e9mission semble \u00e9prouver des difficult\u00e9s \u00e0 g\u00e9n\u00e9rer un v\u00e9ritable \u00e9lan, avec des scores qui, s&rsquo;ils ne sont pas en chute libre, ne connaissent pas non plus de progression significative apr\u00e8s plusieurs semaines de diffusion.<\/p>\n<h2>La D\u00e9saffection des Cibles Commerciales et du Public Jeune<\/h2>\n<p>Le principal d\u00e9fi pour \u00ab\u00a0Flavie en France\u00a0\u00bb r\u00e9side dans sa capacit\u00e9 \u00e0 capter l&rsquo;attention des cibles commerciales et d&rsquo;un public plus jeune. Les donn\u00e9es d&rsquo;audience r\u00e9v\u00e8lent des scores particuli\u00e8rement bas sur ces indicateurs strat\u00e9giques pour les annonceurs et pour le renouvellement des t\u00e9l\u00e9spectateurs.<\/p>\n<p>Par exemple, l&rsquo;\u00e9mission a enregistr\u00e9 des parts d&rsquo;audience faibles sur les 25-49 ans (autour de 0,5% \u00e0 1,1%) et sur les femmes responsables des achats de moins de cinquante ans (FRDA-50), souvent sous la barre des 1%.<\/p>\n<p>Cette faible p\u00e9n\u00e9tration aupr\u00e8s des jeunes et des cibles commerciales est une pr\u00e9occupation majeure pour la cha\u00eene, qui se retrouve parfois rel\u00e9gu\u00e9e aux derni\u00e8res places du classement national sur ces cat\u00e9gories d&rsquo;audience. Ce d\u00e9sint\u00e9r\u00eat met en lumi\u00e8re la difficult\u00e9 de l&rsquo;\u00e9mission \u00e0 moderniser son public et \u00e0 s&rsquo;imposer face \u00e0 une concurrence forte sur des tranches horaires o\u00f9 d&rsquo;autres formats attirent davantage ces segments d\u00e9mographiques.<\/p>\n<h2>Conclusion<\/h2>\n<p>Alors que \u00ab\u00a0Flavie en France\u00a0\u00bb poursuit sa route sur France 3, l&rsquo;\u00e9mission de Flavie Flament doit composer avec des audiences globales stables mais qui peinent \u00e0 s&rsquo;envoler, et surtout avec une nette d\u00e9saffection du public jeune et des cibles commerciales. Le concept de d\u00e9couverte des r\u00e9gions fran\u00e7aises, bien que louable, ne suffit pas toujours \u00e0 rivaliser dans un paysage audiovisuel tr\u00e8s comp\u00e9titif. L&rsquo;avenir du programme d\u00e9pendra de sa capacit\u00e9 \u00e0 ajuster son offre pour attirer une audience plus diverse et \u00e0 fid\u00e9liser ceux qui recherchent des contenus ancr\u00e9s dans la vie locale, tout en stimulant l&rsquo;int\u00e9r\u00eat des g\u00e9n\u00e9rations plus jeunes.<\/p>\n","protected":false},"excerpt":{"rendered":"<p>L&rsquo;\u00e9mission \u00ab\u00a0Flavie en France\u00a0\u00bb, pr\u00e9sent\u00e9e par Flavie Flament sur France 3, se trouve actuellement face \u00e0 un d\u00e9fi d&rsquo;audience, en particulier aupr\u00e8s d&rsquo;une partie du public. Lanc\u00e9e avec l&rsquo;ambition de valoriser le patrimoine et les initiatives locales fran\u00e7aises, l&rsquo;\u00e9mission peine \u00e0 fid\u00e9liser l&rsquo;ensemble des t\u00e9l\u00e9spectateurs, soulevant des questions quant \u00e0 son positionnement dans la grille [&hellip;]<\/p>\n","protected":false},"author":4,"featured_media":45751,"comment_status":"open","ping_status":"open","sticky":false,"template":"","format":"standard","meta":{"_yoast_wpseo_title":"Flavie Flament : \"Flavie en France\" face aux d\u00e9fis d'audienc","_yoast_wpseo_metadesc":"L'\u00e9mission \"Flavie en France\" avec Flavie Flament fait face \u00e0 un d\u00e9fi d'audience. D\u00e9couvrez les raisons de cette baisse et l'impact sur le programme qui met en","_yoast_wpseo_focuskw":"Flavie"},"categories":[5],"tags":[],"class_list":["post-45752","post","type-post","status-publish","format-standard","has-post-thumbnail","hentry","category-divertissement"],"yoast_head":"<!-- This site is optimized with the Yoast SEO plugin v26.3 - https:\/\/yoast.com\/wordpress\/plugins\/seo\/ -->\n<title>Flavie Flament : &quot;Flavie en France&quot; face aux d\u00e9fis d&#039;audienc<\/title>\n<meta name=\"description\" content=\"L&#039;\u00e9mission &quot;Flavie en France&quot; avec Flavie Flament fait face \u00e0 un d\u00e9fi d&#039;audience. D\u00e9couvrez les raisons de cette baisse et l&#039;impact sur le programme qui met en\" \/>\n<meta name=\"robots\" content=\"index, follow, max-snippet:-1, max-image-preview:large, max-video-preview:-1\" \/>\n<link rel=\"canonical\" href=\"https:\/\/elukelele.com\/fr\/divertissement\/flavie-flament-son-emission-face-a-un-public-en-fuite\/\" \/>\n<meta property=\"og:locale\" content=\"fr_FR\" \/>\n<meta property=\"og:type\" content=\"article\" \/>\n<meta property=\"og:title\" content=\"Flavie Flament : &quot;Flavie en France&quot; face aux d\u00e9fis d&#039;audienc\" \/>\n<meta property=\"og:description\" content=\"L&#039;\u00e9mission &quot;Flavie en France&quot; avec Flavie Flament fait face \u00e0 un d\u00e9fi d&#039;audience. D\u00e9couvrez les raisons de cette baisse et l&#039;impact sur le programme qui met en\" \/>\n<meta property=\"og:url\" content=\"https:\/\/elukelele.com\/fr\/divertissement\/flavie-flament-son-emission-face-a-un-public-en-fuite\/\" \/>\n<meta property=\"og:site_name\" content=\"El Ukelele\" \/>\n<meta property=\"article:published_time\" content=\"2025-11-26T11:40:50+00:00\" \/>\n<meta property=\"article:modified_time\" content=\"2025-11-26T11:40:51+00:00\" \/>\n<meta property=\"og:image\" content=\"https:\/\/elukelele.com\/fr\/wp-content\/uploads\/2025\/11\/framed_only-533.png\" \/>\n\t<meta property=\"og:image:width\" content=\"1200\" \/>\n\t<meta property=\"og:image:height\" content=\"628\" \/>\n\t<meta property=\"og:image:type\" content=\"image\/png\" \/>\n<meta name=\"author\" content=\"Daniel Perrin\" \/>\n<meta name=\"twitter:card\" content=\"summary_large_image\" \/>\n<meta name=\"twitter:label1\" content=\"\u00c9crit par\" \/>\n\t<meta name=\"twitter:data1\" content=\"Daniel Perrin\" \/>\n\t<meta name=\"twitter:label2\" content=\"Dur\u00e9e de lecture estim\u00e9e\" \/>\n\t<meta name=\"twitter:data2\" content=\"4 minutes\" \/>\n<script type=\"application\/ld+json\" class=\"yoast-schema-graph\">{\"@context\":\"https:\/\/schema.org\",\"@graph\":[{\"@type\":\"WebPage\",\"@id\":\"https:\/\/elukelele.com\/fr\/divertissement\/flavie-flament-son-emission-face-a-un-public-en-fuite\/\",\"url\":\"https:\/\/elukelele.com\/fr\/divertissement\/flavie-flament-son-emission-face-a-un-public-en-fuite\/\",\"name\":\"Flavie Flament : \\\"Flavie en France\\\" face aux d\u00e9fis d'audienc\",\"isPartOf\":{\"@id\":\"https:\/\/elukelele.com\/fr\/#website\"},\"primaryImageOfPage\":{\"@id\":\"https:\/\/elukelele.com\/fr\/divertissement\/flavie-flament-son-emission-face-a-un-public-en-fuite\/#primaryimage\"},\"image\":{\"@id\":\"https:\/\/elukelele.com\/fr\/divertissement\/flavie-flament-son-emission-face-a-un-public-en-fuite\/#primaryimage\"},\"thumbnailUrl\":\"https:\/\/elukelele.com\/fr\/wp-content\/uploads\/2025\/11\/framed_only-533.png\",\"datePublished\":\"2025-11-26T11:40:50+00:00\",\"dateModified\":\"2025-11-26T11:40:51+00:00\",\"author\":{\"@id\":\"https:\/\/elukelele.com\/fr\/#\/schema\/person\/ccfb3d2be2ec7fa389608eb6da0b38d6\"},\"description\":\"L'\u00e9mission \\\"Flavie en France\\\" avec Flavie Flament fait face \u00e0 un d\u00e9fi d'audience. D\u00e9couvrez les raisons de cette baisse et l'impact sur le programme qui met en\",\"breadcrumb\":{\"@id\":\"https:\/\/elukelele.com\/fr\/divertissement\/flavie-flament-son-emission-face-a-un-public-en-fuite\/#breadcrumb\"},\"inLanguage\":\"fr-FR\",\"potentialAction\":[{\"@type\":\"ReadAction\",\"target\":[\"https:\/\/elukelele.com\/fr\/divertissement\/flavie-flament-son-emission-face-a-un-public-en-fuite\/\"]}]},{\"@type\":\"ImageObject\",\"inLanguage\":\"fr-FR\",\"@id\":\"https:\/\/elukelele.com\/fr\/divertissement\/flavie-flament-son-emission-face-a-un-public-en-fuite\/#primaryimage\",\"url\":\"https:\/\/elukelele.com\/fr\/wp-content\/uploads\/2025\/11\/framed_only-533.png\",\"contentUrl\":\"https:\/\/elukelele.com\/fr\/wp-content\/uploads\/2025\/11\/framed_only-533.png\",\"width\":1200,\"height\":628,\"caption\":\"Flavie\"},{\"@type\":\"BreadcrumbList\",\"@id\":\"https:\/\/elukelele.com\/fr\/divertissement\/flavie-flament-son-emission-face-a-un-public-en-fuite\/#breadcrumb\",\"itemListElement\":[{\"@type\":\"ListItem\",\"position\":1,\"name\":\"Home\",\"item\":\"https:\/\/elukelele.com\/fr\/\"},{\"@type\":\"ListItem\",\"position\":2,\"name\":\"Flavie Flament : son \u00e9mission face \u00e0 un public en fuite\"}]},{\"@type\":\"WebSite\",\"@id\":\"https:\/\/elukelele.com\/fr\/#website\",\"url\":\"https:\/\/elukelele.com\/fr\/\",\"name\":\"El Ukelele\",\"description\":\"Musique au-del\u00e0 de l&#039;indie\",\"potentialAction\":[{\"@type\":\"SearchAction\",\"target\":{\"@type\":\"EntryPoint\",\"urlTemplate\":\"https:\/\/elukelele.com\/fr\/?s={search_term_string}\"},\"query-input\":{\"@type\":\"PropertyValueSpecification\",\"valueRequired\":true,\"valueName\":\"search_term_string\"}}],\"inLanguage\":\"fr-FR\"},{\"@type\":\"Person\",\"@id\":\"https:\/\/elukelele.com\/fr\/#\/schema\/person\/ccfb3d2be2ec7fa389608eb6da0b38d6\",\"name\":\"Daniel Perrin\",\"image\":{\"@type\":\"ImageObject\",\"inLanguage\":\"fr-FR\",\"@id\":\"https:\/\/elukelele.com\/fr\/#\/schema\/person\/image\/\",\"url\":\"https:\/\/secure.gravatar.com\/avatar\/37f9d9ffa29ce5640a0d9c6ca8bbd90afb854014296ecaa0e3a558ac716e6fe4?s=96&d=mm&r=g\",\"contentUrl\":\"https:\/\/secure.gravatar.com\/avatar\/37f9d9ffa29ce5640a0d9c6ca8bbd90afb854014296ecaa0e3a558ac716e6fe4?s=96&d=mm&r=g\",\"caption\":\"Daniel Perrin\"},\"sameAs\":[\"https:\/\/elukelele.com\/fr\"],\"url\":\"https:\/\/elukelele.com\/fr\/author\/daniel-perrin\/\"}]}<\/script>\n<!-- \/ Yoast SEO plugin. -->","yoast_head_json":{"title":"Flavie Flament : \"Flavie en France\" face aux d\u00e9fis d'audienc","description":"L'\u00e9mission \"Flavie en France\" avec Flavie Flament fait face \u00e0 un d\u00e9fi d'audience. D\u00e9couvrez les raisons de cette baisse et l'impact sur le programme qui met en","robots":{"index":"index","follow":"follow","max-snippet":"max-snippet:-1","max-image-preview":"max-image-preview:large","max-video-preview":"max-video-preview:-1"},"canonical":"https:\/\/elukelele.com\/fr\/divertissement\/flavie-flament-son-emission-face-a-un-public-en-fuite\/","og_locale":"fr_FR","og_type":"article","og_title":"Flavie Flament : \"Flavie en France\" face aux d\u00e9fis d'audienc","og_description":"L'\u00e9mission \"Flavie en France\" avec Flavie Flament fait face \u00e0 un d\u00e9fi d'audience. D\u00e9couvrez les raisons de cette baisse et l'impact sur le programme qui met en","og_url":"https:\/\/elukelele.com\/fr\/divertissement\/flavie-flament-son-emission-face-a-un-public-en-fuite\/","og_site_name":"El Ukelele","article_published_time":"2025-11-26T11:40:50+00:00","article_modified_time":"2025-11-26T11:40:51+00:00","og_image":[{"width":1200,"height":628,"url":"https:\/\/elukelele.com\/fr\/wp-content\/uploads\/2025\/11\/framed_only-533.png","type":"image\/png"}],"author":"Daniel Perrin","twitter_card":"summary_large_image","twitter_misc":{"\u00c9crit par":"Daniel Perrin","Dur\u00e9e de lecture estim\u00e9e":"4 minutes"},"schema":{"@context":"https:\/\/schema.org","@graph":[{"@type":"WebPage","@id":"https:\/\/elukelele.com\/fr\/divertissement\/flavie-flament-son-emission-face-a-un-public-en-fuite\/","url":"https:\/\/elukelele.com\/fr\/divertissement\/flavie-flament-son-emission-face-a-un-public-en-fuite\/","name":"Flavie Flament : \"Flavie en France\" face aux d\u00e9fis d'audienc","isPartOf":{"@id":"https:\/\/elukelele.com\/fr\/#website"},"primaryImageOfPage":{"@id":"https:\/\/elukelele.com\/fr\/divertissement\/flavie-flament-son-emission-face-a-un-public-en-fuite\/#primaryimage"},"image":{"@id":"https:\/\/elukelele.com\/fr\/divertissement\/flavie-flament-son-emission-face-a-un-public-en-fuite\/#primaryimage"},"thumbnailUrl":"https:\/\/elukelele.com\/fr\/wp-content\/uploads\/2025\/11\/framed_only-533.png","datePublished":"2025-11-26T11:40:50+00:00","dateModified":"2025-11-26T11:40:51+00:00","author":{"@id":"https:\/\/elukelele.com\/fr\/#\/schema\/person\/ccfb3d2be2ec7fa389608eb6da0b38d6"},"description":"L'\u00e9mission \"Flavie en France\" avec Flavie Flament fait face \u00e0 un d\u00e9fi d'audience. D\u00e9couvrez les raisons de cette baisse et l'impact sur le programme qui met en","breadcrumb":{"@id":"https:\/\/elukelele.com\/fr\/divertissement\/flavie-flament-son-emission-face-a-un-public-en-fuite\/#breadcrumb"},"inLanguage":"fr-FR","potentialAction":[{"@type":"ReadAction","target":["https:\/\/elukelele.com\/fr\/divertissement\/flavie-flament-son-emission-face-a-un-public-en-fuite\/"]}]},{"@type":"ImageObject","inLanguage":"fr-FR","@id":"https:\/\/elukelele.com\/fr\/divertissement\/flavie-flament-son-emission-face-a-un-public-en-fuite\/#primaryimage","url":"https:\/\/elukelele.com\/fr\/wp-content\/uploads\/2025\/11\/framed_only-533.png","contentUrl":"https:\/\/elukelele.com\/fr\/wp-content\/uploads\/2025\/11\/framed_only-533.png","width":1200,"height":628,"caption":"Flavie"},{"@type":"BreadcrumbList","@id":"https:\/\/elukelele.com\/fr\/divertissement\/flavie-flament-son-emission-face-a-un-public-en-fuite\/#breadcrumb","itemListElement":[{"@type":"ListItem","position":1,"name":"Home","item":"https:\/\/elukelele.com\/fr\/"},{"@type":"ListItem","position":2,"name":"Flavie Flament : son \u00e9mission face \u00e0 un public en fuite"}]},{"@type":"WebSite","@id":"https:\/\/elukelele.com\/fr\/#website","url":"https:\/\/elukelele.com\/fr\/","name":"El Ukelele","description":"Musique au-del\u00e0 de l&#039;indie","potentialAction":[{"@type":"SearchAction","target":{"@type":"EntryPoint","urlTemplate":"https:\/\/elukelele.com\/fr\/?s={search_term_string}"},"query-input":{"@type":"PropertyValueSpecification","valueRequired":true,"valueName":"search_term_string"}}],"inLanguage":"fr-FR"},{"@type":"Person","@id":"https:\/\/elukelele.com\/fr\/#\/schema\/person\/ccfb3d2be2ec7fa389608eb6da0b38d6","name":"Daniel Perrin","image":{"@type":"ImageObject","inLanguage":"fr-FR","@id":"https:\/\/elukelele.com\/fr\/#\/schema\/person\/image\/","url":"https:\/\/secure.gravatar.com\/avatar\/37f9d9ffa29ce5640a0d9c6ca8bbd90afb854014296ecaa0e3a558ac716e6fe4?s=96&d=mm&r=g","contentUrl":"https:\/\/secure.gravatar.com\/avatar\/37f9d9ffa29ce5640a0d9c6ca8bbd90afb854014296ecaa0e3a558ac716e6fe4?s=96&d=mm&r=g","caption":"Daniel Perrin"},"sameAs":["https:\/\/elukelele.com\/fr"],"url":"https:\/\/elukelele.com\/fr\/author\/daniel-perrin\/"}]}},"_links":{"self":[{"href":"https:\/\/elukelele.com\/fr\/wp-json\/wp\/v2\/posts\/45752","targetHints":{"allow":["GET"]}}],"collection":[{"href":"https:\/\/elukelele.com\/fr\/wp-json\/wp\/v2\/posts"}],"about":[{"href":"https:\/\/elukelele.com\/fr\/wp-json\/wp\/v2\/types\/post"}],"author":[{"embeddable":true,"href":"https:\/\/elukelele.com\/fr\/wp-json\/wp\/v2\/users\/4"}],"replies":[{"embeddable":true,"href":"https:\/\/elukelele.com\/fr\/wp-json\/wp\/v2\/comments?post=45752"}],"version-history":[{"count":1,"href":"https:\/\/elukelele.com\/fr\/wp-json\/wp\/v2\/posts\/45752\/revisions"}],"predecessor-version":[{"id":46104,"href":"https:\/\/elukelele.com\/fr\/wp-json\/wp\/v2\/posts\/45752\/revisions\/46104"}],"wp:featuredmedia":[{"embeddable":true,"href":"https:\/\/elukelele.com\/fr\/wp-json\/wp\/v2\/media\/45751"}],"wp:attachment":[{"href":"https:\/\/elukelele.com\/fr\/wp-json\/wp\/v2\/media?parent=45752"}],"wp:term":[{"taxonomy":"category","embeddable":true,"href":"https:\/\/elukelele.com\/fr\/wp-json\/wp\/v2\/categories?post=45752"},{"taxonomy":"post_tag","embeddable":true,"href":"https:\/\/elukelele.com\/fr\/wp-json\/wp\/v2\/tags?post=45752"}],"curies":[{"name":"wp","href":"https:\/\/api.w.org\/{rel}","templated":true}]}}