{"id":45750,"date":"2025-11-25T11:31:33","date_gmt":"2025-11-25T11:31:33","guid":{"rendered":"https:\/\/elukelele.com\/fr\/?p=45750"},"modified":"2025-11-25T11:31:35","modified_gmt":"2025-11-25T11:31:35","slug":"enquete-cnews-france-2-devoile-les-secrets-de-la-chaine","status":"publish","type":"post","link":"https:\/\/elukelele.com\/fr\/divertissement\/enquete-cnews-france-2-devoile-les-secrets-de-la-chaine\/","title":{"rendered":"Enqu\u00eate CNews : France 2 d\u00e9voile les secrets de la cha\u00eene"},"content":{"rendered":"<p>Ce jeudi soir s&rsquo;annonce comme un rendez-vous m\u00e9diatique majeur avec la diffusion d&rsquo;un num\u00e9ro tr\u00e8s attendu de \u00ab Compl\u00e9ment d&rsquo;enqu\u00eate \u00bb sur France 2. Intitul\u00e9e \u00ab Des infos ou d\u00e9sinfo ? La m\u00e9thode CNews \u00bb, cette investigation exclusive promet de lever le voile sur les coulisses d&rsquo;une cha\u00eene qui a profond\u00e9ment transform\u00e9 le paysage audiovisuel fran\u00e7ais. L&rsquo;\u00e9mission est \u00e0 ne pas manquer ce jeudi 27 novembre, \u00e0 23h00, sur France 2.<\/p>\n<h2>L&rsquo;Enqu\u00eate : Au C\u0153ur de la M\u00e9thode CNews<\/h2>\n<p>Men\u00e9e par les journalistes Lilya Melkonian, Swanny Thi\u00e9baud et Pierre-Louis Devais, cette investigation de \u00ab Compl\u00e9ment d&rsquo;enqu\u00eate \u00bb a n\u00e9cessit\u00e9 plusieurs mois de travail. Les \u00e9quipes ont analys\u00e9 des centaines d&rsquo;heures d&rsquo;antenne, recueilli de nombreux t\u00e9moignages et obtenu des documents internes afin de d\u00e9crypter les strat\u00e9gies \u00e9ditoriales et les pratiques de CNews.<\/p>\n<p>L&rsquo;\u00e9mission se propose d&rsquo;examiner le parcours fulgurant de CNews, devenue la premi\u00e8re cha\u00eene d&rsquo;information en continu en France, tout en abordant les accusations de \u00ab manque de rigueur et d&rsquo;honn\u00eatet\u00e9 \u00bb formul\u00e9es par l&rsquo;Arcom, le r\u00e9gulateur de l&rsquo;audiovisuel. Des chiffres compil\u00e9s et d\u00e9crypt\u00e9s par l&rsquo;ONG Reporters Sans Fronti\u00e8res devraient appuyer l&rsquo;analyse de la ligne \u00e9ditoriale, souvent qualifi\u00e9e de cha\u00eene d&rsquo;opinion et parfois accus\u00e9e de manipuler des faits.<\/p>\n<p>Au c\u0153ur des r\u00e9v\u00e9lations attendues, l&rsquo;enqu\u00eate s&rsquo;int\u00e9ressera \u00e0 l&rsquo;influence de Vincent Bollor\u00e9, actionnaire majeur du groupe, et \u00e0 la question de savoir si son objectif est purement \u00e9conomique ou s&rsquo;il cache une mission politique. Des t\u00e9moignages internes pourraient \u00e9clairer les directives donn\u00e9es aux journalistes, notamment celles concernant une pr\u00e9tendue favorisation d&rsquo;\u00c9ric Zemmour pendant la campagne pr\u00e9sidentielle 2021-2022 ou des consignes pour des sujets jug\u00e9s sensibles. Des figures famili\u00e8res des plateaux de CNews, telles que l&rsquo;avocat Gilles-William Goldnadel, l&rsquo;ancien secr\u00e9taire d&rsquo;\u00c9tat socialiste Andr\u00e9 Vallini et le d\u00e9put\u00e9 macroniste Karl Olive, ont accept\u00e9 de partager leur vision de la \u00ab m\u00e9thode CNews \u00bb, caract\u00e9ris\u00e9e par des d\u00e9bats intenses et des pol\u00e9miques r\u00e9currentes.<\/p>\n<h2>Un Calendrier Controvers\u00e9 et des Tensions Latentes<\/h2>\n<p>La diffusion de cet \u00ab \u00c9v\u00e9nement exceptionnel : Une enqu\u00eate exclusive de France 2 \u00e0 ne pas manquer ce jeudi soir sur CNews ! \u00bb intervient dans un contexte particuli\u00e8rement d\u00e9licat. Elle co\u00efncide en effet avec le lancement \u00e0 l&rsquo;Assembl\u00e9e nationale d&rsquo;une commission d&rsquo;enqu\u00eate sur la neutralit\u00e9, le fonctionnement et le financement de l&rsquo;audiovisuel public.<\/p>\n<p>Initi\u00e9e par \u00c9ric Ciotti, pr\u00e9sident de l&rsquo;Union des droites pour la R\u00e9publique (UDR), cette commission a d\u00e9but\u00e9 ses travaux le mardi 25 novembre 2025, avec l&rsquo;audition de Martin Ajdari, pr\u00e9sident de l&rsquo;Arcom. Son objectif est d&rsquo;\u00e9valuer l&rsquo;utilisation des deniers publics et le respect des obligations de neutralit\u00e9 par les m\u00e9dias de service public.<\/p>\n<p>Ce calendrier suscite des interrogations, y compris au sein de France T\u00e9l\u00e9visions. Des cadres du groupe public ont exprim\u00e9 leurs r\u00e9serves, craignant une \u00ab instrumentalisation politique \u00bb de l&rsquo;\u00e9mission par certains \u00e9lus de droite. La situation est d&rsquo;autant plus tendue que France T\u00e9l\u00e9visions a r\u00e9cemment d\u00e9pos\u00e9 plainte contre CNews et d&rsquo;autres m\u00e9dias pour d\u00e9nigrement, alimentant les frictions entre le service public et les cha\u00eenes priv\u00e9es. Comme le souligne une source anonyme, \u00ab Le calendrier de &lsquo;Compl\u00e9ment d&rsquo;enqu\u00eate&rsquo; ne nous arrange vraiment pas\u2026 \u00bb<\/p>\n<h2>Enjeux et R\u00e9percussions Possibles<\/h2>\n<p>Ce num\u00e9ro de \u00ab Compl\u00e9ment d&rsquo;enqu\u00eate \u00bb sur CNews s&rsquo;inscrit dans une s\u00e9rie d&rsquo;investigations du magazine sur les puissances m\u00e9diatiques et leur influence. L&rsquo;\u00e9mission promet de livrer des \u00e9l\u00e9ments d&rsquo;analyse pour comprendre les m\u00e9canismes \u00e0 l&rsquo;\u0153uvre derri\u00e8re le succ\u00e8s d&rsquo;audience de CNews et les critiques qui lui sont adress\u00e9es.<\/p>\n<p>Les r\u00e9v\u00e9lations et t\u00e9moignages qui seront pr\u00e9sent\u00e9s pourraient potentiellement relancer le d\u00e9bat public sur la libert\u00e9 d&rsquo;expression, la d\u00e9sinformation et la responsabilit\u00e9 des m\u00e9dias, en particulier dans une p\u00e9riode o\u00f9 l&rsquo;information est au centre des enjeux d\u00e9mocratiques. Les discussions au sein de la commission d&rsquo;enqu\u00eate parlementaire pourraient \u00e9galement \u00eatre impact\u00e9es par les \u00e9l\u00e9ments mis en lumi\u00e8re par l&rsquo;\u00e9mission de France 2.<\/p>\n<p>Rendez-vous est donc pris ce jeudi 27 novembre \u00e0 23h00 sur France 2 pour cet \u00e9v\u00e9nement t\u00e9l\u00e9visuel qui promet d&rsquo;\u00eatre riche en informations et en perspectives sur le monde des m\u00e9dias.<\/p>\n","protected":false},"excerpt":{"rendered":"<p>Ce jeudi soir s&rsquo;annonce comme un rendez-vous m\u00e9diatique majeur avec la diffusion d&rsquo;un num\u00e9ro tr\u00e8s attendu de \u00ab Compl\u00e9ment d&rsquo;enqu\u00eate \u00bb sur France 2. Intitul\u00e9e \u00ab Des infos ou d\u00e9sinfo ? La m\u00e9thode CNews \u00bb, cette investigation exclusive promet de lever le voile sur les coulisses d&rsquo;une cha\u00eene qui a profond\u00e9ment transform\u00e9 le paysage audiovisuel [&hellip;]<\/p>\n","protected":false},"author":4,"featured_media":45749,"comment_status":"open","ping_status":"open","sticky":false,"template":"","format":"standard","meta":{"_yoast_wpseo_title":"Compl\u00e9ment d'enqu\u00eate CNews : L'enqu\u00eate exclusive de France 2","_yoast_wpseo_metadesc":"Ne manquez pas l'enqu\u00eate exclusive de France 2 sur CNews ce jeudi soir ! D\u00e9couvrez les coulisses et les strat\u00e9gies de la cha\u00eene d'information.","_yoast_wpseo_focuskw":"Enqu\u00eate"},"categories":[5],"tags":[],"class_list":["post-45750","post","type-post","status-publish","format-standard","has-post-thumbnail","hentry","category-divertissement"],"yoast_head":"<!-- This site is optimized with the Yoast SEO plugin v26.3 - https:\/\/yoast.com\/wordpress\/plugins\/seo\/ -->\n<title>Compl\u00e9ment d&#039;enqu\u00eate CNews : L&#039;enqu\u00eate exclusive de France 2<\/title>\n<meta name=\"description\" content=\"Ne manquez pas l&#039;enqu\u00eate exclusive de France 2 sur CNews ce jeudi soir ! D\u00e9couvrez les coulisses et les strat\u00e9gies de la cha\u00eene d&#039;information.\" \/>\n<meta name=\"robots\" content=\"index, follow, max-snippet:-1, max-image-preview:large, max-video-preview:-1\" \/>\n<link rel=\"canonical\" href=\"https:\/\/elukelele.com\/fr\/divertissement\/enquete-cnews-france-2-devoile-les-secrets-de-la-chaine\/\" \/>\n<meta property=\"og:locale\" content=\"fr_FR\" \/>\n<meta property=\"og:type\" content=\"article\" \/>\n<meta property=\"og:title\" content=\"Compl\u00e9ment d&#039;enqu\u00eate CNews : L&#039;enqu\u00eate exclusive de France 2\" \/>\n<meta property=\"og:description\" content=\"Ne manquez pas l&#039;enqu\u00eate exclusive de France 2 sur CNews ce jeudi soir ! D\u00e9couvrez les coulisses et les strat\u00e9gies de la cha\u00eene d&#039;information.\" \/>\n<meta property=\"og:url\" content=\"https:\/\/elukelele.com\/fr\/divertissement\/enquete-cnews-france-2-devoile-les-secrets-de-la-chaine\/\" \/>\n<meta property=\"og:site_name\" content=\"El Ukelele\" \/>\n<meta property=\"article:published_time\" content=\"2025-11-25T11:31:33+00:00\" \/>\n<meta property=\"article:modified_time\" content=\"2025-11-25T11:31:35+00:00\" \/>\n<meta property=\"og:image\" content=\"https:\/\/elukelele.com\/fr\/wp-content\/uploads\/2025\/11\/framed_only-532.png\" \/>\n\t<meta property=\"og:image:width\" content=\"1200\" \/>\n\t<meta property=\"og:image:height\" content=\"628\" \/>\n\t<meta property=\"og:image:type\" content=\"image\/png\" \/>\n<meta name=\"author\" content=\"Daniel Perrin\" \/>\n<meta name=\"twitter:card\" content=\"summary_large_image\" \/>\n<meta name=\"twitter:label1\" content=\"\u00c9crit par\" \/>\n\t<meta name=\"twitter:data1\" content=\"Daniel Perrin\" \/>\n\t<meta name=\"twitter:label2\" content=\"Dur\u00e9e de lecture estim\u00e9e\" \/>\n\t<meta name=\"twitter:data2\" content=\"4 minutes\" \/>\n<script type=\"application\/ld+json\" class=\"yoast-schema-graph\">{\"@context\":\"https:\/\/schema.org\",\"@graph\":[{\"@type\":\"WebPage\",\"@id\":\"https:\/\/elukelele.com\/fr\/divertissement\/enquete-cnews-france-2-devoile-les-secrets-de-la-chaine\/\",\"url\":\"https:\/\/elukelele.com\/fr\/divertissement\/enquete-cnews-france-2-devoile-les-secrets-de-la-chaine\/\",\"name\":\"Compl\u00e9ment d'enqu\u00eate CNews : L'enqu\u00eate exclusive de France 2\",\"isPartOf\":{\"@id\":\"https:\/\/elukelele.com\/fr\/#website\"},\"primaryImageOfPage\":{\"@id\":\"https:\/\/elukelele.com\/fr\/divertissement\/enquete-cnews-france-2-devoile-les-secrets-de-la-chaine\/#primaryimage\"},\"image\":{\"@id\":\"https:\/\/elukelele.com\/fr\/divertissement\/enquete-cnews-france-2-devoile-les-secrets-de-la-chaine\/#primaryimage\"},\"thumbnailUrl\":\"https:\/\/elukelele.com\/fr\/wp-content\/uploads\/2025\/11\/framed_only-532.png\",\"datePublished\":\"2025-11-25T11:31:33+00:00\",\"dateModified\":\"2025-11-25T11:31:35+00:00\",\"author\":{\"@id\":\"https:\/\/elukelele.com\/fr\/#\/schema\/person\/ccfb3d2be2ec7fa389608eb6da0b38d6\"},\"description\":\"Ne manquez pas l'enqu\u00eate exclusive de France 2 sur CNews ce jeudi soir ! D\u00e9couvrez les coulisses et les strat\u00e9gies de la cha\u00eene d'information.\",\"breadcrumb\":{\"@id\":\"https:\/\/elukelele.com\/fr\/divertissement\/enquete-cnews-france-2-devoile-les-secrets-de-la-chaine\/#breadcrumb\"},\"inLanguage\":\"fr-FR\",\"potentialAction\":[{\"@type\":\"ReadAction\",\"target\":[\"https:\/\/elukelele.com\/fr\/divertissement\/enquete-cnews-france-2-devoile-les-secrets-de-la-chaine\/\"]}]},{\"@type\":\"ImageObject\",\"inLanguage\":\"fr-FR\",\"@id\":\"https:\/\/elukelele.com\/fr\/divertissement\/enquete-cnews-france-2-devoile-les-secrets-de-la-chaine\/#primaryimage\",\"url\":\"https:\/\/elukelele.com\/fr\/wp-content\/uploads\/2025\/11\/framed_only-532.png\",\"contentUrl\":\"https:\/\/elukelele.com\/fr\/wp-content\/uploads\/2025\/11\/framed_only-532.png\",\"width\":1200,\"height\":628,\"caption\":\"\u00c9v\u00e9nement exceptionnel : Une enqu\u00eate exclusive de France 2 \u00e0 ne pas manquer ce jeudi soir sur CNews !\"},{\"@type\":\"BreadcrumbList\",\"@id\":\"https:\/\/elukelele.com\/fr\/divertissement\/enquete-cnews-france-2-devoile-les-secrets-de-la-chaine\/#breadcrumb\",\"itemListElement\":[{\"@type\":\"ListItem\",\"position\":1,\"name\":\"Home\",\"item\":\"https:\/\/elukelele.com\/fr\/\"},{\"@type\":\"ListItem\",\"position\":2,\"name\":\"Enqu\u00eate CNews : France 2 d\u00e9voile les secrets de la cha\u00eene\"}]},{\"@type\":\"WebSite\",\"@id\":\"https:\/\/elukelele.com\/fr\/#website\",\"url\":\"https:\/\/elukelele.com\/fr\/\",\"name\":\"El Ukelele\",\"description\":\"Musique au-del\u00e0 de l&#039;indie\",\"potentialAction\":[{\"@type\":\"SearchAction\",\"target\":{\"@type\":\"EntryPoint\",\"urlTemplate\":\"https:\/\/elukelele.com\/fr\/?s={search_term_string}\"},\"query-input\":{\"@type\":\"PropertyValueSpecification\",\"valueRequired\":true,\"valueName\":\"search_term_string\"}}],\"inLanguage\":\"fr-FR\"},{\"@type\":\"Person\",\"@id\":\"https:\/\/elukelele.com\/fr\/#\/schema\/person\/ccfb3d2be2ec7fa389608eb6da0b38d6\",\"name\":\"Daniel Perrin\",\"image\":{\"@type\":\"ImageObject\",\"inLanguage\":\"fr-FR\",\"@id\":\"https:\/\/elukelele.com\/fr\/#\/schema\/person\/image\/\",\"url\":\"https:\/\/secure.gravatar.com\/avatar\/37f9d9ffa29ce5640a0d9c6ca8bbd90afb854014296ecaa0e3a558ac716e6fe4?s=96&d=mm&r=g\",\"contentUrl\":\"https:\/\/secure.gravatar.com\/avatar\/37f9d9ffa29ce5640a0d9c6ca8bbd90afb854014296ecaa0e3a558ac716e6fe4?s=96&d=mm&r=g\",\"caption\":\"Daniel Perrin\"},\"sameAs\":[\"https:\/\/elukelele.com\/fr\"],\"url\":\"https:\/\/elukelele.com\/fr\/author\/daniel-perrin\/\"}]}<\/script>\n<!-- \/ Yoast SEO plugin. -->","yoast_head_json":{"title":"Compl\u00e9ment d'enqu\u00eate CNews : L'enqu\u00eate exclusive de France 2","description":"Ne manquez pas l'enqu\u00eate exclusive de France 2 sur CNews ce jeudi soir ! D\u00e9couvrez les coulisses et les strat\u00e9gies de la cha\u00eene d'information.","robots":{"index":"index","follow":"follow","max-snippet":"max-snippet:-1","max-image-preview":"max-image-preview:large","max-video-preview":"max-video-preview:-1"},"canonical":"https:\/\/elukelele.com\/fr\/divertissement\/enquete-cnews-france-2-devoile-les-secrets-de-la-chaine\/","og_locale":"fr_FR","og_type":"article","og_title":"Compl\u00e9ment d'enqu\u00eate CNews : L'enqu\u00eate exclusive de France 2","og_description":"Ne manquez pas l'enqu\u00eate exclusive de France 2 sur CNews ce jeudi soir ! D\u00e9couvrez les coulisses et les strat\u00e9gies de la cha\u00eene d'information.","og_url":"https:\/\/elukelele.com\/fr\/divertissement\/enquete-cnews-france-2-devoile-les-secrets-de-la-chaine\/","og_site_name":"El Ukelele","article_published_time":"2025-11-25T11:31:33+00:00","article_modified_time":"2025-11-25T11:31:35+00:00","og_image":[{"width":1200,"height":628,"url":"https:\/\/elukelele.com\/fr\/wp-content\/uploads\/2025\/11\/framed_only-532.png","type":"image\/png"}],"author":"Daniel Perrin","twitter_card":"summary_large_image","twitter_misc":{"\u00c9crit par":"Daniel Perrin","Dur\u00e9e de lecture estim\u00e9e":"4 minutes"},"schema":{"@context":"https:\/\/schema.org","@graph":[{"@type":"WebPage","@id":"https:\/\/elukelele.com\/fr\/divertissement\/enquete-cnews-france-2-devoile-les-secrets-de-la-chaine\/","url":"https:\/\/elukelele.com\/fr\/divertissement\/enquete-cnews-france-2-devoile-les-secrets-de-la-chaine\/","name":"Compl\u00e9ment d'enqu\u00eate CNews : L'enqu\u00eate exclusive de France 2","isPartOf":{"@id":"https:\/\/elukelele.com\/fr\/#website"},"primaryImageOfPage":{"@id":"https:\/\/elukelele.com\/fr\/divertissement\/enquete-cnews-france-2-devoile-les-secrets-de-la-chaine\/#primaryimage"},"image":{"@id":"https:\/\/elukelele.com\/fr\/divertissement\/enquete-cnews-france-2-devoile-les-secrets-de-la-chaine\/#primaryimage"},"thumbnailUrl":"https:\/\/elukelele.com\/fr\/wp-content\/uploads\/2025\/11\/framed_only-532.png","datePublished":"2025-11-25T11:31:33+00:00","dateModified":"2025-11-25T11:31:35+00:00","author":{"@id":"https:\/\/elukelele.com\/fr\/#\/schema\/person\/ccfb3d2be2ec7fa389608eb6da0b38d6"},"description":"Ne manquez pas l'enqu\u00eate exclusive de France 2 sur CNews ce jeudi soir ! D\u00e9couvrez les coulisses et les strat\u00e9gies de la cha\u00eene d'information.","breadcrumb":{"@id":"https:\/\/elukelele.com\/fr\/divertissement\/enquete-cnews-france-2-devoile-les-secrets-de-la-chaine\/#breadcrumb"},"inLanguage":"fr-FR","potentialAction":[{"@type":"ReadAction","target":["https:\/\/elukelele.com\/fr\/divertissement\/enquete-cnews-france-2-devoile-les-secrets-de-la-chaine\/"]}]},{"@type":"ImageObject","inLanguage":"fr-FR","@id":"https:\/\/elukelele.com\/fr\/divertissement\/enquete-cnews-france-2-devoile-les-secrets-de-la-chaine\/#primaryimage","url":"https:\/\/elukelele.com\/fr\/wp-content\/uploads\/2025\/11\/framed_only-532.png","contentUrl":"https:\/\/elukelele.com\/fr\/wp-content\/uploads\/2025\/11\/framed_only-532.png","width":1200,"height":628,"caption":"\u00c9v\u00e9nement exceptionnel : Une enqu\u00eate exclusive de France 2 \u00e0 ne pas manquer ce jeudi soir sur CNews !"},{"@type":"BreadcrumbList","@id":"https:\/\/elukelele.com\/fr\/divertissement\/enquete-cnews-france-2-devoile-les-secrets-de-la-chaine\/#breadcrumb","itemListElement":[{"@type":"ListItem","position":1,"name":"Home","item":"https:\/\/elukelele.com\/fr\/"},{"@type":"ListItem","position":2,"name":"Enqu\u00eate CNews : France 2 d\u00e9voile les secrets de la cha\u00eene"}]},{"@type":"WebSite","@id":"https:\/\/elukelele.com\/fr\/#website","url":"https:\/\/elukelele.com\/fr\/","name":"El Ukelele","description":"Musique au-del\u00e0 de l&#039;indie","potentialAction":[{"@type":"SearchAction","target":{"@type":"EntryPoint","urlTemplate":"https:\/\/elukelele.com\/fr\/?s={search_term_string}"},"query-input":{"@type":"PropertyValueSpecification","valueRequired":true,"valueName":"search_term_string"}}],"inLanguage":"fr-FR"},{"@type":"Person","@id":"https:\/\/elukelele.com\/fr\/#\/schema\/person\/ccfb3d2be2ec7fa389608eb6da0b38d6","name":"Daniel Perrin","image":{"@type":"ImageObject","inLanguage":"fr-FR","@id":"https:\/\/elukelele.com\/fr\/#\/schema\/person\/image\/","url":"https:\/\/secure.gravatar.com\/avatar\/37f9d9ffa29ce5640a0d9c6ca8bbd90afb854014296ecaa0e3a558ac716e6fe4?s=96&d=mm&r=g","contentUrl":"https:\/\/secure.gravatar.com\/avatar\/37f9d9ffa29ce5640a0d9c6ca8bbd90afb854014296ecaa0e3a558ac716e6fe4?s=96&d=mm&r=g","caption":"Daniel Perrin"},"sameAs":["https:\/\/elukelele.com\/fr"],"url":"https:\/\/elukelele.com\/fr\/author\/daniel-perrin\/"}]}},"_links":{"self":[{"href":"https:\/\/elukelele.com\/fr\/wp-json\/wp\/v2\/posts\/45750","targetHints":{"allow":["GET"]}}],"collection":[{"href":"https:\/\/elukelele.com\/fr\/wp-json\/wp\/v2\/posts"}],"about":[{"href":"https:\/\/elukelele.com\/fr\/wp-json\/wp\/v2\/types\/post"}],"author":[{"embeddable":true,"href":"https:\/\/elukelele.com\/fr\/wp-json\/wp\/v2\/users\/4"}],"replies":[{"embeddable":true,"href":"https:\/\/elukelele.com\/fr\/wp-json\/wp\/v2\/comments?post=45750"}],"version-history":[{"count":1,"href":"https:\/\/elukelele.com\/fr\/wp-json\/wp\/v2\/posts\/45750\/revisions"}],"predecessor-version":[{"id":45760,"href":"https:\/\/elukelele.com\/fr\/wp-json\/wp\/v2\/posts\/45750\/revisions\/45760"}],"wp:featuredmedia":[{"embeddable":true,"href":"https:\/\/elukelele.com\/fr\/wp-json\/wp\/v2\/media\/45749"}],"wp:attachment":[{"href":"https:\/\/elukelele.com\/fr\/wp-json\/wp\/v2\/media?parent=45750"}],"wp:term":[{"taxonomy":"category","embeddable":true,"href":"https:\/\/elukelele.com\/fr\/wp-json\/wp\/v2\/categories?post=45750"},{"taxonomy":"post_tag","embeddable":true,"href":"https:\/\/elukelele.com\/fr\/wp-json\/wp\/v2\/tags?post=45750"}],"curies":[{"name":"wp","href":"https:\/\/api.w.org\/{rel}","templated":true}]}}