{"id":45736,"date":"2025-11-26T11:36:14","date_gmt":"2025-11-26T11:36:14","guid":{"rendered":"https:\/\/elukelele.com\/fr\/?p=45736"},"modified":"2025-11-26T11:36:14","modified_gmt":"2025-11-26T11:36:14","slug":"boualem-sansal-otage-du-regime-algerien-son-recit","status":"publish","type":"post","link":"https:\/\/elukelele.com\/fr\/divertissement\/boualem-sansal-otage-du-regime-algerien-son-recit\/","title":{"rendered":"Boualem Sansal : Otage du r\u00e9gime alg\u00e9rien, son r\u00e9cit"},"content":{"rendered":"<p>L&rsquo;\u00e9crivain franco-alg\u00e9rien Boualem Sansal, figure majeure de la litt\u00e9rature contemporaine et voix critique du pouvoir en place, a r\u00e9cemment marqu\u00e9 les esprits par une d\u00e9claration poignante et profond\u00e9ment r\u00e9v\u00e9latrice de son exp\u00e9rience. Apr\u00e8s sa lib\u00e9ration, il a affirm\u00e9 avec force : \u00ab J\u2019\u00e9tais un otage du r\u00e9gime alg\u00e9rien, pas un prisonnier \u00bb. Cette distinction s\u00e9mantique, loin d&rsquo;\u00eatre anodine, \u00e9claire d&rsquo;un jour nouveau la nature de sa d\u00e9tention et, plus largement, les m\u00e9thodes du r\u00e9gime alg\u00e9rien face \u00e0 la dissidence intellectuelle.<\/p>\n<h2>Boualem Sansal : Une voix singuli\u00e8re et critique<\/h2>\n<p>N\u00e9 en 1949, Boualem Sansal est un romancier et essayiste alg\u00e9rien de langue fran\u00e7aise, reconnu internationalement pour son \u0153uvre incisive et souvent provocatrice. Ancien haut fonctionnaire au sein du minist\u00e8re de l&rsquo;Industrie alg\u00e9rien, il a d\u00e9but\u00e9 sa carri\u00e8re litt\u00e9raire \u00e0 l&rsquo;\u00e2ge de 50 ans, apr\u00e8s avoir quitt\u00e9 ses fonctions. Ses \u00e9crits, qui abordent des th\u00e8mes comme l&rsquo;islamisme, la corruption, l&rsquo;autoritarisme et l&rsquo;identit\u00e9 alg\u00e9rienne, lui ont valu de nombreux prix litt\u00e9raires en France et en Allemagne, dont le Prix de la Paix des libraires allemands en 2011 et le Grand Prix du roman de l&rsquo;Acad\u00e9mie fran\u00e7aise en 2015. Cependant, cette reconnaissance s&rsquo;est accompagn\u00e9e d&rsquo;une relation tendue avec les autorit\u00e9s de son pays natal. Ses livres sont interdits en Alg\u00e9rie depuis 2006, bien qu&rsquo;ils y soient encore largement lus. Sansal a souvent \u00e9t\u00e9 d\u00e9crit comme un \u00e9crivain \u00ab exil\u00e9 dans son propre pays \u00bb en raison de ses positions critiques.<\/p>\n<h2>L&rsquo;arrestation et la condamnation : Le contexte d&rsquo;une provocation<\/h2>\n<p>L&rsquo;affrontement le plus direct entre Boualem Sansal et le r\u00e9gime alg\u00e9rien s&rsquo;est mat\u00e9rialis\u00e9 par son arrestation le 16 novembre 2024 \u00e0 l&rsquo;a\u00e9roport d&rsquo;Alger, alors qu&rsquo;il rentrait de Paris. Cette interpellation faisait suite \u00e0 une interview accord\u00e9e en octobre 2024 \u00e0 un m\u00e9dia fran\u00e7ais, Fronti\u00e8res, au cours de laquelle il avait remis en question les fronti\u00e8res de l&rsquo;Alg\u00e9rie, sugg\u00e9rant que la France coloniale avait c\u00e9d\u00e9 du territoire marocain \u00e0 l&rsquo;Alg\u00e9rie. Cette d\u00e9claration, per\u00e7ue comme une atteinte \u00e0 l&rsquo;int\u00e9grit\u00e9 territoriale du pays, a \u00e9t\u00e9 particuli\u00e8rement sensible dans un contexte de tensions diplomatiques accrues entre l&rsquo;Alg\u00e9rie et la France. Le 27 mars 2025, Sansal a \u00e9t\u00e9 condamn\u00e9 \u00e0 cinq ans de prison et \u00e0 une amende pour des chefs d&rsquo;accusation incluant \u00ab atteinte \u00e0 l&rsquo;unit\u00e9 nationale \u00bb, \u00ab insulte \u00e0 un corps officiel \u00bb, \u00ab atteinte \u00e0 l&rsquo;\u00e9conomie nationale \u00bb et \u00ab possession de vid\u00e9os et de publications mena\u00e7ant la s\u00e9curit\u00e9 et la stabilit\u00e9 nationales \u00bb, en vertu des lois anti-terroristes alg\u00e9riennes. Cette condamnation a suscit\u00e9 une vive indignation internationale, de nombreux \u00e9crivains et organisations de d\u00e9fense des droits humains appelant \u00e0 sa lib\u00e9ration.<\/p>\n<h2>\u00ab Otage, pas prisonnier \u00bb : La nuance r\u00e9v\u00e9latrice<\/h2>\n<p>C&rsquo;est apr\u00e8s sa lib\u00e9ration, obtenue gr\u00e2ce \u00e0 une gr\u00e2ce pr\u00e9sidentielle le 12 novembre 2025 suite \u00e0 l&rsquo;intervention du pr\u00e9sident allemand Frank-Walter Steinmeier, que Boualem Sansal a prononc\u00e9 sa phrase forte. En distinguant son statut d&rsquo;\u00ab otage \u00bb de celui de \u00ab prisonnier \u00bb, Sansal met en lumi\u00e8re la dimension politique et symbolique de sa d\u00e9tention. Un prisonnier est g\u00e9n\u00e9ralement incarc\u00e9r\u00e9 pour un crime av\u00e9r\u00e9 et jug\u00e9. Un otage, en revanche, est une personne d\u00e9tenue pour servir de monnaie d&rsquo;\u00e9change ou pour exercer une pression. Sansal a en effet li\u00e9 son arrestation aux tensions franco-alg\u00e9riennes et \u00e0 la position de la France sur la souverainie marocaine sur le Sahara Occidental, un sujet \u00ab hyper sacr\u00e9 \u00bb pour l&rsquo;establishment alg\u00e9rien. Il a d\u00e9clar\u00e9 avoir rapidement compris que \u00ab la reconnaissance par la France de la souverainet\u00e9 marocaine sur le Sahara occidental et [son] amiti\u00e9 avec Xavier Driencourt, ancien ambassadeur de France \u00bb, \u00e9taient \u00e0 l&rsquo;origine de son histoire.<\/p>\n<p>Lors d&rsquo;une interview apr\u00e8s sa lib\u00e9ration, il a pr\u00e9cis\u00e9 sa pens\u00e9e : \u00ab Je n&rsquo;ai jamais critiqu\u00e9 l&rsquo;Alg\u00e9rie, je critique un r\u00e9gime, je critique des gens, je critique une dictature \u00bb. Cette nuance est cruciale : il ne s&rsquo;en prend pas \u00e0 la nation ou au peuple alg\u00e9rien, mais au syst\u00e8me de pouvoir. Il a \u00e9galement d\u00e9crit les conditions de son arrestation comme une \u00ab enl\u00e8vement clandestin \u00bb, o\u00f9 il a \u00e9t\u00e9 cagoul\u00e9 et isol\u00e9 pendant six jours sans savoir o\u00f9 il se trouvait, une exp\u00e9rience qu&rsquo;il a qualifi\u00e9e de psychologiquement d\u00e9vastatrice. La prison, selon lui, est une humiliation syst\u00e9matis\u00e9e o\u00f9 l&rsquo;individu est r\u00e9duit \u00e0 l&rsquo;ob\u00e9issance, \u00ab comme un toutou \u00bb, subissant des fouilles constantes et une privation de dignit\u00e9. Son statut d&rsquo;otage, bien que non moins brutal, sugg\u00e8re une instrumentalisation politique qui d\u00e9passe la simple punition judiciaire.<\/p>\n<h2>Un enjeu diplomatique et un symbole de la libert\u00e9 d&rsquo;expression<\/h2>\n<p>L&rsquo;affaire Boualem Sansal est rapidement devenue un point de friction majeur dans les relations d\u00e9j\u00e0 complexes entre la France et l&rsquo;Alg\u00e9rie. La France, par la voix du pr\u00e9sident Emmanuel Macron, a appel\u00e9 \u00e0 la lib\u00e9ration de l&rsquo;\u00e9crivain, esp\u00e9rant que les autorit\u00e9s alg\u00e9riennes feraient preuve de \u00ab bon sens et d&rsquo;humanit\u00e9 \u00bb. Finalement, c&rsquo;est l&rsquo;intervention du pr\u00e9sident allemand qui a conduit \u00e0 sa gr\u00e2ce et \u00e0 son transfert pour des soins m\u00e9dicaux en Allemagne, Sansal \u00e9tant atteint d&rsquo;un cancer de la prostate. Ce d\u00e9nouement, bien que salu\u00e9, a \u00e9galement \u00e9t\u00e9 interpr\u00e9t\u00e9 comme une humiliation calcul\u00e9e pour le r\u00e9gime alg\u00e9rien, qui aurait pr\u00e9f\u00e9r\u00e9 \u00e9viter une intervention fran\u00e7aise directe.<\/p>\n<p>Au-del\u00e0 des enjeux diplomatiques, le cas de Boualem Sansal r\u00e9sonne comme un puissant symbole de la lutte pour la libert\u00e9 d&rsquo;expression dans les r\u00e9gimes autoritaires. Sa capacit\u00e9 \u00e0 maintenir une voix critique malgr\u00e9 la r\u00e9pression, l&rsquo;exil int\u00e9rieur et l&#8217;emprisonnement, inspire de nombreux d\u00e9fenseurs des droits humains. Son exp\u00e9rience \u00e9claire la r\u00e9alit\u00e9 d&rsquo;un climat o\u00f9 la libert\u00e9 d&rsquo;expression est souvent \u00ab un lointain souvenir face \u00e0 la r\u00e9pression, aux emprisonnements et \u00e0 la surveillance de l\u2019ensemble de la soci\u00e9t\u00e9 \u00bb.<\/p>\n<h2>Conclusion : Une libert\u00e9 retrouv\u00e9e, une voix in\u00e9branlable<\/h2>\n<p>La lib\u00e9ration de Boualem Sansal et son retour en France marquent la fin d&rsquo;une \u00e9preuve personnelle, mais n&rsquo;entament en rien son engagement. Ses d\u00e9clarations post-d\u00e9tention, notamment celle de s&rsquo;\u00eatre senti \u00ab un otage du r\u00e9gime alg\u00e9rien, pas un prisonnier \u00bb, fournissent une cl\u00e9 de lecture essentielle pour comprendre la nature de la r\u00e9pression politique. Elles mettent en lumi\u00e8re comment certains r\u00e9gimes transforment les individus critiques en pions sur l&rsquo;\u00e9chiquier diplomatique et politique. Sansal, d\u00e9sormais libre physiquement, reste une conscience vigilante, et sa voix, in\u00e9branlable, continuera sans doute de d\u00e9ranger et d&rsquo;interpeller, rappelant l&rsquo;importance vitale de la libert\u00e9 de penser et de s&rsquo;exprimer.<\/p>\n","protected":false},"excerpt":{"rendered":"<p>L&rsquo;\u00e9crivain franco-alg\u00e9rien Boualem Sansal, figure majeure de la litt\u00e9rature contemporaine et voix critique du pouvoir en place, a r\u00e9cemment marqu\u00e9 les esprits par une d\u00e9claration poignante et profond\u00e9ment r\u00e9v\u00e9latrice de son exp\u00e9rience. Apr\u00e8s sa lib\u00e9ration, il a affirm\u00e9 avec force : \u00ab J\u2019\u00e9tais un otage du r\u00e9gime alg\u00e9rien, pas un prisonnier \u00bb. Cette distinction s\u00e9mantique, [&hellip;]<\/p>\n","protected":false},"author":4,"featured_media":45735,"comment_status":"open","ping_status":"open","sticky":false,"template":"","format":"standard","meta":{"_yoast_wpseo_title":"Boualem Sansal: \"Otage\" du r\u00e9gime alg\u00e9rien","_yoast_wpseo_metadesc":"D\u00e9couvrez la d\u00e9claration poignante de Boualem Sansal, figure litt\u00e9raire, sur son exp\u00e9rience en Alg\u00e9rie. Ses mots r\u00e9v\u00e8lent la nature de sa d\u00e9tention et critiquen","_yoast_wpseo_focuskw":"Boualem"},"categories":[5],"tags":[],"class_list":["post-45736","post","type-post","status-publish","format-standard","has-post-thumbnail","hentry","category-divertissement"],"yoast_head":"<!-- This site is optimized with the Yoast SEO plugin v26.3 - https:\/\/yoast.com\/wordpress\/plugins\/seo\/ -->\n<title>Boualem Sansal: &quot;Otage&quot; du r\u00e9gime alg\u00e9rien<\/title>\n<meta name=\"description\" content=\"D\u00e9couvrez la d\u00e9claration poignante de Boualem Sansal, figure litt\u00e9raire, sur son exp\u00e9rience en Alg\u00e9rie. Ses mots r\u00e9v\u00e8lent la nature de sa d\u00e9tention et critiquen\" \/>\n<meta name=\"robots\" content=\"index, follow, max-snippet:-1, max-image-preview:large, max-video-preview:-1\" \/>\n<link rel=\"canonical\" href=\"https:\/\/elukelele.com\/fr\/divertissement\/boualem-sansal-otage-du-regime-algerien-son-recit\/\" \/>\n<meta property=\"og:locale\" content=\"fr_FR\" \/>\n<meta property=\"og:type\" content=\"article\" \/>\n<meta property=\"og:title\" content=\"Boualem Sansal: &quot;Otage&quot; du r\u00e9gime alg\u00e9rien\" \/>\n<meta property=\"og:description\" content=\"D\u00e9couvrez la d\u00e9claration poignante de Boualem Sansal, figure litt\u00e9raire, sur son exp\u00e9rience en Alg\u00e9rie. Ses mots r\u00e9v\u00e8lent la nature de sa d\u00e9tention et critiquen\" \/>\n<meta property=\"og:url\" content=\"https:\/\/elukelele.com\/fr\/divertissement\/boualem-sansal-otage-du-regime-algerien-son-recit\/\" \/>\n<meta property=\"og:site_name\" content=\"El Ukelele\" \/>\n<meta property=\"article:published_time\" content=\"2025-11-26T11:36:14+00:00\" \/>\n<meta property=\"og:image\" content=\"https:\/\/elukelele.com\/fr\/wp-content\/uploads\/2025\/11\/framed_only-525.png\" \/>\n\t<meta property=\"og:image:width\" content=\"1200\" \/>\n\t<meta property=\"og:image:height\" content=\"628\" \/>\n\t<meta property=\"og:image:type\" content=\"image\/png\" \/>\n<meta name=\"author\" content=\"Daniel Perrin\" \/>\n<meta name=\"twitter:card\" content=\"summary_large_image\" \/>\n<meta name=\"twitter:label1\" content=\"\u00c9crit par\" \/>\n\t<meta name=\"twitter:data1\" content=\"Daniel Perrin\" \/>\n\t<meta name=\"twitter:label2\" content=\"Dur\u00e9e de lecture estim\u00e9e\" \/>\n\t<meta name=\"twitter:data2\" content=\"6 minutes\" \/>\n<script type=\"application\/ld+json\" class=\"yoast-schema-graph\">{\"@context\":\"https:\/\/schema.org\",\"@graph\":[{\"@type\":\"WebPage\",\"@id\":\"https:\/\/elukelele.com\/fr\/divertissement\/boualem-sansal-otage-du-regime-algerien-son-recit\/\",\"url\":\"https:\/\/elukelele.com\/fr\/divertissement\/boualem-sansal-otage-du-regime-algerien-son-recit\/\",\"name\":\"Boualem Sansal: \\\"Otage\\\" du r\u00e9gime alg\u00e9rien\",\"isPartOf\":{\"@id\":\"https:\/\/elukelele.com\/fr\/#website\"},\"primaryImageOfPage\":{\"@id\":\"https:\/\/elukelele.com\/fr\/divertissement\/boualem-sansal-otage-du-regime-algerien-son-recit\/#primaryimage\"},\"image\":{\"@id\":\"https:\/\/elukelele.com\/fr\/divertissement\/boualem-sansal-otage-du-regime-algerien-son-recit\/#primaryimage\"},\"thumbnailUrl\":\"https:\/\/elukelele.com\/fr\/wp-content\/uploads\/2025\/11\/framed_only-525.png\",\"datePublished\":\"2025-11-26T11:36:14+00:00\",\"author\":{\"@id\":\"https:\/\/elukelele.com\/fr\/#\/schema\/person\/ccfb3d2be2ec7fa389608eb6da0b38d6\"},\"description\":\"D\u00e9couvrez la d\u00e9claration poignante de Boualem Sansal, figure litt\u00e9raire, sur son exp\u00e9rience en Alg\u00e9rie. Ses mots r\u00e9v\u00e8lent la nature de sa d\u00e9tention et critiquen\",\"breadcrumb\":{\"@id\":\"https:\/\/elukelele.com\/fr\/divertissement\/boualem-sansal-otage-du-regime-algerien-son-recit\/#breadcrumb\"},\"inLanguage\":\"fr-FR\",\"potentialAction\":[{\"@type\":\"ReadAction\",\"target\":[\"https:\/\/elukelele.com\/fr\/divertissement\/boualem-sansal-otage-du-regime-algerien-son-recit\/\"]}]},{\"@type\":\"ImageObject\",\"inLanguage\":\"fr-FR\",\"@id\":\"https:\/\/elukelele.com\/fr\/divertissement\/boualem-sansal-otage-du-regime-algerien-son-recit\/#primaryimage\",\"url\":\"https:\/\/elukelele.com\/fr\/wp-content\/uploads\/2025\/11\/framed_only-525.png\",\"contentUrl\":\"https:\/\/elukelele.com\/fr\/wp-content\/uploads\/2025\/11\/framed_only-525.png\",\"width\":1200,\"height\":628,\"caption\":\"Boualem\"},{\"@type\":\"BreadcrumbList\",\"@id\":\"https:\/\/elukelele.com\/fr\/divertissement\/boualem-sansal-otage-du-regime-algerien-son-recit\/#breadcrumb\",\"itemListElement\":[{\"@type\":\"ListItem\",\"position\":1,\"name\":\"Home\",\"item\":\"https:\/\/elukelele.com\/fr\/\"},{\"@type\":\"ListItem\",\"position\":2,\"name\":\"Boualem Sansal : Otage du r\u00e9gime alg\u00e9rien, son r\u00e9cit\"}]},{\"@type\":\"WebSite\",\"@id\":\"https:\/\/elukelele.com\/fr\/#website\",\"url\":\"https:\/\/elukelele.com\/fr\/\",\"name\":\"El Ukelele\",\"description\":\"Musique au-del\u00e0 de l&#039;indie\",\"potentialAction\":[{\"@type\":\"SearchAction\",\"target\":{\"@type\":\"EntryPoint\",\"urlTemplate\":\"https:\/\/elukelele.com\/fr\/?s={search_term_string}\"},\"query-input\":{\"@type\":\"PropertyValueSpecification\",\"valueRequired\":true,\"valueName\":\"search_term_string\"}}],\"inLanguage\":\"fr-FR\"},{\"@type\":\"Person\",\"@id\":\"https:\/\/elukelele.com\/fr\/#\/schema\/person\/ccfb3d2be2ec7fa389608eb6da0b38d6\",\"name\":\"Daniel Perrin\",\"image\":{\"@type\":\"ImageObject\",\"inLanguage\":\"fr-FR\",\"@id\":\"https:\/\/elukelele.com\/fr\/#\/schema\/person\/image\/\",\"url\":\"https:\/\/secure.gravatar.com\/avatar\/37f9d9ffa29ce5640a0d9c6ca8bbd90afb854014296ecaa0e3a558ac716e6fe4?s=96&d=mm&r=g\",\"contentUrl\":\"https:\/\/secure.gravatar.com\/avatar\/37f9d9ffa29ce5640a0d9c6ca8bbd90afb854014296ecaa0e3a558ac716e6fe4?s=96&d=mm&r=g\",\"caption\":\"Daniel Perrin\"},\"sameAs\":[\"https:\/\/elukelele.com\/fr\"],\"url\":\"https:\/\/elukelele.com\/fr\/author\/daniel-perrin\/\"}]}<\/script>\n<!-- \/ Yoast SEO plugin. -->","yoast_head_json":{"title":"Boualem Sansal: \"Otage\" du r\u00e9gime alg\u00e9rien","description":"D\u00e9couvrez la d\u00e9claration poignante de Boualem Sansal, figure litt\u00e9raire, sur son exp\u00e9rience en Alg\u00e9rie. Ses mots r\u00e9v\u00e8lent la nature de sa d\u00e9tention et critiquen","robots":{"index":"index","follow":"follow","max-snippet":"max-snippet:-1","max-image-preview":"max-image-preview:large","max-video-preview":"max-video-preview:-1"},"canonical":"https:\/\/elukelele.com\/fr\/divertissement\/boualem-sansal-otage-du-regime-algerien-son-recit\/","og_locale":"fr_FR","og_type":"article","og_title":"Boualem Sansal: \"Otage\" du r\u00e9gime alg\u00e9rien","og_description":"D\u00e9couvrez la d\u00e9claration poignante de Boualem Sansal, figure litt\u00e9raire, sur son exp\u00e9rience en Alg\u00e9rie. Ses mots r\u00e9v\u00e8lent la nature de sa d\u00e9tention et critiquen","og_url":"https:\/\/elukelele.com\/fr\/divertissement\/boualem-sansal-otage-du-regime-algerien-son-recit\/","og_site_name":"El Ukelele","article_published_time":"2025-11-26T11:36:14+00:00","og_image":[{"width":1200,"height":628,"url":"https:\/\/elukelele.com\/fr\/wp-content\/uploads\/2025\/11\/framed_only-525.png","type":"image\/png"}],"author":"Daniel Perrin","twitter_card":"summary_large_image","twitter_misc":{"\u00c9crit par":"Daniel Perrin","Dur\u00e9e de lecture estim\u00e9e":"6 minutes"},"schema":{"@context":"https:\/\/schema.org","@graph":[{"@type":"WebPage","@id":"https:\/\/elukelele.com\/fr\/divertissement\/boualem-sansal-otage-du-regime-algerien-son-recit\/","url":"https:\/\/elukelele.com\/fr\/divertissement\/boualem-sansal-otage-du-regime-algerien-son-recit\/","name":"Boualem Sansal: \"Otage\" du r\u00e9gime alg\u00e9rien","isPartOf":{"@id":"https:\/\/elukelele.com\/fr\/#website"},"primaryImageOfPage":{"@id":"https:\/\/elukelele.com\/fr\/divertissement\/boualem-sansal-otage-du-regime-algerien-son-recit\/#primaryimage"},"image":{"@id":"https:\/\/elukelele.com\/fr\/divertissement\/boualem-sansal-otage-du-regime-algerien-son-recit\/#primaryimage"},"thumbnailUrl":"https:\/\/elukelele.com\/fr\/wp-content\/uploads\/2025\/11\/framed_only-525.png","datePublished":"2025-11-26T11:36:14+00:00","author":{"@id":"https:\/\/elukelele.com\/fr\/#\/schema\/person\/ccfb3d2be2ec7fa389608eb6da0b38d6"},"description":"D\u00e9couvrez la d\u00e9claration poignante de Boualem Sansal, figure litt\u00e9raire, sur son exp\u00e9rience en Alg\u00e9rie. Ses mots r\u00e9v\u00e8lent la nature de sa d\u00e9tention et critiquen","breadcrumb":{"@id":"https:\/\/elukelele.com\/fr\/divertissement\/boualem-sansal-otage-du-regime-algerien-son-recit\/#breadcrumb"},"inLanguage":"fr-FR","potentialAction":[{"@type":"ReadAction","target":["https:\/\/elukelele.com\/fr\/divertissement\/boualem-sansal-otage-du-regime-algerien-son-recit\/"]}]},{"@type":"ImageObject","inLanguage":"fr-FR","@id":"https:\/\/elukelele.com\/fr\/divertissement\/boualem-sansal-otage-du-regime-algerien-son-recit\/#primaryimage","url":"https:\/\/elukelele.com\/fr\/wp-content\/uploads\/2025\/11\/framed_only-525.png","contentUrl":"https:\/\/elukelele.com\/fr\/wp-content\/uploads\/2025\/11\/framed_only-525.png","width":1200,"height":628,"caption":"Boualem"},{"@type":"BreadcrumbList","@id":"https:\/\/elukelele.com\/fr\/divertissement\/boualem-sansal-otage-du-regime-algerien-son-recit\/#breadcrumb","itemListElement":[{"@type":"ListItem","position":1,"name":"Home","item":"https:\/\/elukelele.com\/fr\/"},{"@type":"ListItem","position":2,"name":"Boualem Sansal : Otage du r\u00e9gime alg\u00e9rien, son r\u00e9cit"}]},{"@type":"WebSite","@id":"https:\/\/elukelele.com\/fr\/#website","url":"https:\/\/elukelele.com\/fr\/","name":"El Ukelele","description":"Musique au-del\u00e0 de l&#039;indie","potentialAction":[{"@type":"SearchAction","target":{"@type":"EntryPoint","urlTemplate":"https:\/\/elukelele.com\/fr\/?s={search_term_string}"},"query-input":{"@type":"PropertyValueSpecification","valueRequired":true,"valueName":"search_term_string"}}],"inLanguage":"fr-FR"},{"@type":"Person","@id":"https:\/\/elukelele.com\/fr\/#\/schema\/person\/ccfb3d2be2ec7fa389608eb6da0b38d6","name":"Daniel Perrin","image":{"@type":"ImageObject","inLanguage":"fr-FR","@id":"https:\/\/elukelele.com\/fr\/#\/schema\/person\/image\/","url":"https:\/\/secure.gravatar.com\/avatar\/37f9d9ffa29ce5640a0d9c6ca8bbd90afb854014296ecaa0e3a558ac716e6fe4?s=96&d=mm&r=g","contentUrl":"https:\/\/secure.gravatar.com\/avatar\/37f9d9ffa29ce5640a0d9c6ca8bbd90afb854014296ecaa0e3a558ac716e6fe4?s=96&d=mm&r=g","caption":"Daniel Perrin"},"sameAs":["https:\/\/elukelele.com\/fr"],"url":"https:\/\/elukelele.com\/fr\/author\/daniel-perrin\/"}]}},"_links":{"self":[{"href":"https:\/\/elukelele.com\/fr\/wp-json\/wp\/v2\/posts\/45736","targetHints":{"allow":["GET"]}}],"collection":[{"href":"https:\/\/elukelele.com\/fr\/wp-json\/wp\/v2\/posts"}],"about":[{"href":"https:\/\/elukelele.com\/fr\/wp-json\/wp\/v2\/types\/post"}],"author":[{"embeddable":true,"href":"https:\/\/elukelele.com\/fr\/wp-json\/wp\/v2\/users\/4"}],"replies":[{"embeddable":true,"href":"https:\/\/elukelele.com\/fr\/wp-json\/wp\/v2\/comments?post=45736"}],"version-history":[{"count":1,"href":"https:\/\/elukelele.com\/fr\/wp-json\/wp\/v2\/posts\/45736\/revisions"}],"predecessor-version":[{"id":46101,"href":"https:\/\/elukelele.com\/fr\/wp-json\/wp\/v2\/posts\/45736\/revisions\/46101"}],"wp:featuredmedia":[{"embeddable":true,"href":"https:\/\/elukelele.com\/fr\/wp-json\/wp\/v2\/media\/45735"}],"wp:attachment":[{"href":"https:\/\/elukelele.com\/fr\/wp-json\/wp\/v2\/media?parent=45736"}],"wp:term":[{"taxonomy":"category","embeddable":true,"href":"https:\/\/elukelele.com\/fr\/wp-json\/wp\/v2\/categories?post=45736"},{"taxonomy":"post_tag","embeddable":true,"href":"https:\/\/elukelele.com\/fr\/wp-json\/wp\/v2\/tags?post=45736"}],"curies":[{"name":"wp","href":"https:\/\/api.w.org\/{rel}","templated":true}]}}