{"id":45728,"date":"2025-11-26T11:32:44","date_gmt":"2025-11-26T11:32:44","guid":{"rendered":"https:\/\/elukelele.com\/fr\/?p=45728"},"modified":"2025-11-26T11:32:45","modified_gmt":"2025-11-26T11:32:45","slug":"nawell-madani-son-spectacle-cartonne-et-elle-annonce","status":"publish","type":"post","link":"https:\/\/elukelele.com\/fr\/divertissement\/nawell-madani-son-spectacle-cartonne-et-elle-annonce\/","title":{"rendered":"Nawell Madani : Son spectacle cartonne et elle annonce !"},"content":{"rendered":"<p>L&rsquo;humoriste belge Nawell Madani a r\u00e9cemment exprim\u00e9 son profond \u00e9tonnement face \u00e0 l&rsquo;ampleur du succ\u00e8s rencontr\u00e9 par son dernier spectacle, un ph\u00e9nom\u00e8ne qui l&rsquo;a pouss\u00e9e \u00e0 faire une annonce majeure. Alors que l&rsquo;artiste sortait d&rsquo;une p\u00e9riode de pol\u00e9mique m\u00e9diatis\u00e9e, l&rsquo;engouement inattendu de son public a non seulement confirm\u00e9 son statut dans le paysage humoristique francophone, mais a \u00e9galement ouvert la voie \u00e0 une nouvelle \u00e9tape significative dans sa carri\u00e8re.<\/p>\n<h2>Retour sur une Pol\u00e9mique et R\u00e9conciliation<\/h2>\n<p>Le parcours r\u00e9cent de Nawell Madani n&rsquo;a pas \u00e9t\u00e9 sans emb\u00fbches. En effet, l&rsquo;humoriste s&rsquo;est retrouv\u00e9e au c\u0153ur d&rsquo;une vive controverse suite \u00e0 la diffusion d&rsquo;une vid\u00e9o le 6 octobre dernier. L&rsquo;extrait montrait l&rsquo;artiste impliqu\u00e9e dans un incident sur les Champs-\u00c9lys\u00e9es, o\u00f9 elle avait assen\u00e9 un coup de pied \u00e0 un enfant de six ans.<\/p>\n<p>Face \u00e0 la pol\u00e9mique croissante, Nawell Madani, par l&rsquo;interm\u00e9diaire de son avocate Caroline Toby, a rapidement pris la parole pour s&rsquo;expliquer et pr\u00e9senter ses excuses. Elle a \u00e9voqu\u00e9 un r\u00e9flexe de d\u00e9fense, se sentant menac\u00e9e par une pr\u00e9sence s&rsquo;approchant de son sac, et a exprim\u00e9 sa profonde tristesse envers l&rsquo;enfant et sa famille. L&rsquo;enfant a \u00e9t\u00e9 hospitalis\u00e9 et a re\u00e7u une Incapacit\u00e9 Temporaire Totale (ITT) de trois jours. L&rsquo;affaire a finalement \u00e9t\u00e9 r\u00e9solue par une mesure alternative propos\u00e9e par le parquet, permettant \u00e0 l&rsquo;humoriste d&rsquo;\u00e9viter un proc\u00e8s pour violences.<\/p>\n<p>Depuis cet incident, Nawell Madani a montr\u00e9 une volont\u00e9 de r\u00e9conciliation. Quelques semaines apr\u00e8s les faits, elle a pos\u00e9 avec la victime et sa famille, partageant un clich\u00e9 sur Instagram pour attester de l&rsquo;apaisement de la situation. Dans sa publication, l&rsquo;humoriste a soulign\u00e9 l&rsquo;importance des mots et de la clart\u00e9 pour dissiper les malentendus, choisissant \u00ab\u00a0la douceur et l\u2019apaisement d\u2019une rencontre\u00a0\u00bb pour exprimer ses excuses avec justesse.<\/p>\n<h2>Un Succ\u00e8s Inattendu et une Tourn\u00e9e Annonc\u00e9e<\/h2>\n<p>Malgr\u00e9 les turbulences r\u00e9centes, le spectacle de Nawell Madani a continu\u00e9 de captiver son public, d\u00e9montrant une fid\u00e9lit\u00e9 et un soutien qui l&rsquo;ont visiblement touch\u00e9e. C&rsquo;est dans ce contexte de r\u00e9ussite florissante que l&rsquo;artiste a partag\u00e9 une \u00ab\u00a0grande annonce\u00a0\u00bb avec sa communaut\u00e9 ce lundi 24 novembre 2025.<\/p>\n<p>Nawell Madani a exprim\u00e9 son \u00e9tonnement sinc\u00e8re face \u00e0 l&rsquo;engouement pour ce qu&rsquo;elle d\u00e9crit comme un \u00ab\u00a0spectacle si intimiste\u00a0\u00bb. \u00ab\u00a0Je n\u2019aurais jamais imagin\u00e9 que ce spectacle si intimiste rencontrerait un tel succ\u00e8s\u2026\u00a0\u00bb, a-t-elle confi\u00e9, visiblement \u00e9mue par les standing ovations et la connexion forte qu&rsquo;elle ressent avec ses fans.<\/p>\n<p>L&rsquo;annonce majeure qui en d\u00e9coule est le lancement d&rsquo;une vaste tourn\u00e9e des Z\u00e9niths. Cette expansion lui permettra de se produire dans des salles de grande envergure, y compris le Forest National en Belgique, et d&rsquo;autres sc\u00e8nes prestigieuses. La billetterie est d\u00e9sormais ouverte, offrant \u00e0 un public encore plus large l&rsquo;opportunit\u00e9 de d\u00e9couvrir ou red\u00e9couvrir son travail. Cette d\u00e9cision marque une \u00e9tape significative pour Nawell Madani, qui, apr\u00e8s avoir travers\u00e9 une p\u00e9riode difficile, se r\u00e9jouit de ce projet d&rsquo;envergure, remerciant chaleureusement ses fans pour leur soutien continu.<\/p>\n<h2>Conclusion<\/h2>\n<p>Le parcours r\u00e9cent de Nawell Madani est un t\u00e9moignage de r\u00e9silience et de la force du lien entre un artiste et son public. Malgr\u00e9 une controverse pass\u00e9e et sa r\u00e9solution, l&rsquo;humoriste a \u00e9t\u00e9 agr\u00e9ablement surprise par le succ\u00e8s persistant de son spectacle. Cette reconnaissance l&rsquo;a pouss\u00e9e \u00e0 embrasser une nouvelle aventure avec une tourn\u00e9e des Z\u00e9niths, confirmant ainsi sa place comme une figure appr\u00e9ci\u00e9e de la sc\u00e8ne humoristique.<\/p>\n","protected":false},"excerpt":{"rendered":"<p>L&rsquo;humoriste belge Nawell Madani a r\u00e9cemment exprim\u00e9 son profond \u00e9tonnement face \u00e0 l&rsquo;ampleur du succ\u00e8s rencontr\u00e9 par son dernier spectacle, un ph\u00e9nom\u00e8ne qui l&rsquo;a pouss\u00e9e \u00e0 faire une annonce majeure. Alors que l&rsquo;artiste sortait d&rsquo;une p\u00e9riode de pol\u00e9mique m\u00e9diatis\u00e9e, l&rsquo;engouement inattendu de son public a non seulement confirm\u00e9 son statut dans le paysage humoristique francophone, [&hellip;]<\/p>\n","protected":false},"author":4,"featured_media":45727,"comment_status":"open","ping_status":"open","sticky":false,"template":"","format":"standard","meta":{"_yoast_wpseo_title":"Nawell Madani : Succ\u00e8s Inattendu et Grande Annonce","_yoast_wpseo_metadesc":"Nawell Madani est surprise du succ\u00e8s de son spectacle et fait une grande annonce. D\u00e9couvrez comment l'humoriste belge a surmont\u00e9.","_yoast_wpseo_focuskw":"Nawell"},"categories":[5],"tags":[],"class_list":["post-45728","post","type-post","status-publish","format-standard","has-post-thumbnail","hentry","category-divertissement"],"yoast_head":"<!-- This site is optimized with the Yoast SEO plugin v26.3 - https:\/\/yoast.com\/wordpress\/plugins\/seo\/ -->\n<title>Nawell Madani : Succ\u00e8s Inattendu et Grande Annonce<\/title>\n<meta name=\"description\" content=\"Nawell Madani est surprise du succ\u00e8s de son spectacle et fait une grande annonce. D\u00e9couvrez comment l&#039;humoriste belge a surmont\u00e9.\" \/>\n<meta name=\"robots\" content=\"index, follow, max-snippet:-1, max-image-preview:large, max-video-preview:-1\" \/>\n<link rel=\"canonical\" href=\"https:\/\/elukelele.com\/fr\/divertissement\/nawell-madani-son-spectacle-cartonne-et-elle-annonce\/\" \/>\n<meta property=\"og:locale\" content=\"fr_FR\" \/>\n<meta property=\"og:type\" content=\"article\" \/>\n<meta property=\"og:title\" content=\"Nawell Madani : Succ\u00e8s Inattendu et Grande Annonce\" \/>\n<meta property=\"og:description\" content=\"Nawell Madani est surprise du succ\u00e8s de son spectacle et fait une grande annonce. D\u00e9couvrez comment l&#039;humoriste belge a surmont\u00e9.\" \/>\n<meta property=\"og:url\" content=\"https:\/\/elukelele.com\/fr\/divertissement\/nawell-madani-son-spectacle-cartonne-et-elle-annonce\/\" \/>\n<meta property=\"og:site_name\" content=\"El Ukelele\" \/>\n<meta property=\"article:published_time\" content=\"2025-11-26T11:32:44+00:00\" \/>\n<meta property=\"article:modified_time\" content=\"2025-11-26T11:32:45+00:00\" \/>\n<meta property=\"og:image\" content=\"https:\/\/elukelele.com\/fr\/wp-content\/uploads\/2025\/11\/framed_only-521.png\" \/>\n\t<meta property=\"og:image:width\" content=\"1200\" \/>\n\t<meta property=\"og:image:height\" content=\"628\" \/>\n\t<meta property=\"og:image:type\" content=\"image\/png\" \/>\n<meta name=\"author\" content=\"Daniel Perrin\" \/>\n<meta name=\"twitter:card\" content=\"summary_large_image\" \/>\n<meta name=\"twitter:label1\" content=\"\u00c9crit par\" \/>\n\t<meta name=\"twitter:data1\" content=\"Daniel Perrin\" \/>\n\t<meta name=\"twitter:label2\" content=\"Dur\u00e9e de lecture estim\u00e9e\" \/>\n\t<meta name=\"twitter:data2\" content=\"3 minutes\" \/>\n<script type=\"application\/ld+json\" class=\"yoast-schema-graph\">{\"@context\":\"https:\/\/schema.org\",\"@graph\":[{\"@type\":\"WebPage\",\"@id\":\"https:\/\/elukelele.com\/fr\/divertissement\/nawell-madani-son-spectacle-cartonne-et-elle-annonce\/\",\"url\":\"https:\/\/elukelele.com\/fr\/divertissement\/nawell-madani-son-spectacle-cartonne-et-elle-annonce\/\",\"name\":\"Nawell Madani : Succ\u00e8s Inattendu et Grande Annonce\",\"isPartOf\":{\"@id\":\"https:\/\/elukelele.com\/fr\/#website\"},\"primaryImageOfPage\":{\"@id\":\"https:\/\/elukelele.com\/fr\/divertissement\/nawell-madani-son-spectacle-cartonne-et-elle-annonce\/#primaryimage\"},\"image\":{\"@id\":\"https:\/\/elukelele.com\/fr\/divertissement\/nawell-madani-son-spectacle-cartonne-et-elle-annonce\/#primaryimage\"},\"thumbnailUrl\":\"https:\/\/elukelele.com\/fr\/wp-content\/uploads\/2025\/11\/framed_only-521.png\",\"datePublished\":\"2025-11-26T11:32:44+00:00\",\"dateModified\":\"2025-11-26T11:32:45+00:00\",\"author\":{\"@id\":\"https:\/\/elukelele.com\/fr\/#\/schema\/person\/ccfb3d2be2ec7fa389608eb6da0b38d6\"},\"description\":\"Nawell Madani est surprise du succ\u00e8s de son spectacle et fait une grande annonce. D\u00e9couvrez comment l'humoriste belge a surmont\u00e9.\",\"breadcrumb\":{\"@id\":\"https:\/\/elukelele.com\/fr\/divertissement\/nawell-madani-son-spectacle-cartonne-et-elle-annonce\/#breadcrumb\"},\"inLanguage\":\"fr-FR\",\"potentialAction\":[{\"@type\":\"ReadAction\",\"target\":[\"https:\/\/elukelele.com\/fr\/divertissement\/nawell-madani-son-spectacle-cartonne-et-elle-annonce\/\"]}]},{\"@type\":\"ImageObject\",\"inLanguage\":\"fr-FR\",\"@id\":\"https:\/\/elukelele.com\/fr\/divertissement\/nawell-madani-son-spectacle-cartonne-et-elle-annonce\/#primaryimage\",\"url\":\"https:\/\/elukelele.com\/fr\/wp-content\/uploads\/2025\/11\/framed_only-521.png\",\"contentUrl\":\"https:\/\/elukelele.com\/fr\/wp-content\/uploads\/2025\/11\/framed_only-521.png\",\"width\":1200,\"height\":628,\"caption\":\"Nawell\"},{\"@type\":\"BreadcrumbList\",\"@id\":\"https:\/\/elukelele.com\/fr\/divertissement\/nawell-madani-son-spectacle-cartonne-et-elle-annonce\/#breadcrumb\",\"itemListElement\":[{\"@type\":\"ListItem\",\"position\":1,\"name\":\"Home\",\"item\":\"https:\/\/elukelele.com\/fr\/\"},{\"@type\":\"ListItem\",\"position\":2,\"name\":\"Nawell Madani : Son spectacle cartonne et elle annonce !\"}]},{\"@type\":\"WebSite\",\"@id\":\"https:\/\/elukelele.com\/fr\/#website\",\"url\":\"https:\/\/elukelele.com\/fr\/\",\"name\":\"El Ukelele\",\"description\":\"Musique au-del\u00e0 de l&#039;indie\",\"potentialAction\":[{\"@type\":\"SearchAction\",\"target\":{\"@type\":\"EntryPoint\",\"urlTemplate\":\"https:\/\/elukelele.com\/fr\/?s={search_term_string}\"},\"query-input\":{\"@type\":\"PropertyValueSpecification\",\"valueRequired\":true,\"valueName\":\"search_term_string\"}}],\"inLanguage\":\"fr-FR\"},{\"@type\":\"Person\",\"@id\":\"https:\/\/elukelele.com\/fr\/#\/schema\/person\/ccfb3d2be2ec7fa389608eb6da0b38d6\",\"name\":\"Daniel Perrin\",\"image\":{\"@type\":\"ImageObject\",\"inLanguage\":\"fr-FR\",\"@id\":\"https:\/\/elukelele.com\/fr\/#\/schema\/person\/image\/\",\"url\":\"https:\/\/secure.gravatar.com\/avatar\/37f9d9ffa29ce5640a0d9c6ca8bbd90afb854014296ecaa0e3a558ac716e6fe4?s=96&d=mm&r=g\",\"contentUrl\":\"https:\/\/secure.gravatar.com\/avatar\/37f9d9ffa29ce5640a0d9c6ca8bbd90afb854014296ecaa0e3a558ac716e6fe4?s=96&d=mm&r=g\",\"caption\":\"Daniel Perrin\"},\"sameAs\":[\"https:\/\/elukelele.com\/fr\"],\"url\":\"https:\/\/elukelele.com\/fr\/author\/daniel-perrin\/\"}]}<\/script>\n<!-- \/ Yoast SEO plugin. -->","yoast_head_json":{"title":"Nawell Madani : Succ\u00e8s Inattendu et Grande Annonce","description":"Nawell Madani est surprise du succ\u00e8s de son spectacle et fait une grande annonce. D\u00e9couvrez comment l'humoriste belge a surmont\u00e9.","robots":{"index":"index","follow":"follow","max-snippet":"max-snippet:-1","max-image-preview":"max-image-preview:large","max-video-preview":"max-video-preview:-1"},"canonical":"https:\/\/elukelele.com\/fr\/divertissement\/nawell-madani-son-spectacle-cartonne-et-elle-annonce\/","og_locale":"fr_FR","og_type":"article","og_title":"Nawell Madani : Succ\u00e8s Inattendu et Grande Annonce","og_description":"Nawell Madani est surprise du succ\u00e8s de son spectacle et fait une grande annonce. D\u00e9couvrez comment l'humoriste belge a surmont\u00e9.","og_url":"https:\/\/elukelele.com\/fr\/divertissement\/nawell-madani-son-spectacle-cartonne-et-elle-annonce\/","og_site_name":"El Ukelele","article_published_time":"2025-11-26T11:32:44+00:00","article_modified_time":"2025-11-26T11:32:45+00:00","og_image":[{"width":1200,"height":628,"url":"https:\/\/elukelele.com\/fr\/wp-content\/uploads\/2025\/11\/framed_only-521.png","type":"image\/png"}],"author":"Daniel Perrin","twitter_card":"summary_large_image","twitter_misc":{"\u00c9crit par":"Daniel Perrin","Dur\u00e9e de lecture estim\u00e9e":"3 minutes"},"schema":{"@context":"https:\/\/schema.org","@graph":[{"@type":"WebPage","@id":"https:\/\/elukelele.com\/fr\/divertissement\/nawell-madani-son-spectacle-cartonne-et-elle-annonce\/","url":"https:\/\/elukelele.com\/fr\/divertissement\/nawell-madani-son-spectacle-cartonne-et-elle-annonce\/","name":"Nawell Madani : Succ\u00e8s Inattendu et Grande Annonce","isPartOf":{"@id":"https:\/\/elukelele.com\/fr\/#website"},"primaryImageOfPage":{"@id":"https:\/\/elukelele.com\/fr\/divertissement\/nawell-madani-son-spectacle-cartonne-et-elle-annonce\/#primaryimage"},"image":{"@id":"https:\/\/elukelele.com\/fr\/divertissement\/nawell-madani-son-spectacle-cartonne-et-elle-annonce\/#primaryimage"},"thumbnailUrl":"https:\/\/elukelele.com\/fr\/wp-content\/uploads\/2025\/11\/framed_only-521.png","datePublished":"2025-11-26T11:32:44+00:00","dateModified":"2025-11-26T11:32:45+00:00","author":{"@id":"https:\/\/elukelele.com\/fr\/#\/schema\/person\/ccfb3d2be2ec7fa389608eb6da0b38d6"},"description":"Nawell Madani est surprise du succ\u00e8s de son spectacle et fait une grande annonce. D\u00e9couvrez comment l'humoriste belge a surmont\u00e9.","breadcrumb":{"@id":"https:\/\/elukelele.com\/fr\/divertissement\/nawell-madani-son-spectacle-cartonne-et-elle-annonce\/#breadcrumb"},"inLanguage":"fr-FR","potentialAction":[{"@type":"ReadAction","target":["https:\/\/elukelele.com\/fr\/divertissement\/nawell-madani-son-spectacle-cartonne-et-elle-annonce\/"]}]},{"@type":"ImageObject","inLanguage":"fr-FR","@id":"https:\/\/elukelele.com\/fr\/divertissement\/nawell-madani-son-spectacle-cartonne-et-elle-annonce\/#primaryimage","url":"https:\/\/elukelele.com\/fr\/wp-content\/uploads\/2025\/11\/framed_only-521.png","contentUrl":"https:\/\/elukelele.com\/fr\/wp-content\/uploads\/2025\/11\/framed_only-521.png","width":1200,"height":628,"caption":"Nawell"},{"@type":"BreadcrumbList","@id":"https:\/\/elukelele.com\/fr\/divertissement\/nawell-madani-son-spectacle-cartonne-et-elle-annonce\/#breadcrumb","itemListElement":[{"@type":"ListItem","position":1,"name":"Home","item":"https:\/\/elukelele.com\/fr\/"},{"@type":"ListItem","position":2,"name":"Nawell Madani : Son spectacle cartonne et elle annonce !"}]},{"@type":"WebSite","@id":"https:\/\/elukelele.com\/fr\/#website","url":"https:\/\/elukelele.com\/fr\/","name":"El Ukelele","description":"Musique au-del\u00e0 de l&#039;indie","potentialAction":[{"@type":"SearchAction","target":{"@type":"EntryPoint","urlTemplate":"https:\/\/elukelele.com\/fr\/?s={search_term_string}"},"query-input":{"@type":"PropertyValueSpecification","valueRequired":true,"valueName":"search_term_string"}}],"inLanguage":"fr-FR"},{"@type":"Person","@id":"https:\/\/elukelele.com\/fr\/#\/schema\/person\/ccfb3d2be2ec7fa389608eb6da0b38d6","name":"Daniel Perrin","image":{"@type":"ImageObject","inLanguage":"fr-FR","@id":"https:\/\/elukelele.com\/fr\/#\/schema\/person\/image\/","url":"https:\/\/secure.gravatar.com\/avatar\/37f9d9ffa29ce5640a0d9c6ca8bbd90afb854014296ecaa0e3a558ac716e6fe4?s=96&d=mm&r=g","contentUrl":"https:\/\/secure.gravatar.com\/avatar\/37f9d9ffa29ce5640a0d9c6ca8bbd90afb854014296ecaa0e3a558ac716e6fe4?s=96&d=mm&r=g","caption":"Daniel Perrin"},"sameAs":["https:\/\/elukelele.com\/fr"],"url":"https:\/\/elukelele.com\/fr\/author\/daniel-perrin\/"}]}},"_links":{"self":[{"href":"https:\/\/elukelele.com\/fr\/wp-json\/wp\/v2\/posts\/45728","targetHints":{"allow":["GET"]}}],"collection":[{"href":"https:\/\/elukelele.com\/fr\/wp-json\/wp\/v2\/posts"}],"about":[{"href":"https:\/\/elukelele.com\/fr\/wp-json\/wp\/v2\/types\/post"}],"author":[{"embeddable":true,"href":"https:\/\/elukelele.com\/fr\/wp-json\/wp\/v2\/users\/4"}],"replies":[{"embeddable":true,"href":"https:\/\/elukelele.com\/fr\/wp-json\/wp\/v2\/comments?post=45728"}],"version-history":[{"count":1,"href":"https:\/\/elukelele.com\/fr\/wp-json\/wp\/v2\/posts\/45728\/revisions"}],"predecessor-version":[{"id":46098,"href":"https:\/\/elukelele.com\/fr\/wp-json\/wp\/v2\/posts\/45728\/revisions\/46098"}],"wp:featuredmedia":[{"embeddable":true,"href":"https:\/\/elukelele.com\/fr\/wp-json\/wp\/v2\/media\/45727"}],"wp:attachment":[{"href":"https:\/\/elukelele.com\/fr\/wp-json\/wp\/v2\/media?parent=45728"}],"wp:term":[{"taxonomy":"category","embeddable":true,"href":"https:\/\/elukelele.com\/fr\/wp-json\/wp\/v2\/categories?post=45728"},{"taxonomy":"post_tag","embeddable":true,"href":"https:\/\/elukelele.com\/fr\/wp-json\/wp\/v2\/tags?post=45728"}],"curies":[{"name":"wp","href":"https:\/\/api.w.org\/{rel}","templated":true}]}}