{"id":45724,"date":"2025-11-26T11:29:49","date_gmt":"2025-11-26T11:29:49","guid":{"rendered":"https:\/\/elukelele.com\/fr\/?p=45724"},"modified":"2025-11-26T11:29:49","modified_gmt":"2025-11-26T11:29:49","slug":"cyril-feraud-hommage-dechirant-a-son-pere-decede","status":"publish","type":"post","link":"https:\/\/elukelele.com\/fr\/divertissement\/cyril-feraud-hommage-dechirant-a-son-pere-decede\/","title":{"rendered":"Cyril F\u00e9raud : Hommage d\u00e9chirant \u00e0 son p\u00e8re d\u00e9c\u00e9d\u00e9"},"content":{"rendered":"<p>Cyril F\u00e9raud, figure bien connue du paysage audiovisuel fran\u00e7ais, a r\u00e9cemment partag\u00e9 un moment d&rsquo;une profonde intimit\u00e9 \u00e9motionnelle sur ses r\u00e9seaux sociaux. L&rsquo;animateur a publi\u00e9 une photo d\u00e9chirante de l&rsquo;homme de sa vie d\u00e9c\u00e9d\u00e9, son p\u00e8re, et a \u00e9voqu\u00e9, comme jamais auparavant, sa relation avec l&rsquo;au-del\u00e0, touchant une corde sensible aupr\u00e8s de sa vaste communaut\u00e9.<\/p>\n<h2>Le Deuil et le Soutien Ind\u00e9fectible de sa Communaut\u00e9<\/h2>\n<p>En 2019, Cyril F\u00e9raud a \u00e9t\u00e9 confront\u00e9 \u00e0 la perte d\u00e9vastatrice de son p\u00e8re, un \u00e9v\u00e9nement qu&rsquo;il continue de porter. Cette p\u00e9riode difficile a \u00e9t\u00e9 un tournant pour l&rsquo;animateur, qui a trouv\u00e9 un r\u00e9confort pr\u00e9cieux dans le soutien de son public. Il a en effet t\u00e9moign\u00e9 avoir re\u00e7u des milliers de messages de r\u00e9confort et de soutien de la part des internautes et des t\u00e9l\u00e9spectateurs, l&rsquo;aidant \u00e0 traverser cette \u00e9preuve. Ce m\u00eame \u00e9lan de bienveillance s&rsquo;est manifest\u00e9 \u00e0 nouveau lors de l&rsquo;annonce de la naissance de son fils, Tim, prouvant le lien solide et authentique qu&rsquo;il entretient avec son audience. La disparition de son p\u00e8re, survenue peu avant l&rsquo;arriv\u00e9e de son petit-fils, a paradoxalement renforc\u00e9 la conviction de Cyril F\u00e9raud en une pr\u00e9sence protectrice et continue de son parent disparu.<\/p>\n<h2>Une Photo Douloureuse et un Message Profond sur l&rsquo;Au-del\u00e0<\/h2>\n<p>Ce lundi 24 novembre 2025, Cyril F\u00e9raud a choisi de raviver la m\u00e9moire de son p\u00e8re \u00e0 l&rsquo;occasion de son anniversaire. Sur Instagram, il a partag\u00e9 un clich\u00e9 \u00e9mouvant de son p\u00e8re, qui semblait avoir \u00e9t\u00e9 pris \u00e0 bord d&rsquo;un h\u00e9licopt\u00e8re, \u00e9voquant par l\u00e0 m\u00eame un parall\u00e8le subtil avec les tournages de l&rsquo;\u00e9mission \u00ab\u00a0La Carte aux tr\u00e9sors\u00a0\u00bb que Cyril anime. La l\u00e9gende accompagnant cette image \u00e9tait particuli\u00e8rement touchante : \u00ab Bon anniversaire Papa. Merci de veiller sur moi, sur nous tous, de l\u00e0-haut. Et tu fais un sacr\u00e9 bon boulot. Tu n\u2019as jamais \u00e9t\u00e9 autant l\u00e0. Je t\u2019aime. \u00bb<\/p>\n<p>Ce message r\u00e9v\u00e8le la profondeur de la relation de Cyril F\u00e9raud avec l&rsquo;au-del\u00e0. Loin d&rsquo;\u00eatre une simple expression de chagrin, il exprime une foi personnelle et la conviction que son p\u00e8re continue de jouer un r\u00f4le actif dans sa vie et celle de sa famille, offrant protection et bienveillance. Cette perspective spirituelle lui permet de transformer la douleur du deuil en une source de force et de gratitude, soulignant que des \u00ab choses extraordinaires \u00bb lui sont arriv\u00e9es depuis le d\u00e9part de son p\u00e8re.<\/p>\n<h2>Conclusion<\/h2>\n<p>La publication de Cyril F\u00e9raud sur son p\u00e8re d\u00e9c\u00e9d\u00e9 est un t\u00e9moignage puissant de l&rsquo;amour filial et de la mani\u00e8re dont les individus peuvent traverser le deuil. En partageant publiquement son chagrin et sa foi en une connexion perdurant au-del\u00e0 de la vie, l&rsquo;animateur offre une r\u00e9sonance \u00e9motionnelle \u00e0 beaucoup, illustrant la complexit\u00e9 et la richesse des liens familiaux, m\u00eame face \u00e0 l&rsquo;absence. Son message souligne une vision o\u00f9 la m\u00e9moire des \u00eatres chers reste une source de protection et d&rsquo;inspiration constante.<\/p>\n","protected":false},"excerpt":{"rendered":"<p>Cyril F\u00e9raud, figure bien connue du paysage audiovisuel fran\u00e7ais, a r\u00e9cemment partag\u00e9 un moment d&rsquo;une profonde intimit\u00e9 \u00e9motionnelle sur ses r\u00e9seaux sociaux. L&rsquo;animateur a publi\u00e9 une photo d\u00e9chirante de l&rsquo;homme de sa vie d\u00e9c\u00e9d\u00e9, son p\u00e8re, et a \u00e9voqu\u00e9, comme jamais auparavant, sa relation avec l&rsquo;au-del\u00e0, touchant une corde sensible aupr\u00e8s de sa vaste communaut\u00e9. [&hellip;]<\/p>\n","protected":false},"author":4,"featured_media":45723,"comment_status":"open","ping_status":"open","sticky":false,"template":"","format":"standard","meta":{"_yoast_wpseo_title":"Cyril F\u00e9raud : Photo de deuil et relation avec l'au-del\u00e0","_yoast_wpseo_metadesc":"Cyril F\u00e9raud partage une photo poignante de son p\u00e8re d\u00e9c\u00e9d\u00e9 et parle de sa relation avec l'au-del\u00e0.","_yoast_wpseo_focuskw":"Cyril"},"categories":[5],"tags":[],"class_list":["post-45724","post","type-post","status-publish","format-standard","has-post-thumbnail","hentry","category-divertissement"],"yoast_head":"<!-- This site is optimized with the Yoast SEO plugin v26.3 - https:\/\/yoast.com\/wordpress\/plugins\/seo\/ -->\n<title>Cyril F\u00e9raud : Photo de deuil et relation avec l&#039;au-del\u00e0<\/title>\n<meta name=\"description\" content=\"Cyril F\u00e9raud partage une photo poignante de son p\u00e8re d\u00e9c\u00e9d\u00e9 et parle de sa relation avec l&#039;au-del\u00e0.\" \/>\n<meta name=\"robots\" content=\"index, follow, max-snippet:-1, max-image-preview:large, max-video-preview:-1\" \/>\n<link rel=\"canonical\" href=\"https:\/\/elukelele.com\/fr\/divertissement\/cyril-feraud-hommage-dechirant-a-son-pere-decede\/\" \/>\n<meta property=\"og:locale\" content=\"fr_FR\" \/>\n<meta property=\"og:type\" content=\"article\" \/>\n<meta property=\"og:title\" content=\"Cyril F\u00e9raud : Photo de deuil et relation avec l&#039;au-del\u00e0\" \/>\n<meta property=\"og:description\" content=\"Cyril F\u00e9raud partage une photo poignante de son p\u00e8re d\u00e9c\u00e9d\u00e9 et parle de sa relation avec l&#039;au-del\u00e0.\" \/>\n<meta property=\"og:url\" content=\"https:\/\/elukelele.com\/fr\/divertissement\/cyril-feraud-hommage-dechirant-a-son-pere-decede\/\" \/>\n<meta property=\"og:site_name\" content=\"El Ukelele\" \/>\n<meta property=\"article:published_time\" content=\"2025-11-26T11:29:49+00:00\" \/>\n<meta property=\"og:image\" content=\"https:\/\/elukelele.com\/fr\/wp-content\/uploads\/2025\/11\/framed_only-519.png\" \/>\n\t<meta property=\"og:image:width\" content=\"1200\" \/>\n\t<meta property=\"og:image:height\" content=\"628\" \/>\n\t<meta property=\"og:image:type\" content=\"image\/png\" \/>\n<meta name=\"author\" content=\"Daniel Perrin\" \/>\n<meta name=\"twitter:card\" content=\"summary_large_image\" \/>\n<meta name=\"twitter:label1\" content=\"\u00c9crit par\" \/>\n\t<meta name=\"twitter:data1\" content=\"Daniel Perrin\" \/>\n\t<meta name=\"twitter:label2\" content=\"Dur\u00e9e de lecture estim\u00e9e\" \/>\n\t<meta name=\"twitter:data2\" content=\"3 minutes\" \/>\n<script type=\"application\/ld+json\" class=\"yoast-schema-graph\">{\"@context\":\"https:\/\/schema.org\",\"@graph\":[{\"@type\":\"WebPage\",\"@id\":\"https:\/\/elukelele.com\/fr\/divertissement\/cyril-feraud-hommage-dechirant-a-son-pere-decede\/\",\"url\":\"https:\/\/elukelele.com\/fr\/divertissement\/cyril-feraud-hommage-dechirant-a-son-pere-decede\/\",\"name\":\"Cyril F\u00e9raud : Photo de deuil et relation avec l'au-del\u00e0\",\"isPartOf\":{\"@id\":\"https:\/\/elukelele.com\/fr\/#website\"},\"primaryImageOfPage\":{\"@id\":\"https:\/\/elukelele.com\/fr\/divertissement\/cyril-feraud-hommage-dechirant-a-son-pere-decede\/#primaryimage\"},\"image\":{\"@id\":\"https:\/\/elukelele.com\/fr\/divertissement\/cyril-feraud-hommage-dechirant-a-son-pere-decede\/#primaryimage\"},\"thumbnailUrl\":\"https:\/\/elukelele.com\/fr\/wp-content\/uploads\/2025\/11\/framed_only-519.png\",\"datePublished\":\"2025-11-26T11:29:49+00:00\",\"author\":{\"@id\":\"https:\/\/elukelele.com\/fr\/#\/schema\/person\/ccfb3d2be2ec7fa389608eb6da0b38d6\"},\"description\":\"Cyril F\u00e9raud partage une photo poignante de son p\u00e8re d\u00e9c\u00e9d\u00e9 et parle de sa relation avec l'au-del\u00e0.\",\"breadcrumb\":{\"@id\":\"https:\/\/elukelele.com\/fr\/divertissement\/cyril-feraud-hommage-dechirant-a-son-pere-decede\/#breadcrumb\"},\"inLanguage\":\"fr-FR\",\"potentialAction\":[{\"@type\":\"ReadAction\",\"target\":[\"https:\/\/elukelele.com\/fr\/divertissement\/cyril-feraud-hommage-dechirant-a-son-pere-decede\/\"]}]},{\"@type\":\"ImageObject\",\"inLanguage\":\"fr-FR\",\"@id\":\"https:\/\/elukelele.com\/fr\/divertissement\/cyril-feraud-hommage-dechirant-a-son-pere-decede\/#primaryimage\",\"url\":\"https:\/\/elukelele.com\/fr\/wp-content\/uploads\/2025\/11\/framed_only-519.png\",\"contentUrl\":\"https:\/\/elukelele.com\/fr\/wp-content\/uploads\/2025\/11\/framed_only-519.png\",\"width\":1200,\"height\":628,\"caption\":\"Cyril\"},{\"@type\":\"BreadcrumbList\",\"@id\":\"https:\/\/elukelele.com\/fr\/divertissement\/cyril-feraud-hommage-dechirant-a-son-pere-decede\/#breadcrumb\",\"itemListElement\":[{\"@type\":\"ListItem\",\"position\":1,\"name\":\"Home\",\"item\":\"https:\/\/elukelele.com\/fr\/\"},{\"@type\":\"ListItem\",\"position\":2,\"name\":\"Cyril F\u00e9raud : Hommage d\u00e9chirant \u00e0 son p\u00e8re d\u00e9c\u00e9d\u00e9\"}]},{\"@type\":\"WebSite\",\"@id\":\"https:\/\/elukelele.com\/fr\/#website\",\"url\":\"https:\/\/elukelele.com\/fr\/\",\"name\":\"El Ukelele\",\"description\":\"Musique au-del\u00e0 de l&#039;indie\",\"potentialAction\":[{\"@type\":\"SearchAction\",\"target\":{\"@type\":\"EntryPoint\",\"urlTemplate\":\"https:\/\/elukelele.com\/fr\/?s={search_term_string}\"},\"query-input\":{\"@type\":\"PropertyValueSpecification\",\"valueRequired\":true,\"valueName\":\"search_term_string\"}}],\"inLanguage\":\"fr-FR\"},{\"@type\":\"Person\",\"@id\":\"https:\/\/elukelele.com\/fr\/#\/schema\/person\/ccfb3d2be2ec7fa389608eb6da0b38d6\",\"name\":\"Daniel Perrin\",\"image\":{\"@type\":\"ImageObject\",\"inLanguage\":\"fr-FR\",\"@id\":\"https:\/\/elukelele.com\/fr\/#\/schema\/person\/image\/\",\"url\":\"https:\/\/secure.gravatar.com\/avatar\/37f9d9ffa29ce5640a0d9c6ca8bbd90afb854014296ecaa0e3a558ac716e6fe4?s=96&d=mm&r=g\",\"contentUrl\":\"https:\/\/secure.gravatar.com\/avatar\/37f9d9ffa29ce5640a0d9c6ca8bbd90afb854014296ecaa0e3a558ac716e6fe4?s=96&d=mm&r=g\",\"caption\":\"Daniel Perrin\"},\"sameAs\":[\"https:\/\/elukelele.com\/fr\"],\"url\":\"https:\/\/elukelele.com\/fr\/author\/daniel-perrin\/\"}]}<\/script>\n<!-- \/ Yoast SEO plugin. -->","yoast_head_json":{"title":"Cyril F\u00e9raud : Photo de deuil et relation avec l'au-del\u00e0","description":"Cyril F\u00e9raud partage une photo poignante de son p\u00e8re d\u00e9c\u00e9d\u00e9 et parle de sa relation avec l'au-del\u00e0.","robots":{"index":"index","follow":"follow","max-snippet":"max-snippet:-1","max-image-preview":"max-image-preview:large","max-video-preview":"max-video-preview:-1"},"canonical":"https:\/\/elukelele.com\/fr\/divertissement\/cyril-feraud-hommage-dechirant-a-son-pere-decede\/","og_locale":"fr_FR","og_type":"article","og_title":"Cyril F\u00e9raud : Photo de deuil et relation avec l'au-del\u00e0","og_description":"Cyril F\u00e9raud partage une photo poignante de son p\u00e8re d\u00e9c\u00e9d\u00e9 et parle de sa relation avec l'au-del\u00e0.","og_url":"https:\/\/elukelele.com\/fr\/divertissement\/cyril-feraud-hommage-dechirant-a-son-pere-decede\/","og_site_name":"El Ukelele","article_published_time":"2025-11-26T11:29:49+00:00","og_image":[{"width":1200,"height":628,"url":"https:\/\/elukelele.com\/fr\/wp-content\/uploads\/2025\/11\/framed_only-519.png","type":"image\/png"}],"author":"Daniel Perrin","twitter_card":"summary_large_image","twitter_misc":{"\u00c9crit par":"Daniel Perrin","Dur\u00e9e de lecture estim\u00e9e":"3 minutes"},"schema":{"@context":"https:\/\/schema.org","@graph":[{"@type":"WebPage","@id":"https:\/\/elukelele.com\/fr\/divertissement\/cyril-feraud-hommage-dechirant-a-son-pere-decede\/","url":"https:\/\/elukelele.com\/fr\/divertissement\/cyril-feraud-hommage-dechirant-a-son-pere-decede\/","name":"Cyril F\u00e9raud : Photo de deuil et relation avec l'au-del\u00e0","isPartOf":{"@id":"https:\/\/elukelele.com\/fr\/#website"},"primaryImageOfPage":{"@id":"https:\/\/elukelele.com\/fr\/divertissement\/cyril-feraud-hommage-dechirant-a-son-pere-decede\/#primaryimage"},"image":{"@id":"https:\/\/elukelele.com\/fr\/divertissement\/cyril-feraud-hommage-dechirant-a-son-pere-decede\/#primaryimage"},"thumbnailUrl":"https:\/\/elukelele.com\/fr\/wp-content\/uploads\/2025\/11\/framed_only-519.png","datePublished":"2025-11-26T11:29:49+00:00","author":{"@id":"https:\/\/elukelele.com\/fr\/#\/schema\/person\/ccfb3d2be2ec7fa389608eb6da0b38d6"},"description":"Cyril F\u00e9raud partage une photo poignante de son p\u00e8re d\u00e9c\u00e9d\u00e9 et parle de sa relation avec l'au-del\u00e0.","breadcrumb":{"@id":"https:\/\/elukelele.com\/fr\/divertissement\/cyril-feraud-hommage-dechirant-a-son-pere-decede\/#breadcrumb"},"inLanguage":"fr-FR","potentialAction":[{"@type":"ReadAction","target":["https:\/\/elukelele.com\/fr\/divertissement\/cyril-feraud-hommage-dechirant-a-son-pere-decede\/"]}]},{"@type":"ImageObject","inLanguage":"fr-FR","@id":"https:\/\/elukelele.com\/fr\/divertissement\/cyril-feraud-hommage-dechirant-a-son-pere-decede\/#primaryimage","url":"https:\/\/elukelele.com\/fr\/wp-content\/uploads\/2025\/11\/framed_only-519.png","contentUrl":"https:\/\/elukelele.com\/fr\/wp-content\/uploads\/2025\/11\/framed_only-519.png","width":1200,"height":628,"caption":"Cyril"},{"@type":"BreadcrumbList","@id":"https:\/\/elukelele.com\/fr\/divertissement\/cyril-feraud-hommage-dechirant-a-son-pere-decede\/#breadcrumb","itemListElement":[{"@type":"ListItem","position":1,"name":"Home","item":"https:\/\/elukelele.com\/fr\/"},{"@type":"ListItem","position":2,"name":"Cyril F\u00e9raud : Hommage d\u00e9chirant \u00e0 son p\u00e8re d\u00e9c\u00e9d\u00e9"}]},{"@type":"WebSite","@id":"https:\/\/elukelele.com\/fr\/#website","url":"https:\/\/elukelele.com\/fr\/","name":"El Ukelele","description":"Musique au-del\u00e0 de l&#039;indie","potentialAction":[{"@type":"SearchAction","target":{"@type":"EntryPoint","urlTemplate":"https:\/\/elukelele.com\/fr\/?s={search_term_string}"},"query-input":{"@type":"PropertyValueSpecification","valueRequired":true,"valueName":"search_term_string"}}],"inLanguage":"fr-FR"},{"@type":"Person","@id":"https:\/\/elukelele.com\/fr\/#\/schema\/person\/ccfb3d2be2ec7fa389608eb6da0b38d6","name":"Daniel Perrin","image":{"@type":"ImageObject","inLanguage":"fr-FR","@id":"https:\/\/elukelele.com\/fr\/#\/schema\/person\/image\/","url":"https:\/\/secure.gravatar.com\/avatar\/37f9d9ffa29ce5640a0d9c6ca8bbd90afb854014296ecaa0e3a558ac716e6fe4?s=96&d=mm&r=g","contentUrl":"https:\/\/secure.gravatar.com\/avatar\/37f9d9ffa29ce5640a0d9c6ca8bbd90afb854014296ecaa0e3a558ac716e6fe4?s=96&d=mm&r=g","caption":"Daniel Perrin"},"sameAs":["https:\/\/elukelele.com\/fr"],"url":"https:\/\/elukelele.com\/fr\/author\/daniel-perrin\/"}]}},"_links":{"self":[{"href":"https:\/\/elukelele.com\/fr\/wp-json\/wp\/v2\/posts\/45724","targetHints":{"allow":["GET"]}}],"collection":[{"href":"https:\/\/elukelele.com\/fr\/wp-json\/wp\/v2\/posts"}],"about":[{"href":"https:\/\/elukelele.com\/fr\/wp-json\/wp\/v2\/types\/post"}],"author":[{"embeddable":true,"href":"https:\/\/elukelele.com\/fr\/wp-json\/wp\/v2\/users\/4"}],"replies":[{"embeddable":true,"href":"https:\/\/elukelele.com\/fr\/wp-json\/wp\/v2\/comments?post=45724"}],"version-history":[{"count":1,"href":"https:\/\/elukelele.com\/fr\/wp-json\/wp\/v2\/posts\/45724\/revisions"}],"predecessor-version":[{"id":46096,"href":"https:\/\/elukelele.com\/fr\/wp-json\/wp\/v2\/posts\/45724\/revisions\/46096"}],"wp:featuredmedia":[{"embeddable":true,"href":"https:\/\/elukelele.com\/fr\/wp-json\/wp\/v2\/media\/45723"}],"wp:attachment":[{"href":"https:\/\/elukelele.com\/fr\/wp-json\/wp\/v2\/media?parent=45724"}],"wp:term":[{"taxonomy":"category","embeddable":true,"href":"https:\/\/elukelele.com\/fr\/wp-json\/wp\/v2\/categories?post=45724"},{"taxonomy":"post_tag","embeddable":true,"href":"https:\/\/elukelele.com\/fr\/wp-json\/wp\/v2\/tags?post=45724"}],"curies":[{"name":"wp","href":"https:\/\/api.w.org\/{rel}","templated":true}]}}