{"id":45720,"date":"2025-11-26T11:28:05","date_gmt":"2025-11-26T11:28:05","guid":{"rendered":"https:\/\/elukelele.com\/fr\/?p=45720"},"modified":"2025-11-26T11:28:06","modified_gmt":"2025-11-26T11:28:06","slug":"ahmed-sylla-travestissement-et-comedie-avec-michele-laroque","status":"publish","type":"post","link":"https:\/\/elukelele.com\/fr\/divertissement\/ahmed-sylla-travestissement-et-comedie-avec-michele-laroque\/","title":{"rendered":"Ahmed Sylla : travestissement et com\u00e9die avec Mich\u00e8le Laroque"},"content":{"rendered":"<p>L&rsquo;humoriste et acteur Ahmed Sylla s&rsquo;appr\u00eate \u00e0 faire son grand retour sur les \u00e9crans avec \u00ab\u00a0L&rsquo;Infiltr\u00e9e\u00a0\u00bb, une nouvelle com\u00e9die qui promet de surprendre son public. Ce projet cin\u00e9matographique, attendu pour le 11 f\u00e9vrier 2026, marque non seulement la premi\u00e8re r\u00e9alisation d&rsquo;Ahmed Sylla, mais le voit \u00e9galement endosser un r\u00f4le o\u00f9 le travestissement est au c\u0153ur de l&rsquo;intrigue, une pratique qu&rsquo;il a d\u00e9j\u00e0 explor\u00e9e et assum\u00e9e par le pass\u00e9.<\/p>\n<h2>Ahmed Sylla et le travestissement : une approche assum\u00e9e<\/h2>\n<p>Ahmed Sylla a toujours montr\u00e9 une affinit\u00e9 particuli\u00e8re pour les r\u00f4les o\u00f9 il incarne des personnages f\u00e9minins. Il s&rsquo;agit d&rsquo;une dimension qu&rsquo;il a souvent mise en avant dans ses sketchs et spectacles, et qu&rsquo;il aborde avec une sinc\u00e9rit\u00e9 rafra\u00eechissante. Lors d&rsquo;un entretien t\u00e9l\u00e9vis\u00e9 avec Audrey Crespo-Mara en avril 2023 dans l&rsquo;\u00e9mission \u00ab\u00a0Sept \u00e0 huit\u00a0\u00bb, l&rsquo;artiste avait \u00e9t\u00e9 questionn\u00e9 sur cette facette de son travail, suite aux compliments de la journaliste sur sa capacit\u00e9 \u00e0 interpr\u00e9ter des femmes.<\/p>\n<p>Face aux interrogations, Ahmed Sylla avait clairement expliqu\u00e9 que ce n&rsquo;\u00e9tait pas li\u00e9 \u00e0 son orientation sexuelle ou \u00e0 un message cach\u00e9, mais simplement \u00e0 un plaisir personnel. \u00ab\u00a0C&rsquo;est parce que c&rsquo;est quelque chose que j&rsquo;aime faire\u00a0\u00bb, avait-il confi\u00e9. Il avait \u00e9galement \u00e9voqu\u00e9 la r\u00e9action de ses parents, qui, au d\u00e9but, s&rsquo;\u00e9taient pos\u00e9 des questions sur cette inclination, craignant qu&rsquo;il n&rsquo;essaie de leur \u00ab\u00a0faire passer un message\u00a0\u00bb. L&rsquo;acteur avait alors rassur\u00e9 en affirmant : \u00ab\u00a0Je sais que je suis h\u00e9t\u00e9ro, je sais que j&rsquo;aime les femmes, mais je ne me pose tellement pas de question sur ma sexualit\u00e9, je n\u2019ai rien besoin de refouler !\u00a0\u00bb.<\/p>\n<p>Cette assurance lui permet d&rsquo;explorer pleinement et sans complexe ces r\u00f4les, apportant une authenticit\u00e9 et une touche humoristique \u00e0 ses performances. Son talent \u00e0 se glisser dans la peau de personnages f\u00e9minins a d&rsquo;ailleurs souvent \u00e9t\u00e9 salu\u00e9 par le public et la critique.<\/p>\n<h2>\u00ab\u00a0L&rsquo;Infiltr\u00e9e\u00a0\u00bb : un nouveau r\u00f4le en travesti aux c\u00f4t\u00e9s de Mich\u00e8le Laroque et Kaaris<\/h2>\n<p>Avec \u00ab\u00a0L&rsquo;Infiltr\u00e9e\u00a0\u00bb, Ahmed Sylla concr\u00e9tise cette passion pour le travestissement dans un projet d&rsquo;envergure. Le film, qu&rsquo;il r\u00e9alise et dont il a co-\u00e9crit le sc\u00e9nario avec Daive Cohen, le met en sc\u00e8ne dans le r\u00f4le de Maxime, un policier particuli\u00e8rement maladroit. Ce dernier se voit confier une mission d&rsquo;infiltration d\u00e9licate : pour approcher un redoutable gang de \u00ab\u00a0guerri\u00e8res\u00a0\u00bb dirig\u00e9 par un chef surnomm\u00e9 \u00ab\u00a0Tonton\u00a0\u00bb, il doit se transformer en femme et adopter l&rsquo;identit\u00e9 de Lupita.<\/p>\n<p>Cette com\u00e9die d&rsquo;action promet des situations cocasses et des rebondissements li\u00e9s \u00e0 cette double identit\u00e9 et \u00e0 la pression de la mission. Le film abordera \u00e9galement, avec humour, des th\u00e9matiques plus s\u00e9rieuses comme les f\u00e9minicides.<\/p>\n<p>Pour cette aventure cin\u00e9matographique, Ahmed Sylla est entour\u00e9 d&rsquo;un casting de renom. Mich\u00e8le Laroque, figure appr\u00e9ci\u00e9e de la com\u00e9die fran\u00e7aise, partage l&rsquo;affiche, apportant son exp\u00e9rience et son talent comique au projet. De mani\u00e8re plus inattendue, le rappeur Kaaris, connu pour son image de \u00ab\u00a0gros dur\u00a0\u00bb et ses r\u00f4les dans des films d&rsquo;action tels que \u00ab\u00a0Fastlife\u00a0\u00bb, \u00ab\u00a0Braqueurs\u00a0\u00bb ou \u00ab\u00a0Bronx\u00a0\u00bb, rejoint \u00e9galement la distribution. Sa pr\u00e9sence ajoute une dimension surprenante \u00e0 cette com\u00e9die, promettant des interactions m\u00e9morables avec les personnages d&rsquo;Ahmed Sylla et Mich\u00e8le Laroque.<\/p>\n<p>\u00ab\u00a0L&rsquo;Infiltr\u00e9e\u00a0\u00bb a \u00e9t\u00e9 s\u00e9lectionn\u00e9 en comp\u00e9tition officielle au Festival de l&rsquo;Alpe d&rsquo;Huez, ce qui t\u00e9moigne de son potentiel \u00e0 divertir un large public amateur de com\u00e9dies d&rsquo;action et de d\u00e9guisements. La sortie nationale est fix\u00e9e au 11 f\u00e9vrier 2026, offrant une nouvelle occasion de d\u00e9couvrir Ahmed Sylla dans un registre qui lui sied si bien.<\/p>\n","protected":false},"excerpt":{"rendered":"<p>L&rsquo;humoriste et acteur Ahmed Sylla s&rsquo;appr\u00eate \u00e0 faire son grand retour sur les \u00e9crans avec \u00ab\u00a0L&rsquo;Infiltr\u00e9e\u00a0\u00bb, une nouvelle com\u00e9die qui promet de surprendre son public. Ce projet cin\u00e9matographique, attendu pour le 11 f\u00e9vrier 2026, marque non seulement la premi\u00e8re r\u00e9alisation d&rsquo;Ahmed Sylla, mais le voit \u00e9galement endosser un r\u00f4le o\u00f9 le travestissement est au c\u0153ur [&hellip;]<\/p>\n","protected":false},"author":4,"featured_media":46093,"comment_status":"open","ping_status":"open","sticky":false,"template":"","format":"standard","meta":{"_yoast_wpseo_title":"Ahmed Sylla : Nouveau film L'Infiltr\u00e9e avec Mich\u00e8le Laroque","_yoast_wpseo_metadesc":"Ahmed Sylla revient au cin\u00e9ma dans \"L'Infiltr\u00e9e\" avec un r\u00f4le transformiste in\u00e9dit! D\u00e9couvrez la nouvelle com\u00e9die avec Mich\u00e8le Laroque et Kaaris.","_yoast_wpseo_focuskw":"Ahmed"},"categories":[5],"tags":[],"class_list":["post-45720","post","type-post","status-publish","format-standard","has-post-thumbnail","hentry","category-divertissement"],"yoast_head":"<!-- This site is optimized with the Yoast SEO plugin v26.3 - https:\/\/yoast.com\/wordpress\/plugins\/seo\/ -->\n<title>Ahmed Sylla : Nouveau film L&#039;Infiltr\u00e9e avec Mich\u00e8le Laroque<\/title>\n<meta name=\"description\" content=\"Ahmed Sylla revient au cin\u00e9ma dans &quot;L&#039;Infiltr\u00e9e&quot; avec un r\u00f4le transformiste in\u00e9dit! D\u00e9couvrez la nouvelle com\u00e9die avec Mich\u00e8le Laroque et Kaaris.\" \/>\n<meta name=\"robots\" content=\"index, follow, max-snippet:-1, max-image-preview:large, max-video-preview:-1\" \/>\n<link rel=\"canonical\" href=\"https:\/\/elukelele.com\/fr\/divertissement\/ahmed-sylla-travestissement-et-comedie-avec-michele-laroque\/\" \/>\n<meta property=\"og:locale\" content=\"fr_FR\" \/>\n<meta property=\"og:type\" content=\"article\" \/>\n<meta property=\"og:title\" content=\"Ahmed Sylla : Nouveau film L&#039;Infiltr\u00e9e avec Mich\u00e8le Laroque\" \/>\n<meta property=\"og:description\" content=\"Ahmed Sylla revient au cin\u00e9ma dans &quot;L&#039;Infiltr\u00e9e&quot; avec un r\u00f4le transformiste in\u00e9dit! D\u00e9couvrez la nouvelle com\u00e9die avec Mich\u00e8le Laroque et Kaaris.\" \/>\n<meta property=\"og:url\" content=\"https:\/\/elukelele.com\/fr\/divertissement\/ahmed-sylla-travestissement-et-comedie-avec-michele-laroque\/\" \/>\n<meta property=\"og:site_name\" content=\"El Ukelele\" \/>\n<meta property=\"article:published_time\" content=\"2025-11-26T11:28:05+00:00\" \/>\n<meta property=\"article:modified_time\" content=\"2025-11-26T11:28:06+00:00\" \/>\n<meta property=\"og:image\" content=\"https:\/\/elukelele.com\/fr\/wp-content\/uploads\/2025\/11\/Ahmed-.webp\" \/>\n\t<meta property=\"og:image:width\" content=\"1200\" \/>\n\t<meta property=\"og:image:height\" content=\"628\" \/>\n\t<meta property=\"og:image:type\" content=\"image\/webp\" \/>\n<meta name=\"author\" content=\"Daniel Perrin\" \/>\n<meta name=\"twitter:card\" content=\"summary_large_image\" \/>\n<meta name=\"twitter:label1\" content=\"\u00c9crit par\" \/>\n\t<meta name=\"twitter:data1\" content=\"Daniel Perrin\" \/>\n\t<meta name=\"twitter:label2\" content=\"Dur\u00e9e de lecture estim\u00e9e\" \/>\n\t<meta name=\"twitter:data2\" content=\"4 minutes\" \/>\n<script type=\"application\/ld+json\" class=\"yoast-schema-graph\">{\"@context\":\"https:\/\/schema.org\",\"@graph\":[{\"@type\":\"WebPage\",\"@id\":\"https:\/\/elukelele.com\/fr\/divertissement\/ahmed-sylla-travestissement-et-comedie-avec-michele-laroque\/\",\"url\":\"https:\/\/elukelele.com\/fr\/divertissement\/ahmed-sylla-travestissement-et-comedie-avec-michele-laroque\/\",\"name\":\"Ahmed Sylla : Nouveau film L'Infiltr\u00e9e avec Mich\u00e8le Laroque\",\"isPartOf\":{\"@id\":\"https:\/\/elukelele.com\/fr\/#website\"},\"primaryImageOfPage\":{\"@id\":\"https:\/\/elukelele.com\/fr\/divertissement\/ahmed-sylla-travestissement-et-comedie-avec-michele-laroque\/#primaryimage\"},\"image\":{\"@id\":\"https:\/\/elukelele.com\/fr\/divertissement\/ahmed-sylla-travestissement-et-comedie-avec-michele-laroque\/#primaryimage\"},\"thumbnailUrl\":\"https:\/\/elukelele.com\/fr\/wp-content\/uploads\/2025\/11\/Ahmed-.webp\",\"datePublished\":\"2025-11-26T11:28:05+00:00\",\"dateModified\":\"2025-11-26T11:28:06+00:00\",\"author\":{\"@id\":\"https:\/\/elukelele.com\/fr\/#\/schema\/person\/ccfb3d2be2ec7fa389608eb6da0b38d6\"},\"description\":\"Ahmed Sylla revient au cin\u00e9ma dans \\\"L'Infiltr\u00e9e\\\" avec un r\u00f4le transformiste in\u00e9dit! D\u00e9couvrez la nouvelle com\u00e9die avec Mich\u00e8le Laroque et Kaaris.\",\"breadcrumb\":{\"@id\":\"https:\/\/elukelele.com\/fr\/divertissement\/ahmed-sylla-travestissement-et-comedie-avec-michele-laroque\/#breadcrumb\"},\"inLanguage\":\"fr-FR\",\"potentialAction\":[{\"@type\":\"ReadAction\",\"target\":[\"https:\/\/elukelele.com\/fr\/divertissement\/ahmed-sylla-travestissement-et-comedie-avec-michele-laroque\/\"]}]},{\"@type\":\"ImageObject\",\"inLanguage\":\"fr-FR\",\"@id\":\"https:\/\/elukelele.com\/fr\/divertissement\/ahmed-sylla-travestissement-et-comedie-avec-michele-laroque\/#primaryimage\",\"url\":\"https:\/\/elukelele.com\/fr\/wp-content\/uploads\/2025\/11\/Ahmed-.webp\",\"contentUrl\":\"https:\/\/elukelele.com\/fr\/wp-content\/uploads\/2025\/11\/Ahmed-.webp\",\"width\":1200,\"height\":628,\"caption\":\"Ahmed\"},{\"@type\":\"BreadcrumbList\",\"@id\":\"https:\/\/elukelele.com\/fr\/divertissement\/ahmed-sylla-travestissement-et-comedie-avec-michele-laroque\/#breadcrumb\",\"itemListElement\":[{\"@type\":\"ListItem\",\"position\":1,\"name\":\"Home\",\"item\":\"https:\/\/elukelele.com\/fr\/\"},{\"@type\":\"ListItem\",\"position\":2,\"name\":\"Ahmed Sylla : travestissement et com\u00e9die avec Mich\u00e8le Laroque\"}]},{\"@type\":\"WebSite\",\"@id\":\"https:\/\/elukelele.com\/fr\/#website\",\"url\":\"https:\/\/elukelele.com\/fr\/\",\"name\":\"El Ukelele\",\"description\":\"Musique au-del\u00e0 de l&#039;indie\",\"potentialAction\":[{\"@type\":\"SearchAction\",\"target\":{\"@type\":\"EntryPoint\",\"urlTemplate\":\"https:\/\/elukelele.com\/fr\/?s={search_term_string}\"},\"query-input\":{\"@type\":\"PropertyValueSpecification\",\"valueRequired\":true,\"valueName\":\"search_term_string\"}}],\"inLanguage\":\"fr-FR\"},{\"@type\":\"Person\",\"@id\":\"https:\/\/elukelele.com\/fr\/#\/schema\/person\/ccfb3d2be2ec7fa389608eb6da0b38d6\",\"name\":\"Daniel Perrin\",\"image\":{\"@type\":\"ImageObject\",\"inLanguage\":\"fr-FR\",\"@id\":\"https:\/\/elukelele.com\/fr\/#\/schema\/person\/image\/\",\"url\":\"https:\/\/secure.gravatar.com\/avatar\/37f9d9ffa29ce5640a0d9c6ca8bbd90afb854014296ecaa0e3a558ac716e6fe4?s=96&d=mm&r=g\",\"contentUrl\":\"https:\/\/secure.gravatar.com\/avatar\/37f9d9ffa29ce5640a0d9c6ca8bbd90afb854014296ecaa0e3a558ac716e6fe4?s=96&d=mm&r=g\",\"caption\":\"Daniel Perrin\"},\"sameAs\":[\"https:\/\/elukelele.com\/fr\"],\"url\":\"https:\/\/elukelele.com\/fr\/author\/daniel-perrin\/\"}]}<\/script>\n<!-- \/ Yoast SEO plugin. -->","yoast_head_json":{"title":"Ahmed Sylla : Nouveau film L'Infiltr\u00e9e avec Mich\u00e8le Laroque","description":"Ahmed Sylla revient au cin\u00e9ma dans \"L'Infiltr\u00e9e\" avec un r\u00f4le transformiste in\u00e9dit! D\u00e9couvrez la nouvelle com\u00e9die avec Mich\u00e8le Laroque et Kaaris.","robots":{"index":"index","follow":"follow","max-snippet":"max-snippet:-1","max-image-preview":"max-image-preview:large","max-video-preview":"max-video-preview:-1"},"canonical":"https:\/\/elukelele.com\/fr\/divertissement\/ahmed-sylla-travestissement-et-comedie-avec-michele-laroque\/","og_locale":"fr_FR","og_type":"article","og_title":"Ahmed Sylla : Nouveau film L'Infiltr\u00e9e avec Mich\u00e8le Laroque","og_description":"Ahmed Sylla revient au cin\u00e9ma dans \"L'Infiltr\u00e9e\" avec un r\u00f4le transformiste in\u00e9dit! D\u00e9couvrez la nouvelle com\u00e9die avec Mich\u00e8le Laroque et Kaaris.","og_url":"https:\/\/elukelele.com\/fr\/divertissement\/ahmed-sylla-travestissement-et-comedie-avec-michele-laroque\/","og_site_name":"El Ukelele","article_published_time":"2025-11-26T11:28:05+00:00","article_modified_time":"2025-11-26T11:28:06+00:00","og_image":[{"width":1200,"height":628,"url":"https:\/\/elukelele.com\/fr\/wp-content\/uploads\/2025\/11\/Ahmed-.webp","type":"image\/webp"}],"author":"Daniel Perrin","twitter_card":"summary_large_image","twitter_misc":{"\u00c9crit par":"Daniel Perrin","Dur\u00e9e de lecture estim\u00e9e":"4 minutes"},"schema":{"@context":"https:\/\/schema.org","@graph":[{"@type":"WebPage","@id":"https:\/\/elukelele.com\/fr\/divertissement\/ahmed-sylla-travestissement-et-comedie-avec-michele-laroque\/","url":"https:\/\/elukelele.com\/fr\/divertissement\/ahmed-sylla-travestissement-et-comedie-avec-michele-laroque\/","name":"Ahmed Sylla : Nouveau film L'Infiltr\u00e9e avec Mich\u00e8le Laroque","isPartOf":{"@id":"https:\/\/elukelele.com\/fr\/#website"},"primaryImageOfPage":{"@id":"https:\/\/elukelele.com\/fr\/divertissement\/ahmed-sylla-travestissement-et-comedie-avec-michele-laroque\/#primaryimage"},"image":{"@id":"https:\/\/elukelele.com\/fr\/divertissement\/ahmed-sylla-travestissement-et-comedie-avec-michele-laroque\/#primaryimage"},"thumbnailUrl":"https:\/\/elukelele.com\/fr\/wp-content\/uploads\/2025\/11\/Ahmed-.webp","datePublished":"2025-11-26T11:28:05+00:00","dateModified":"2025-11-26T11:28:06+00:00","author":{"@id":"https:\/\/elukelele.com\/fr\/#\/schema\/person\/ccfb3d2be2ec7fa389608eb6da0b38d6"},"description":"Ahmed Sylla revient au cin\u00e9ma dans \"L'Infiltr\u00e9e\" avec un r\u00f4le transformiste in\u00e9dit! D\u00e9couvrez la nouvelle com\u00e9die avec Mich\u00e8le Laroque et Kaaris.","breadcrumb":{"@id":"https:\/\/elukelele.com\/fr\/divertissement\/ahmed-sylla-travestissement-et-comedie-avec-michele-laroque\/#breadcrumb"},"inLanguage":"fr-FR","potentialAction":[{"@type":"ReadAction","target":["https:\/\/elukelele.com\/fr\/divertissement\/ahmed-sylla-travestissement-et-comedie-avec-michele-laroque\/"]}]},{"@type":"ImageObject","inLanguage":"fr-FR","@id":"https:\/\/elukelele.com\/fr\/divertissement\/ahmed-sylla-travestissement-et-comedie-avec-michele-laroque\/#primaryimage","url":"https:\/\/elukelele.com\/fr\/wp-content\/uploads\/2025\/11\/Ahmed-.webp","contentUrl":"https:\/\/elukelele.com\/fr\/wp-content\/uploads\/2025\/11\/Ahmed-.webp","width":1200,"height":628,"caption":"Ahmed"},{"@type":"BreadcrumbList","@id":"https:\/\/elukelele.com\/fr\/divertissement\/ahmed-sylla-travestissement-et-comedie-avec-michele-laroque\/#breadcrumb","itemListElement":[{"@type":"ListItem","position":1,"name":"Home","item":"https:\/\/elukelele.com\/fr\/"},{"@type":"ListItem","position":2,"name":"Ahmed Sylla : travestissement et com\u00e9die avec Mich\u00e8le Laroque"}]},{"@type":"WebSite","@id":"https:\/\/elukelele.com\/fr\/#website","url":"https:\/\/elukelele.com\/fr\/","name":"El Ukelele","description":"Musique au-del\u00e0 de l&#039;indie","potentialAction":[{"@type":"SearchAction","target":{"@type":"EntryPoint","urlTemplate":"https:\/\/elukelele.com\/fr\/?s={search_term_string}"},"query-input":{"@type":"PropertyValueSpecification","valueRequired":true,"valueName":"search_term_string"}}],"inLanguage":"fr-FR"},{"@type":"Person","@id":"https:\/\/elukelele.com\/fr\/#\/schema\/person\/ccfb3d2be2ec7fa389608eb6da0b38d6","name":"Daniel Perrin","image":{"@type":"ImageObject","inLanguage":"fr-FR","@id":"https:\/\/elukelele.com\/fr\/#\/schema\/person\/image\/","url":"https:\/\/secure.gravatar.com\/avatar\/37f9d9ffa29ce5640a0d9c6ca8bbd90afb854014296ecaa0e3a558ac716e6fe4?s=96&d=mm&r=g","contentUrl":"https:\/\/secure.gravatar.com\/avatar\/37f9d9ffa29ce5640a0d9c6ca8bbd90afb854014296ecaa0e3a558ac716e6fe4?s=96&d=mm&r=g","caption":"Daniel Perrin"},"sameAs":["https:\/\/elukelele.com\/fr"],"url":"https:\/\/elukelele.com\/fr\/author\/daniel-perrin\/"}]}},"_links":{"self":[{"href":"https:\/\/elukelele.com\/fr\/wp-json\/wp\/v2\/posts\/45720","targetHints":{"allow":["GET"]}}],"collection":[{"href":"https:\/\/elukelele.com\/fr\/wp-json\/wp\/v2\/posts"}],"about":[{"href":"https:\/\/elukelele.com\/fr\/wp-json\/wp\/v2\/types\/post"}],"author":[{"embeddable":true,"href":"https:\/\/elukelele.com\/fr\/wp-json\/wp\/v2\/users\/4"}],"replies":[{"embeddable":true,"href":"https:\/\/elukelele.com\/fr\/wp-json\/wp\/v2\/comments?post=45720"}],"version-history":[{"count":1,"href":"https:\/\/elukelele.com\/fr\/wp-json\/wp\/v2\/posts\/45720\/revisions"}],"predecessor-version":[{"id":46095,"href":"https:\/\/elukelele.com\/fr\/wp-json\/wp\/v2\/posts\/45720\/revisions\/46095"}],"wp:featuredmedia":[{"embeddable":true,"href":"https:\/\/elukelele.com\/fr\/wp-json\/wp\/v2\/media\/46093"}],"wp:attachment":[{"href":"https:\/\/elukelele.com\/fr\/wp-json\/wp\/v2\/media?parent=45720"}],"wp:term":[{"taxonomy":"category","embeddable":true,"href":"https:\/\/elukelele.com\/fr\/wp-json\/wp\/v2\/categories?post=45720"},{"taxonomy":"post_tag","embeddable":true,"href":"https:\/\/elukelele.com\/fr\/wp-json\/wp\/v2\/tags?post=45720"}],"curies":[{"name":"wp","href":"https:\/\/api.w.org\/{rel}","templated":true}]}}