{"id":45716,"date":"2025-11-26T11:21:59","date_gmt":"2025-11-26T11:21:59","guid":{"rendered":"https:\/\/elukelele.com\/fr\/?p=45716"},"modified":"2025-11-26T11:21:59","modified_gmt":"2025-11-26T11:21:59","slug":"bernard-lavilliers-sous-le-choc-apres-la-mort-de-jimmy-cliff","status":"publish","type":"post","link":"https:\/\/elukelele.com\/fr\/divertissement\/bernard-lavilliers-sous-le-choc-apres-la-mort-de-jimmy-cliff\/","title":{"rendered":"Bernard Lavilliers sous le choc apr\u00e8s la mort de Jimmy Cliff"},"content":{"rendered":"<p>C&rsquo;est une triste nouvelle qui a secou\u00e9 le monde de la musique : Jimmy Cliff, l&rsquo;ic\u00f4ne du reggae, nous a quitt\u00e9s ce 24 novembre \u00e0 l&rsquo;\u00e2ge de 81 ans. Sa disparition, survenue des suites d&rsquo;une pneumonie apr\u00e8s une attaque, a \u00e9mu de nombreux artistes, dont son ami de longue date, Bernard Lavilliers. Au lendemain de cette annonce douloureuse, le chanteur fran\u00e7ais a partag\u00e9 son \u00e9motion et ses souvenirs dans les colonnes du Parisien, \u00e9voquant une \u00ab\u00a0amiti\u00e9 \u00e0 longue distance\u00a0\u00bb et le choc de perdre un artiste qu&rsquo;il consid\u00e9rait comme un proche.<\/p>\n<h2>Le choc de Bernard Lavilliers face au d\u00e9part de Jimmy Cliff<\/h2>\n<p>La nouvelle du d\u00e9c\u00e8s de Jimmy Cliff a eu l&rsquo;effet d&rsquo;un \u00ab\u00a0choc\u00a0\u00bb pour Bernard Lavilliers, qui a exprim\u00e9 sa peine en d\u00e9clarant : \u00ab\u00a0On avait presque le m\u00eame \u00e2ge. On \u00e9tait tr\u00e8s proches\u00a0\u00bb. Le chanteur de 79 ans se rem\u00e9more un ami \u00ab\u00a0extr\u00eamement positif\u00a0\u00bb et une relation construite au fil des ans. Cette amiti\u00e9 a notamment \u00e9t\u00e9 scell\u00e9e par une collaboration m\u00e9morable en 1994, le titre \u00ab\u00a0Melody Tempo Harmony\u00a0\u00bb, qui a marqu\u00e9 les esprits et reste un classique intemporel.<\/p>\n<h2>Jimmy Cliff et Bernard Lavilliers : Gen\u00e8se d&rsquo;une collaboration m\u00e9morable<\/h2>\n<p>La rencontre artistique entre Jimmy Cliff et Bernard Lavilliers puise ses racines dans les ann\u00e9es 70. Lavilliers a d\u00e9couvert Jimmy Cliff pour la premi\u00e8re fois \u00e0 travers le film \u00ab\u00a0The Harder They Come\u00a0\u00bb, sorti en 1972, dans lequel l&rsquo;artiste jama\u00efcain tenait le r\u00f4le principal. Cependant, il a fallu attendre le d\u00e9but des ann\u00e9es 90, entre 1990 et 1991, pour que les deux hommes se croisent enfin \u00e0 Paris, gr\u00e2ce \u00e0 l&rsquo;interm\u00e9diaire de Pascal N\u00e8gre, alors \u00e0 la t\u00eate du label Barclay.<\/p>\n<p>Bernard Lavilliers se souvient de discussions profondes et d&rsquo;une connexion imm\u00e9diate. \u00ab\u00a0On a longuement parl\u00e9. Il savait que je connaissais bien la Jama\u00efque. Il connaissait mes chansons reggae &lsquo;Kingston&rsquo; et &lsquo;Stand the Ghetto'\u00a0\u00bb, a-t-il confi\u00e9. Appartenant \u00e0 la m\u00eame maison de disques, la collaboration s&rsquo;est impos\u00e9e naturellement. C&rsquo;est ainsi que \u00ab\u00a0Melody Tempo Harmony\u00a0\u00bb a vu le jour, un titre enregistr\u00e9 en Jama\u00efque. Lavilliers se rem\u00e9more l&rsquo;enregistrement d&rsquo;une maquette qui, gr\u00e2ce au \u00ab\u00a0talent incroyable de ses ing\u00e9nieurs du son jama\u00efquains\u00a0\u00bb, sonnait d\u00e9j\u00e0 de mani\u00e8re exceptionnelle. Une exp\u00e9rience si intense qu&rsquo;il n&rsquo;en a \u00ab\u00a0pas dormi de la nuit\u00a0\u00bb, qualifiant le r\u00e9sultat d'\u00a0\u00bbincroyable\u00a0\u00bb.<\/p>\n<h2>Une amiti\u00e9 \u00e0 \u00ab\u00a0longue distance\u00a0\u00bb<\/h2>\n<p>Malgr\u00e9 le succ\u00e8s de leur duo, Bernard Lavilliers et Jimmy Cliff n&rsquo;ont plus eu l&rsquo;occasion de travailler ensemble. Leur amiti\u00e9 s&rsquo;est transform\u00e9e en une \u00ab\u00a0amiti\u00e9 \u00e0 longue distance\u00a0\u00bb, ponctu\u00e9e de rencontres sporadiques. La derni\u00e8re fois qu&rsquo;ils se sont vus, c&rsquo;\u00e9tait il y a \u00ab\u00a0cinq ou six ans\u00a0\u00bb. Bernard Lavilliers avait m\u00eame envisag\u00e9 d&rsquo;\u00e9crire pour Jimmy Cliff, une perspective qui n\u00e9cessitait des retrouvailles, mais le destin en a d\u00e9cid\u00e9 autrement. La disparition de Jimmy Cliff met fin \u00e0 cette attente, laissant derri\u00e8re elle une \u0153uvre immense et le souvenir d&rsquo;une amiti\u00e9 sinc\u00e8re.<\/p>\n<h2>Conclusion<\/h2>\n<p>La mort de Jimmy Cliff marque la fin d&rsquo;une \u00e8re pour le reggae et la musique mondiale. L&rsquo;hommage de Bernard Lavilliers souligne non seulement l&rsquo;impact musical de Jimmy Cliff, mais aussi la profondeur des liens humains qui se tissent au-del\u00e0 des fronti\u00e8res et des genres musicaux. \u00c0 travers ses chansons intemporelles et sa personnalit\u00e9 positive, Jimmy Cliff laissera une empreinte ind\u00e9l\u00e9bile dans le c\u0153ur de ses fans et de ses amis artistes, dont Bernard Lavilliers, qui pleure aujourd&rsquo;hui un compagnon de route avec lequel il partageait bien plus que la musique.<\/p>\n","protected":false},"excerpt":{"rendered":"<p>C&rsquo;est une triste nouvelle qui a secou\u00e9 le monde de la musique : Jimmy Cliff, l&rsquo;ic\u00f4ne du reggae, nous a quitt\u00e9s ce 24 novembre \u00e0 l&rsquo;\u00e2ge de 81 ans. Sa disparition, survenue des suites d&rsquo;une pneumonie apr\u00e8s une attaque, a \u00e9mu de nombreux artistes, dont son ami de longue date, Bernard Lavilliers. Au lendemain de [&hellip;]<\/p>\n","protected":false},"author":4,"featured_media":45715,"comment_status":"open","ping_status":"open","sticky":false,"template":"","format":"standard","meta":{"_yoast_wpseo_title":"Mort de Jimmy Cliff : Hommages et r\u00e9actions suite au d\u00e9c\u00e8s","_yoast_wpseo_metadesc":"Bernard Lavilliers est sous le choc suite \u00e0 la mort de Jimmy Cliff, l\u00e9gende du reggae d\u00e9c\u00e9d\u00e9e \u00e0 81 ans.","_yoast_wpseo_focuskw":"Bernard"},"categories":[5],"tags":[],"class_list":["post-45716","post","type-post","status-publish","format-standard","has-post-thumbnail","hentry","category-divertissement"],"yoast_head":"<!-- This site is optimized with the Yoast SEO plugin v26.3 - https:\/\/yoast.com\/wordpress\/plugins\/seo\/ -->\n<title>Mort de Jimmy Cliff : Hommages et r\u00e9actions suite au d\u00e9c\u00e8s<\/title>\n<meta name=\"description\" content=\"Bernard Lavilliers est sous le choc suite \u00e0 la mort de Jimmy Cliff, l\u00e9gende du reggae d\u00e9c\u00e9d\u00e9e \u00e0 81 ans.\" \/>\n<meta name=\"robots\" content=\"index, follow, max-snippet:-1, max-image-preview:large, max-video-preview:-1\" \/>\n<link rel=\"canonical\" href=\"https:\/\/elukelele.com\/fr\/divertissement\/bernard-lavilliers-sous-le-choc-apres-la-mort-de-jimmy-cliff\/\" \/>\n<meta property=\"og:locale\" content=\"fr_FR\" \/>\n<meta property=\"og:type\" content=\"article\" \/>\n<meta property=\"og:title\" content=\"Mort de Jimmy Cliff : Hommages et r\u00e9actions suite au d\u00e9c\u00e8s\" \/>\n<meta property=\"og:description\" content=\"Bernard Lavilliers est sous le choc suite \u00e0 la mort de Jimmy Cliff, l\u00e9gende du reggae d\u00e9c\u00e9d\u00e9e \u00e0 81 ans.\" \/>\n<meta property=\"og:url\" content=\"https:\/\/elukelele.com\/fr\/divertissement\/bernard-lavilliers-sous-le-choc-apres-la-mort-de-jimmy-cliff\/\" \/>\n<meta property=\"og:site_name\" content=\"El Ukelele\" \/>\n<meta property=\"article:published_time\" content=\"2025-11-26T11:21:59+00:00\" \/>\n<meta property=\"og:image\" content=\"https:\/\/elukelele.com\/fr\/wp-content\/uploads\/2025\/11\/framed_only-515.png\" \/>\n\t<meta property=\"og:image:width\" content=\"1200\" \/>\n\t<meta property=\"og:image:height\" content=\"628\" \/>\n\t<meta property=\"og:image:type\" content=\"image\/png\" \/>\n<meta name=\"author\" content=\"Daniel Perrin\" \/>\n<meta name=\"twitter:card\" content=\"summary_large_image\" \/>\n<meta name=\"twitter:label1\" content=\"\u00c9crit par\" \/>\n\t<meta name=\"twitter:data1\" content=\"Daniel Perrin\" \/>\n\t<meta name=\"twitter:label2\" content=\"Dur\u00e9e de lecture estim\u00e9e\" \/>\n\t<meta name=\"twitter:data2\" content=\"4 minutes\" \/>\n<script type=\"application\/ld+json\" class=\"yoast-schema-graph\">{\"@context\":\"https:\/\/schema.org\",\"@graph\":[{\"@type\":\"WebPage\",\"@id\":\"https:\/\/elukelele.com\/fr\/divertissement\/bernard-lavilliers-sous-le-choc-apres-la-mort-de-jimmy-cliff\/\",\"url\":\"https:\/\/elukelele.com\/fr\/divertissement\/bernard-lavilliers-sous-le-choc-apres-la-mort-de-jimmy-cliff\/\",\"name\":\"Mort de Jimmy Cliff : Hommages et r\u00e9actions suite au d\u00e9c\u00e8s\",\"isPartOf\":{\"@id\":\"https:\/\/elukelele.com\/fr\/#website\"},\"primaryImageOfPage\":{\"@id\":\"https:\/\/elukelele.com\/fr\/divertissement\/bernard-lavilliers-sous-le-choc-apres-la-mort-de-jimmy-cliff\/#primaryimage\"},\"image\":{\"@id\":\"https:\/\/elukelele.com\/fr\/divertissement\/bernard-lavilliers-sous-le-choc-apres-la-mort-de-jimmy-cliff\/#primaryimage\"},\"thumbnailUrl\":\"https:\/\/elukelele.com\/fr\/wp-content\/uploads\/2025\/11\/framed_only-515.png\",\"datePublished\":\"2025-11-26T11:21:59+00:00\",\"author\":{\"@id\":\"https:\/\/elukelele.com\/fr\/#\/schema\/person\/ccfb3d2be2ec7fa389608eb6da0b38d6\"},\"description\":\"Bernard Lavilliers est sous le choc suite \u00e0 la mort de Jimmy Cliff, l\u00e9gende du reggae d\u00e9c\u00e9d\u00e9e \u00e0 81 ans.\",\"breadcrumb\":{\"@id\":\"https:\/\/elukelele.com\/fr\/divertissement\/bernard-lavilliers-sous-le-choc-apres-la-mort-de-jimmy-cliff\/#breadcrumb\"},\"inLanguage\":\"fr-FR\",\"potentialAction\":[{\"@type\":\"ReadAction\",\"target\":[\"https:\/\/elukelele.com\/fr\/divertissement\/bernard-lavilliers-sous-le-choc-apres-la-mort-de-jimmy-cliff\/\"]}]},{\"@type\":\"ImageObject\",\"inLanguage\":\"fr-FR\",\"@id\":\"https:\/\/elukelele.com\/fr\/divertissement\/bernard-lavilliers-sous-le-choc-apres-la-mort-de-jimmy-cliff\/#primaryimage\",\"url\":\"https:\/\/elukelele.com\/fr\/wp-content\/uploads\/2025\/11\/framed_only-515.png\",\"contentUrl\":\"https:\/\/elukelele.com\/fr\/wp-content\/uploads\/2025\/11\/framed_only-515.png\",\"width\":1200,\"height\":628,\"caption\":\"Bernard\"},{\"@type\":\"BreadcrumbList\",\"@id\":\"https:\/\/elukelele.com\/fr\/divertissement\/bernard-lavilliers-sous-le-choc-apres-la-mort-de-jimmy-cliff\/#breadcrumb\",\"itemListElement\":[{\"@type\":\"ListItem\",\"position\":1,\"name\":\"Home\",\"item\":\"https:\/\/elukelele.com\/fr\/\"},{\"@type\":\"ListItem\",\"position\":2,\"name\":\"Bernard Lavilliers sous le choc apr\u00e8s la mort de Jimmy Cliff\"}]},{\"@type\":\"WebSite\",\"@id\":\"https:\/\/elukelele.com\/fr\/#website\",\"url\":\"https:\/\/elukelele.com\/fr\/\",\"name\":\"El Ukelele\",\"description\":\"Musique au-del\u00e0 de l&#039;indie\",\"potentialAction\":[{\"@type\":\"SearchAction\",\"target\":{\"@type\":\"EntryPoint\",\"urlTemplate\":\"https:\/\/elukelele.com\/fr\/?s={search_term_string}\"},\"query-input\":{\"@type\":\"PropertyValueSpecification\",\"valueRequired\":true,\"valueName\":\"search_term_string\"}}],\"inLanguage\":\"fr-FR\"},{\"@type\":\"Person\",\"@id\":\"https:\/\/elukelele.com\/fr\/#\/schema\/person\/ccfb3d2be2ec7fa389608eb6da0b38d6\",\"name\":\"Daniel Perrin\",\"image\":{\"@type\":\"ImageObject\",\"inLanguage\":\"fr-FR\",\"@id\":\"https:\/\/elukelele.com\/fr\/#\/schema\/person\/image\/\",\"url\":\"https:\/\/secure.gravatar.com\/avatar\/37f9d9ffa29ce5640a0d9c6ca8bbd90afb854014296ecaa0e3a558ac716e6fe4?s=96&d=mm&r=g\",\"contentUrl\":\"https:\/\/secure.gravatar.com\/avatar\/37f9d9ffa29ce5640a0d9c6ca8bbd90afb854014296ecaa0e3a558ac716e6fe4?s=96&d=mm&r=g\",\"caption\":\"Daniel Perrin\"},\"sameAs\":[\"https:\/\/elukelele.com\/fr\"],\"url\":\"https:\/\/elukelele.com\/fr\/author\/daniel-perrin\/\"}]}<\/script>\n<!-- \/ Yoast SEO plugin. -->","yoast_head_json":{"title":"Mort de Jimmy Cliff : Hommages et r\u00e9actions suite au d\u00e9c\u00e8s","description":"Bernard Lavilliers est sous le choc suite \u00e0 la mort de Jimmy Cliff, l\u00e9gende du reggae d\u00e9c\u00e9d\u00e9e \u00e0 81 ans.","robots":{"index":"index","follow":"follow","max-snippet":"max-snippet:-1","max-image-preview":"max-image-preview:large","max-video-preview":"max-video-preview:-1"},"canonical":"https:\/\/elukelele.com\/fr\/divertissement\/bernard-lavilliers-sous-le-choc-apres-la-mort-de-jimmy-cliff\/","og_locale":"fr_FR","og_type":"article","og_title":"Mort de Jimmy Cliff : Hommages et r\u00e9actions suite au d\u00e9c\u00e8s","og_description":"Bernard Lavilliers est sous le choc suite \u00e0 la mort de Jimmy Cliff, l\u00e9gende du reggae d\u00e9c\u00e9d\u00e9e \u00e0 81 ans.","og_url":"https:\/\/elukelele.com\/fr\/divertissement\/bernard-lavilliers-sous-le-choc-apres-la-mort-de-jimmy-cliff\/","og_site_name":"El Ukelele","article_published_time":"2025-11-26T11:21:59+00:00","og_image":[{"width":1200,"height":628,"url":"https:\/\/elukelele.com\/fr\/wp-content\/uploads\/2025\/11\/framed_only-515.png","type":"image\/png"}],"author":"Daniel Perrin","twitter_card":"summary_large_image","twitter_misc":{"\u00c9crit par":"Daniel Perrin","Dur\u00e9e de lecture estim\u00e9e":"4 minutes"},"schema":{"@context":"https:\/\/schema.org","@graph":[{"@type":"WebPage","@id":"https:\/\/elukelele.com\/fr\/divertissement\/bernard-lavilliers-sous-le-choc-apres-la-mort-de-jimmy-cliff\/","url":"https:\/\/elukelele.com\/fr\/divertissement\/bernard-lavilliers-sous-le-choc-apres-la-mort-de-jimmy-cliff\/","name":"Mort de Jimmy Cliff : Hommages et r\u00e9actions suite au d\u00e9c\u00e8s","isPartOf":{"@id":"https:\/\/elukelele.com\/fr\/#website"},"primaryImageOfPage":{"@id":"https:\/\/elukelele.com\/fr\/divertissement\/bernard-lavilliers-sous-le-choc-apres-la-mort-de-jimmy-cliff\/#primaryimage"},"image":{"@id":"https:\/\/elukelele.com\/fr\/divertissement\/bernard-lavilliers-sous-le-choc-apres-la-mort-de-jimmy-cliff\/#primaryimage"},"thumbnailUrl":"https:\/\/elukelele.com\/fr\/wp-content\/uploads\/2025\/11\/framed_only-515.png","datePublished":"2025-11-26T11:21:59+00:00","author":{"@id":"https:\/\/elukelele.com\/fr\/#\/schema\/person\/ccfb3d2be2ec7fa389608eb6da0b38d6"},"description":"Bernard Lavilliers est sous le choc suite \u00e0 la mort de Jimmy Cliff, l\u00e9gende du reggae d\u00e9c\u00e9d\u00e9e \u00e0 81 ans.","breadcrumb":{"@id":"https:\/\/elukelele.com\/fr\/divertissement\/bernard-lavilliers-sous-le-choc-apres-la-mort-de-jimmy-cliff\/#breadcrumb"},"inLanguage":"fr-FR","potentialAction":[{"@type":"ReadAction","target":["https:\/\/elukelele.com\/fr\/divertissement\/bernard-lavilliers-sous-le-choc-apres-la-mort-de-jimmy-cliff\/"]}]},{"@type":"ImageObject","inLanguage":"fr-FR","@id":"https:\/\/elukelele.com\/fr\/divertissement\/bernard-lavilliers-sous-le-choc-apres-la-mort-de-jimmy-cliff\/#primaryimage","url":"https:\/\/elukelele.com\/fr\/wp-content\/uploads\/2025\/11\/framed_only-515.png","contentUrl":"https:\/\/elukelele.com\/fr\/wp-content\/uploads\/2025\/11\/framed_only-515.png","width":1200,"height":628,"caption":"Bernard"},{"@type":"BreadcrumbList","@id":"https:\/\/elukelele.com\/fr\/divertissement\/bernard-lavilliers-sous-le-choc-apres-la-mort-de-jimmy-cliff\/#breadcrumb","itemListElement":[{"@type":"ListItem","position":1,"name":"Home","item":"https:\/\/elukelele.com\/fr\/"},{"@type":"ListItem","position":2,"name":"Bernard Lavilliers sous le choc apr\u00e8s la mort de Jimmy Cliff"}]},{"@type":"WebSite","@id":"https:\/\/elukelele.com\/fr\/#website","url":"https:\/\/elukelele.com\/fr\/","name":"El Ukelele","description":"Musique au-del\u00e0 de l&#039;indie","potentialAction":[{"@type":"SearchAction","target":{"@type":"EntryPoint","urlTemplate":"https:\/\/elukelele.com\/fr\/?s={search_term_string}"},"query-input":{"@type":"PropertyValueSpecification","valueRequired":true,"valueName":"search_term_string"}}],"inLanguage":"fr-FR"},{"@type":"Person","@id":"https:\/\/elukelele.com\/fr\/#\/schema\/person\/ccfb3d2be2ec7fa389608eb6da0b38d6","name":"Daniel Perrin","image":{"@type":"ImageObject","inLanguage":"fr-FR","@id":"https:\/\/elukelele.com\/fr\/#\/schema\/person\/image\/","url":"https:\/\/secure.gravatar.com\/avatar\/37f9d9ffa29ce5640a0d9c6ca8bbd90afb854014296ecaa0e3a558ac716e6fe4?s=96&d=mm&r=g","contentUrl":"https:\/\/secure.gravatar.com\/avatar\/37f9d9ffa29ce5640a0d9c6ca8bbd90afb854014296ecaa0e3a558ac716e6fe4?s=96&d=mm&r=g","caption":"Daniel Perrin"},"sameAs":["https:\/\/elukelele.com\/fr"],"url":"https:\/\/elukelele.com\/fr\/author\/daniel-perrin\/"}]}},"_links":{"self":[{"href":"https:\/\/elukelele.com\/fr\/wp-json\/wp\/v2\/posts\/45716","targetHints":{"allow":["GET"]}}],"collection":[{"href":"https:\/\/elukelele.com\/fr\/wp-json\/wp\/v2\/posts"}],"about":[{"href":"https:\/\/elukelele.com\/fr\/wp-json\/wp\/v2\/types\/post"}],"author":[{"embeddable":true,"href":"https:\/\/elukelele.com\/fr\/wp-json\/wp\/v2\/users\/4"}],"replies":[{"embeddable":true,"href":"https:\/\/elukelele.com\/fr\/wp-json\/wp\/v2\/comments?post=45716"}],"version-history":[{"count":1,"href":"https:\/\/elukelele.com\/fr\/wp-json\/wp\/v2\/posts\/45716\/revisions"}],"predecessor-version":[{"id":46092,"href":"https:\/\/elukelele.com\/fr\/wp-json\/wp\/v2\/posts\/45716\/revisions\/46092"}],"wp:featuredmedia":[{"embeddable":true,"href":"https:\/\/elukelele.com\/fr\/wp-json\/wp\/v2\/media\/45715"}],"wp:attachment":[{"href":"https:\/\/elukelele.com\/fr\/wp-json\/wp\/v2\/media?parent=45716"}],"wp:term":[{"taxonomy":"category","embeddable":true,"href":"https:\/\/elukelele.com\/fr\/wp-json\/wp\/v2\/categories?post=45716"},{"taxonomy":"post_tag","embeddable":true,"href":"https:\/\/elukelele.com\/fr\/wp-json\/wp\/v2\/tags?post=45716"}],"curies":[{"name":"wp","href":"https:\/\/api.w.org\/{rel}","templated":true}]}}