{"id":45714,"date":"2025-11-26T11:20:19","date_gmt":"2025-11-26T11:20:19","guid":{"rendered":"https:\/\/elukelele.com\/fr\/?p=45714"},"modified":"2025-11-26T11:20:19","modified_gmt":"2025-11-26T11:20:19","slug":"deces-de-biyouna-la-comedienne-algerienne-sest-eteinte","status":"publish","type":"post","link":"https:\/\/elukelele.com\/fr\/divertissement\/deces-de-biyouna-la-comedienne-algerienne-sest-eteinte\/","title":{"rendered":"D\u00e9c\u00e8s de Biyouna : La com\u00e9dienne alg\u00e9rienne s&rsquo;est \u00e9teinte"},"content":{"rendered":"<p>C&rsquo;est avec une profonde tristesse que le monde du spectacle, tant en Alg\u00e9rie qu&rsquo;en France, apprend le d\u00e9c\u00e8s de la talentueuse com\u00e9dienne Biyouna. L&rsquo;actrice et humoriste alg\u00e9rienne, de son vrai nom Baya Bouzar, s&rsquo;est \u00e9teinte ce mardi 25 novembre 2025, \u00e0 l&rsquo;\u00e2ge de 73 ans, \u00e0 l&rsquo;h\u00f4pital Beni Messous d&rsquo;Alger, des suites d&rsquo;une longue maladie. Sa disparition marque la fin d&rsquo;une carri\u00e8re exceptionnelle, riche en moments d&rsquo;humour, d&rsquo;\u00e9motion et d&rsquo;engagement.<\/p>\n<h2>Une Carri\u00e8re Riche et Polyvalente : De la Danse au Cin\u00e9ma<\/h2>\n<h3>Des D\u00e9buts Sc\u00e9niques \u00c9clatants<\/h3>\n<p>N\u00e9e le 13 septembre 1952 \u00e0 Belcourt, un quartier populaire d&rsquo;Alger, Biyouna a tr\u00e8s t\u00f4t manifest\u00e9 une passion pour les arts de la sc\u00e8ne. D\u00e8s son plus jeune \u00e2ge, elle a int\u00e9gr\u00e9 des troupes musicales, accompagnant notamment la l\u00e9gendaire Fadh\u00e9la Dziria en tant que choriste et percussionniste. \u00c0 seulement 17 ans, elle se produisait d\u00e9j\u00e0 dans les grands cabarets d&rsquo;Alger et, \u00e0 19 ans, elle \u00e9tait danseuse au c\u00e9l\u00e8bre Copacabana.<\/p>\n<h3>La R\u00e9v\u00e9lation T\u00e9l\u00e9visuelle et Cin\u00e9matographique en Alg\u00e9rie<\/h3>\n<p>L&rsquo;ann\u00e9e 1973 marque un tournant d\u00e9cisif dans la carri\u00e8re de Biyouna, lorsqu&rsquo;elle est rep\u00e9r\u00e9e par le r\u00e9alisateur Mustapha Badie. Il lui offre alors son premier r\u00f4le \u00e0 la t\u00e9l\u00e9vision dans le feuilleton \u00ab\u00a0La Grande Maison\u00a0\u00bb, adapt\u00e9 du roman de Mohammed Dib, o\u00f9 elle incarne le personnage de Fatma, la propulsant ainsi sous les feux de la rampe en Alg\u00e9rie. Sa popularit\u00e9 grandit avec des r\u00f4les dans des s\u00e9ries t\u00e9l\u00e9vis\u00e9es alg\u00e9riennes \u00e0 succ\u00e8s telles que \u00ab\u00a0Nass Mlah City\u00a0\u00bb, la saga \u00ab\u00a0A\u00efcha\u00a0\u00bb, \u00ab\u00a0Nsibti Laaziza\u00a0\u00bb, et plus r\u00e9cemment \u00ab\u00a0Dar Lefchouch\u00a0\u00bb en 2023, o\u00f9 elle a fait sa derni\u00e8re apparition t\u00e9l\u00e9visuelle en tant que psychologue. Au cin\u00e9ma alg\u00e9rien, elle a \u00e9galement brill\u00e9 dans des films comme \u00ab\u00a0Leila et les autres\u00a0\u00bb (1978) de Sid Ali Mazif et \u00ab\u00a0La Voisine\u00a0\u00bb (2000) de Ghaouti Bendedouche.<\/p>\n<h3>L&rsquo;Essor International et la Reconnaissance en France<\/h3>\n<p>Le talent de Biyouna a rapidement d\u00e9pass\u00e9 les fronti\u00e8res alg\u00e9riennes. En 1999, elle obtient un r\u00f4le marquant dans \u00ab\u00a0Le Harem de Madame Osmane\u00a0\u00bb de Nadir Mokn\u00e8che, un film qui la fait conna\u00eetre en France. Cette collaboration se poursuit avec \u00ab\u00a0Viva Laldj\u00e9rie\u00a0\u00bb en 2003 et \u00ab\u00a0D\u00e9lice Paloma\u00a0\u00bb en 2007, o\u00f9 elle tient le r\u00f4le principal d&rsquo;une mafiosa, Madame Aldjeria. Elle a \u00e9galement jou\u00e9 dans plusieurs com\u00e9dies populaires fran\u00e7aises, notamment \u00ab\u00a0Il reste du jambon ?\u00a0\u00bb d&rsquo;Anne Dep\u00e9trini (2010), \u00ab\u00a0Beur sur la ville\u00a0\u00bb de Djamel Bensalah (2011), \u00ab\u00a0Les Trois Fr\u00e8res : Le Retour\u00a0\u00bb (2014) de Bernard Campan et Didier Bourdon, et \u00ab\u00a0Neuilly sa m\u00e8re, sa m\u00e8re !\u00a0\u00bb (2018) de Gabriel Julien-Laferri\u00e8re. En 2018, elle apparaissait aux c\u00f4t\u00e9s d&rsquo;Omar Sy dans \u00ab\u00a0Le Flic de Belleville\u00a0\u00bb. Parall\u00e8lement \u00e0 sa carri\u00e8re d&rsquo;actrice, Biyouna s&rsquo;est distingu\u00e9e dans la musique avec des albums tels que \u00ab\u00a0Raid Zone\u00a0\u00bb (2001) et \u00ab\u00a0Blonde dans la Casbah\u00a0\u00bb (2007), confirmant sa polyvalence artistique.<\/p>\n<h2>Un Combat Courageux contre la Maladie<\/h2>\n<p>Ces derni\u00e8res ann\u00e9es, Biyouna a men\u00e9 un combat discret mais courageux contre la maladie. Elle souffrait de probl\u00e8mes respiratoires s\u00e9v\u00e8res et de complications li\u00e9es \u00e0 un cancer du poumon qu&rsquo;elle combattait depuis 2016, entra\u00eenant une faible oxyg\u00e9nation c\u00e9r\u00e9brale. Son \u00e9tat de sant\u00e9 s&rsquo;\u00e9tait aggrav\u00e9, la conduisant \u00e0 \u00eatre hospitalis\u00e9e d\u00e8s le 4 novembre \u00e0 l&rsquo;h\u00f4pital de Parnet \u00e0 Alger, avant d&rsquo;\u00eatre transf\u00e9r\u00e9e au service de pneumologie de B\u00e9ni Messous. Ses rares apparitions publiques et sur les r\u00e9seaux sociaux, comme son message de v\u0153ux pour le Ramadan en f\u00e9vrier 2025, avaient suscit\u00e9 l&rsquo;inqui\u00e9tude de ses fans, qui s&rsquo;\u00e9taient \u00e9mus de la voir affaiblie.<\/p>\n<h2>Un H\u00e9ritage Durable<\/h2>\n<p>Biyouna \u00e9tait bien plus qu&rsquo;une com\u00e9dienne ; elle \u00e9tait une ic\u00f4ne, une figure de libert\u00e9 et d&rsquo;\u00e9mancipation, souvent d\u00e9crite comme provocatrice, assumant son ind\u00e9pendance et son attachement \u00e0 la culture alg\u00e9rienne. Sa voix rauque inimitable, sa forte personnalit\u00e9 et son humour singulier ont marqu\u00e9 des g\u00e9n\u00e9rations. \u00c0 travers ses r\u00f4les et ses chansons, elle n&rsquo;h\u00e9sitait pas \u00e0 aborder des th\u00e8mes sociaux sensibles et \u00e0 d\u00e9fendre la place des femmes dans le monde artistique. Son influence restera palpable dans le paysage culturel des deux rives de la M\u00e9diterran\u00e9e.<\/p>\n<p>Le d\u00e9c\u00e8s de cette com\u00e9dienne de talent laisse un grand vide. Biyouna restera dans les m\u00e9moires comme une artiste compl\u00e8te et inoubliable, dont l&rsquo;\u0153uvre a contribu\u00e9 \u00e0 enrichir le patrimoine culturel alg\u00e9rien et francophone. Son parcours, fait de passion et de d\u00e9termination, continuera d&rsquo;inspirer les nouvelles g\u00e9n\u00e9rations.<\/p>\n","protected":false},"excerpt":{"rendered":"<p>C&rsquo;est avec une profonde tristesse que le monde du spectacle, tant en Alg\u00e9rie qu&rsquo;en France, apprend le d\u00e9c\u00e8s de la talentueuse com\u00e9dienne Biyouna. L&rsquo;actrice et humoriste alg\u00e9rienne, de son vrai nom Baya Bouzar, s&rsquo;est \u00e9teinte ce mardi 25 novembre 2025, \u00e0 l&rsquo;\u00e2ge de 73 ans, \u00e0 l&rsquo;h\u00f4pital Beni Messous d&rsquo;Alger, des suites d&rsquo;une longue maladie. [&hellip;]<\/p>\n","protected":false},"author":4,"featured_media":45713,"comment_status":"open","ping_status":"open","sticky":false,"template":"","format":"standard","meta":{"_yoast_wpseo_title":"Biyouna, com\u00e9dienne alg\u00e9rienne, d\u00e9c\u00e9d\u00e9e \u00e0 73 ans","_yoast_wpseo_metadesc":"L'actrice et humoriste Biyouna, de son vrai nom Baya Bouzar, nous a quitt\u00e9s \u00e0 l'\u00e2ge de 73 ans. Revivez sa carri\u00e8re exceptionnelle.","_yoast_wpseo_focuskw":"Biyouna"},"categories":[5],"tags":[],"class_list":["post-45714","post","type-post","status-publish","format-standard","has-post-thumbnail","hentry","category-divertissement"],"yoast_head":"<!-- This site is optimized with the Yoast SEO plugin v26.3 - https:\/\/yoast.com\/wordpress\/plugins\/seo\/ -->\n<title>Biyouna, com\u00e9dienne alg\u00e9rienne, d\u00e9c\u00e9d\u00e9e \u00e0 73 ans<\/title>\n<meta name=\"description\" content=\"L&#039;actrice et humoriste Biyouna, de son vrai nom Baya Bouzar, nous a quitt\u00e9s \u00e0 l&#039;\u00e2ge de 73 ans. Revivez sa carri\u00e8re exceptionnelle.\" \/>\n<meta name=\"robots\" content=\"index, follow, max-snippet:-1, max-image-preview:large, max-video-preview:-1\" \/>\n<link rel=\"canonical\" href=\"https:\/\/elukelele.com\/fr\/divertissement\/deces-de-biyouna-la-comedienne-algerienne-sest-eteinte\/\" \/>\n<meta property=\"og:locale\" content=\"fr_FR\" \/>\n<meta property=\"og:type\" content=\"article\" \/>\n<meta property=\"og:title\" content=\"Biyouna, com\u00e9dienne alg\u00e9rienne, d\u00e9c\u00e9d\u00e9e \u00e0 73 ans\" \/>\n<meta property=\"og:description\" content=\"L&#039;actrice et humoriste Biyouna, de son vrai nom Baya Bouzar, nous a quitt\u00e9s \u00e0 l&#039;\u00e2ge de 73 ans. Revivez sa carri\u00e8re exceptionnelle.\" \/>\n<meta property=\"og:url\" content=\"https:\/\/elukelele.com\/fr\/divertissement\/deces-de-biyouna-la-comedienne-algerienne-sest-eteinte\/\" \/>\n<meta property=\"og:site_name\" content=\"El Ukelele\" \/>\n<meta property=\"article:published_time\" content=\"2025-11-26T11:20:19+00:00\" \/>\n<meta property=\"og:image\" content=\"https:\/\/elukelele.com\/fr\/wp-content\/uploads\/2025\/11\/framed_only-514.png\" \/>\n\t<meta property=\"og:image:width\" content=\"1200\" \/>\n\t<meta property=\"og:image:height\" content=\"628\" \/>\n\t<meta property=\"og:image:type\" content=\"image\/png\" \/>\n<meta name=\"author\" content=\"Daniel Perrin\" \/>\n<meta name=\"twitter:card\" content=\"summary_large_image\" \/>\n<meta name=\"twitter:label1\" content=\"\u00c9crit par\" \/>\n\t<meta name=\"twitter:data1\" content=\"Daniel Perrin\" \/>\n\t<meta name=\"twitter:label2\" content=\"Dur\u00e9e de lecture estim\u00e9e\" \/>\n\t<meta name=\"twitter:data2\" content=\"4 minutes\" \/>\n<script type=\"application\/ld+json\" class=\"yoast-schema-graph\">{\"@context\":\"https:\/\/schema.org\",\"@graph\":[{\"@type\":\"WebPage\",\"@id\":\"https:\/\/elukelele.com\/fr\/divertissement\/deces-de-biyouna-la-comedienne-algerienne-sest-eteinte\/\",\"url\":\"https:\/\/elukelele.com\/fr\/divertissement\/deces-de-biyouna-la-comedienne-algerienne-sest-eteinte\/\",\"name\":\"Biyouna, com\u00e9dienne alg\u00e9rienne, d\u00e9c\u00e9d\u00e9e \u00e0 73 ans\",\"isPartOf\":{\"@id\":\"https:\/\/elukelele.com\/fr\/#website\"},\"primaryImageOfPage\":{\"@id\":\"https:\/\/elukelele.com\/fr\/divertissement\/deces-de-biyouna-la-comedienne-algerienne-sest-eteinte\/#primaryimage\"},\"image\":{\"@id\":\"https:\/\/elukelele.com\/fr\/divertissement\/deces-de-biyouna-la-comedienne-algerienne-sest-eteinte\/#primaryimage\"},\"thumbnailUrl\":\"https:\/\/elukelele.com\/fr\/wp-content\/uploads\/2025\/11\/framed_only-514.png\",\"datePublished\":\"2025-11-26T11:20:19+00:00\",\"author\":{\"@id\":\"https:\/\/elukelele.com\/fr\/#\/schema\/person\/ccfb3d2be2ec7fa389608eb6da0b38d6\"},\"description\":\"L'actrice et humoriste Biyouna, de son vrai nom Baya Bouzar, nous a quitt\u00e9s \u00e0 l'\u00e2ge de 73 ans. Revivez sa carri\u00e8re exceptionnelle.\",\"breadcrumb\":{\"@id\":\"https:\/\/elukelele.com\/fr\/divertissement\/deces-de-biyouna-la-comedienne-algerienne-sest-eteinte\/#breadcrumb\"},\"inLanguage\":\"fr-FR\",\"potentialAction\":[{\"@type\":\"ReadAction\",\"target\":[\"https:\/\/elukelele.com\/fr\/divertissement\/deces-de-biyouna-la-comedienne-algerienne-sest-eteinte\/\"]}]},{\"@type\":\"ImageObject\",\"inLanguage\":\"fr-FR\",\"@id\":\"https:\/\/elukelele.com\/fr\/divertissement\/deces-de-biyouna-la-comedienne-algerienne-sest-eteinte\/#primaryimage\",\"url\":\"https:\/\/elukelele.com\/fr\/wp-content\/uploads\/2025\/11\/framed_only-514.png\",\"contentUrl\":\"https:\/\/elukelele.com\/fr\/wp-content\/uploads\/2025\/11\/framed_only-514.png\",\"width\":1200,\"height\":628,\"caption\":\"Biyouna\"},{\"@type\":\"BreadcrumbList\",\"@id\":\"https:\/\/elukelele.com\/fr\/divertissement\/deces-de-biyouna-la-comedienne-algerienne-sest-eteinte\/#breadcrumb\",\"itemListElement\":[{\"@type\":\"ListItem\",\"position\":1,\"name\":\"Home\",\"item\":\"https:\/\/elukelele.com\/fr\/\"},{\"@type\":\"ListItem\",\"position\":2,\"name\":\"D\u00e9c\u00e8s de Biyouna : La com\u00e9dienne alg\u00e9rienne s&rsquo;est \u00e9teinte\"}]},{\"@type\":\"WebSite\",\"@id\":\"https:\/\/elukelele.com\/fr\/#website\",\"url\":\"https:\/\/elukelele.com\/fr\/\",\"name\":\"El Ukelele\",\"description\":\"Musique au-del\u00e0 de l&#039;indie\",\"potentialAction\":[{\"@type\":\"SearchAction\",\"target\":{\"@type\":\"EntryPoint\",\"urlTemplate\":\"https:\/\/elukelele.com\/fr\/?s={search_term_string}\"},\"query-input\":{\"@type\":\"PropertyValueSpecification\",\"valueRequired\":true,\"valueName\":\"search_term_string\"}}],\"inLanguage\":\"fr-FR\"},{\"@type\":\"Person\",\"@id\":\"https:\/\/elukelele.com\/fr\/#\/schema\/person\/ccfb3d2be2ec7fa389608eb6da0b38d6\",\"name\":\"Daniel Perrin\",\"image\":{\"@type\":\"ImageObject\",\"inLanguage\":\"fr-FR\",\"@id\":\"https:\/\/elukelele.com\/fr\/#\/schema\/person\/image\/\",\"url\":\"https:\/\/secure.gravatar.com\/avatar\/37f9d9ffa29ce5640a0d9c6ca8bbd90afb854014296ecaa0e3a558ac716e6fe4?s=96&d=mm&r=g\",\"contentUrl\":\"https:\/\/secure.gravatar.com\/avatar\/37f9d9ffa29ce5640a0d9c6ca8bbd90afb854014296ecaa0e3a558ac716e6fe4?s=96&d=mm&r=g\",\"caption\":\"Daniel Perrin\"},\"sameAs\":[\"https:\/\/elukelele.com\/fr\"],\"url\":\"https:\/\/elukelele.com\/fr\/author\/daniel-perrin\/\"}]}<\/script>\n<!-- \/ Yoast SEO plugin. -->","yoast_head_json":{"title":"Biyouna, com\u00e9dienne alg\u00e9rienne, d\u00e9c\u00e9d\u00e9e \u00e0 73 ans","description":"L'actrice et humoriste Biyouna, de son vrai nom Baya Bouzar, nous a quitt\u00e9s \u00e0 l'\u00e2ge de 73 ans. Revivez sa carri\u00e8re exceptionnelle.","robots":{"index":"index","follow":"follow","max-snippet":"max-snippet:-1","max-image-preview":"max-image-preview:large","max-video-preview":"max-video-preview:-1"},"canonical":"https:\/\/elukelele.com\/fr\/divertissement\/deces-de-biyouna-la-comedienne-algerienne-sest-eteinte\/","og_locale":"fr_FR","og_type":"article","og_title":"Biyouna, com\u00e9dienne alg\u00e9rienne, d\u00e9c\u00e9d\u00e9e \u00e0 73 ans","og_description":"L'actrice et humoriste Biyouna, de son vrai nom Baya Bouzar, nous a quitt\u00e9s \u00e0 l'\u00e2ge de 73 ans. Revivez sa carri\u00e8re exceptionnelle.","og_url":"https:\/\/elukelele.com\/fr\/divertissement\/deces-de-biyouna-la-comedienne-algerienne-sest-eteinte\/","og_site_name":"El Ukelele","article_published_time":"2025-11-26T11:20:19+00:00","og_image":[{"width":1200,"height":628,"url":"https:\/\/elukelele.com\/fr\/wp-content\/uploads\/2025\/11\/framed_only-514.png","type":"image\/png"}],"author":"Daniel Perrin","twitter_card":"summary_large_image","twitter_misc":{"\u00c9crit par":"Daniel Perrin","Dur\u00e9e de lecture estim\u00e9e":"4 minutes"},"schema":{"@context":"https:\/\/schema.org","@graph":[{"@type":"WebPage","@id":"https:\/\/elukelele.com\/fr\/divertissement\/deces-de-biyouna-la-comedienne-algerienne-sest-eteinte\/","url":"https:\/\/elukelele.com\/fr\/divertissement\/deces-de-biyouna-la-comedienne-algerienne-sest-eteinte\/","name":"Biyouna, com\u00e9dienne alg\u00e9rienne, d\u00e9c\u00e9d\u00e9e \u00e0 73 ans","isPartOf":{"@id":"https:\/\/elukelele.com\/fr\/#website"},"primaryImageOfPage":{"@id":"https:\/\/elukelele.com\/fr\/divertissement\/deces-de-biyouna-la-comedienne-algerienne-sest-eteinte\/#primaryimage"},"image":{"@id":"https:\/\/elukelele.com\/fr\/divertissement\/deces-de-biyouna-la-comedienne-algerienne-sest-eteinte\/#primaryimage"},"thumbnailUrl":"https:\/\/elukelele.com\/fr\/wp-content\/uploads\/2025\/11\/framed_only-514.png","datePublished":"2025-11-26T11:20:19+00:00","author":{"@id":"https:\/\/elukelele.com\/fr\/#\/schema\/person\/ccfb3d2be2ec7fa389608eb6da0b38d6"},"description":"L'actrice et humoriste Biyouna, de son vrai nom Baya Bouzar, nous a quitt\u00e9s \u00e0 l'\u00e2ge de 73 ans. Revivez sa carri\u00e8re exceptionnelle.","breadcrumb":{"@id":"https:\/\/elukelele.com\/fr\/divertissement\/deces-de-biyouna-la-comedienne-algerienne-sest-eteinte\/#breadcrumb"},"inLanguage":"fr-FR","potentialAction":[{"@type":"ReadAction","target":["https:\/\/elukelele.com\/fr\/divertissement\/deces-de-biyouna-la-comedienne-algerienne-sest-eteinte\/"]}]},{"@type":"ImageObject","inLanguage":"fr-FR","@id":"https:\/\/elukelele.com\/fr\/divertissement\/deces-de-biyouna-la-comedienne-algerienne-sest-eteinte\/#primaryimage","url":"https:\/\/elukelele.com\/fr\/wp-content\/uploads\/2025\/11\/framed_only-514.png","contentUrl":"https:\/\/elukelele.com\/fr\/wp-content\/uploads\/2025\/11\/framed_only-514.png","width":1200,"height":628,"caption":"Biyouna"},{"@type":"BreadcrumbList","@id":"https:\/\/elukelele.com\/fr\/divertissement\/deces-de-biyouna-la-comedienne-algerienne-sest-eteinte\/#breadcrumb","itemListElement":[{"@type":"ListItem","position":1,"name":"Home","item":"https:\/\/elukelele.com\/fr\/"},{"@type":"ListItem","position":2,"name":"D\u00e9c\u00e8s de Biyouna : La com\u00e9dienne alg\u00e9rienne s&rsquo;est \u00e9teinte"}]},{"@type":"WebSite","@id":"https:\/\/elukelele.com\/fr\/#website","url":"https:\/\/elukelele.com\/fr\/","name":"El Ukelele","description":"Musique au-del\u00e0 de l&#039;indie","potentialAction":[{"@type":"SearchAction","target":{"@type":"EntryPoint","urlTemplate":"https:\/\/elukelele.com\/fr\/?s={search_term_string}"},"query-input":{"@type":"PropertyValueSpecification","valueRequired":true,"valueName":"search_term_string"}}],"inLanguage":"fr-FR"},{"@type":"Person","@id":"https:\/\/elukelele.com\/fr\/#\/schema\/person\/ccfb3d2be2ec7fa389608eb6da0b38d6","name":"Daniel Perrin","image":{"@type":"ImageObject","inLanguage":"fr-FR","@id":"https:\/\/elukelele.com\/fr\/#\/schema\/person\/image\/","url":"https:\/\/secure.gravatar.com\/avatar\/37f9d9ffa29ce5640a0d9c6ca8bbd90afb854014296ecaa0e3a558ac716e6fe4?s=96&d=mm&r=g","contentUrl":"https:\/\/secure.gravatar.com\/avatar\/37f9d9ffa29ce5640a0d9c6ca8bbd90afb854014296ecaa0e3a558ac716e6fe4?s=96&d=mm&r=g","caption":"Daniel Perrin"},"sameAs":["https:\/\/elukelele.com\/fr"],"url":"https:\/\/elukelele.com\/fr\/author\/daniel-perrin\/"}]}},"_links":{"self":[{"href":"https:\/\/elukelele.com\/fr\/wp-json\/wp\/v2\/posts\/45714","targetHints":{"allow":["GET"]}}],"collection":[{"href":"https:\/\/elukelele.com\/fr\/wp-json\/wp\/v2\/posts"}],"about":[{"href":"https:\/\/elukelele.com\/fr\/wp-json\/wp\/v2\/types\/post"}],"author":[{"embeddable":true,"href":"https:\/\/elukelele.com\/fr\/wp-json\/wp\/v2\/users\/4"}],"replies":[{"embeddable":true,"href":"https:\/\/elukelele.com\/fr\/wp-json\/wp\/v2\/comments?post=45714"}],"version-history":[{"count":1,"href":"https:\/\/elukelele.com\/fr\/wp-json\/wp\/v2\/posts\/45714\/revisions"}],"predecessor-version":[{"id":46091,"href":"https:\/\/elukelele.com\/fr\/wp-json\/wp\/v2\/posts\/45714\/revisions\/46091"}],"wp:featuredmedia":[{"embeddable":true,"href":"https:\/\/elukelele.com\/fr\/wp-json\/wp\/v2\/media\/45713"}],"wp:attachment":[{"href":"https:\/\/elukelele.com\/fr\/wp-json\/wp\/v2\/media?parent=45714"}],"wp:term":[{"taxonomy":"category","embeddable":true,"href":"https:\/\/elukelele.com\/fr\/wp-json\/wp\/v2\/categories?post=45714"},{"taxonomy":"post_tag","embeddable":true,"href":"https:\/\/elukelele.com\/fr\/wp-json\/wp\/v2\/tags?post=45714"}],"curies":[{"name":"wp","href":"https:\/\/api.w.org\/{rel}","templated":true}]}}