{"id":45704,"date":"2025-11-25T18:13:58","date_gmt":"2025-11-25T18:13:58","guid":{"rendered":"https:\/\/elukelele.com\/fr\/?p=45704"},"modified":"2025-11-25T18:13:59","modified_gmt":"2025-11-25T18:13:59","slug":"olivia-ruiz-bientot-coach-dans-une-emission-musicale","status":"publish","type":"post","link":"https:\/\/elukelele.com\/fr\/divertissement\/olivia-ruiz-bientot-coach-dans-une-emission-musicale\/","title":{"rendered":"Olivia Ruiz : Bient\u00f4t coach dans une \u00e9mission musicale ?"},"content":{"rendered":"<p>Le parcours artistique d&rsquo;Olivia Ruiz, jalonn\u00e9 de succ\u00e8s musicaux et d&rsquo;explorations th\u00e9\u00e2trales, pourrait bien prendre un nouveau tournant vers le petit \u00e9cran. L&rsquo;artiste, connue pour son authenticit\u00e9 et son franc-parler, a r\u00e9cemment exprim\u00e9 un int\u00e9r\u00eat marqu\u00e9 pour le r\u00f4le de coach dans une \u00e9mission musicale populaire. Sa d\u00e9claration, \u00ab\u00a0C&rsquo;est s\u00fbr que j&rsquo;adore l&rsquo;id\u00e9e\u00a0\u00bb, a suscit\u00e9 l&rsquo;enthousiasme et a ouvert la discussion sur la possibilit\u00e9 de la voir bient\u00f4t prendre place dans le c\u00e9l\u00e8bre fauteuil rouge, partageant son exp\u00e9rience et sa vision artistique avec la nouvelle g\u00e9n\u00e9ration de talents.<\/p>\n<h2>Les Pr\u00e9mices T\u00e9l\u00e9visuels : Entre Anxi\u00e9t\u00e9 et D\u00e9termination Familiale<\/h2>\n<p>Les d\u00e9buts d&rsquo;Olivia Ruiz dans le monde de la t\u00e9l\u00e9vision remontent \u00e0 sa participation \u00e0 la premi\u00e8re saison de la <a href=\"https:\/\/www.tf1.fr\/tf1\/star-academy\" target=\"_blank\" rel=\"noopener\">Star Academy<\/a> en 2001. Cette exp\u00e9rience, bien que formatrice, fut \u00e9galement source d&rsquo;une anxi\u00e9t\u00e9 palpable pour la jeune artiste. Elle a r\u00e9cemment partag\u00e9 les coulisses de cette p\u00e9riode, \u00e9voquant le choc de d\u00e9couvrir des portraits d&rsquo;elle jug\u00e9s \u00ab\u00a0bizarres\u00a0\u00bb, la d\u00e9peignant par exemple comme \u00ab\u00a0jalouse et possessive\u00a0\u00bb. Cette description inattendue a provoqu\u00e9 chez elle une panique avant m\u00eame son entr\u00e9e en sc\u00e8ne. Cependant, c&rsquo;est la foi in\u00e9branlable de son p\u00e8re, musicien lui-m\u00eame, en son talent qui l&rsquo;a pouss\u00e9e \u00e0 pers\u00e9v\u00e9rer. Olivia Ruiz a d&rsquo;ailleurs admis avoir particip\u00e9 \u00e0 l&rsquo;aventure \u00ab\u00a0un peu pour lui, un peu pour moi\u00a0\u00bb. Cette confrontation pr\u00e9coce avec les rouages du t\u00e9l\u00e9-crochet a fa\u00e7onn\u00e9 son rapport complexe au genre, lui offrant aujourd&rsquo;hui une perspective unique sur le r\u00f4le de mentor.<\/p>\n<h2>Olivia Ruiz et le Fauteuil Rouge : Une Envie de Transmission Assum\u00e9e<\/h2>\n<p>L&rsquo;id\u00e9e de devenir coach dans une \u00e9mission comme <a href=\"https:\/\/www.tf1.fr\/tf1\/the-voice\" target=\"_blank\" rel=\"noopener\">The Voice<\/a> ne cesse de germer dans l&rsquo;esprit d&rsquo;Olivia Ruiz. Lors d&rsquo;une interview accord\u00e9e \u00e0 <em>Purem\u00e9dias<\/em>, elle a ouvertement partag\u00e9 ses aspirations, articulant clairement son d\u00e9sir de transmission. \u00ab\u00a0C&rsquo;est s\u00fbr que j&rsquo;adore l&rsquo;id\u00e9e de la transmission et de partager mon exp\u00e9rience\u00a0\u00bb, a-t-elle affirm\u00e9, soulignant l&rsquo;attrait de guider de nouveaux artistes.<\/p>\n<p>Malgr\u00e9 cet enthousiasme, l&rsquo;artiste ne cache pas non plus certaines interrogations concernant sa l\u00e9gitimit\u00e9 \u00e0 endosser un tel r\u00f4le. Ce questionnement personnel est un trait caract\u00e9ristique de sa personnalit\u00e9 artistique, toujours en qu\u00eate de sens et de sinc\u00e9rit\u00e9. Elle a pr\u00e9cis\u00e9 que, pour l&rsquo;heure, aucune proposition officielle ne lui avait \u00e9t\u00e9 faite, mais sa d\u00e9claration publique r\u00e9sonne comme un appel du pied aux productions du programme. L&rsquo;\u00e9ventualit\u00e9 de voir Olivia Ruiz s&rsquo;installer dans l&rsquo;un des embl\u00e9matiques fauteuils rouges de l&rsquo;\u00e9mission repr\u00e9sente une perspective prometteuse pour les fans de l&rsquo;artiste et les t\u00e9l\u00e9spectateurs, qui pourraient d\u00e9couvrir une facette in\u00e9dite de sa personnalit\u00e9 et de son savoir-faire musical.<\/p>\n<h2>Les \u00c9chos du Pass\u00e9 : Des R\u00e9v\u00e9lations Personnelles qui \u00e9clairent son Parcours<\/h2>\n<p>Le parcours d&rsquo;Olivia Ruiz est \u00e9galement marqu\u00e9 par des \u00e9preuves personnelles qu&rsquo;elle a courageusement partag\u00e9es, \u00e9clairant d&rsquo;une lumi\u00e8re diff\u00e9rente sa vision du monde et de l&rsquo;industrie musicale. En f\u00e9vrier 2024, elle a r\u00e9v\u00e9l\u00e9 au <em>Journal du dimanche<\/em> avoir \u00e9t\u00e9 victime de soumission chimique, une r\u00e9v\u00e9lation qui a suivi le mouvement de lib\u00e9ration de la parole initi\u00e9 par des personnalit\u00e9s comme Judith Godr\u00e8che. L&rsquo;artiste a \u00e9voqu\u00e9 une situation encore \u00ab\u00a0floue\u00a0\u00bb mais dans laquelle \u00ab\u00a0il n&rsquo;y a pas eu d&rsquo;agression\u00a0\u00bb, pr\u00e9cisant s&rsquo;\u00eatre \u00ab\u00a0r\u00e9veill\u00e9e et [l&rsquo;avoir] d\u00e9gag\u00e9 direct\u00a0\u00bb.<\/p>\n<p>Ces t\u00e9moignages, y compris celui d&rsquo;une tentative d&rsquo;agression sexuelle par un chef d&rsquo;orchestre \u00e0 l&rsquo;\u00e2ge de dix-sept ans, sont des \u00e9l\u00e9ments cruciaux pour comprendre la r\u00e9silience et la force de caract\u00e8re d&rsquo;Olivia Ruiz. Ces exp\u00e9riences ont sans doute forg\u00e9 une sensibilit\u00e9 et une vigilance particuli\u00e8res, qui pourraient se r\u00e9v\u00e9ler pr\u00e9cieuses dans un r\u00f4le de coach o\u00f9 l&rsquo;accompagnement humain et la protection des jeunes talents sont primordiaux.<\/p>\n<h2>FAQ<\/h2>\n<h3>Olivia Ruiz a-t-elle d\u00e9j\u00e0 particip\u00e9 \u00e0 des t\u00e9l\u00e9-crochets ?<\/h3>\n<p>Oui, Olivia Ruiz a particip\u00e9 \u00e0 la premi\u00e8re saison de la Star Academy en 2001, ce qui a marqu\u00e9 ses d\u00e9buts m\u00e9diatiques.<\/p>\n<h3>Qu&rsquo;est-ce qui attire Olivia Ruiz dans le r\u00f4le de coach pour The Voice ?<\/h3>\n<p>Olivia Ruiz est particuli\u00e8rement attir\u00e9e par l&rsquo;id\u00e9e de la \u00ab\u00a0transmission\u00a0\u00bb et le partage de son exp\u00e9rience avec de nouveaux talents, comme elle l&rsquo;a exprim\u00e9 lors d&rsquo;une interview.<\/p>\n<h3>Olivia Ruiz a-t-elle \u00e9t\u00e9 officiellement approch\u00e9e pour \u00eatre coach dans The Voice ?<\/h3>\n<p>Selon ses d\u00e9clarations, aucune proposition officielle ne lui a \u00e9t\u00e9 faite pour l&rsquo;instant.<\/p>\n<h2>Conclusion<\/h2>\n<p>L&rsquo;int\u00e9r\u00eat d&rsquo;Olivia Ruiz pour le r\u00f4le de coach dans une \u00e9mission telle que The Voice repr\u00e9sente une \u00e9volution fascinante dans sa carri\u00e8re. Forte d&rsquo;une exp\u00e9rience sc\u00e9nique riche, d&rsquo;une personnalit\u00e9 authentique et d&rsquo;une r\u00e9silience face aux \u00e9preuves de la vie, elle incarne une figure inspirante. Sa volont\u00e9 de transmettre et de guider les nouvelles g\u00e9n\u00e9rations, tout en reconnaissant les d\u00e9fis et les doutes li\u00e9s \u00e0 un tel engagement, laisse entrevoir la possibilit\u00e9 d&rsquo;un apport pr\u00e9cieux pour le programme. Le fauteuil rouge pourrait ainsi accueillir une artiste dont le parcours unique offrirait une perspective \u00e9clair\u00e9e et humaine \u00e0 de futurs talents.<\/p>\n","protected":false},"excerpt":{"rendered":"<p>Le parcours artistique d&rsquo;Olivia Ruiz, jalonn\u00e9 de succ\u00e8s musicaux et d&rsquo;explorations th\u00e9\u00e2trales, pourrait bien prendre un nouveau tournant vers le petit \u00e9cran. L&rsquo;artiste, connue pour son authenticit\u00e9 et son franc-parler, a r\u00e9cemment exprim\u00e9 un int\u00e9r\u00eat marqu\u00e9 pour le r\u00f4le de coach dans une \u00e9mission musicale populaire. Sa d\u00e9claration, \u00ab\u00a0C&rsquo;est s\u00fbr que j&rsquo;adore l&rsquo;id\u00e9e\u00a0\u00bb, a suscit\u00e9 [&hellip;]<\/p>\n","protected":false},"author":4,"featured_media":45703,"comment_status":"open","ping_status":"open","sticky":false,"template":"","format":"standard","meta":{"_yoast_wpseo_title":"Olivia Ruiz : Bient\u00f4t coach dans une \u00e9mission musicale ?","_yoast_wpseo_metadesc":"D\u00e9couvrez l'artiste Olivia Ruiz, pr\u00eate \u00e0 explorer un nouveau chapitre t\u00e9l\u00e9visuel ! Serait-elle la prochaine coach dans une \u00e9mission musicale?","_yoast_wpseo_focuskw":"Olivia Ruiz"},"categories":[5],"tags":[],"class_list":["post-45704","post","type-post","status-publish","format-standard","has-post-thumbnail","hentry","category-divertissement"],"yoast_head":"<!-- This site is optimized with the Yoast SEO plugin v26.3 - https:\/\/yoast.com\/wordpress\/plugins\/seo\/ -->\n<title>Olivia Ruiz : Bient\u00f4t coach dans une \u00e9mission musicale ?<\/title>\n<meta name=\"description\" content=\"D\u00e9couvrez l&#039;artiste Olivia Ruiz, pr\u00eate \u00e0 explorer un nouveau chapitre t\u00e9l\u00e9visuel ! Serait-elle la prochaine coach dans une \u00e9mission musicale?\" \/>\n<meta name=\"robots\" content=\"index, follow, max-snippet:-1, max-image-preview:large, max-video-preview:-1\" \/>\n<link rel=\"canonical\" href=\"https:\/\/elukelele.com\/fr\/divertissement\/olivia-ruiz-bientot-coach-dans-une-emission-musicale\/\" \/>\n<meta property=\"og:locale\" content=\"fr_FR\" \/>\n<meta property=\"og:type\" content=\"article\" \/>\n<meta property=\"og:title\" content=\"Olivia Ruiz : Bient\u00f4t coach dans une \u00e9mission musicale ?\" \/>\n<meta property=\"og:description\" content=\"D\u00e9couvrez l&#039;artiste Olivia Ruiz, pr\u00eate \u00e0 explorer un nouveau chapitre t\u00e9l\u00e9visuel ! Serait-elle la prochaine coach dans une \u00e9mission musicale?\" \/>\n<meta property=\"og:url\" content=\"https:\/\/elukelele.com\/fr\/divertissement\/olivia-ruiz-bientot-coach-dans-une-emission-musicale\/\" \/>\n<meta property=\"og:site_name\" content=\"El Ukelele\" \/>\n<meta property=\"article:published_time\" content=\"2025-11-25T18:13:58+00:00\" \/>\n<meta property=\"article:modified_time\" content=\"2025-11-25T18:13:59+00:00\" \/>\n<meta property=\"og:image\" content=\"https:\/\/elukelele.com\/fr\/wp-content\/uploads\/2025\/11\/framed_only-509.png\" \/>\n\t<meta property=\"og:image:width\" content=\"1200\" \/>\n\t<meta property=\"og:image:height\" content=\"628\" \/>\n\t<meta property=\"og:image:type\" content=\"image\/png\" \/>\n<meta name=\"author\" content=\"Daniel Perrin\" \/>\n<meta name=\"twitter:card\" content=\"summary_large_image\" \/>\n<meta name=\"twitter:label1\" content=\"\u00c9crit par\" \/>\n\t<meta name=\"twitter:data1\" content=\"Daniel Perrin\" \/>\n\t<meta name=\"twitter:label2\" content=\"Dur\u00e9e de lecture estim\u00e9e\" \/>\n\t<meta name=\"twitter:data2\" content=\"5 minutes\" \/>\n<script type=\"application\/ld+json\" class=\"yoast-schema-graph\">{\"@context\":\"https:\/\/schema.org\",\"@graph\":[{\"@type\":\"WebPage\",\"@id\":\"https:\/\/elukelele.com\/fr\/divertissement\/olivia-ruiz-bientot-coach-dans-une-emission-musicale\/\",\"url\":\"https:\/\/elukelele.com\/fr\/divertissement\/olivia-ruiz-bientot-coach-dans-une-emission-musicale\/\",\"name\":\"Olivia Ruiz : Bient\u00f4t coach dans une \u00e9mission musicale ?\",\"isPartOf\":{\"@id\":\"https:\/\/elukelele.com\/fr\/#website\"},\"primaryImageOfPage\":{\"@id\":\"https:\/\/elukelele.com\/fr\/divertissement\/olivia-ruiz-bientot-coach-dans-une-emission-musicale\/#primaryimage\"},\"image\":{\"@id\":\"https:\/\/elukelele.com\/fr\/divertissement\/olivia-ruiz-bientot-coach-dans-une-emission-musicale\/#primaryimage\"},\"thumbnailUrl\":\"https:\/\/elukelele.com\/fr\/wp-content\/uploads\/2025\/11\/framed_only-509.png\",\"datePublished\":\"2025-11-25T18:13:58+00:00\",\"dateModified\":\"2025-11-25T18:13:59+00:00\",\"author\":{\"@id\":\"https:\/\/elukelele.com\/fr\/#\/schema\/person\/ccfb3d2be2ec7fa389608eb6da0b38d6\"},\"description\":\"D\u00e9couvrez l'artiste Olivia Ruiz, pr\u00eate \u00e0 explorer un nouveau chapitre t\u00e9l\u00e9visuel ! Serait-elle la prochaine coach dans une \u00e9mission musicale?\",\"breadcrumb\":{\"@id\":\"https:\/\/elukelele.com\/fr\/divertissement\/olivia-ruiz-bientot-coach-dans-une-emission-musicale\/#breadcrumb\"},\"inLanguage\":\"fr-FR\",\"potentialAction\":[{\"@type\":\"ReadAction\",\"target\":[\"https:\/\/elukelele.com\/fr\/divertissement\/olivia-ruiz-bientot-coach-dans-une-emission-musicale\/\"]}]},{\"@type\":\"ImageObject\",\"inLanguage\":\"fr-FR\",\"@id\":\"https:\/\/elukelele.com\/fr\/divertissement\/olivia-ruiz-bientot-coach-dans-une-emission-musicale\/#primaryimage\",\"url\":\"https:\/\/elukelele.com\/fr\/wp-content\/uploads\/2025\/11\/framed_only-509.png\",\"contentUrl\":\"https:\/\/elukelele.com\/fr\/wp-content\/uploads\/2025\/11\/framed_only-509.png\",\"width\":1200,\"height\":628,\"caption\":\"Olivia Ruiz\"},{\"@type\":\"BreadcrumbList\",\"@id\":\"https:\/\/elukelele.com\/fr\/divertissement\/olivia-ruiz-bientot-coach-dans-une-emission-musicale\/#breadcrumb\",\"itemListElement\":[{\"@type\":\"ListItem\",\"position\":1,\"name\":\"Home\",\"item\":\"https:\/\/elukelele.com\/fr\/\"},{\"@type\":\"ListItem\",\"position\":2,\"name\":\"Olivia Ruiz : Bient\u00f4t coach dans une \u00e9mission musicale ?\"}]},{\"@type\":\"WebSite\",\"@id\":\"https:\/\/elukelele.com\/fr\/#website\",\"url\":\"https:\/\/elukelele.com\/fr\/\",\"name\":\"El Ukelele\",\"description\":\"Musique au-del\u00e0 de l&#039;indie\",\"potentialAction\":[{\"@type\":\"SearchAction\",\"target\":{\"@type\":\"EntryPoint\",\"urlTemplate\":\"https:\/\/elukelele.com\/fr\/?s={search_term_string}\"},\"query-input\":{\"@type\":\"PropertyValueSpecification\",\"valueRequired\":true,\"valueName\":\"search_term_string\"}}],\"inLanguage\":\"fr-FR\"},{\"@type\":\"Person\",\"@id\":\"https:\/\/elukelele.com\/fr\/#\/schema\/person\/ccfb3d2be2ec7fa389608eb6da0b38d6\",\"name\":\"Daniel Perrin\",\"image\":{\"@type\":\"ImageObject\",\"inLanguage\":\"fr-FR\",\"@id\":\"https:\/\/elukelele.com\/fr\/#\/schema\/person\/image\/\",\"url\":\"https:\/\/secure.gravatar.com\/avatar\/37f9d9ffa29ce5640a0d9c6ca8bbd90afb854014296ecaa0e3a558ac716e6fe4?s=96&d=mm&r=g\",\"contentUrl\":\"https:\/\/secure.gravatar.com\/avatar\/37f9d9ffa29ce5640a0d9c6ca8bbd90afb854014296ecaa0e3a558ac716e6fe4?s=96&d=mm&r=g\",\"caption\":\"Daniel Perrin\"},\"sameAs\":[\"https:\/\/elukelele.com\/fr\"],\"url\":\"https:\/\/elukelele.com\/fr\/author\/daniel-perrin\/\"}]}<\/script>\n<!-- \/ Yoast SEO plugin. -->","yoast_head_json":{"title":"Olivia Ruiz : Bient\u00f4t coach dans une \u00e9mission musicale ?","description":"D\u00e9couvrez l'artiste Olivia Ruiz, pr\u00eate \u00e0 explorer un nouveau chapitre t\u00e9l\u00e9visuel ! Serait-elle la prochaine coach dans une \u00e9mission musicale?","robots":{"index":"index","follow":"follow","max-snippet":"max-snippet:-1","max-image-preview":"max-image-preview:large","max-video-preview":"max-video-preview:-1"},"canonical":"https:\/\/elukelele.com\/fr\/divertissement\/olivia-ruiz-bientot-coach-dans-une-emission-musicale\/","og_locale":"fr_FR","og_type":"article","og_title":"Olivia Ruiz : Bient\u00f4t coach dans une \u00e9mission musicale ?","og_description":"D\u00e9couvrez l'artiste Olivia Ruiz, pr\u00eate \u00e0 explorer un nouveau chapitre t\u00e9l\u00e9visuel ! Serait-elle la prochaine coach dans une \u00e9mission musicale?","og_url":"https:\/\/elukelele.com\/fr\/divertissement\/olivia-ruiz-bientot-coach-dans-une-emission-musicale\/","og_site_name":"El Ukelele","article_published_time":"2025-11-25T18:13:58+00:00","article_modified_time":"2025-11-25T18:13:59+00:00","og_image":[{"width":1200,"height":628,"url":"https:\/\/elukelele.com\/fr\/wp-content\/uploads\/2025\/11\/framed_only-509.png","type":"image\/png"}],"author":"Daniel Perrin","twitter_card":"summary_large_image","twitter_misc":{"\u00c9crit par":"Daniel Perrin","Dur\u00e9e de lecture estim\u00e9e":"5 minutes"},"schema":{"@context":"https:\/\/schema.org","@graph":[{"@type":"WebPage","@id":"https:\/\/elukelele.com\/fr\/divertissement\/olivia-ruiz-bientot-coach-dans-une-emission-musicale\/","url":"https:\/\/elukelele.com\/fr\/divertissement\/olivia-ruiz-bientot-coach-dans-une-emission-musicale\/","name":"Olivia Ruiz : Bient\u00f4t coach dans une \u00e9mission musicale ?","isPartOf":{"@id":"https:\/\/elukelele.com\/fr\/#website"},"primaryImageOfPage":{"@id":"https:\/\/elukelele.com\/fr\/divertissement\/olivia-ruiz-bientot-coach-dans-une-emission-musicale\/#primaryimage"},"image":{"@id":"https:\/\/elukelele.com\/fr\/divertissement\/olivia-ruiz-bientot-coach-dans-une-emission-musicale\/#primaryimage"},"thumbnailUrl":"https:\/\/elukelele.com\/fr\/wp-content\/uploads\/2025\/11\/framed_only-509.png","datePublished":"2025-11-25T18:13:58+00:00","dateModified":"2025-11-25T18:13:59+00:00","author":{"@id":"https:\/\/elukelele.com\/fr\/#\/schema\/person\/ccfb3d2be2ec7fa389608eb6da0b38d6"},"description":"D\u00e9couvrez l'artiste Olivia Ruiz, pr\u00eate \u00e0 explorer un nouveau chapitre t\u00e9l\u00e9visuel ! Serait-elle la prochaine coach dans une \u00e9mission musicale?","breadcrumb":{"@id":"https:\/\/elukelele.com\/fr\/divertissement\/olivia-ruiz-bientot-coach-dans-une-emission-musicale\/#breadcrumb"},"inLanguage":"fr-FR","potentialAction":[{"@type":"ReadAction","target":["https:\/\/elukelele.com\/fr\/divertissement\/olivia-ruiz-bientot-coach-dans-une-emission-musicale\/"]}]},{"@type":"ImageObject","inLanguage":"fr-FR","@id":"https:\/\/elukelele.com\/fr\/divertissement\/olivia-ruiz-bientot-coach-dans-une-emission-musicale\/#primaryimage","url":"https:\/\/elukelele.com\/fr\/wp-content\/uploads\/2025\/11\/framed_only-509.png","contentUrl":"https:\/\/elukelele.com\/fr\/wp-content\/uploads\/2025\/11\/framed_only-509.png","width":1200,"height":628,"caption":"Olivia Ruiz"},{"@type":"BreadcrumbList","@id":"https:\/\/elukelele.com\/fr\/divertissement\/olivia-ruiz-bientot-coach-dans-une-emission-musicale\/#breadcrumb","itemListElement":[{"@type":"ListItem","position":1,"name":"Home","item":"https:\/\/elukelele.com\/fr\/"},{"@type":"ListItem","position":2,"name":"Olivia Ruiz : Bient\u00f4t coach dans une \u00e9mission musicale ?"}]},{"@type":"WebSite","@id":"https:\/\/elukelele.com\/fr\/#website","url":"https:\/\/elukelele.com\/fr\/","name":"El Ukelele","description":"Musique au-del\u00e0 de l&#039;indie","potentialAction":[{"@type":"SearchAction","target":{"@type":"EntryPoint","urlTemplate":"https:\/\/elukelele.com\/fr\/?s={search_term_string}"},"query-input":{"@type":"PropertyValueSpecification","valueRequired":true,"valueName":"search_term_string"}}],"inLanguage":"fr-FR"},{"@type":"Person","@id":"https:\/\/elukelele.com\/fr\/#\/schema\/person\/ccfb3d2be2ec7fa389608eb6da0b38d6","name":"Daniel Perrin","image":{"@type":"ImageObject","inLanguage":"fr-FR","@id":"https:\/\/elukelele.com\/fr\/#\/schema\/person\/image\/","url":"https:\/\/secure.gravatar.com\/avatar\/37f9d9ffa29ce5640a0d9c6ca8bbd90afb854014296ecaa0e3a558ac716e6fe4?s=96&d=mm&r=g","contentUrl":"https:\/\/secure.gravatar.com\/avatar\/37f9d9ffa29ce5640a0d9c6ca8bbd90afb854014296ecaa0e3a558ac716e6fe4?s=96&d=mm&r=g","caption":"Daniel Perrin"},"sameAs":["https:\/\/elukelele.com\/fr"],"url":"https:\/\/elukelele.com\/fr\/author\/daniel-perrin\/"}]}},"_links":{"self":[{"href":"https:\/\/elukelele.com\/fr\/wp-json\/wp\/v2\/posts\/45704","targetHints":{"allow":["GET"]}}],"collection":[{"href":"https:\/\/elukelele.com\/fr\/wp-json\/wp\/v2\/posts"}],"about":[{"href":"https:\/\/elukelele.com\/fr\/wp-json\/wp\/v2\/types\/post"}],"author":[{"embeddable":true,"href":"https:\/\/elukelele.com\/fr\/wp-json\/wp\/v2\/users\/4"}],"replies":[{"embeddable":true,"href":"https:\/\/elukelele.com\/fr\/wp-json\/wp\/v2\/comments?post=45704"}],"version-history":[{"count":1,"href":"https:\/\/elukelele.com\/fr\/wp-json\/wp\/v2\/posts\/45704\/revisions"}],"predecessor-version":[{"id":46007,"href":"https:\/\/elukelele.com\/fr\/wp-json\/wp\/v2\/posts\/45704\/revisions\/46007"}],"wp:featuredmedia":[{"embeddable":true,"href":"https:\/\/elukelele.com\/fr\/wp-json\/wp\/v2\/media\/45703"}],"wp:attachment":[{"href":"https:\/\/elukelele.com\/fr\/wp-json\/wp\/v2\/media?parent=45704"}],"wp:term":[{"taxonomy":"category","embeddable":true,"href":"https:\/\/elukelele.com\/fr\/wp-json\/wp\/v2\/categories?post=45704"},{"taxonomy":"post_tag","embeddable":true,"href":"https:\/\/elukelele.com\/fr\/wp-json\/wp\/v2\/tags?post=45704"}],"curies":[{"name":"wp","href":"https:\/\/api.w.org\/{rel}","templated":true}]}}