{"id":45702,"date":"2025-11-25T18:11:41","date_gmt":"2025-11-25T18:11:41","guid":{"rendered":"https:\/\/elukelele.com\/fr\/?p=45702"},"modified":"2025-11-25T18:11:42","modified_gmt":"2025-11-25T18:11:42","slug":"elle-80-ans-demancipation-le-docu-qui-retrace-lhistoire","status":"publish","type":"post","link":"https:\/\/elukelele.com\/fr\/divertissement\/elle-80-ans-demancipation-le-docu-qui-retrace-lhistoire\/","title":{"rendered":"ELLE : 80 ans d&rsquo;\u00e9mancipation, le docu qui retrace l&rsquo;histoire"},"content":{"rendered":"<p>Le magazine ELLE, institution de la presse f\u00e9minine fran\u00e7aise, c\u00e9l\u00e8bre ses 80 ans d&rsquo;existence en 2025. \u00c0 cette occasion, un documentaire in\u00e9dit, intitul\u00e9 \u00ab ELLE &amp; nous, 80 ans d&rsquo;\u00e9mancipation \u00bb, offre une r\u00e9trospective approfondie sur l&rsquo;histoire de la publication et son r\u00f4le d\u00e9terminant dans l&rsquo;\u00e9mancipation des femmes au fil des d\u00e9cennies. Ce film, r\u00e9alis\u00e9 par Dominique Eloudy-Lenys, constitue une exploration riche de l&rsquo;impact soci\u00e9tal et culturel du magazine depuis sa fondation.<\/p>\n<h2 id=\"un-regard-approfondi-sur-80-ans-demancipation\">Un Regard Approfondi sur 80 Ans d&rsquo;\u00c9mancipation<\/h2>\n<p>\u00ab ELLE &amp; nous, 80 ans d&rsquo;\u00e9mancipation \u00bb n&rsquo;est pas qu&rsquo;une simple biographie de magazine ; c&rsquo;est un t\u00e9moignage de l&rsquo;\u00e9volution de la condition f\u00e9minine en France et au-del\u00e0. Le documentaire retrace l&rsquo;histoire du magazine depuis sa cr\u00e9ation en 1945 par la visionnaire H\u00e9l\u00e8ne Lazareff. Il met en lumi\u00e8re comment, au cours de huit d\u00e9cennies, ELLE a su accompagner les femmes dans leur parcours, servant \u00e0 la fois de miroir de leur \u00e9mancipation et de moteur pour ces transformations.<\/p>\n<h2 id=\"le-role-de-elle-miroir-et-moteur-de-changement\">Le R\u00f4le de ELLE : Miroir et Moteur de Changement<\/h2>\n<p>Le film de Dominique Eloudy-Lenys, narr\u00e9 par Ines de la Fressange, int\u00e8gre une diversit\u00e9 de perspectives. Il combine des t\u00e9moignages \u00e9mouvants de lectrices, les analyses de sp\u00e9cialistes et des images d&rsquo;archives. Ces \u00e9l\u00e9ments soulignent \u00e0 quel point ELLE est devenu un alli\u00e9 essentiel pour les femmes, particuli\u00e8rement dans les ann\u00e9es 1950, 60 et 70. Le magazine les a aid\u00e9es \u00e0 s&rsquo;affirmer, \u00e0 gagner en autonomie et \u00e0 briser les conventions d&rsquo;une soci\u00e9t\u00e9 parfois misogyne et patriarcale.<\/p>\n<h2 id=\"des-rubriques-iconiques-a-limpact-concret\">Des Rubriques Iconiques \u00e0 l&rsquo;Impact Concret<\/h2>\n<p>Le documentaire \u00ab ELLE &amp; nous, 80 ans d&rsquo;\u00e9mancipation \u00bb illustre son propos par des exemples concrets de l&rsquo;influence du magazine. On y apprend, par exemple, comment la rubrique \u00ab Courrier du c\u0153ur \u00bb de Marcelle Segal a offert un espace unique pour aborder des difficult\u00e9s intimes. Cela \u00e9tait d&rsquo;autant plus significatif \u00e0 une \u00e9poque o\u00f9 de tels sujets \u00e9taient souvent tabous. De m\u00eame, les c\u00e9l\u00e8bres fiches-cuisine du magazine ont repr\u00e9sent\u00e9 une avanc\u00e9e notable, s&rsquo;int\u00e9grant progressivement dans les usages quotidiens et accompagnant l&rsquo;essor de la \u00ab\u00a0working girl\u00a0\u00bb, pr\u00e9figurant des changements profonds dans la vie domestique et professionnelle des femmes.<\/p>\n<h2 id=\"helene-lazareff-une-visionnaire-a-lorigine\">H\u00e9l\u00e8ne Lazareff, une Visionnaire \u00e0 l&rsquo;Origine<\/h2>\n<p>Au c\u0153ur de cette \u00e9pop\u00e9e se trouve H\u00e9l\u00e8ne Lazareff, fondatrice du magazine en 1945. Sa vision a pos\u00e9 les bases d&rsquo;une publication qui ne se contenterait pas de suivre les tendances, mais les anticiperait et les influencerait, contribuant activement \u00e0 l&rsquo;\u00e9volution de la place des femmes dans la soci\u00e9t\u00e9. Son approche a permis \u00e0 ELLE de devenir une r\u00e9f\u00e9rence en mati\u00e8re de mode, de beaut\u00e9, de culture, mais aussi et surtout un vecteur d&rsquo;id\u00e9es et de libert\u00e9.<\/p>\n<h2 id=\"conclusion\">Conclusion<\/h2>\n<p>Le documentaire \u00ab ELLE &amp; nous, 80 ans d&rsquo;\u00e9mancipation \u00bb est une \u0153uvre significative qui va au-del\u00e0 de la simple comm\u00e9moration. Il offre une perspective historique et sociologique sur la mani\u00e8re dont un magazine a pu incarner et influencer le mouvement d&rsquo;\u00e9mancipation des femmes en France. C&rsquo;est une invitation \u00e0 red\u00e9couvrir l&rsquo;h\u00e9ritage de ELLE et \u00e0 comprendre son r\u00f4le continu dans le dialogue contemporain sur les questions f\u00e9minines.<\/p>\n","protected":false},"excerpt":{"rendered":"<p>Le magazine ELLE, institution de la presse f\u00e9minine fran\u00e7aise, c\u00e9l\u00e8bre ses 80 ans d&rsquo;existence en 2025. \u00c0 cette occasion, un documentaire in\u00e9dit, intitul\u00e9 \u00ab ELLE &amp; nous, 80 ans d&rsquo;\u00e9mancipation \u00bb, offre une r\u00e9trospective approfondie sur l&rsquo;histoire de la publication et son r\u00f4le d\u00e9terminant dans l&rsquo;\u00e9mancipation des femmes au fil des d\u00e9cennies. Ce film, r\u00e9alis\u00e9 [&hellip;]<\/p>\n","protected":false},"author":4,"featured_media":45701,"comment_status":"open","ping_status":"open","sticky":false,"template":"","format":"standard","meta":{"_yoast_wpseo_title":"ELLE Magazine: 80 Ans d'\u00c9mancipation - Documentaire","_yoast_wpseo_metadesc":"Plongez dans l'histoire captivante du magazine ELLE avec le documentaire \u00ab ELLE & nous, 80 ans d'\u00e9mancipation \u00bb.","_yoast_wpseo_focuskw":"ELLE"},"categories":[5],"tags":[],"class_list":["post-45702","post","type-post","status-publish","format-standard","has-post-thumbnail","hentry","category-divertissement"],"yoast_head":"<!-- This site is optimized with the Yoast SEO plugin v26.3 - https:\/\/yoast.com\/wordpress\/plugins\/seo\/ -->\n<title>ELLE Magazine: 80 Ans d&#039;\u00c9mancipation - Documentaire<\/title>\n<meta name=\"description\" content=\"Plongez dans l&#039;histoire captivante du magazine ELLE avec le documentaire \u00ab ELLE &amp; nous, 80 ans d&#039;\u00e9mancipation \u00bb.\" \/>\n<meta name=\"robots\" content=\"index, follow, max-snippet:-1, max-image-preview:large, max-video-preview:-1\" \/>\n<link rel=\"canonical\" href=\"https:\/\/elukelele.com\/fr\/divertissement\/elle-80-ans-demancipation-le-docu-qui-retrace-lhistoire\/\" \/>\n<meta property=\"og:locale\" content=\"fr_FR\" \/>\n<meta property=\"og:type\" content=\"article\" \/>\n<meta property=\"og:title\" content=\"ELLE Magazine: 80 Ans d&#039;\u00c9mancipation - Documentaire\" \/>\n<meta property=\"og:description\" content=\"Plongez dans l&#039;histoire captivante du magazine ELLE avec le documentaire \u00ab ELLE &amp; nous, 80 ans d&#039;\u00e9mancipation \u00bb.\" \/>\n<meta property=\"og:url\" content=\"https:\/\/elukelele.com\/fr\/divertissement\/elle-80-ans-demancipation-le-docu-qui-retrace-lhistoire\/\" \/>\n<meta property=\"og:site_name\" content=\"El Ukelele\" \/>\n<meta property=\"article:published_time\" content=\"2025-11-25T18:11:41+00:00\" \/>\n<meta property=\"article:modified_time\" content=\"2025-11-25T18:11:42+00:00\" \/>\n<meta property=\"og:image\" content=\"https:\/\/elukelele.com\/fr\/wp-content\/uploads\/2025\/11\/framed_only-508.png\" \/>\n\t<meta property=\"og:image:width\" content=\"1200\" \/>\n\t<meta property=\"og:image:height\" content=\"628\" \/>\n\t<meta property=\"og:image:type\" content=\"image\/png\" \/>\n<meta name=\"author\" content=\"Daniel Perrin\" \/>\n<meta name=\"twitter:card\" content=\"summary_large_image\" \/>\n<meta name=\"twitter:label1\" content=\"\u00c9crit par\" \/>\n\t<meta name=\"twitter:data1\" content=\"Daniel Perrin\" \/>\n\t<meta name=\"twitter:label2\" content=\"Dur\u00e9e de lecture estim\u00e9e\" \/>\n\t<meta name=\"twitter:data2\" content=\"3 minutes\" \/>\n<script type=\"application\/ld+json\" class=\"yoast-schema-graph\">{\"@context\":\"https:\/\/schema.org\",\"@graph\":[{\"@type\":\"WebPage\",\"@id\":\"https:\/\/elukelele.com\/fr\/divertissement\/elle-80-ans-demancipation-le-docu-qui-retrace-lhistoire\/\",\"url\":\"https:\/\/elukelele.com\/fr\/divertissement\/elle-80-ans-demancipation-le-docu-qui-retrace-lhistoire\/\",\"name\":\"ELLE Magazine: 80 Ans d'\u00c9mancipation - Documentaire\",\"isPartOf\":{\"@id\":\"https:\/\/elukelele.com\/fr\/#website\"},\"primaryImageOfPage\":{\"@id\":\"https:\/\/elukelele.com\/fr\/divertissement\/elle-80-ans-demancipation-le-docu-qui-retrace-lhistoire\/#primaryimage\"},\"image\":{\"@id\":\"https:\/\/elukelele.com\/fr\/divertissement\/elle-80-ans-demancipation-le-docu-qui-retrace-lhistoire\/#primaryimage\"},\"thumbnailUrl\":\"https:\/\/elukelele.com\/fr\/wp-content\/uploads\/2025\/11\/framed_only-508.png\",\"datePublished\":\"2025-11-25T18:11:41+00:00\",\"dateModified\":\"2025-11-25T18:11:42+00:00\",\"author\":{\"@id\":\"https:\/\/elukelele.com\/fr\/#\/schema\/person\/ccfb3d2be2ec7fa389608eb6da0b38d6\"},\"description\":\"Plongez dans l'histoire captivante du magazine ELLE avec le documentaire \u00ab ELLE & nous, 80 ans d'\u00e9mancipation \u00bb.\",\"breadcrumb\":{\"@id\":\"https:\/\/elukelele.com\/fr\/divertissement\/elle-80-ans-demancipation-le-docu-qui-retrace-lhistoire\/#breadcrumb\"},\"inLanguage\":\"fr-FR\",\"potentialAction\":[{\"@type\":\"ReadAction\",\"target\":[\"https:\/\/elukelele.com\/fr\/divertissement\/elle-80-ans-demancipation-le-docu-qui-retrace-lhistoire\/\"]}]},{\"@type\":\"ImageObject\",\"inLanguage\":\"fr-FR\",\"@id\":\"https:\/\/elukelele.com\/fr\/divertissement\/elle-80-ans-demancipation-le-docu-qui-retrace-lhistoire\/#primaryimage\",\"url\":\"https:\/\/elukelele.com\/fr\/wp-content\/uploads\/2025\/11\/framed_only-508.png\",\"contentUrl\":\"https:\/\/elukelele.com\/fr\/wp-content\/uploads\/2025\/11\/framed_only-508.png\",\"width\":1200,\"height\":628,\"caption\":\"ELLE\"},{\"@type\":\"BreadcrumbList\",\"@id\":\"https:\/\/elukelele.com\/fr\/divertissement\/elle-80-ans-demancipation-le-docu-qui-retrace-lhistoire\/#breadcrumb\",\"itemListElement\":[{\"@type\":\"ListItem\",\"position\":1,\"name\":\"Home\",\"item\":\"https:\/\/elukelele.com\/fr\/\"},{\"@type\":\"ListItem\",\"position\":2,\"name\":\"ELLE : 80 ans d&rsquo;\u00e9mancipation, le docu qui retrace l&rsquo;histoire\"}]},{\"@type\":\"WebSite\",\"@id\":\"https:\/\/elukelele.com\/fr\/#website\",\"url\":\"https:\/\/elukelele.com\/fr\/\",\"name\":\"El Ukelele\",\"description\":\"Musique au-del\u00e0 de l&#039;indie\",\"potentialAction\":[{\"@type\":\"SearchAction\",\"target\":{\"@type\":\"EntryPoint\",\"urlTemplate\":\"https:\/\/elukelele.com\/fr\/?s={search_term_string}\"},\"query-input\":{\"@type\":\"PropertyValueSpecification\",\"valueRequired\":true,\"valueName\":\"search_term_string\"}}],\"inLanguage\":\"fr-FR\"},{\"@type\":\"Person\",\"@id\":\"https:\/\/elukelele.com\/fr\/#\/schema\/person\/ccfb3d2be2ec7fa389608eb6da0b38d6\",\"name\":\"Daniel Perrin\",\"image\":{\"@type\":\"ImageObject\",\"inLanguage\":\"fr-FR\",\"@id\":\"https:\/\/elukelele.com\/fr\/#\/schema\/person\/image\/\",\"url\":\"https:\/\/secure.gravatar.com\/avatar\/37f9d9ffa29ce5640a0d9c6ca8bbd90afb854014296ecaa0e3a558ac716e6fe4?s=96&d=mm&r=g\",\"contentUrl\":\"https:\/\/secure.gravatar.com\/avatar\/37f9d9ffa29ce5640a0d9c6ca8bbd90afb854014296ecaa0e3a558ac716e6fe4?s=96&d=mm&r=g\",\"caption\":\"Daniel Perrin\"},\"sameAs\":[\"https:\/\/elukelele.com\/fr\"],\"url\":\"https:\/\/elukelele.com\/fr\/author\/daniel-perrin\/\"}]}<\/script>\n<!-- \/ Yoast SEO plugin. -->","yoast_head_json":{"title":"ELLE Magazine: 80 Ans d'\u00c9mancipation - Documentaire","description":"Plongez dans l'histoire captivante du magazine ELLE avec le documentaire \u00ab ELLE & nous, 80 ans d'\u00e9mancipation \u00bb.","robots":{"index":"index","follow":"follow","max-snippet":"max-snippet:-1","max-image-preview":"max-image-preview:large","max-video-preview":"max-video-preview:-1"},"canonical":"https:\/\/elukelele.com\/fr\/divertissement\/elle-80-ans-demancipation-le-docu-qui-retrace-lhistoire\/","og_locale":"fr_FR","og_type":"article","og_title":"ELLE Magazine: 80 Ans d'\u00c9mancipation - Documentaire","og_description":"Plongez dans l'histoire captivante du magazine ELLE avec le documentaire \u00ab ELLE & nous, 80 ans d'\u00e9mancipation \u00bb.","og_url":"https:\/\/elukelele.com\/fr\/divertissement\/elle-80-ans-demancipation-le-docu-qui-retrace-lhistoire\/","og_site_name":"El Ukelele","article_published_time":"2025-11-25T18:11:41+00:00","article_modified_time":"2025-11-25T18:11:42+00:00","og_image":[{"width":1200,"height":628,"url":"https:\/\/elukelele.com\/fr\/wp-content\/uploads\/2025\/11\/framed_only-508.png","type":"image\/png"}],"author":"Daniel Perrin","twitter_card":"summary_large_image","twitter_misc":{"\u00c9crit par":"Daniel Perrin","Dur\u00e9e de lecture estim\u00e9e":"3 minutes"},"schema":{"@context":"https:\/\/schema.org","@graph":[{"@type":"WebPage","@id":"https:\/\/elukelele.com\/fr\/divertissement\/elle-80-ans-demancipation-le-docu-qui-retrace-lhistoire\/","url":"https:\/\/elukelele.com\/fr\/divertissement\/elle-80-ans-demancipation-le-docu-qui-retrace-lhistoire\/","name":"ELLE Magazine: 80 Ans d'\u00c9mancipation - Documentaire","isPartOf":{"@id":"https:\/\/elukelele.com\/fr\/#website"},"primaryImageOfPage":{"@id":"https:\/\/elukelele.com\/fr\/divertissement\/elle-80-ans-demancipation-le-docu-qui-retrace-lhistoire\/#primaryimage"},"image":{"@id":"https:\/\/elukelele.com\/fr\/divertissement\/elle-80-ans-demancipation-le-docu-qui-retrace-lhistoire\/#primaryimage"},"thumbnailUrl":"https:\/\/elukelele.com\/fr\/wp-content\/uploads\/2025\/11\/framed_only-508.png","datePublished":"2025-11-25T18:11:41+00:00","dateModified":"2025-11-25T18:11:42+00:00","author":{"@id":"https:\/\/elukelele.com\/fr\/#\/schema\/person\/ccfb3d2be2ec7fa389608eb6da0b38d6"},"description":"Plongez dans l'histoire captivante du magazine ELLE avec le documentaire \u00ab ELLE & nous, 80 ans d'\u00e9mancipation \u00bb.","breadcrumb":{"@id":"https:\/\/elukelele.com\/fr\/divertissement\/elle-80-ans-demancipation-le-docu-qui-retrace-lhistoire\/#breadcrumb"},"inLanguage":"fr-FR","potentialAction":[{"@type":"ReadAction","target":["https:\/\/elukelele.com\/fr\/divertissement\/elle-80-ans-demancipation-le-docu-qui-retrace-lhistoire\/"]}]},{"@type":"ImageObject","inLanguage":"fr-FR","@id":"https:\/\/elukelele.com\/fr\/divertissement\/elle-80-ans-demancipation-le-docu-qui-retrace-lhistoire\/#primaryimage","url":"https:\/\/elukelele.com\/fr\/wp-content\/uploads\/2025\/11\/framed_only-508.png","contentUrl":"https:\/\/elukelele.com\/fr\/wp-content\/uploads\/2025\/11\/framed_only-508.png","width":1200,"height":628,"caption":"ELLE"},{"@type":"BreadcrumbList","@id":"https:\/\/elukelele.com\/fr\/divertissement\/elle-80-ans-demancipation-le-docu-qui-retrace-lhistoire\/#breadcrumb","itemListElement":[{"@type":"ListItem","position":1,"name":"Home","item":"https:\/\/elukelele.com\/fr\/"},{"@type":"ListItem","position":2,"name":"ELLE : 80 ans d&rsquo;\u00e9mancipation, le docu qui retrace l&rsquo;histoire"}]},{"@type":"WebSite","@id":"https:\/\/elukelele.com\/fr\/#website","url":"https:\/\/elukelele.com\/fr\/","name":"El Ukelele","description":"Musique au-del\u00e0 de l&#039;indie","potentialAction":[{"@type":"SearchAction","target":{"@type":"EntryPoint","urlTemplate":"https:\/\/elukelele.com\/fr\/?s={search_term_string}"},"query-input":{"@type":"PropertyValueSpecification","valueRequired":true,"valueName":"search_term_string"}}],"inLanguage":"fr-FR"},{"@type":"Person","@id":"https:\/\/elukelele.com\/fr\/#\/schema\/person\/ccfb3d2be2ec7fa389608eb6da0b38d6","name":"Daniel Perrin","image":{"@type":"ImageObject","inLanguage":"fr-FR","@id":"https:\/\/elukelele.com\/fr\/#\/schema\/person\/image\/","url":"https:\/\/secure.gravatar.com\/avatar\/37f9d9ffa29ce5640a0d9c6ca8bbd90afb854014296ecaa0e3a558ac716e6fe4?s=96&d=mm&r=g","contentUrl":"https:\/\/secure.gravatar.com\/avatar\/37f9d9ffa29ce5640a0d9c6ca8bbd90afb854014296ecaa0e3a558ac716e6fe4?s=96&d=mm&r=g","caption":"Daniel Perrin"},"sameAs":["https:\/\/elukelele.com\/fr"],"url":"https:\/\/elukelele.com\/fr\/author\/daniel-perrin\/"}]}},"_links":{"self":[{"href":"https:\/\/elukelele.com\/fr\/wp-json\/wp\/v2\/posts\/45702","targetHints":{"allow":["GET"]}}],"collection":[{"href":"https:\/\/elukelele.com\/fr\/wp-json\/wp\/v2\/posts"}],"about":[{"href":"https:\/\/elukelele.com\/fr\/wp-json\/wp\/v2\/types\/post"}],"author":[{"embeddable":true,"href":"https:\/\/elukelele.com\/fr\/wp-json\/wp\/v2\/users\/4"}],"replies":[{"embeddable":true,"href":"https:\/\/elukelele.com\/fr\/wp-json\/wp\/v2\/comments?post=45702"}],"version-history":[{"count":1,"href":"https:\/\/elukelele.com\/fr\/wp-json\/wp\/v2\/posts\/45702\/revisions"}],"predecessor-version":[{"id":46006,"href":"https:\/\/elukelele.com\/fr\/wp-json\/wp\/v2\/posts\/45702\/revisions\/46006"}],"wp:featuredmedia":[{"embeddable":true,"href":"https:\/\/elukelele.com\/fr\/wp-json\/wp\/v2\/media\/45701"}],"wp:attachment":[{"href":"https:\/\/elukelele.com\/fr\/wp-json\/wp\/v2\/media?parent=45702"}],"wp:term":[{"taxonomy":"category","embeddable":true,"href":"https:\/\/elukelele.com\/fr\/wp-json\/wp\/v2\/categories?post=45702"},{"taxonomy":"post_tag","embeddable":true,"href":"https:\/\/elukelele.com\/fr\/wp-json\/wp\/v2\/tags?post=45702"}],"curies":[{"name":"wp","href":"https:\/\/api.w.org\/{rel}","templated":true}]}}