{"id":45700,"date":"2025-11-25T13:21:20","date_gmt":"2025-11-25T13:21:20","guid":{"rendered":"https:\/\/elukelele.com\/fr\/?p=45700"},"modified":"2025-11-25T13:21:21","modified_gmt":"2025-11-25T13:21:21","slug":"slimane-et-vitaa-ecartes-du-telethon-qui-est-en-cause","status":"publish","type":"post","link":"https:\/\/elukelele.com\/fr\/divertissement\/slimane-et-vitaa-ecartes-du-telethon-qui-est-en-cause\/","title":{"rendered":"Slimane et Vitaa \u00e9cart\u00e9s du T\u00e9l\u00e9thon : Qui est en cause ?"},"content":{"rendered":"<p>Chaque ann\u00e9e, le T\u00e9l\u00e9thon rassemble des millions de Fran\u00e7ais autour de la lutte contre les maladies rares, unissant artistes, b\u00e9n\u00e9voles et t\u00e9l\u00e9spectateurs dans un \u00e9lan de solidarit\u00e9. Cependant, l&rsquo;\u00e9dition 2026 de cet \u00e9v\u00e9nement caritatif majeur est actuellement secou\u00e9e par une controverse inattendue. Des rumeurs persistantes sugg\u00e8rent que le populaire duo Slimane et Vitaa aurait \u00e9t\u00e9 \u00ab\u00a0vir\u00e9 du T\u00e9l\u00e9thon\u00a0\u00bb suite \u00e0 des pressions exerc\u00e9es par une coach de l&rsquo;\u00e9mission The Voice.<\/p>\n<h2>Des Artistes de Renom Absents du Programme<\/h2>\n<p>Slimane et Vitaa, reconnus pour leurs succ\u00e8s musicaux et leur pr\u00e9sence r\u00e9guli\u00e8re sur les plateines t\u00e9l\u00e9visuels, \u00e9taient initialement pressentis pour participer au T\u00e9l\u00e9thon 2026. Leur pr\u00e9sence aurait sans doute constitu\u00e9 un moment fort en termes d&rsquo;audience et de collecte de fonds. Cependant, des informations rapport\u00e9es par plusieurs m\u00e9dias et personnalit\u00e9s ont sem\u00e9 le doute quant \u00e0 leur participation effective.<\/p>\n<p>Ces all\u00e9gations ont rapidement suscit\u00e9 l&rsquo;\u00e9tonnement et la d\u00e9ception parmi leurs nombreux fans et le public habitu\u00e9 \u00e0 les voir soutenir des causes caritatives. La question de savoir pourquoi ces artistes appr\u00e9ci\u00e9s du public auraient \u00e9t\u00e9 \u00e9cart\u00e9s est devenue centrale dans cette controverse.<\/p>\n<h2>Une Coach de The Voice Accus\u00e9e de Pression<\/h2>\n<p>Au c\u0153ur de cette pol\u00e9mique, la coach de The Voice, Santa, est point\u00e9e du doigt. Selon des r\u00e9v\u00e9lations faites par Cyril Hanouna dans son \u00e9mission \u00ab\u00a0Touche Pas \u00e0 Mon Poste\u00a0\u00bb (TPMP) et relay\u00e9es notamment par Cl\u00e9ment Garin sur les r\u00e9seaux sociaux, Santa aurait exerc\u00e9 des pressions pour que Slimane et Vitaa ne figurent pas au programme du T\u00e9l\u00e9thon 2026.<\/p>\n<p>Marraine de l&rsquo;\u00e9v\u00e9nement, Santa aurait exprim\u00e9 le souhait de ne pas avoir de \u00ab\u00a0concurrence musicale\u00a0\u00bb sur sc\u00e8ne. Il est all\u00e9gu\u00e9 qu&rsquo;elle aurait menac\u00e9 de compromettre sa propre participation et l&rsquo;\u00e9v\u00e9nement lui-m\u00eame si ses exigences concernant l&rsquo;absence du duo n&rsquo;\u00e9taient pas satisfaites.<\/p>\n<h2>Les Frictions en Coulisses du T\u00e9l\u00e9thon<\/h2>\n<p>Si ces informations se confirment, cette situation met en lumi\u00e8re des tensions potentielles dans les coulisses des grands \u00e9v\u00e9nements caritatifs. L&rsquo;organisation du T\u00e9l\u00e9thon, qui repose sur la collaboration et la bonne volont\u00e9 des artistes, pourrait \u00eatre affect\u00e9e par de telles dynamiques. Des t\u00e9moignages internes, non confirm\u00e9s officiellement, \u00e9voqueraient des \u00ab\u00a0caprices\u00a0\u00bb et des \u00ab\u00a0exigences in\u00e9dites\u00a0\u00bb de la part de Santa lors de pr\u00e9c\u00e9dents \u00e9v\u00e9nements, perturbant les pr\u00e9paratifs et g\u00e9n\u00e9rant de l&rsquo;incompr\u00e9hension parmi les \u00e9quipes.<\/p>\n<p>Ces r\u00e9v\u00e9lations soul\u00e8vent des questions importantes sur l&rsquo;\u00e9quilibre entre le r\u00f4le d&rsquo;une personnalit\u00e9 marraine et le respect de tous les artistes invit\u00e9s \u00e0 contribuer \u00e0 une cause commune. L&rsquo;esprit de solidarit\u00e9, pilier du T\u00e9l\u00e9thon, pourrait \u00eatre per\u00e7u comme mis \u00e0 mal par des rivalit\u00e9s personnelles.<\/p>\n<h2>La R\u00e9action du Public et l&rsquo;Attente de Clarifications<\/h2>\n<p>L&rsquo;annonce de cette controverse a g\u00e9n\u00e9r\u00e9 une vive r\u00e9action sur les r\u00e9seaux sociaux. Les internautes, fid\u00e8les soutiens du T\u00e9l\u00e9thon et admirateurs de Slimane et Vitaa, ont exprim\u00e9 leur \u00e9tonnement et leur regret face \u00e0 cette situation. Beaucoup s&rsquo;interrogent sur les motivations r\u00e9elles derri\u00e8re une telle d\u00e9cision et appellent \u00e0 la primaut\u00e9 de l&rsquo;engagement caritatif sur les potentiels conflits d&rsquo;ego.<\/p>\n<p>\u00c0 l&rsquo;approche de l&rsquo;\u00e9v\u00e9nement, le public et les m\u00e9dias attendent des clarifications de la part des organisateurs du T\u00e9l\u00e9thon ou des artistes concern\u00e9s. La transparence sur les choix de programmation est essentielle pour maintenir la confiance et l&rsquo;enthousiasme des donateurs et des t\u00e9l\u00e9spectateurs.<\/p>\n<h2>Conclusion<\/h2>\n<p>La rumeur concernant l&rsquo;\u00e9viction de Slimane et Vitaa du T\u00e9l\u00e9thon 2026, suite \u00e0 des pressions pr\u00e9sum\u00e9es de la part de Santa, jette une ombre sur la pr\u00e9paration de cet \u00e9v\u00e9nement caritatif majeur. Si les faits se v\u00e9rifient, cette situation soul\u00e8ve des interrogations sur les dynamiques internes des productions t\u00e9l\u00e9visuelles et l&rsquo;importance de pr\u00e9server l&rsquo;esprit de collaboration au service d&rsquo;une noble cause. Les jours \u00e0 venir seront cruciaux pour l&rsquo;image du T\u00e9l\u00e9thon et la gestion de cette pol\u00e9mique, alors que l&rsquo;appel aux dons reste l&rsquo;objectif principal de cette mobilisation nationale.<\/p>\n","protected":false},"excerpt":{"rendered":"<p>Chaque ann\u00e9e, le T\u00e9l\u00e9thon rassemble des millions de Fran\u00e7ais autour de la lutte contre les maladies rares, unissant artistes, b\u00e9n\u00e9voles et t\u00e9l\u00e9spectateurs dans un \u00e9lan de solidarit\u00e9. Cependant, l&rsquo;\u00e9dition 2026 de cet \u00e9v\u00e9nement caritatif majeur est actuellement secou\u00e9e par une controverse inattendue. Des rumeurs persistantes sugg\u00e8rent que le populaire duo Slimane et Vitaa aurait \u00e9t\u00e9 [&hellip;]<\/p>\n","protected":false},"author":4,"featured_media":45699,"comment_status":"open","ping_status":"open","sticky":false,"template":"","format":"standard","meta":{"_yoast_wpseo_title":"Slimane & Vitaa T\u00e9l\u00e9thon 2026 : Pol\u00e9mique et tensions?","_yoast_wpseo_metadesc":"Slimane et Vitaa \u00e9cart\u00e9s du T\u00e9l\u00e9thon 2026? D\u00e9couvrez les rumeurs d'une \u00e9viction controvers\u00e9e impliquant une coach de The Voice.","_yoast_wpseo_focuskw":"Slimane"},"categories":[5],"tags":[],"class_list":["post-45700","post","type-post","status-publish","format-standard","has-post-thumbnail","hentry","category-divertissement"],"yoast_head":"<!-- This site is optimized with the Yoast SEO plugin v26.3 - https:\/\/yoast.com\/wordpress\/plugins\/seo\/ -->\n<title>Slimane &amp; Vitaa T\u00e9l\u00e9thon 2026 : Pol\u00e9mique et tensions?<\/title>\n<meta name=\"description\" content=\"Slimane et Vitaa \u00e9cart\u00e9s du T\u00e9l\u00e9thon 2026? D\u00e9couvrez les rumeurs d&#039;une \u00e9viction controvers\u00e9e impliquant une coach de The Voice.\" \/>\n<meta name=\"robots\" content=\"index, follow, max-snippet:-1, max-image-preview:large, max-video-preview:-1\" \/>\n<link rel=\"canonical\" href=\"https:\/\/elukelele.com\/fr\/divertissement\/slimane-et-vitaa-ecartes-du-telethon-qui-est-en-cause\/\" \/>\n<meta property=\"og:locale\" content=\"fr_FR\" \/>\n<meta property=\"og:type\" content=\"article\" \/>\n<meta property=\"og:title\" content=\"Slimane &amp; Vitaa T\u00e9l\u00e9thon 2026 : Pol\u00e9mique et tensions?\" \/>\n<meta property=\"og:description\" content=\"Slimane et Vitaa \u00e9cart\u00e9s du T\u00e9l\u00e9thon 2026? D\u00e9couvrez les rumeurs d&#039;une \u00e9viction controvers\u00e9e impliquant une coach de The Voice.\" \/>\n<meta property=\"og:url\" content=\"https:\/\/elukelele.com\/fr\/divertissement\/slimane-et-vitaa-ecartes-du-telethon-qui-est-en-cause\/\" \/>\n<meta property=\"og:site_name\" content=\"El Ukelele\" \/>\n<meta property=\"article:published_time\" content=\"2025-11-25T13:21:20+00:00\" \/>\n<meta property=\"article:modified_time\" content=\"2025-11-25T13:21:21+00:00\" \/>\n<meta property=\"og:image\" content=\"https:\/\/elukelele.com\/fr\/wp-content\/uploads\/2025\/11\/framed_only-507.png\" \/>\n\t<meta property=\"og:image:width\" content=\"1200\" \/>\n\t<meta property=\"og:image:height\" content=\"628\" \/>\n\t<meta property=\"og:image:type\" content=\"image\/png\" \/>\n<meta name=\"author\" content=\"Daniel Perrin\" \/>\n<meta name=\"twitter:card\" content=\"summary_large_image\" \/>\n<meta name=\"twitter:label1\" content=\"\u00c9crit par\" \/>\n\t<meta name=\"twitter:data1\" content=\"Daniel Perrin\" \/>\n\t<meta name=\"twitter:label2\" content=\"Dur\u00e9e de lecture estim\u00e9e\" \/>\n\t<meta name=\"twitter:data2\" content=\"4 minutes\" \/>\n<script type=\"application\/ld+json\" class=\"yoast-schema-graph\">{\"@context\":\"https:\/\/schema.org\",\"@graph\":[{\"@type\":\"WebPage\",\"@id\":\"https:\/\/elukelele.com\/fr\/divertissement\/slimane-et-vitaa-ecartes-du-telethon-qui-est-en-cause\/\",\"url\":\"https:\/\/elukelele.com\/fr\/divertissement\/slimane-et-vitaa-ecartes-du-telethon-qui-est-en-cause\/\",\"name\":\"Slimane & Vitaa T\u00e9l\u00e9thon 2026 : Pol\u00e9mique et tensions?\",\"isPartOf\":{\"@id\":\"https:\/\/elukelele.com\/fr\/#website\"},\"primaryImageOfPage\":{\"@id\":\"https:\/\/elukelele.com\/fr\/divertissement\/slimane-et-vitaa-ecartes-du-telethon-qui-est-en-cause\/#primaryimage\"},\"image\":{\"@id\":\"https:\/\/elukelele.com\/fr\/divertissement\/slimane-et-vitaa-ecartes-du-telethon-qui-est-en-cause\/#primaryimage\"},\"thumbnailUrl\":\"https:\/\/elukelele.com\/fr\/wp-content\/uploads\/2025\/11\/framed_only-507.png\",\"datePublished\":\"2025-11-25T13:21:20+00:00\",\"dateModified\":\"2025-11-25T13:21:21+00:00\",\"author\":{\"@id\":\"https:\/\/elukelele.com\/fr\/#\/schema\/person\/ccfb3d2be2ec7fa389608eb6da0b38d6\"},\"description\":\"Slimane et Vitaa \u00e9cart\u00e9s du T\u00e9l\u00e9thon 2026? D\u00e9couvrez les rumeurs d'une \u00e9viction controvers\u00e9e impliquant une coach de The Voice.\",\"breadcrumb\":{\"@id\":\"https:\/\/elukelele.com\/fr\/divertissement\/slimane-et-vitaa-ecartes-du-telethon-qui-est-en-cause\/#breadcrumb\"},\"inLanguage\":\"fr-FR\",\"potentialAction\":[{\"@type\":\"ReadAction\",\"target\":[\"https:\/\/elukelele.com\/fr\/divertissement\/slimane-et-vitaa-ecartes-du-telethon-qui-est-en-cause\/\"]}]},{\"@type\":\"ImageObject\",\"inLanguage\":\"fr-FR\",\"@id\":\"https:\/\/elukelele.com\/fr\/divertissement\/slimane-et-vitaa-ecartes-du-telethon-qui-est-en-cause\/#primaryimage\",\"url\":\"https:\/\/elukelele.com\/fr\/wp-content\/uploads\/2025\/11\/framed_only-507.png\",\"contentUrl\":\"https:\/\/elukelele.com\/fr\/wp-content\/uploads\/2025\/11\/framed_only-507.png\",\"width\":1200,\"height\":628,\"caption\":\"Slimane\"},{\"@type\":\"BreadcrumbList\",\"@id\":\"https:\/\/elukelele.com\/fr\/divertissement\/slimane-et-vitaa-ecartes-du-telethon-qui-est-en-cause\/#breadcrumb\",\"itemListElement\":[{\"@type\":\"ListItem\",\"position\":1,\"name\":\"Home\",\"item\":\"https:\/\/elukelele.com\/fr\/\"},{\"@type\":\"ListItem\",\"position\":2,\"name\":\"Slimane et Vitaa \u00e9cart\u00e9s du T\u00e9l\u00e9thon : Qui est en cause ?\"}]},{\"@type\":\"WebSite\",\"@id\":\"https:\/\/elukelele.com\/fr\/#website\",\"url\":\"https:\/\/elukelele.com\/fr\/\",\"name\":\"El Ukelele\",\"description\":\"Musique au-del\u00e0 de l&#039;indie\",\"potentialAction\":[{\"@type\":\"SearchAction\",\"target\":{\"@type\":\"EntryPoint\",\"urlTemplate\":\"https:\/\/elukelele.com\/fr\/?s={search_term_string}\"},\"query-input\":{\"@type\":\"PropertyValueSpecification\",\"valueRequired\":true,\"valueName\":\"search_term_string\"}}],\"inLanguage\":\"fr-FR\"},{\"@type\":\"Person\",\"@id\":\"https:\/\/elukelele.com\/fr\/#\/schema\/person\/ccfb3d2be2ec7fa389608eb6da0b38d6\",\"name\":\"Daniel Perrin\",\"image\":{\"@type\":\"ImageObject\",\"inLanguage\":\"fr-FR\",\"@id\":\"https:\/\/elukelele.com\/fr\/#\/schema\/person\/image\/\",\"url\":\"https:\/\/secure.gravatar.com\/avatar\/37f9d9ffa29ce5640a0d9c6ca8bbd90afb854014296ecaa0e3a558ac716e6fe4?s=96&d=mm&r=g\",\"contentUrl\":\"https:\/\/secure.gravatar.com\/avatar\/37f9d9ffa29ce5640a0d9c6ca8bbd90afb854014296ecaa0e3a558ac716e6fe4?s=96&d=mm&r=g\",\"caption\":\"Daniel Perrin\"},\"sameAs\":[\"https:\/\/elukelele.com\/fr\"],\"url\":\"https:\/\/elukelele.com\/fr\/author\/daniel-perrin\/\"}]}<\/script>\n<!-- \/ Yoast SEO plugin. -->","yoast_head_json":{"title":"Slimane & Vitaa T\u00e9l\u00e9thon 2026 : Pol\u00e9mique et tensions?","description":"Slimane et Vitaa \u00e9cart\u00e9s du T\u00e9l\u00e9thon 2026? D\u00e9couvrez les rumeurs d'une \u00e9viction controvers\u00e9e impliquant une coach de The Voice.","robots":{"index":"index","follow":"follow","max-snippet":"max-snippet:-1","max-image-preview":"max-image-preview:large","max-video-preview":"max-video-preview:-1"},"canonical":"https:\/\/elukelele.com\/fr\/divertissement\/slimane-et-vitaa-ecartes-du-telethon-qui-est-en-cause\/","og_locale":"fr_FR","og_type":"article","og_title":"Slimane & Vitaa T\u00e9l\u00e9thon 2026 : Pol\u00e9mique et tensions?","og_description":"Slimane et Vitaa \u00e9cart\u00e9s du T\u00e9l\u00e9thon 2026? D\u00e9couvrez les rumeurs d'une \u00e9viction controvers\u00e9e impliquant une coach de The Voice.","og_url":"https:\/\/elukelele.com\/fr\/divertissement\/slimane-et-vitaa-ecartes-du-telethon-qui-est-en-cause\/","og_site_name":"El Ukelele","article_published_time":"2025-11-25T13:21:20+00:00","article_modified_time":"2025-11-25T13:21:21+00:00","og_image":[{"width":1200,"height":628,"url":"https:\/\/elukelele.com\/fr\/wp-content\/uploads\/2025\/11\/framed_only-507.png","type":"image\/png"}],"author":"Daniel Perrin","twitter_card":"summary_large_image","twitter_misc":{"\u00c9crit par":"Daniel Perrin","Dur\u00e9e de lecture estim\u00e9e":"4 minutes"},"schema":{"@context":"https:\/\/schema.org","@graph":[{"@type":"WebPage","@id":"https:\/\/elukelele.com\/fr\/divertissement\/slimane-et-vitaa-ecartes-du-telethon-qui-est-en-cause\/","url":"https:\/\/elukelele.com\/fr\/divertissement\/slimane-et-vitaa-ecartes-du-telethon-qui-est-en-cause\/","name":"Slimane & Vitaa T\u00e9l\u00e9thon 2026 : Pol\u00e9mique et tensions?","isPartOf":{"@id":"https:\/\/elukelele.com\/fr\/#website"},"primaryImageOfPage":{"@id":"https:\/\/elukelele.com\/fr\/divertissement\/slimane-et-vitaa-ecartes-du-telethon-qui-est-en-cause\/#primaryimage"},"image":{"@id":"https:\/\/elukelele.com\/fr\/divertissement\/slimane-et-vitaa-ecartes-du-telethon-qui-est-en-cause\/#primaryimage"},"thumbnailUrl":"https:\/\/elukelele.com\/fr\/wp-content\/uploads\/2025\/11\/framed_only-507.png","datePublished":"2025-11-25T13:21:20+00:00","dateModified":"2025-11-25T13:21:21+00:00","author":{"@id":"https:\/\/elukelele.com\/fr\/#\/schema\/person\/ccfb3d2be2ec7fa389608eb6da0b38d6"},"description":"Slimane et Vitaa \u00e9cart\u00e9s du T\u00e9l\u00e9thon 2026? D\u00e9couvrez les rumeurs d'une \u00e9viction controvers\u00e9e impliquant une coach de The Voice.","breadcrumb":{"@id":"https:\/\/elukelele.com\/fr\/divertissement\/slimane-et-vitaa-ecartes-du-telethon-qui-est-en-cause\/#breadcrumb"},"inLanguage":"fr-FR","potentialAction":[{"@type":"ReadAction","target":["https:\/\/elukelele.com\/fr\/divertissement\/slimane-et-vitaa-ecartes-du-telethon-qui-est-en-cause\/"]}]},{"@type":"ImageObject","inLanguage":"fr-FR","@id":"https:\/\/elukelele.com\/fr\/divertissement\/slimane-et-vitaa-ecartes-du-telethon-qui-est-en-cause\/#primaryimage","url":"https:\/\/elukelele.com\/fr\/wp-content\/uploads\/2025\/11\/framed_only-507.png","contentUrl":"https:\/\/elukelele.com\/fr\/wp-content\/uploads\/2025\/11\/framed_only-507.png","width":1200,"height":628,"caption":"Slimane"},{"@type":"BreadcrumbList","@id":"https:\/\/elukelele.com\/fr\/divertissement\/slimane-et-vitaa-ecartes-du-telethon-qui-est-en-cause\/#breadcrumb","itemListElement":[{"@type":"ListItem","position":1,"name":"Home","item":"https:\/\/elukelele.com\/fr\/"},{"@type":"ListItem","position":2,"name":"Slimane et Vitaa \u00e9cart\u00e9s du T\u00e9l\u00e9thon : Qui est en cause ?"}]},{"@type":"WebSite","@id":"https:\/\/elukelele.com\/fr\/#website","url":"https:\/\/elukelele.com\/fr\/","name":"El Ukelele","description":"Musique au-del\u00e0 de l&#039;indie","potentialAction":[{"@type":"SearchAction","target":{"@type":"EntryPoint","urlTemplate":"https:\/\/elukelele.com\/fr\/?s={search_term_string}"},"query-input":{"@type":"PropertyValueSpecification","valueRequired":true,"valueName":"search_term_string"}}],"inLanguage":"fr-FR"},{"@type":"Person","@id":"https:\/\/elukelele.com\/fr\/#\/schema\/person\/ccfb3d2be2ec7fa389608eb6da0b38d6","name":"Daniel Perrin","image":{"@type":"ImageObject","inLanguage":"fr-FR","@id":"https:\/\/elukelele.com\/fr\/#\/schema\/person\/image\/","url":"https:\/\/secure.gravatar.com\/avatar\/37f9d9ffa29ce5640a0d9c6ca8bbd90afb854014296ecaa0e3a558ac716e6fe4?s=96&d=mm&r=g","contentUrl":"https:\/\/secure.gravatar.com\/avatar\/37f9d9ffa29ce5640a0d9c6ca8bbd90afb854014296ecaa0e3a558ac716e6fe4?s=96&d=mm&r=g","caption":"Daniel Perrin"},"sameAs":["https:\/\/elukelele.com\/fr"],"url":"https:\/\/elukelele.com\/fr\/author\/daniel-perrin\/"}]}},"_links":{"self":[{"href":"https:\/\/elukelele.com\/fr\/wp-json\/wp\/v2\/posts\/45700","targetHints":{"allow":["GET"]}}],"collection":[{"href":"https:\/\/elukelele.com\/fr\/wp-json\/wp\/v2\/posts"}],"about":[{"href":"https:\/\/elukelele.com\/fr\/wp-json\/wp\/v2\/types\/post"}],"author":[{"embeddable":true,"href":"https:\/\/elukelele.com\/fr\/wp-json\/wp\/v2\/users\/4"}],"replies":[{"embeddable":true,"href":"https:\/\/elukelele.com\/fr\/wp-json\/wp\/v2\/comments?post=45700"}],"version-history":[{"count":1,"href":"https:\/\/elukelele.com\/fr\/wp-json\/wp\/v2\/posts\/45700\/revisions"}],"predecessor-version":[{"id":45870,"href":"https:\/\/elukelele.com\/fr\/wp-json\/wp\/v2\/posts\/45700\/revisions\/45870"}],"wp:featuredmedia":[{"embeddable":true,"href":"https:\/\/elukelele.com\/fr\/wp-json\/wp\/v2\/media\/45699"}],"wp:attachment":[{"href":"https:\/\/elukelele.com\/fr\/wp-json\/wp\/v2\/media?parent=45700"}],"wp:term":[{"taxonomy":"category","embeddable":true,"href":"https:\/\/elukelele.com\/fr\/wp-json\/wp\/v2\/categories?post=45700"},{"taxonomy":"post_tag","embeddable":true,"href":"https:\/\/elukelele.com\/fr\/wp-json\/wp\/v2\/tags?post=45700"}],"curies":[{"name":"wp","href":"https:\/\/api.w.org\/{rel}","templated":true}]}}