{"id":45623,"date":"2025-11-24T11:34:11","date_gmt":"2025-11-24T11:34:11","guid":{"rendered":"https:\/\/elukelele.com\/fr\/?p=45623"},"modified":"2025-11-24T11:34:12","modified_gmt":"2025-11-24T11:34:12","slug":"nacima-kidadi-grossesse-apres-le-deuil-de-sa-fille","status":"publish","type":"post","link":"https:\/\/elukelele.com\/fr\/divertissement\/nacima-kidadi-grossesse-apres-le-deuil-de-sa-fille\/","title":{"rendered":"Nacima Kidadi : Grossesse apr\u00e8s le deuil de sa fille"},"content":{"rendered":"<p>Un an apr\u00e8s avoir travers\u00e9 une \u00e9preuve des plus d\u00e9chirantes, l&rsquo;influenceuse <strong>Nacima Kidadi<\/strong> a annonc\u00e9 une nouvelle qui a profond\u00e9ment touch\u00e9 sa communaut\u00e9 : une nouvelle grossesse. Ce chemin vers une nouvelle vie est pav\u00e9 de souvenirs douloureux et d&rsquo;une r\u00e9silience in\u00e9branlable, marquant une \u00e9tape bouleversante dans son parcours personnel.<\/p>\n<h2 class=\"wp-block-heading\" id=\"le-deuil-de-zendaya-un-an-plus-tot\">Le Deuil de Zendaya, un An Plus T\u00f4t<\/h2>\n<p>L&rsquo;ann\u00e9e derni\u00e8re, la famille de Nacima Kidadi a \u00e9t\u00e9 confront\u00e9e \u00e0 l&rsquo;impensable avec le d\u00e9c\u00e8s de sa fille, Zendaya, alors \u00e2g\u00e9e d&rsquo;\u00e0 peine un an. La terrible nouvelle, initialement tenue dans l&rsquo;intimit\u00e9, a rapidement filtr\u00e9 sur les r\u00e9seaux sociaux, for\u00e7ant l&rsquo;influenceuse et sa famille \u00e0 prendre la parole publiquement.<\/p>\n<p>Dans un message empreint de douleur, Nacima Kidadi avait alors partag\u00e9 la confirmation du drame. Le 29 octobre, elle publiait un texte bouleversant, accompagn\u00e9 d&rsquo;une photo symbolique des mains unies de sa famille. Elle y \u00e9crivait : \u00ab\u00a0<em>C&rsquo;est avec le c\u0153ur meurtri et une \u00e9norme souffrance que je vous annonce la perte de notre fille Zendaya\u2026<\/em>\u00a0\u00bb Ce t\u00e9moignage r\u00e9v\u00e9lait non seulement l&rsquo;\u00e9tendue de sa peine, mais aussi la profondeur de sa foi, ajoutant que sa fille \u00e9tait \u00ab\u00a0<em>arriv\u00e9e dans ce monde en guerri\u00e8re et repartie en Ange\u2026<\/em>\u00a0\u00bb \u00c0 travers cette \u00e9preuve, Nacima avait \u00e9galement exprim\u00e9 sa gratitude envers sa communaut\u00e9 pour son soutien inconditionnel.<\/p>\n<h2 class=\"wp-block-heading\" id=\"une-grossesse-bouleversante-entre-memoire-et-avenir\">Une Grossesse Bouleversante : Entre M\u00e9moire et Avenir<\/h2>\n<p>Ce dimanche 23 novembre 2025, un an apr\u00e8s avoir partag\u00e9 sa douleur la plus profonde, Nacima Kidadi a choisi de s&rsquo;adresser \u00e0 nouveau \u00e0 ses abonn\u00e9s avec une annonce porteuse d&rsquo;un m\u00e9lange complexe d&rsquo;\u00e9motions. \u00ab\u00a0<em>C\u2019est avec un c\u0153ur tremblant\u2026 que je vous annonce que <strong>je porte \u00e0 nouveau la vie\u2026<\/strong><\/em>\u00ab\u00a0, a-t-elle r\u00e9v\u00e9l\u00e9.<\/p>\n<p>Cette nouvelle grossesse n&rsquo;est pas une simple joie, mais une exp\u00e9rience profond\u00e9ment diff\u00e9rente des pr\u00e9c\u00e9dentes. Nacima Kidadi a d\u00e9crit ce nouveau chapitre comme \u00e9tant \u00ab\u00a0tiss\u00e9 de larmes, de peurs et de souvenirs qui br\u00fblent encore.\u00a0\u00bb Cependant, malgr\u00e9 la persistance du deuil, cette grossesse est per\u00e7ue comme un symbole de reconstruction pour la famille. Elle insiste sur le fait que ce cinqui\u00e8me enfant ne remplace en aucun cas Zendaya, affirmant avec conviction : \u00ab\u00a0<em>Chaque \u00e2me est unique, \u00e9ternelle, sacr\u00e9e.<\/em>\u00ab\u00a0<\/p>\n<p>Nacima Kidadi avance avec la conviction que sa famille, bien que meurtrie, se retrouvera un jour \u00ab\u00a0<em>au complet au Paradis<\/em>\u00ab\u00a0. Elle fait preuve d&rsquo;une patience et d&rsquo;une r\u00e9silience remarquables, pla\u00e7ant sa confiance totale \u00ab\u00a0<em>en Allah<\/em>\u00a0\u00bb pour l&rsquo;avenir. Cette grossesse repr\u00e9sente un t\u00e9moignage poignant de la capacit\u00e9 humaine \u00e0 trouver la lumi\u00e8re et l&rsquo;espoir m\u00eame apr\u00e8s les t\u00e9n\u00e8bres les plus profondes.<\/p>\n<h2 class=\"wp-block-heading\" id=\"faq\">FAQ<\/h2>\n<h3>Nacima Kidadi a-t-elle annonc\u00e9 une nouvelle grossesse ?<\/h3>\n<p>Oui, Nacima Kidadi a annonc\u00e9 sa nouvelle grossesse le dimanche 23 novembre 2025.<\/p>\n<h3>Combien de temps s&rsquo;est \u00e9coul\u00e9 entre le d\u00e9c\u00e8s de sa fille et cette annonce ?<\/h3>\n<p>L&rsquo;annonce de cette nouvelle grossesse intervient environ un an apr\u00e8s le d\u00e9c\u00e8s de sa fille Zendaya.<\/p>\n<h3>Comment Nacima Kidadi per\u00e7oit-elle cette nouvelle grossesse ?<\/h3>\n<p>Elle la d\u00e9crit comme une grossesse marqu\u00e9e par la douleur, la peur et les souvenirs de sa fille d\u00e9c\u00e9d\u00e9e, mais aussi comme un chemin de reconstruction et d&rsquo;espoir. Elle souligne que ce nouvel enfant ne remplace pas Zendaya, car chaque \u00e2me est unique.<\/p>\n<h2 class=\"wp-block-heading\" id=\"conclusion\">Conclusion<\/h2>\n<p>L&rsquo;annonce de la grossesse de Nacima Kidadi, un an apr\u00e8s le d\u00e9c\u00e8s de sa fille Zendaya, est un puissant t\u00e9moignage de r\u00e9silience face \u00e0 l&rsquo;adversit\u00e9. Son parcours, empreint de douleur et de foi profonde, illustre la complexit\u00e9 du deuil et la capacit\u00e9 de l&rsquo;esprit humain \u00e0 accueillir de nouveaux espoirs. Cette nouvelle vie symbolise non pas un remplacement, mais une reconstruction, offrant une perspective \u00e9mouvante sur la mani\u00e8re dont une famille peut avancer, port\u00e9e par la m\u00e9moire et la promesse d&rsquo;un avenir.<\/p>\n","protected":false},"excerpt":{"rendered":"<p>Un an apr\u00e8s avoir travers\u00e9 une \u00e9preuve des plus d\u00e9chirantes, l&rsquo;influenceuse Nacima Kidadi a annonc\u00e9 une nouvelle qui a profond\u00e9ment touch\u00e9 sa communaut\u00e9 : une nouvelle grossesse. Ce chemin vers une nouvelle vie est pav\u00e9 de souvenirs douloureux et d&rsquo;une r\u00e9silience in\u00e9branlable, marquant une \u00e9tape bouleversante dans son parcours personnel. Le Deuil de Zendaya, un [&hellip;]<\/p>\n","protected":false},"author":4,"featured_media":45622,"comment_status":"open","ping_status":"open","sticky":false,"template":"","format":"standard","meta":{"_yoast_wpseo_title":"Nacima Kidadi : Grossesse apr\u00e8s le deuil de sa fille","_yoast_wpseo_metadesc":"\"Un an apr\u00e8s la perte de sa fille, Nacima Kidadi annonce une grossesse \u00e9mouvante et partage son parcours de deuil et d\u2019espoir.\"","_yoast_wpseo_focuskw":"Nacima"},"categories":[5],"tags":[],"class_list":["post-45623","post","type-post","status-publish","format-standard","has-post-thumbnail","hentry","category-divertissement"],"yoast_head":"<!-- This site is optimized with the Yoast SEO plugin v26.3 - https:\/\/yoast.com\/wordpress\/plugins\/seo\/ -->\n<title>Nacima Kidadi : Grossesse apr\u00e8s le deuil de sa fille<\/title>\n<meta name=\"description\" content=\"&quot;Un an apr\u00e8s la perte de sa fille, Nacima Kidadi annonce une grossesse \u00e9mouvante et partage son parcours de deuil et d\u2019espoir.&quot;\" \/>\n<meta name=\"robots\" content=\"index, follow, max-snippet:-1, max-image-preview:large, max-video-preview:-1\" \/>\n<link rel=\"canonical\" href=\"https:\/\/elukelele.com\/fr\/divertissement\/nacima-kidadi-grossesse-apres-le-deuil-de-sa-fille\/\" \/>\n<meta property=\"og:locale\" content=\"fr_FR\" \/>\n<meta property=\"og:type\" content=\"article\" \/>\n<meta property=\"og:title\" content=\"Nacima Kidadi : Grossesse apr\u00e8s le deuil de sa fille\" \/>\n<meta property=\"og:description\" content=\"&quot;Un an apr\u00e8s la perte de sa fille, Nacima Kidadi annonce une grossesse \u00e9mouvante et partage son parcours de deuil et d\u2019espoir.&quot;\" \/>\n<meta property=\"og:url\" content=\"https:\/\/elukelele.com\/fr\/divertissement\/nacima-kidadi-grossesse-apres-le-deuil-de-sa-fille\/\" \/>\n<meta property=\"og:site_name\" content=\"El Ukelele\" \/>\n<meta property=\"article:published_time\" content=\"2025-11-24T11:34:11+00:00\" \/>\n<meta property=\"article:modified_time\" content=\"2025-11-24T11:34:12+00:00\" \/>\n<meta property=\"og:image\" content=\"https:\/\/elukelele.com\/fr\/wp-content\/uploads\/2025\/11\/framed_only-485.png\" \/>\n\t<meta property=\"og:image:width\" content=\"1200\" \/>\n\t<meta property=\"og:image:height\" content=\"628\" \/>\n\t<meta property=\"og:image:type\" content=\"image\/png\" \/>\n<meta name=\"author\" content=\"Daniel Perrin\" \/>\n<meta name=\"twitter:card\" content=\"summary_large_image\" \/>\n<meta name=\"twitter:label1\" content=\"\u00c9crit par\" \/>\n\t<meta name=\"twitter:data1\" content=\"Daniel Perrin\" \/>\n\t<meta name=\"twitter:label2\" content=\"Dur\u00e9e de lecture estim\u00e9e\" \/>\n\t<meta name=\"twitter:data2\" content=\"4 minutes\" \/>\n<script type=\"application\/ld+json\" class=\"yoast-schema-graph\">{\"@context\":\"https:\/\/schema.org\",\"@graph\":[{\"@type\":\"WebPage\",\"@id\":\"https:\/\/elukelele.com\/fr\/divertissement\/nacima-kidadi-grossesse-apres-le-deuil-de-sa-fille\/\",\"url\":\"https:\/\/elukelele.com\/fr\/divertissement\/nacima-kidadi-grossesse-apres-le-deuil-de-sa-fille\/\",\"name\":\"Nacima Kidadi : Grossesse apr\u00e8s le deuil de sa fille\",\"isPartOf\":{\"@id\":\"https:\/\/elukelele.com\/fr\/#website\"},\"primaryImageOfPage\":{\"@id\":\"https:\/\/elukelele.com\/fr\/divertissement\/nacima-kidadi-grossesse-apres-le-deuil-de-sa-fille\/#primaryimage\"},\"image\":{\"@id\":\"https:\/\/elukelele.com\/fr\/divertissement\/nacima-kidadi-grossesse-apres-le-deuil-de-sa-fille\/#primaryimage\"},\"thumbnailUrl\":\"https:\/\/elukelele.com\/fr\/wp-content\/uploads\/2025\/11\/framed_only-485.png\",\"datePublished\":\"2025-11-24T11:34:11+00:00\",\"dateModified\":\"2025-11-24T11:34:12+00:00\",\"author\":{\"@id\":\"https:\/\/elukelele.com\/fr\/#\/schema\/person\/ccfb3d2be2ec7fa389608eb6da0b38d6\"},\"description\":\"\\\"Un an apr\u00e8s la perte de sa fille, Nacima Kidadi annonce une grossesse \u00e9mouvante et partage son parcours de deuil et d\u2019espoir.\\\"\",\"breadcrumb\":{\"@id\":\"https:\/\/elukelele.com\/fr\/divertissement\/nacima-kidadi-grossesse-apres-le-deuil-de-sa-fille\/#breadcrumb\"},\"inLanguage\":\"fr-FR\",\"potentialAction\":[{\"@type\":\"ReadAction\",\"target\":[\"https:\/\/elukelele.com\/fr\/divertissement\/nacima-kidadi-grossesse-apres-le-deuil-de-sa-fille\/\"]}]},{\"@type\":\"ImageObject\",\"inLanguage\":\"fr-FR\",\"@id\":\"https:\/\/elukelele.com\/fr\/divertissement\/nacima-kidadi-grossesse-apres-le-deuil-de-sa-fille\/#primaryimage\",\"url\":\"https:\/\/elukelele.com\/fr\/wp-content\/uploads\/2025\/11\/framed_only-485.png\",\"contentUrl\":\"https:\/\/elukelele.com\/fr\/wp-content\/uploads\/2025\/11\/framed_only-485.png\",\"width\":1200,\"height\":628,\"caption\":\"Nacima\"},{\"@type\":\"BreadcrumbList\",\"@id\":\"https:\/\/elukelele.com\/fr\/divertissement\/nacima-kidadi-grossesse-apres-le-deuil-de-sa-fille\/#breadcrumb\",\"itemListElement\":[{\"@type\":\"ListItem\",\"position\":1,\"name\":\"Home\",\"item\":\"https:\/\/elukelele.com\/fr\/\"},{\"@type\":\"ListItem\",\"position\":2,\"name\":\"Nacima Kidadi : Grossesse apr\u00e8s le deuil de sa fille\"}]},{\"@type\":\"WebSite\",\"@id\":\"https:\/\/elukelele.com\/fr\/#website\",\"url\":\"https:\/\/elukelele.com\/fr\/\",\"name\":\"El Ukelele\",\"description\":\"Musique au-del\u00e0 de l&#039;indie\",\"potentialAction\":[{\"@type\":\"SearchAction\",\"target\":{\"@type\":\"EntryPoint\",\"urlTemplate\":\"https:\/\/elukelele.com\/fr\/?s={search_term_string}\"},\"query-input\":{\"@type\":\"PropertyValueSpecification\",\"valueRequired\":true,\"valueName\":\"search_term_string\"}}],\"inLanguage\":\"fr-FR\"},{\"@type\":\"Person\",\"@id\":\"https:\/\/elukelele.com\/fr\/#\/schema\/person\/ccfb3d2be2ec7fa389608eb6da0b38d6\",\"name\":\"Daniel Perrin\",\"image\":{\"@type\":\"ImageObject\",\"inLanguage\":\"fr-FR\",\"@id\":\"https:\/\/elukelele.com\/fr\/#\/schema\/person\/image\/\",\"url\":\"https:\/\/secure.gravatar.com\/avatar\/37f9d9ffa29ce5640a0d9c6ca8bbd90afb854014296ecaa0e3a558ac716e6fe4?s=96&d=mm&r=g\",\"contentUrl\":\"https:\/\/secure.gravatar.com\/avatar\/37f9d9ffa29ce5640a0d9c6ca8bbd90afb854014296ecaa0e3a558ac716e6fe4?s=96&d=mm&r=g\",\"caption\":\"Daniel Perrin\"},\"sameAs\":[\"https:\/\/elukelele.com\/fr\"],\"url\":\"https:\/\/elukelele.com\/fr\/author\/daniel-perrin\/\"}]}<\/script>\n<!-- \/ Yoast SEO plugin. -->","yoast_head_json":{"title":"Nacima Kidadi : Grossesse apr\u00e8s le deuil de sa fille","description":"\"Un an apr\u00e8s la perte de sa fille, Nacima Kidadi annonce une grossesse \u00e9mouvante et partage son parcours de deuil et d\u2019espoir.\"","robots":{"index":"index","follow":"follow","max-snippet":"max-snippet:-1","max-image-preview":"max-image-preview:large","max-video-preview":"max-video-preview:-1"},"canonical":"https:\/\/elukelele.com\/fr\/divertissement\/nacima-kidadi-grossesse-apres-le-deuil-de-sa-fille\/","og_locale":"fr_FR","og_type":"article","og_title":"Nacima Kidadi : Grossesse apr\u00e8s le deuil de sa fille","og_description":"\"Un an apr\u00e8s la perte de sa fille, Nacima Kidadi annonce une grossesse \u00e9mouvante et partage son parcours de deuil et d\u2019espoir.\"","og_url":"https:\/\/elukelele.com\/fr\/divertissement\/nacima-kidadi-grossesse-apres-le-deuil-de-sa-fille\/","og_site_name":"El Ukelele","article_published_time":"2025-11-24T11:34:11+00:00","article_modified_time":"2025-11-24T11:34:12+00:00","og_image":[{"width":1200,"height":628,"url":"https:\/\/elukelele.com\/fr\/wp-content\/uploads\/2025\/11\/framed_only-485.png","type":"image\/png"}],"author":"Daniel Perrin","twitter_card":"summary_large_image","twitter_misc":{"\u00c9crit par":"Daniel Perrin","Dur\u00e9e de lecture estim\u00e9e":"4 minutes"},"schema":{"@context":"https:\/\/schema.org","@graph":[{"@type":"WebPage","@id":"https:\/\/elukelele.com\/fr\/divertissement\/nacima-kidadi-grossesse-apres-le-deuil-de-sa-fille\/","url":"https:\/\/elukelele.com\/fr\/divertissement\/nacima-kidadi-grossesse-apres-le-deuil-de-sa-fille\/","name":"Nacima Kidadi : Grossesse apr\u00e8s le deuil de sa fille","isPartOf":{"@id":"https:\/\/elukelele.com\/fr\/#website"},"primaryImageOfPage":{"@id":"https:\/\/elukelele.com\/fr\/divertissement\/nacima-kidadi-grossesse-apres-le-deuil-de-sa-fille\/#primaryimage"},"image":{"@id":"https:\/\/elukelele.com\/fr\/divertissement\/nacima-kidadi-grossesse-apres-le-deuil-de-sa-fille\/#primaryimage"},"thumbnailUrl":"https:\/\/elukelele.com\/fr\/wp-content\/uploads\/2025\/11\/framed_only-485.png","datePublished":"2025-11-24T11:34:11+00:00","dateModified":"2025-11-24T11:34:12+00:00","author":{"@id":"https:\/\/elukelele.com\/fr\/#\/schema\/person\/ccfb3d2be2ec7fa389608eb6da0b38d6"},"description":"\"Un an apr\u00e8s la perte de sa fille, Nacima Kidadi annonce une grossesse \u00e9mouvante et partage son parcours de deuil et d\u2019espoir.\"","breadcrumb":{"@id":"https:\/\/elukelele.com\/fr\/divertissement\/nacima-kidadi-grossesse-apres-le-deuil-de-sa-fille\/#breadcrumb"},"inLanguage":"fr-FR","potentialAction":[{"@type":"ReadAction","target":["https:\/\/elukelele.com\/fr\/divertissement\/nacima-kidadi-grossesse-apres-le-deuil-de-sa-fille\/"]}]},{"@type":"ImageObject","inLanguage":"fr-FR","@id":"https:\/\/elukelele.com\/fr\/divertissement\/nacima-kidadi-grossesse-apres-le-deuil-de-sa-fille\/#primaryimage","url":"https:\/\/elukelele.com\/fr\/wp-content\/uploads\/2025\/11\/framed_only-485.png","contentUrl":"https:\/\/elukelele.com\/fr\/wp-content\/uploads\/2025\/11\/framed_only-485.png","width":1200,"height":628,"caption":"Nacima"},{"@type":"BreadcrumbList","@id":"https:\/\/elukelele.com\/fr\/divertissement\/nacima-kidadi-grossesse-apres-le-deuil-de-sa-fille\/#breadcrumb","itemListElement":[{"@type":"ListItem","position":1,"name":"Home","item":"https:\/\/elukelele.com\/fr\/"},{"@type":"ListItem","position":2,"name":"Nacima Kidadi : Grossesse apr\u00e8s le deuil de sa fille"}]},{"@type":"WebSite","@id":"https:\/\/elukelele.com\/fr\/#website","url":"https:\/\/elukelele.com\/fr\/","name":"El Ukelele","description":"Musique au-del\u00e0 de l&#039;indie","potentialAction":[{"@type":"SearchAction","target":{"@type":"EntryPoint","urlTemplate":"https:\/\/elukelele.com\/fr\/?s={search_term_string}"},"query-input":{"@type":"PropertyValueSpecification","valueRequired":true,"valueName":"search_term_string"}}],"inLanguage":"fr-FR"},{"@type":"Person","@id":"https:\/\/elukelele.com\/fr\/#\/schema\/person\/ccfb3d2be2ec7fa389608eb6da0b38d6","name":"Daniel Perrin","image":{"@type":"ImageObject","inLanguage":"fr-FR","@id":"https:\/\/elukelele.com\/fr\/#\/schema\/person\/image\/","url":"https:\/\/secure.gravatar.com\/avatar\/37f9d9ffa29ce5640a0d9c6ca8bbd90afb854014296ecaa0e3a558ac716e6fe4?s=96&d=mm&r=g","contentUrl":"https:\/\/secure.gravatar.com\/avatar\/37f9d9ffa29ce5640a0d9c6ca8bbd90afb854014296ecaa0e3a558ac716e6fe4?s=96&d=mm&r=g","caption":"Daniel Perrin"},"sameAs":["https:\/\/elukelele.com\/fr"],"url":"https:\/\/elukelele.com\/fr\/author\/daniel-perrin\/"}]}},"_links":{"self":[{"href":"https:\/\/elukelele.com\/fr\/wp-json\/wp\/v2\/posts\/45623","targetHints":{"allow":["GET"]}}],"collection":[{"href":"https:\/\/elukelele.com\/fr\/wp-json\/wp\/v2\/posts"}],"about":[{"href":"https:\/\/elukelele.com\/fr\/wp-json\/wp\/v2\/types\/post"}],"author":[{"embeddable":true,"href":"https:\/\/elukelele.com\/fr\/wp-json\/wp\/v2\/users\/4"}],"replies":[{"embeddable":true,"href":"https:\/\/elukelele.com\/fr\/wp-json\/wp\/v2\/comments?post=45623"}],"version-history":[{"count":1,"href":"https:\/\/elukelele.com\/fr\/wp-json\/wp\/v2\/posts\/45623\/revisions"}],"predecessor-version":[{"id":45658,"href":"https:\/\/elukelele.com\/fr\/wp-json\/wp\/v2\/posts\/45623\/revisions\/45658"}],"wp:featuredmedia":[{"embeddable":true,"href":"https:\/\/elukelele.com\/fr\/wp-json\/wp\/v2\/media\/45622"}],"wp:attachment":[{"href":"https:\/\/elukelele.com\/fr\/wp-json\/wp\/v2\/media?parent=45623"}],"wp:term":[{"taxonomy":"category","embeddable":true,"href":"https:\/\/elukelele.com\/fr\/wp-json\/wp\/v2\/categories?post=45623"},{"taxonomy":"post_tag","embeddable":true,"href":"https:\/\/elukelele.com\/fr\/wp-json\/wp\/v2\/tags?post=45623"}],"curies":[{"name":"wp","href":"https:\/\/api.w.org\/{rel}","templated":true}]}}