{"id":45615,"date":"2025-11-24T11:37:23","date_gmt":"2025-11-24T11:37:23","guid":{"rendered":"https:\/\/elukelele.com\/fr\/?p=45615"},"modified":"2025-11-24T11:37:24","modified_gmt":"2025-11-24T11:37:24","slug":"thierry-lhermitte-et-eddy-mitchell-une-collaboration-rare","status":"publish","type":"post","link":"https:\/\/elukelele.com\/fr\/divertissement\/thierry-lhermitte-et-eddy-mitchell-une-collaboration-rare\/","title":{"rendered":"Thierry Lhermitte et Eddy Mitchell : une collaboration rare"},"content":{"rendered":"<p>Thierry Lhermitte, figure incontournable du cin\u00e9ma et de la t\u00e9l\u00e9vision fran\u00e7aise, est c\u00e9l\u00e9br\u00e9 pour ses r\u00f4les cultes au sein du Splendid et ses performances m\u00e9morables dans des com\u00e9dies embl\u00e9matiques telles que <em>Le P\u00e8re No\u00ebl est une ordure<\/em>, <em>Les Bronz\u00e9s<\/em> ou encore <em>Le D\u00eener de cons<\/em>. Au-del\u00e0 de ces succ\u00e8s retentissants qui ont marqu\u00e9 des g\u00e9n\u00e9rations, sa carri\u00e8re est jalonn\u00e9e d&rsquo;apparitions plus inattendues et de collaborations moins connues, t\u00e9moignant de sa curiosit\u00e9 artistique et de sa polyvalence. Parmi celles-ci, sa participation \u00e0 un clip musical d&rsquo;Eddy Mitchell reste une facette souvent oubli\u00e9e de son parcours, r\u00e9v\u00e9lant une parenth\u00e8se artistique qui d\u00e9note sa libert\u00e9 et son go\u00fbt pour l&rsquo;exploration de terrains vari\u00e9s.<\/p>\n<h2 class=\"wp-block-heading\">Une Rencontre Inattendue : Thierry Lhermitte dans le Clip d&rsquo;Eddy Mitchell<\/h2>\n<p>C&rsquo;est en 1994 que Thierry Lhermitte a fait une apparition remarqu\u00e9e, bien que discr\u00e8te dans les m\u00e9moires collectives, dans le clip de la chanson \u00ab\u00a018 ans demain\u00a0\u00bb d&rsquo;Eddy Mitchell. Ce titre, extrait de l&rsquo;album <em>Rio Grande<\/em> sorti en 1993 chez Polydor, est rapidement devenu un tube. Il est n\u00e9 de la complicit\u00e9 artistique entre le rockeur-crooner Eddy Mitchell et son compositeur de longue date, Pierre Papadiamandis. La chanson aborde avec une touche pop-blues rock le th\u00e8me personnel et m\u00e9lancolique de la crise d&rsquo;adolescence et du passage \u00e0 la majorit\u00e9, inspir\u00e9 par la propre fille du chanteur.<\/p>\n<p>L&rsquo;enregistrement de \u00ab\u00a018 ans demain\u00a0\u00bb s&rsquo;est d\u00e9roul\u00e9 dans un lieu mythique de la musique am\u00e9ricaine : les Muscle Shoals Studios en Alabama, r\u00e9put\u00e9s pour \u00eatre un haut lieu de la soul et du rhythm and blues. Le clip, tourn\u00e9 sur un plateau de cin\u00e9ma pour accompagner la sortie du single en 1994, mettait en sc\u00e8ne, aux c\u00f4t\u00e9s d&rsquo;Eddy Mitchell, Thierry Lhermitte, mais aussi sa complice du Splendid, Josiane Balasko, ainsi que le guitariste Paul Personne. Cette p\u00e9riode \u00e9tait particuli\u00e8rement dynamique pour Eddy Mitchell, qui, en 1993 et 1994, proposait \u00e0 Paris quatre concerts avec des concepts musicaux distincts, allant du big band au country rock, dans des salles prestigieuses comme le Z\u00e9nith et Bercy.<\/p>\n<h2 class=\"wp-block-heading\">Au-del\u00e0 des \u00c9crans : Les Multiples Facettes de Thierry Lhermitte<\/h2>\n<p>La collaboration de Thierry Lhermitte avec Eddy Mitchell n&rsquo;est pas la seule incursion de l&rsquo;acteur en dehors des sentiers battus du cin\u00e9ma et de la t\u00e9l\u00e9vision. Sa carri\u00e8re t\u00e9moigne d&rsquo;une volont\u00e9 constante d&rsquo;explorer diff\u00e9rents domaines et de s&rsquo;adonner \u00e0 des activit\u00e9s parall\u00e8les.<\/p>\n<p>Sur le plan personnel, Thierry Lhermitte cultive des passions vari\u00e9es. Il est notamment un adepte de l&rsquo;\u00e9quitation \u00e9thologique, une discipline qu&rsquo;il pratique au Haras de la Cense, et a \u00e9galement pratiqu\u00e9 le karat\u00e9 pendant une dizaine d&rsquo;ann\u00e9es.<\/p>\n<p>Ses activit\u00e9s professionnelles ont aussi d\u00e9pass\u00e9 le cadre de l&rsquo;interpr\u00e9tation :<\/p>\n<ul>\n<li>En 1992, il a pr\u00eat\u00e9 sa voix au jingle publicitaire \u00ab\u00a0Chaud devant chaud\u00a0\u00bb diffus\u00e9 sur M6.<\/li>\n<li>Le 5 novembre 1998, il a marqu\u00e9 les esprits lors de l&rsquo;\u00e9mission <em>La Grosse \u00c9mission<\/em> sur Com\u00e9die ! en r\u00e9alisant une d\u00e9monstration de patator devant Alain Chabat, contribuant \u00e0 populariser ce gadget.<\/li>\n<li>Dans le domaine de l&rsquo;entrepreneuriat et de la production, il a cofond\u00e9 France Cin\u00e9ma Multimedia en 1996 avec Florent Darrault. Plus tard, avec Louis Becker, il a cr\u00e9\u00e9 les soci\u00e9t\u00e9s de production ICE et ICE3, qui ont notamment produit des succ\u00e8s cin\u00e9matographiques tels que <em>Nuit d&rsquo;ivresse<\/em> et <em>Un Indien dans la ville<\/em>.<\/li>\n<li>Il a \u00e9galement \u00e9t\u00e9 administrateur de Trident Media Guard, une soci\u00e9t\u00e9 impliqu\u00e9e dans la mise en \u0153uvre de la loi Hadopi. Engag\u00e9 dans la d\u00e9fense des cr\u00e9ations artistiques, il a soutenu ce dispositif lors de l&rsquo;\u00e9mission <em>C \u00e0 vous<\/em> en 2010, tout en reconnaissant ses limites qu&rsquo;il qualifiait de \u00ab\u00a0tr\u00e8s, tr\u00e8s imparfaite\u00a0\u00bb.<\/li>\n<\/ul>\n<h2 class=\"wp-block-heading\">Engagement et Curiosit\u00e9 Scientifique<\/h2>\n<p>Au-del\u00e0 de ses r\u00e9alisations artistiques et entrepreneuriales, Thierry Lhermitte se distingue par une passion prononc\u00e9e pour les sciences. Fascin\u00e9 par l&rsquo;informatique et les math\u00e9matiques, il a appris la programmation d\u00e8s les ann\u00e9es 1980 et a investi dans plusieurs entreprises technologiques. Convaincu du potentiel d&rsquo;Internet, il a m\u00eame pr\u00e9sent\u00e9 en 1996 une formation multim\u00e9dia sur CD, visant \u00e0 d\u00e9mocratiser l&rsquo;acc\u00e8s au web.<\/p>\n<p>Son engagement s&rsquo;\u00e9tend \u00e9galement au domaine caritatif et \u00e0 la vulgarisation scientifique :<\/p>\n<ul>\n<li>Depuis 2004, Thierry Lhermitte est le parrain de la Fondation pour la Recherche M\u00e9dicale.<\/li>\n<li>Il a tenu une chronique scientifique pendant plusieurs ann\u00e9es sur France 5, puis \u00e0 partir de 2018 sur France Inter dans l&rsquo;\u00e9mission <em>Grand bien vous fasse<\/em>.<\/li>\n<li>Il soutient activement la recherche sur la maladie d&rsquo;Alzheimer, un engagement qui s&rsquo;est notamment refl\u00e9t\u00e9 dans son film <em>La Finale<\/em> (2018).<\/li>\n<\/ul>\n<h2 class=\"wp-block-heading\">Conclusion<\/h2>\n<p>La collaboration de Thierry Lhermitte avec Eddy Mitchell, bien que parfois \u00e9clips\u00e9e par ses r\u00f4les plus connus, illustre parfaitement la richesse et la diversit\u00e9 de la carri\u00e8re de l&rsquo;acteur. Loin de se cantonner \u00e0 un seul registre, Thierry Lhermitte a toujours fait preuve d&rsquo;une soif d&rsquo;apprendre et d&rsquo;explorer, que ce soit \u00e0 travers des apparitions musicales inattendues, des aventures entrepreneuriales, ou son profond engagement pour les sciences et la recherche m\u00e9dicale. Cette collaboration oubli\u00e9e avec Eddy Mitchell n&rsquo;est qu&rsquo;un exemple parmi tant d&rsquo;autres des multiples facettes d&rsquo;un artiste dont la curiosit\u00e9 et la polyvalence continuent d&rsquo;enrichir le paysage culturel fran\u00e7ais.<\/p>\n","protected":false},"excerpt":{"rendered":"<p>Thierry Lhermitte, figure incontournable du cin\u00e9ma et de la t\u00e9l\u00e9vision fran\u00e7aise, est c\u00e9l\u00e9br\u00e9 pour ses r\u00f4les cultes au sein du Splendid et ses performances m\u00e9morables dans des com\u00e9dies embl\u00e9matiques telles que Le P\u00e8re No\u00ebl est une ordure, Les Bronz\u00e9s ou encore Le D\u00eener de cons. Au-del\u00e0 de ces succ\u00e8s retentissants qui ont marqu\u00e9 des g\u00e9n\u00e9rations, [&hellip;]<\/p>\n","protected":false},"author":4,"featured_media":45614,"comment_status":"open","ping_status":"open","sticky":false,"template":"","format":"standard","meta":{"_yoast_wpseo_title":"Thierry Lhermitte et Eddy Mitchell : une collaboration rare","_yoast_wpseo_metadesc":"D\u00e9couvrez la collaboration m\u00e9connue entre Thierry Lhermitte et Eddy Mitchell ! Explorez cette facette surprenante de la carri\u00e8re de l'acteur.","_yoast_wpseo_focuskw":"Thierry"},"categories":[5],"tags":[],"class_list":["post-45615","post","type-post","status-publish","format-standard","has-post-thumbnail","hentry","category-divertissement"],"yoast_head":"<!-- This site is optimized with the Yoast SEO plugin v26.3 - https:\/\/yoast.com\/wordpress\/plugins\/seo\/ -->\n<title>Thierry Lhermitte et Eddy Mitchell : une collaboration rare<\/title>\n<meta name=\"description\" content=\"D\u00e9couvrez la collaboration m\u00e9connue entre Thierry Lhermitte et Eddy Mitchell ! Explorez cette facette surprenante de la carri\u00e8re de l&#039;acteur.\" \/>\n<meta name=\"robots\" content=\"index, follow, max-snippet:-1, max-image-preview:large, max-video-preview:-1\" \/>\n<link rel=\"canonical\" href=\"https:\/\/elukelele.com\/fr\/divertissement\/thierry-lhermitte-et-eddy-mitchell-une-collaboration-rare\/\" \/>\n<meta property=\"og:locale\" content=\"fr_FR\" \/>\n<meta property=\"og:type\" content=\"article\" \/>\n<meta property=\"og:title\" content=\"Thierry Lhermitte et Eddy Mitchell : une collaboration rare\" \/>\n<meta property=\"og:description\" content=\"D\u00e9couvrez la collaboration m\u00e9connue entre Thierry Lhermitte et Eddy Mitchell ! Explorez cette facette surprenante de la carri\u00e8re de l&#039;acteur.\" \/>\n<meta property=\"og:url\" content=\"https:\/\/elukelele.com\/fr\/divertissement\/thierry-lhermitte-et-eddy-mitchell-une-collaboration-rare\/\" \/>\n<meta property=\"og:site_name\" content=\"El Ukelele\" \/>\n<meta property=\"article:published_time\" content=\"2025-11-24T11:37:23+00:00\" \/>\n<meta property=\"article:modified_time\" content=\"2025-11-24T11:37:24+00:00\" \/>\n<meta property=\"og:image\" content=\"https:\/\/elukelele.com\/fr\/wp-content\/uploads\/2025\/11\/framed_only-481.png\" \/>\n\t<meta property=\"og:image:width\" content=\"1200\" \/>\n\t<meta property=\"og:image:height\" content=\"628\" \/>\n\t<meta property=\"og:image:type\" content=\"image\/png\" \/>\n<meta name=\"author\" content=\"Daniel Perrin\" \/>\n<meta name=\"twitter:card\" content=\"summary_large_image\" \/>\n<meta name=\"twitter:label1\" content=\"\u00c9crit par\" \/>\n\t<meta name=\"twitter:data1\" content=\"Daniel Perrin\" \/>\n\t<meta name=\"twitter:label2\" content=\"Dur\u00e9e de lecture estim\u00e9e\" \/>\n\t<meta name=\"twitter:data2\" content=\"5 minutes\" \/>\n<script type=\"application\/ld+json\" class=\"yoast-schema-graph\">{\"@context\":\"https:\/\/schema.org\",\"@graph\":[{\"@type\":\"WebPage\",\"@id\":\"https:\/\/elukelele.com\/fr\/divertissement\/thierry-lhermitte-et-eddy-mitchell-une-collaboration-rare\/\",\"url\":\"https:\/\/elukelele.com\/fr\/divertissement\/thierry-lhermitte-et-eddy-mitchell-une-collaboration-rare\/\",\"name\":\"Thierry Lhermitte et Eddy Mitchell : une collaboration rare\",\"isPartOf\":{\"@id\":\"https:\/\/elukelele.com\/fr\/#website\"},\"primaryImageOfPage\":{\"@id\":\"https:\/\/elukelele.com\/fr\/divertissement\/thierry-lhermitte-et-eddy-mitchell-une-collaboration-rare\/#primaryimage\"},\"image\":{\"@id\":\"https:\/\/elukelele.com\/fr\/divertissement\/thierry-lhermitte-et-eddy-mitchell-une-collaboration-rare\/#primaryimage\"},\"thumbnailUrl\":\"https:\/\/elukelele.com\/fr\/wp-content\/uploads\/2025\/11\/framed_only-481.png\",\"datePublished\":\"2025-11-24T11:37:23+00:00\",\"dateModified\":\"2025-11-24T11:37:24+00:00\",\"author\":{\"@id\":\"https:\/\/elukelele.com\/fr\/#\/schema\/person\/ccfb3d2be2ec7fa389608eb6da0b38d6\"},\"description\":\"D\u00e9couvrez la collaboration m\u00e9connue entre Thierry Lhermitte et Eddy Mitchell ! Explorez cette facette surprenante de la carri\u00e8re de l'acteur.\",\"breadcrumb\":{\"@id\":\"https:\/\/elukelele.com\/fr\/divertissement\/thierry-lhermitte-et-eddy-mitchell-une-collaboration-rare\/#breadcrumb\"},\"inLanguage\":\"fr-FR\",\"potentialAction\":[{\"@type\":\"ReadAction\",\"target\":[\"https:\/\/elukelele.com\/fr\/divertissement\/thierry-lhermitte-et-eddy-mitchell-une-collaboration-rare\/\"]}]},{\"@type\":\"ImageObject\",\"inLanguage\":\"fr-FR\",\"@id\":\"https:\/\/elukelele.com\/fr\/divertissement\/thierry-lhermitte-et-eddy-mitchell-une-collaboration-rare\/#primaryimage\",\"url\":\"https:\/\/elukelele.com\/fr\/wp-content\/uploads\/2025\/11\/framed_only-481.png\",\"contentUrl\":\"https:\/\/elukelele.com\/fr\/wp-content\/uploads\/2025\/11\/framed_only-481.png\",\"width\":1200,\"height\":628,\"caption\":\"Thierry\"},{\"@type\":\"BreadcrumbList\",\"@id\":\"https:\/\/elukelele.com\/fr\/divertissement\/thierry-lhermitte-et-eddy-mitchell-une-collaboration-rare\/#breadcrumb\",\"itemListElement\":[{\"@type\":\"ListItem\",\"position\":1,\"name\":\"Home\",\"item\":\"https:\/\/elukelele.com\/fr\/\"},{\"@type\":\"ListItem\",\"position\":2,\"name\":\"Thierry Lhermitte et Eddy Mitchell : une collaboration rare\"}]},{\"@type\":\"WebSite\",\"@id\":\"https:\/\/elukelele.com\/fr\/#website\",\"url\":\"https:\/\/elukelele.com\/fr\/\",\"name\":\"El Ukelele\",\"description\":\"Musique au-del\u00e0 de l&#039;indie\",\"potentialAction\":[{\"@type\":\"SearchAction\",\"target\":{\"@type\":\"EntryPoint\",\"urlTemplate\":\"https:\/\/elukelele.com\/fr\/?s={search_term_string}\"},\"query-input\":{\"@type\":\"PropertyValueSpecification\",\"valueRequired\":true,\"valueName\":\"search_term_string\"}}],\"inLanguage\":\"fr-FR\"},{\"@type\":\"Person\",\"@id\":\"https:\/\/elukelele.com\/fr\/#\/schema\/person\/ccfb3d2be2ec7fa389608eb6da0b38d6\",\"name\":\"Daniel Perrin\",\"image\":{\"@type\":\"ImageObject\",\"inLanguage\":\"fr-FR\",\"@id\":\"https:\/\/elukelele.com\/fr\/#\/schema\/person\/image\/\",\"url\":\"https:\/\/secure.gravatar.com\/avatar\/37f9d9ffa29ce5640a0d9c6ca8bbd90afb854014296ecaa0e3a558ac716e6fe4?s=96&d=mm&r=g\",\"contentUrl\":\"https:\/\/secure.gravatar.com\/avatar\/37f9d9ffa29ce5640a0d9c6ca8bbd90afb854014296ecaa0e3a558ac716e6fe4?s=96&d=mm&r=g\",\"caption\":\"Daniel Perrin\"},\"sameAs\":[\"https:\/\/elukelele.com\/fr\"],\"url\":\"https:\/\/elukelele.com\/fr\/author\/daniel-perrin\/\"}]}<\/script>\n<!-- \/ Yoast SEO plugin. -->","yoast_head_json":{"title":"Thierry Lhermitte et Eddy Mitchell : une collaboration rare","description":"D\u00e9couvrez la collaboration m\u00e9connue entre Thierry Lhermitte et Eddy Mitchell ! Explorez cette facette surprenante de la carri\u00e8re de l'acteur.","robots":{"index":"index","follow":"follow","max-snippet":"max-snippet:-1","max-image-preview":"max-image-preview:large","max-video-preview":"max-video-preview:-1"},"canonical":"https:\/\/elukelele.com\/fr\/divertissement\/thierry-lhermitte-et-eddy-mitchell-une-collaboration-rare\/","og_locale":"fr_FR","og_type":"article","og_title":"Thierry Lhermitte et Eddy Mitchell : une collaboration rare","og_description":"D\u00e9couvrez la collaboration m\u00e9connue entre Thierry Lhermitte et Eddy Mitchell ! Explorez cette facette surprenante de la carri\u00e8re de l'acteur.","og_url":"https:\/\/elukelele.com\/fr\/divertissement\/thierry-lhermitte-et-eddy-mitchell-une-collaboration-rare\/","og_site_name":"El Ukelele","article_published_time":"2025-11-24T11:37:23+00:00","article_modified_time":"2025-11-24T11:37:24+00:00","og_image":[{"width":1200,"height":628,"url":"https:\/\/elukelele.com\/fr\/wp-content\/uploads\/2025\/11\/framed_only-481.png","type":"image\/png"}],"author":"Daniel Perrin","twitter_card":"summary_large_image","twitter_misc":{"\u00c9crit par":"Daniel Perrin","Dur\u00e9e de lecture estim\u00e9e":"5 minutes"},"schema":{"@context":"https:\/\/schema.org","@graph":[{"@type":"WebPage","@id":"https:\/\/elukelele.com\/fr\/divertissement\/thierry-lhermitte-et-eddy-mitchell-une-collaboration-rare\/","url":"https:\/\/elukelele.com\/fr\/divertissement\/thierry-lhermitte-et-eddy-mitchell-une-collaboration-rare\/","name":"Thierry Lhermitte et Eddy Mitchell : une collaboration rare","isPartOf":{"@id":"https:\/\/elukelele.com\/fr\/#website"},"primaryImageOfPage":{"@id":"https:\/\/elukelele.com\/fr\/divertissement\/thierry-lhermitte-et-eddy-mitchell-une-collaboration-rare\/#primaryimage"},"image":{"@id":"https:\/\/elukelele.com\/fr\/divertissement\/thierry-lhermitte-et-eddy-mitchell-une-collaboration-rare\/#primaryimage"},"thumbnailUrl":"https:\/\/elukelele.com\/fr\/wp-content\/uploads\/2025\/11\/framed_only-481.png","datePublished":"2025-11-24T11:37:23+00:00","dateModified":"2025-11-24T11:37:24+00:00","author":{"@id":"https:\/\/elukelele.com\/fr\/#\/schema\/person\/ccfb3d2be2ec7fa389608eb6da0b38d6"},"description":"D\u00e9couvrez la collaboration m\u00e9connue entre Thierry Lhermitte et Eddy Mitchell ! Explorez cette facette surprenante de la carri\u00e8re de l'acteur.","breadcrumb":{"@id":"https:\/\/elukelele.com\/fr\/divertissement\/thierry-lhermitte-et-eddy-mitchell-une-collaboration-rare\/#breadcrumb"},"inLanguage":"fr-FR","potentialAction":[{"@type":"ReadAction","target":["https:\/\/elukelele.com\/fr\/divertissement\/thierry-lhermitte-et-eddy-mitchell-une-collaboration-rare\/"]}]},{"@type":"ImageObject","inLanguage":"fr-FR","@id":"https:\/\/elukelele.com\/fr\/divertissement\/thierry-lhermitte-et-eddy-mitchell-une-collaboration-rare\/#primaryimage","url":"https:\/\/elukelele.com\/fr\/wp-content\/uploads\/2025\/11\/framed_only-481.png","contentUrl":"https:\/\/elukelele.com\/fr\/wp-content\/uploads\/2025\/11\/framed_only-481.png","width":1200,"height":628,"caption":"Thierry"},{"@type":"BreadcrumbList","@id":"https:\/\/elukelele.com\/fr\/divertissement\/thierry-lhermitte-et-eddy-mitchell-une-collaboration-rare\/#breadcrumb","itemListElement":[{"@type":"ListItem","position":1,"name":"Home","item":"https:\/\/elukelele.com\/fr\/"},{"@type":"ListItem","position":2,"name":"Thierry Lhermitte et Eddy Mitchell : une collaboration rare"}]},{"@type":"WebSite","@id":"https:\/\/elukelele.com\/fr\/#website","url":"https:\/\/elukelele.com\/fr\/","name":"El Ukelele","description":"Musique au-del\u00e0 de l&#039;indie","potentialAction":[{"@type":"SearchAction","target":{"@type":"EntryPoint","urlTemplate":"https:\/\/elukelele.com\/fr\/?s={search_term_string}"},"query-input":{"@type":"PropertyValueSpecification","valueRequired":true,"valueName":"search_term_string"}}],"inLanguage":"fr-FR"},{"@type":"Person","@id":"https:\/\/elukelele.com\/fr\/#\/schema\/person\/ccfb3d2be2ec7fa389608eb6da0b38d6","name":"Daniel Perrin","image":{"@type":"ImageObject","inLanguage":"fr-FR","@id":"https:\/\/elukelele.com\/fr\/#\/schema\/person\/image\/","url":"https:\/\/secure.gravatar.com\/avatar\/37f9d9ffa29ce5640a0d9c6ca8bbd90afb854014296ecaa0e3a558ac716e6fe4?s=96&d=mm&r=g","contentUrl":"https:\/\/secure.gravatar.com\/avatar\/37f9d9ffa29ce5640a0d9c6ca8bbd90afb854014296ecaa0e3a558ac716e6fe4?s=96&d=mm&r=g","caption":"Daniel Perrin"},"sameAs":["https:\/\/elukelele.com\/fr"],"url":"https:\/\/elukelele.com\/fr\/author\/daniel-perrin\/"}]}},"_links":{"self":[{"href":"https:\/\/elukelele.com\/fr\/wp-json\/wp\/v2\/posts\/45615","targetHints":{"allow":["GET"]}}],"collection":[{"href":"https:\/\/elukelele.com\/fr\/wp-json\/wp\/v2\/posts"}],"about":[{"href":"https:\/\/elukelele.com\/fr\/wp-json\/wp\/v2\/types\/post"}],"author":[{"embeddable":true,"href":"https:\/\/elukelele.com\/fr\/wp-json\/wp\/v2\/users\/4"}],"replies":[{"embeddable":true,"href":"https:\/\/elukelele.com\/fr\/wp-json\/wp\/v2\/comments?post=45615"}],"version-history":[{"count":1,"href":"https:\/\/elukelele.com\/fr\/wp-json\/wp\/v2\/posts\/45615\/revisions"}],"predecessor-version":[{"id":45660,"href":"https:\/\/elukelele.com\/fr\/wp-json\/wp\/v2\/posts\/45615\/revisions\/45660"}],"wp:featuredmedia":[{"embeddable":true,"href":"https:\/\/elukelele.com\/fr\/wp-json\/wp\/v2\/media\/45614"}],"wp:attachment":[{"href":"https:\/\/elukelele.com\/fr\/wp-json\/wp\/v2\/media?parent=45615"}],"wp:term":[{"taxonomy":"category","embeddable":true,"href":"https:\/\/elukelele.com\/fr\/wp-json\/wp\/v2\/categories?post=45615"},{"taxonomy":"post_tag","embeddable":true,"href":"https:\/\/elukelele.com\/fr\/wp-json\/wp\/v2\/tags?post=45615"}],"curies":[{"name":"wp","href":"https:\/\/api.w.org\/{rel}","templated":true}]}}