{"id":45598,"date":"2025-11-24T05:01:39","date_gmt":"2025-11-24T05:01:39","guid":{"rendered":"https:\/\/elukelele.com\/fr\/?p=45598"},"modified":"2025-11-24T05:01:40","modified_gmt":"2025-11-24T05:01:40","slug":"emue-aux-larmes-anne-roumanoff-evoque-la-disparition-de-son-ex-mari","status":"publish","type":"post","link":"https:\/\/elukelele.com\/fr\/divertissement\/emue-aux-larmes-anne-roumanoff-evoque-la-disparition-de-son-ex-mari\/","title":{"rendered":"\u00c9mue aux larmes, Anne Roumanoff \u00e9voque la disparition de son ex-mari : \u00ab \u00c7a a \u00e9t\u00e9 un gros choc \u00bb"},"content":{"rendered":"<div class=\"article-content\">\n<p>L&rsquo;humoriste Anne Roumanoff, connue pour son humour mordant et ses observations pertinentes sur la soci\u00e9t\u00e9, a r\u00e9cemment touch\u00e9 le public en partageant une \u00e9motion profonde et inattendue. \u00c9mue aux larmes, elle a \u00e9voqu\u00e9 la disparition de son ex-mari, Philippe Vaillant, d\u00e9c\u00e9d\u00e9 \u00e0 l&rsquo;\u00e2ge de 70 ans, d\u00e9crivant cet \u00e9v\u00e9nement comme \u00ab\u00a0un gros choc\u00a0\u00bb. Cette confession intime a rappel\u00e9 la sensibilit\u00e9 de l&rsquo;artiste derri\u00e8re le personnage public, offrant un aper\u00e7u de son deuil et de la complexit\u00e9 des liens qui perdurent au-del\u00e0 des s\u00e9parations.<\/p>\n<h2 id=\"une-relation-marquante-au-dela-du-divorce\">Une Relation Marquante au-del\u00e0 du Divorce<\/h2>\n<p>Philippe Vaillant n&rsquo;\u00e9tait pas seulement l&rsquo;ex-mari d&rsquo;Anne Roumanoff ; il \u00e9tait le p\u00e8re de leurs deux filles, Alice et Marie, et une figure essentielle de sa vie personnelle et professionnelle pendant plus de deux d\u00e9cennies. Leur histoire a d\u00e9but\u00e9 dans les ann\u00e9es 1990, et ils se sont mari\u00e9s en 1994. Philippe Vaillant a jou\u00e9 un r\u00f4le crucial dans la carri\u00e8re de l&rsquo;humoriste en produisant ses spectacles pendant de nombreuses ann\u00e9es. Il \u00e9tait \u00e9galement un producteur et agent artistique respect\u00e9 dans le milieu du spectacle fran\u00e7ais, ayant collabor\u00e9 avec de nombreux artistes et contribu\u00e9 \u00e0 l&rsquo;\u00e9mergence de talents.<\/p>\n<p>Bien que le couple ait divorc\u00e9 officiellement en 2018, apr\u00e8s s&rsquo;\u00eatre s\u00e9par\u00e9 en 2016, ils avaient r\u00e9ussi \u00e0 maintenir des relations familiales solides pour le bien de leurs enfants. Anne Roumanoff avait m\u00eame confi\u00e9 par le pass\u00e9 que Philippe Vaillant resterait \u00ab\u00a0l&rsquo;homme de sa vie\u00a0\u00bb, soulignant la profondeur de leur attachement, malgr\u00e9 la fin de leur union romantique.<\/p>\n<h2 id=\"le-choc-de-la-disparition\">Le Choc de la Disparition<\/h2>\n<p>L&rsquo;annonce du d\u00e9c\u00e8s de Philippe Vaillant, survenu le 2 juillet 2025 des suites d&rsquo;une maladie, a profond\u00e9ment affect\u00e9 Anne Roumanoff. Elle a partag\u00e9 la triste nouvelle sur ses r\u00e9seaux sociaux le 3 juillet 2025, publiant un message sobre et \u00e9mouvant, accompagn\u00e9 d&rsquo;une photo de Philippe souriant. Ses filles, Alice et Marie, ont \u00e9galement rendu hommage \u00e0 leur p\u00e8re sur Instagram, partageant des clich\u00e9s intimes et saluant sa m\u00e9moire.<\/p>\n<p>Quelques mois apr\u00e8s cette perte, Anne Roumanoff s&rsquo;est livr\u00e9e lors d&rsquo;une interview accord\u00e9e au m\u00e9dia Mesdames, anim\u00e9 par Ma\u00eftena Biraben et Alexandra Crucq. Face \u00e0 une question d&rsquo;Elsa Wolinski concernant ses sentiments, l&rsquo;\u00e9motion a submerg\u00e9 l&rsquo;humoriste. \u00ab\u00a0J&rsquo;ai mon ex-mari qui est mort cet \u00e9t\u00e9, donc c&rsquo;\u00e9tait un gros choc\u2026 Je vais pleurer\u00a0\u00bb, a-t-elle d\u00e9clar\u00e9, les larmes aux yeux. Ce moment de vuln\u00e9rabilit\u00e9 a particuli\u00e8rement touch\u00e9 le public, qui a pu voir une facette plus intime de l&rsquo;artiste.<\/p>\n<h2 id=\"un-hommage-emouvant-et-une-sensibilite-mise-a-nu\">Un Hommage \u00c9mouvant et une Sensibilit\u00e9 Mise \u00e0 Nu<\/h2>\n<p>Durant cette entrevue, Anne Roumanoff a exprim\u00e9 la difficult\u00e9 de faire face au deuil d&rsquo;une personne avec qui on a partag\u00e9 une longue histoire, m\u00eame apr\u00e8s une s\u00e9paration. Elle a soulign\u00e9 que \u00ab\u00a0quand on est veuve, on est veuve de quelqu&rsquo;un avec qui on \u00e9tait\u00a0\u00bb, mettant en lumi\u00e8re la complexit\u00e9 du processus de deuil pour les ex-conjoints. Elle a \u00e9galement \u00e9voqu\u00e9 la nature profond\u00e9ment sensible des humoristes, pour qui l&rsquo;humour peut \u00eatre un \u00ab\u00a0mode de survie\u00a0\u00bb face aux \u00e9preuves de la vie, un moyen de \u00ab\u00a0supporter la vie\u00a0\u00bb en souffrant d&rsquo;abord pour ensuite en rire.<\/p>\n<p>Cet hommage public et sinc\u00e8re a rappel\u00e9 l&rsquo;impact durable que Philippe Vaillant a eu sur sa vie et sa carri\u00e8re, et la douleur d&rsquo;une perte qui d\u00e9passe les simples liens maritaux pour toucher \u00e0 une profonde connexion humaine et familiale.<\/p>\n<h2 id=\"faq-questions-frequemment-posees\">FAQ : Questions Fr\u00e9quemment Pos\u00e9es<\/h2>\n<h3 id=\"qui-etait-philippe-vaillant-lex-mari-danne-roumanoff\">Qui \u00e9tait Philippe Vaillant, l&rsquo;ex-mari d&rsquo;Anne Roumanoff ?<\/h3>\n<p>Philippe Vaillant \u00e9tait un producteur et agent artistique reconnu dans le monde du spectacle fran\u00e7ais. Il a \u00e9t\u00e9 l&rsquo;\u00e9poux d&rsquo;Anne Roumanoff pendant plus de 20 ans et le p\u00e8re de leurs deux filles, Alice et Marie. Il a \u00e9galement produit les spectacles d&rsquo;Anne Roumanoff durant une grande partie de sa carri\u00e8re.<\/p>\n<h3 id=\"quand-philippe-vaillant-est-il-decede\">Quand Philippe Vaillant est-il d\u00e9c\u00e9d\u00e9 ?<\/h3>\n<p>Philippe Vaillant est d\u00e9c\u00e9d\u00e9 le 2 juillet 2025, \u00e0 l&rsquo;\u00e2ge de 70 ans, des suites d&rsquo;une maladie. Anne Roumanoff a annonc\u00e9 son d\u00e9c\u00e8s le 3 juillet 2025.<\/p>\n<h3 id=\"ou-anne-roumanoff-a-t-elle-exprime-son-emotion\">O\u00f9 Anne Roumanoff a-t-elle exprim\u00e9 son \u00e9motion ?<\/h3>\n<p>Anne Roumanoff a exprim\u00e9 son \u00e9motion lors d&rsquo;une interview accord\u00e9e au m\u00e9dia Mesdames, anim\u00e9e par Ma\u00eftena Biraben et Alexandra Crucq, dont des extraits ont \u00e9t\u00e9 diffus\u00e9s fin novembre 2025.<\/p>\n<h2 id=\"conclusion\">Conclusion<\/h2>\n<p>La r\u00e9action \u00e9mue d&rsquo;Anne Roumanoff face \u00e0 la disparition de son ex-mari, Philippe Vaillant, a mis en lumi\u00e8re la force des liens humains qui perdurent, m\u00eame apr\u00e8s la fin d&rsquo;une relation amoureuse. Son t\u00e9moignage, teint\u00e9 de larmes et de sinc\u00e9rit\u00e9, a r\u00e9v\u00e9l\u00e9 une vuln\u00e9rabilit\u00e9 touchante derri\u00e8re la fa\u00e7ade de l&rsquo;humoriste, rappelant que derri\u00e8re chaque figure publique se cache une personne confront\u00e9e aux m\u00eames \u00e9preuves et \u00e9motions que chacun. Cet \u00ab\u00a0\u00e9norme choc\u00a0\u00bb partag\u00e9 publiquement est un poignant rappel de l&rsquo;impact irr\u00e9versible de la perte d&rsquo;un \u00eatre cher, et de la mani\u00e8re dont les souvenirs et l&rsquo;affection continuent de lier les individus, au-del\u00e0 des s\u00e9parations.<\/p>\n<\/div>\n","protected":false},"excerpt":{"rendered":"<p>L&rsquo;humoriste Anne Roumanoff, connue pour son humour mordant et ses observations pertinentes sur la soci\u00e9t\u00e9, a r\u00e9cemment touch\u00e9 le public en partageant une \u00e9motion profonde et inattendue. \u00c9mue aux larmes, elle a \u00e9voqu\u00e9 la disparition de son ex-mari, Philippe Vaillant, d\u00e9c\u00e9d\u00e9 \u00e0 l&rsquo;\u00e2ge de 70 ans, d\u00e9crivant cet \u00e9v\u00e9nement comme \u00ab\u00a0un gros choc\u00a0\u00bb. Cette confession [&hellip;]<\/p>\n","protected":false},"author":4,"featured_media":45597,"comment_status":"open","ping_status":"open","sticky":false,"template":"","format":"standard","meta":{"_yoast_wpseo_title":"\u00c9mue aux larmes, Anne Roumanoff \u00e9voque la disparition de son ex-mari","_yoast_wpseo_metadesc":"","_yoast_wpseo_focuskw":"\u00c9mue"},"categories":[5],"tags":[],"class_list":["post-45598","post","type-post","status-publish","format-standard","has-post-thumbnail","hentry","category-divertissement"],"yoast_head":"<!-- This site is optimized with the Yoast SEO plugin v26.3 - https:\/\/yoast.com\/wordpress\/plugins\/seo\/ -->\n<title>\u00c9mue aux larmes, Anne Roumanoff \u00e9voque la disparition de son ex-mari<\/title>\n<meta name=\"robots\" content=\"index, follow, max-snippet:-1, max-image-preview:large, max-video-preview:-1\" \/>\n<link rel=\"canonical\" href=\"https:\/\/elukelele.com\/fr\/divertissement\/emue-aux-larmes-anne-roumanoff-evoque-la-disparition-de-son-ex-mari\/\" \/>\n<meta property=\"og:locale\" content=\"fr_FR\" \/>\n<meta property=\"og:type\" content=\"article\" \/>\n<meta property=\"og:title\" content=\"\u00c9mue aux larmes, Anne Roumanoff \u00e9voque la disparition de son ex-mari\" \/>\n<meta property=\"og:description\" content=\"L&rsquo;humoriste Anne Roumanoff, connue pour son humour mordant et ses observations pertinentes sur la soci\u00e9t\u00e9, a r\u00e9cemment touch\u00e9 le public en partageant une \u00e9motion profonde et inattendue. \u00c9mue aux larmes, elle a \u00e9voqu\u00e9 la disparition de son ex-mari, Philippe Vaillant, d\u00e9c\u00e9d\u00e9 \u00e0 l&rsquo;\u00e2ge de 70 ans, d\u00e9crivant cet \u00e9v\u00e9nement comme \u00ab\u00a0un gros choc\u00a0\u00bb. Cette confession [&hellip;]\" \/>\n<meta property=\"og:url\" content=\"https:\/\/elukelele.com\/fr\/divertissement\/emue-aux-larmes-anne-roumanoff-evoque-la-disparition-de-son-ex-mari\/\" \/>\n<meta property=\"og:site_name\" content=\"El Ukelele\" \/>\n<meta property=\"article:published_time\" content=\"2025-11-24T05:01:39+00:00\" \/>\n<meta property=\"article:modified_time\" content=\"2025-11-24T05:01:40+00:00\" \/>\n<meta property=\"og:image\" content=\"https:\/\/elukelele.com\/fr\/wp-content\/uploads\/2025\/11\/framed_only-476.png\" \/>\n\t<meta property=\"og:image:width\" content=\"1200\" \/>\n\t<meta property=\"og:image:height\" content=\"628\" \/>\n\t<meta property=\"og:image:type\" content=\"image\/png\" \/>\n<meta name=\"author\" content=\"Daniel Perrin\" \/>\n<meta name=\"twitter:card\" content=\"summary_large_image\" \/>\n<meta name=\"twitter:label1\" content=\"\u00c9crit par\" \/>\n\t<meta name=\"twitter:data1\" content=\"Daniel Perrin\" \/>\n\t<meta name=\"twitter:label2\" content=\"Dur\u00e9e de lecture estim\u00e9e\" \/>\n\t<meta name=\"twitter:data2\" content=\"5 minutes\" \/>\n<script type=\"application\/ld+json\" class=\"yoast-schema-graph\">{\"@context\":\"https:\/\/schema.org\",\"@graph\":[{\"@type\":\"WebPage\",\"@id\":\"https:\/\/elukelele.com\/fr\/divertissement\/emue-aux-larmes-anne-roumanoff-evoque-la-disparition-de-son-ex-mari\/\",\"url\":\"https:\/\/elukelele.com\/fr\/divertissement\/emue-aux-larmes-anne-roumanoff-evoque-la-disparition-de-son-ex-mari\/\",\"name\":\"\u00c9mue aux larmes, Anne Roumanoff \u00e9voque la disparition de son ex-mari\",\"isPartOf\":{\"@id\":\"https:\/\/elukelele.com\/fr\/#website\"},\"primaryImageOfPage\":{\"@id\":\"https:\/\/elukelele.com\/fr\/divertissement\/emue-aux-larmes-anne-roumanoff-evoque-la-disparition-de-son-ex-mari\/#primaryimage\"},\"image\":{\"@id\":\"https:\/\/elukelele.com\/fr\/divertissement\/emue-aux-larmes-anne-roumanoff-evoque-la-disparition-de-son-ex-mari\/#primaryimage\"},\"thumbnailUrl\":\"https:\/\/elukelele.com\/fr\/wp-content\/uploads\/2025\/11\/framed_only-476.png\",\"datePublished\":\"2025-11-24T05:01:39+00:00\",\"dateModified\":\"2025-11-24T05:01:40+00:00\",\"author\":{\"@id\":\"https:\/\/elukelele.com\/fr\/#\/schema\/person\/ccfb3d2be2ec7fa389608eb6da0b38d6\"},\"breadcrumb\":{\"@id\":\"https:\/\/elukelele.com\/fr\/divertissement\/emue-aux-larmes-anne-roumanoff-evoque-la-disparition-de-son-ex-mari\/#breadcrumb\"},\"inLanguage\":\"fr-FR\",\"potentialAction\":[{\"@type\":\"ReadAction\",\"target\":[\"https:\/\/elukelele.com\/fr\/divertissement\/emue-aux-larmes-anne-roumanoff-evoque-la-disparition-de-son-ex-mari\/\"]}]},{\"@type\":\"ImageObject\",\"inLanguage\":\"fr-FR\",\"@id\":\"https:\/\/elukelele.com\/fr\/divertissement\/emue-aux-larmes-anne-roumanoff-evoque-la-disparition-de-son-ex-mari\/#primaryimage\",\"url\":\"https:\/\/elukelele.com\/fr\/wp-content\/uploads\/2025\/11\/framed_only-476.png\",\"contentUrl\":\"https:\/\/elukelele.com\/fr\/wp-content\/uploads\/2025\/11\/framed_only-476.png\",\"width\":1200,\"height\":628,\"caption\":\"\u00c9mue\"},{\"@type\":\"BreadcrumbList\",\"@id\":\"https:\/\/elukelele.com\/fr\/divertissement\/emue-aux-larmes-anne-roumanoff-evoque-la-disparition-de-son-ex-mari\/#breadcrumb\",\"itemListElement\":[{\"@type\":\"ListItem\",\"position\":1,\"name\":\"Home\",\"item\":\"https:\/\/elukelele.com\/fr\/\"},{\"@type\":\"ListItem\",\"position\":2,\"name\":\"\u00c9mue aux larmes, Anne Roumanoff \u00e9voque la disparition de son ex-mari : \u00ab \u00c7a a \u00e9t\u00e9 un gros choc \u00bb\"}]},{\"@type\":\"WebSite\",\"@id\":\"https:\/\/elukelele.com\/fr\/#website\",\"url\":\"https:\/\/elukelele.com\/fr\/\",\"name\":\"El Ukelele\",\"description\":\"Musique au-del\u00e0 de l&#039;indie\",\"potentialAction\":[{\"@type\":\"SearchAction\",\"target\":{\"@type\":\"EntryPoint\",\"urlTemplate\":\"https:\/\/elukelele.com\/fr\/?s={search_term_string}\"},\"query-input\":{\"@type\":\"PropertyValueSpecification\",\"valueRequired\":true,\"valueName\":\"search_term_string\"}}],\"inLanguage\":\"fr-FR\"},{\"@type\":\"Person\",\"@id\":\"https:\/\/elukelele.com\/fr\/#\/schema\/person\/ccfb3d2be2ec7fa389608eb6da0b38d6\",\"name\":\"Daniel Perrin\",\"image\":{\"@type\":\"ImageObject\",\"inLanguage\":\"fr-FR\",\"@id\":\"https:\/\/elukelele.com\/fr\/#\/schema\/person\/image\/\",\"url\":\"https:\/\/secure.gravatar.com\/avatar\/37f9d9ffa29ce5640a0d9c6ca8bbd90afb854014296ecaa0e3a558ac716e6fe4?s=96&d=mm&r=g\",\"contentUrl\":\"https:\/\/secure.gravatar.com\/avatar\/37f9d9ffa29ce5640a0d9c6ca8bbd90afb854014296ecaa0e3a558ac716e6fe4?s=96&d=mm&r=g\",\"caption\":\"Daniel Perrin\"},\"sameAs\":[\"https:\/\/elukelele.com\/fr\"],\"url\":\"https:\/\/elukelele.com\/fr\/author\/daniel-perrin\/\"}]}<\/script>\n<!-- \/ Yoast SEO plugin. -->","yoast_head_json":{"title":"\u00c9mue aux larmes, Anne Roumanoff \u00e9voque la disparition de son ex-mari","robots":{"index":"index","follow":"follow","max-snippet":"max-snippet:-1","max-image-preview":"max-image-preview:large","max-video-preview":"max-video-preview:-1"},"canonical":"https:\/\/elukelele.com\/fr\/divertissement\/emue-aux-larmes-anne-roumanoff-evoque-la-disparition-de-son-ex-mari\/","og_locale":"fr_FR","og_type":"article","og_title":"\u00c9mue aux larmes, Anne Roumanoff \u00e9voque la disparition de son ex-mari","og_description":"L&rsquo;humoriste Anne Roumanoff, connue pour son humour mordant et ses observations pertinentes sur la soci\u00e9t\u00e9, a r\u00e9cemment touch\u00e9 le public en partageant une \u00e9motion profonde et inattendue. \u00c9mue aux larmes, elle a \u00e9voqu\u00e9 la disparition de son ex-mari, Philippe Vaillant, d\u00e9c\u00e9d\u00e9 \u00e0 l&rsquo;\u00e2ge de 70 ans, d\u00e9crivant cet \u00e9v\u00e9nement comme \u00ab\u00a0un gros choc\u00a0\u00bb. Cette confession [&hellip;]","og_url":"https:\/\/elukelele.com\/fr\/divertissement\/emue-aux-larmes-anne-roumanoff-evoque-la-disparition-de-son-ex-mari\/","og_site_name":"El Ukelele","article_published_time":"2025-11-24T05:01:39+00:00","article_modified_time":"2025-11-24T05:01:40+00:00","og_image":[{"width":1200,"height":628,"url":"https:\/\/elukelele.com\/fr\/wp-content\/uploads\/2025\/11\/framed_only-476.png","type":"image\/png"}],"author":"Daniel Perrin","twitter_card":"summary_large_image","twitter_misc":{"\u00c9crit par":"Daniel Perrin","Dur\u00e9e de lecture estim\u00e9e":"5 minutes"},"schema":{"@context":"https:\/\/schema.org","@graph":[{"@type":"WebPage","@id":"https:\/\/elukelele.com\/fr\/divertissement\/emue-aux-larmes-anne-roumanoff-evoque-la-disparition-de-son-ex-mari\/","url":"https:\/\/elukelele.com\/fr\/divertissement\/emue-aux-larmes-anne-roumanoff-evoque-la-disparition-de-son-ex-mari\/","name":"\u00c9mue aux larmes, Anne Roumanoff \u00e9voque la disparition de son ex-mari","isPartOf":{"@id":"https:\/\/elukelele.com\/fr\/#website"},"primaryImageOfPage":{"@id":"https:\/\/elukelele.com\/fr\/divertissement\/emue-aux-larmes-anne-roumanoff-evoque-la-disparition-de-son-ex-mari\/#primaryimage"},"image":{"@id":"https:\/\/elukelele.com\/fr\/divertissement\/emue-aux-larmes-anne-roumanoff-evoque-la-disparition-de-son-ex-mari\/#primaryimage"},"thumbnailUrl":"https:\/\/elukelele.com\/fr\/wp-content\/uploads\/2025\/11\/framed_only-476.png","datePublished":"2025-11-24T05:01:39+00:00","dateModified":"2025-11-24T05:01:40+00:00","author":{"@id":"https:\/\/elukelele.com\/fr\/#\/schema\/person\/ccfb3d2be2ec7fa389608eb6da0b38d6"},"breadcrumb":{"@id":"https:\/\/elukelele.com\/fr\/divertissement\/emue-aux-larmes-anne-roumanoff-evoque-la-disparition-de-son-ex-mari\/#breadcrumb"},"inLanguage":"fr-FR","potentialAction":[{"@type":"ReadAction","target":["https:\/\/elukelele.com\/fr\/divertissement\/emue-aux-larmes-anne-roumanoff-evoque-la-disparition-de-son-ex-mari\/"]}]},{"@type":"ImageObject","inLanguage":"fr-FR","@id":"https:\/\/elukelele.com\/fr\/divertissement\/emue-aux-larmes-anne-roumanoff-evoque-la-disparition-de-son-ex-mari\/#primaryimage","url":"https:\/\/elukelele.com\/fr\/wp-content\/uploads\/2025\/11\/framed_only-476.png","contentUrl":"https:\/\/elukelele.com\/fr\/wp-content\/uploads\/2025\/11\/framed_only-476.png","width":1200,"height":628,"caption":"\u00c9mue"},{"@type":"BreadcrumbList","@id":"https:\/\/elukelele.com\/fr\/divertissement\/emue-aux-larmes-anne-roumanoff-evoque-la-disparition-de-son-ex-mari\/#breadcrumb","itemListElement":[{"@type":"ListItem","position":1,"name":"Home","item":"https:\/\/elukelele.com\/fr\/"},{"@type":"ListItem","position":2,"name":"\u00c9mue aux larmes, Anne Roumanoff \u00e9voque la disparition de son ex-mari : \u00ab \u00c7a a \u00e9t\u00e9 un gros choc \u00bb"}]},{"@type":"WebSite","@id":"https:\/\/elukelele.com\/fr\/#website","url":"https:\/\/elukelele.com\/fr\/","name":"El Ukelele","description":"Musique au-del\u00e0 de l&#039;indie","potentialAction":[{"@type":"SearchAction","target":{"@type":"EntryPoint","urlTemplate":"https:\/\/elukelele.com\/fr\/?s={search_term_string}"},"query-input":{"@type":"PropertyValueSpecification","valueRequired":true,"valueName":"search_term_string"}}],"inLanguage":"fr-FR"},{"@type":"Person","@id":"https:\/\/elukelele.com\/fr\/#\/schema\/person\/ccfb3d2be2ec7fa389608eb6da0b38d6","name":"Daniel Perrin","image":{"@type":"ImageObject","inLanguage":"fr-FR","@id":"https:\/\/elukelele.com\/fr\/#\/schema\/person\/image\/","url":"https:\/\/secure.gravatar.com\/avatar\/37f9d9ffa29ce5640a0d9c6ca8bbd90afb854014296ecaa0e3a558ac716e6fe4?s=96&d=mm&r=g","contentUrl":"https:\/\/secure.gravatar.com\/avatar\/37f9d9ffa29ce5640a0d9c6ca8bbd90afb854014296ecaa0e3a558ac716e6fe4?s=96&d=mm&r=g","caption":"Daniel Perrin"},"sameAs":["https:\/\/elukelele.com\/fr"],"url":"https:\/\/elukelele.com\/fr\/author\/daniel-perrin\/"}]}},"_links":{"self":[{"href":"https:\/\/elukelele.com\/fr\/wp-json\/wp\/v2\/posts\/45598","targetHints":{"allow":["GET"]}}],"collection":[{"href":"https:\/\/elukelele.com\/fr\/wp-json\/wp\/v2\/posts"}],"about":[{"href":"https:\/\/elukelele.com\/fr\/wp-json\/wp\/v2\/types\/post"}],"author":[{"embeddable":true,"href":"https:\/\/elukelele.com\/fr\/wp-json\/wp\/v2\/users\/4"}],"replies":[{"embeddable":true,"href":"https:\/\/elukelele.com\/fr\/wp-json\/wp\/v2\/comments?post=45598"}],"version-history":[{"count":1,"href":"https:\/\/elukelele.com\/fr\/wp-json\/wp\/v2\/posts\/45598\/revisions"}],"predecessor-version":[{"id":45610,"href":"https:\/\/elukelele.com\/fr\/wp-json\/wp\/v2\/posts\/45598\/revisions\/45610"}],"wp:featuredmedia":[{"embeddable":true,"href":"https:\/\/elukelele.com\/fr\/wp-json\/wp\/v2\/media\/45597"}],"wp:attachment":[{"href":"https:\/\/elukelele.com\/fr\/wp-json\/wp\/v2\/media?parent=45598"}],"wp:term":[{"taxonomy":"category","embeddable":true,"href":"https:\/\/elukelele.com\/fr\/wp-json\/wp\/v2\/categories?post=45598"},{"taxonomy":"post_tag","embeddable":true,"href":"https:\/\/elukelele.com\/fr\/wp-json\/wp\/v2\/tags?post=45598"}],"curies":[{"name":"wp","href":"https:\/\/api.w.org\/{rel}","templated":true}]}}