{"id":45594,"date":"2025-11-24T05:03:15","date_gmt":"2025-11-24T05:03:15","guid":{"rendered":"https:\/\/elukelele.com\/fr\/?p=45594"},"modified":"2025-11-24T05:03:16","modified_gmt":"2025-11-24T05:03:16","slug":"le-chanteur-du-groupe-tragedie-remporte-son-proces-contre-letat","status":"publish","type":"post","link":"https:\/\/elukelele.com\/fr\/divertissement\/le-chanteur-du-groupe-tragedie-remporte-son-proces-contre-letat\/","title":{"rendered":"Le chanteur du groupe Trag\u00e9die remporte son proc\u00e8s contre l\u2019Etat"},"content":{"rendered":"<p>Apr\u00e8s une d\u00e9cennie de batailles juridiques, Az, le chanteur embl\u00e9matique du groupe Trag\u00e9die, vient de remporter une victoire significative contre l&rsquo;\u00c9tat fran\u00e7ais. L&rsquo;affaire, qui a d\u00e9but\u00e9 suite \u00e0 son licenciement de la SNCF pour avoir particip\u00e9 \u00e0 l&rsquo;\u00e9mission \u00ab\u00a0Touche pas \u00e0 mon poste\u00a0\u00bb (TPMP) alors qu&rsquo;il \u00e9tait en arr\u00eat maladie, a connu un d\u00e9nouement inattendu, offrant au chanteur une reconnaissance de ce qu&rsquo;il consid\u00e9rait comme un \u00ab\u00a0d\u00e9ni de justice\u00a0\u00bb.<\/p>\n<h2 id=\"az-et-la-sncf-genese-d-un-litige-pour-participation-a-tpmp\">Az et la SNCF : Gen\u00e8se d&rsquo;un Litige pour Participation \u00e0 TPMP<\/h2>\n<p>En juin 2017, Hazdine Souiri, plus connu sous son nom d&rsquo;artiste Az, membre du groupe Trag\u00e9die, s&rsquo;\u00e9tait rendu sur le plateau de C8, dans l&rsquo;\u00e9mission populaire \u00ab\u00a0Touche pas \u00e0 mon poste\u00a0\u00bb, pour y promouvoir un nouveau titre. \u00c0 cette \u00e9poque, le chanteur \u00e9tait \u00e9galement employ\u00e9 comme contr\u00f4leur \u00e0 la SNCF. La controverse a \u00e9clat\u00e9 lorsque son employeur a d\u00e9couvert que cette apparition t\u00e9l\u00e9vis\u00e9e avait eu lieu durant une p\u00e9riode o\u00f9 Az \u00e9tait officiellement en arr\u00eat maladie.<\/p>\n<p>La direction de la SNCF n&rsquo;a pas tard\u00e9 \u00e0 r\u00e9agir. Outre son passage \u00e0 TPMP, l&rsquo;entreprise aurait \u00e9galement not\u00e9 que plusieurs dates de concerts donn\u00e9s par le groupe Trag\u00e9die co\u00efncidaient avec des p\u00e9riodes d&rsquo;absence pour maladie. Consid\u00e9rant ces faits comme une faute grave, la SNCF a proc\u00e9d\u00e9 au licenciement de Hazdine Souiri.<\/p>\n<h2 id=\"la-bataille-judiciaire-contre-la-sncf-et-les-premiers-revers\">La Bataille Judiciaire Contre la SNCF et les Premiers Revers<\/h2>\n<p>Estimant son licenciement abusif, Az a d\u00e9cid\u00e9 d&rsquo;attaquer son ancien employeur en justice. Le parcours judiciaire s&rsquo;est av\u00e9r\u00e9 long et difficile pour le chanteur. En premi\u00e8re instance, puis en appel, la justice a donn\u00e9 raison \u00e0 la SNCF. La cour d&rsquo;appel de Lyon a notamment confirm\u00e9 la validit\u00e9 du licenciement pour faute grave, s&rsquo;appuyant sur des \u00e9l\u00e9ments tels que des concerts effectu\u00e9s \u00e0 Madagascar, en Suisse et en Belgique alors qu&rsquo;Az \u00e9tait en arr\u00eat maladie.<\/p>\n<p>Ces d\u00e9cisions successives ont constitu\u00e9 un coup dur pour Az, qui voyait ses recours contre son licenciement s&rsquo;\u00e9puiser. Cependant, loin de jeter l&rsquo;\u00e9ponge, le chanteur a choisi d&#8217;emprunter une nouvelle voie juridique.<\/p>\n<h2 id=\"la-reconnaissance-du-deni-de-justice-une-victoire-contre-l-etat\">La Reconnaissance du D\u00e9ni de Justice : Une Victoire Contre l&rsquo;\u00c9tat<\/h2>\n<p>Apr\u00e8s avoir perdu ses proc\u00e8s contre la SNCF, Az a port\u00e9 son combat \u00e0 un niveau sup\u00e9rieur en attaquant directement l&rsquo;\u00c9tat fran\u00e7ais. Sa d\u00e9marche reposait sur une accusation de \u00ab\u00a0d\u00e9ni de justice\u00a0\u00bb, invoquant une lenteur proc\u00e9durale qu&rsquo;il jugeait pr\u00e9judiciable.<\/p>\n<p>Cette strat\u00e9gie s&rsquo;est av\u00e9r\u00e9e payante. R\u00e9cemment, le tribunal judiciaire de Lyon a donn\u00e9 raison \u00e0 Az. Cette d\u00e9cision marque une victoire symbolique pour le chanteur, l&rsquo;\u00c9tat \u00e9tant condamn\u00e9 \u00e0 lui verser 1800 euros d&rsquo;indemnit\u00e9s. Bien que cette somme puisse para\u00eetre modeste au regard des huit ann\u00e9es de proc\u00e9dure engag\u00e9es, elle repr\u00e9sente une reconnaissance officielle de la lenteur administrative et de ses cons\u00e9quences sur le justiciable.<\/p>\n<h2 id=\"faq-questions-frequentes\">FAQ : Questions Fr\u00e9quentes<\/h2>\n<h3 id=\"qui-est-az-du-groupe-tragedie\">Qui est Az du groupe Trag\u00e9die ?<\/h3>\n<p>Az, de son vrai nom Hazdine Souiri, est un membre du groupe de R&amp;B fran\u00e7ais Trag\u00e9die, connu notamment pour leurs tubes au d\u00e9but des ann\u00e9es 2000.<\/p>\n<h3 id=\"pourquoi-az-a-t-il-ete-licencie-de-la-sncf\">Pourquoi Az a-t-il \u00e9t\u00e9 licenci\u00e9 de la SNCF ?<\/h3>\n<p>Az a \u00e9t\u00e9 licenci\u00e9 de la SNCF pour faute grave apr\u00e8s avoir particip\u00e9 \u00e0 l&rsquo;\u00e9mission \u00ab\u00a0Touche pas \u00e0 mon poste\u00a0\u00bb et donn\u00e9 des concerts alors qu&rsquo;il \u00e9tait en arr\u00eat maladie et employ\u00e9 comme contr\u00f4leur.<\/p>\n<h3 id=\"qu-est-ce-qu-un-deni-de-justice\">Qu&rsquo;est-ce qu&rsquo;un \u00ab\u00a0d\u00e9ni de justice\u00a0\u00bb ?<\/h3>\n<p>En droit fran\u00e7ais, le d\u00e9ni de justice se caract\u00e9rise par le fait, pour un magistrat, de refuser de juger sous pr\u00e9texte du silence, de l&rsquo;obscurit\u00e9 ou de l&rsquo;insuffisance de la loi. Dans le cas d&rsquo;Az, il s&rsquo;agit plus sp\u00e9cifiquement d&rsquo;une reconnaissance de la lenteur excessive de la proc\u00e9dure judiciaire ayant entra\u00een\u00e9 un pr\u00e9judice.<\/p>\n<h3 id=\"quel-est-le-montant-des-indemnites-versees-a-az\">Quel est le montant des indemnit\u00e9s vers\u00e9es \u00e0 Az ?<\/h3>\n<p>Le tribunal judiciaire de Lyon a condamn\u00e9 l&rsquo;\u00c9tat \u00e0 verser 1800 euros d&rsquo;indemnit\u00e9s \u00e0 Az suite \u00e0 sa victoire pour \u00ab\u00a0d\u00e9ni de justice\u00a0\u00bb.<\/p>\n<h2 id=\"conclusion\">Conclusion<\/h2>\n<p>La victoire d&rsquo;Az contre l&rsquo;\u00c9tat fran\u00e7ais, bien que n&rsquo;annulant pas son licenciement initial de la SNCF, souligne l&rsquo;importance du droit \u00e0 une justice rendue dans des d\u00e9lais raisonnables. Ce jugement met en lumi\u00e8re les d\u00e9fis auxquels peuvent \u00eatre confront\u00e9s les citoyens face \u00e0 la complexit\u00e9 et la lenteur du syst\u00e8me judiciaire, offrant une forme de r\u00e9paration pour un parcours sem\u00e9 d&#8217;emb\u00fbches. Pour le chanteur de Trag\u00e9die, cette d\u00e9cision repr\u00e9sente la fin d&rsquo;un long chapitre, marqu\u00e9 par la pers\u00e9v\u00e9rance et la qu\u00eate de reconnaissance de ses droits.<\/p>\n","protected":false},"excerpt":{"rendered":"<p>Apr\u00e8s une d\u00e9cennie de batailles juridiques, Az, le chanteur embl\u00e9matique du groupe Trag\u00e9die, vient de remporter une victoire significative contre l&rsquo;\u00c9tat fran\u00e7ais. L&rsquo;affaire, qui a d\u00e9but\u00e9 suite \u00e0 son licenciement de la SNCF pour avoir particip\u00e9 \u00e0 l&rsquo;\u00e9mission \u00ab\u00a0Touche pas \u00e0 mon poste\u00a0\u00bb (TPMP) alors qu&rsquo;il \u00e9tait en arr\u00eat maladie, a connu un d\u00e9nouement inattendu, [&hellip;]<\/p>\n","protected":false},"author":4,"featured_media":45593,"comment_status":"open","ping_status":"open","sticky":false,"template":"","format":"standard","meta":{"_yoast_wpseo_title":"Le chanteur du groupe Trag\u00e9die remporte son proc\u00e8s contre l\u2019Etat","_yoast_wpseo_metadesc":"","_yoast_wpseo_focuskw":"chanteur"},"categories":[5],"tags":[],"class_list":["post-45594","post","type-post","status-publish","format-standard","has-post-thumbnail","hentry","category-divertissement"],"yoast_head":"<!-- This site is optimized with the Yoast SEO plugin v26.3 - https:\/\/yoast.com\/wordpress\/plugins\/seo\/ -->\n<title>Le chanteur du groupe Trag\u00e9die remporte son proc\u00e8s contre l\u2019Etat<\/title>\n<meta name=\"robots\" content=\"index, follow, max-snippet:-1, max-image-preview:large, max-video-preview:-1\" \/>\n<link rel=\"canonical\" href=\"https:\/\/elukelele.com\/fr\/divertissement\/le-chanteur-du-groupe-tragedie-remporte-son-proces-contre-letat\/\" \/>\n<meta property=\"og:locale\" content=\"fr_FR\" \/>\n<meta property=\"og:type\" content=\"article\" \/>\n<meta property=\"og:title\" content=\"Le chanteur du groupe Trag\u00e9die remporte son proc\u00e8s contre l\u2019Etat\" \/>\n<meta property=\"og:description\" content=\"Apr\u00e8s une d\u00e9cennie de batailles juridiques, Az, le chanteur embl\u00e9matique du groupe Trag\u00e9die, vient de remporter une victoire significative contre l&rsquo;\u00c9tat fran\u00e7ais. L&rsquo;affaire, qui a d\u00e9but\u00e9 suite \u00e0 son licenciement de la SNCF pour avoir particip\u00e9 \u00e0 l&rsquo;\u00e9mission \u00ab\u00a0Touche pas \u00e0 mon poste\u00a0\u00bb (TPMP) alors qu&rsquo;il \u00e9tait en arr\u00eat maladie, a connu un d\u00e9nouement inattendu, [&hellip;]\" \/>\n<meta property=\"og:url\" content=\"https:\/\/elukelele.com\/fr\/divertissement\/le-chanteur-du-groupe-tragedie-remporte-son-proces-contre-letat\/\" \/>\n<meta property=\"og:site_name\" content=\"El Ukelele\" \/>\n<meta property=\"article:published_time\" content=\"2025-11-24T05:03:15+00:00\" \/>\n<meta property=\"article:modified_time\" content=\"2025-11-24T05:03:16+00:00\" \/>\n<meta property=\"og:image\" content=\"https:\/\/elukelele.com\/fr\/wp-content\/uploads\/2025\/11\/framed_only-474.png\" \/>\n\t<meta property=\"og:image:width\" content=\"1200\" \/>\n\t<meta property=\"og:image:height\" content=\"628\" \/>\n\t<meta property=\"og:image:type\" content=\"image\/png\" \/>\n<meta name=\"author\" content=\"Daniel Perrin\" \/>\n<meta name=\"twitter:card\" content=\"summary_large_image\" \/>\n<meta name=\"twitter:label1\" content=\"\u00c9crit par\" \/>\n\t<meta name=\"twitter:data1\" content=\"Daniel Perrin\" \/>\n\t<meta name=\"twitter:label2\" content=\"Dur\u00e9e de lecture estim\u00e9e\" \/>\n\t<meta name=\"twitter:data2\" content=\"4 minutes\" \/>\n<script type=\"application\/ld+json\" class=\"yoast-schema-graph\">{\"@context\":\"https:\/\/schema.org\",\"@graph\":[{\"@type\":\"WebPage\",\"@id\":\"https:\/\/elukelele.com\/fr\/divertissement\/le-chanteur-du-groupe-tragedie-remporte-son-proces-contre-letat\/\",\"url\":\"https:\/\/elukelele.com\/fr\/divertissement\/le-chanteur-du-groupe-tragedie-remporte-son-proces-contre-letat\/\",\"name\":\"Le chanteur du groupe Trag\u00e9die remporte son proc\u00e8s contre l\u2019Etat\",\"isPartOf\":{\"@id\":\"https:\/\/elukelele.com\/fr\/#website\"},\"primaryImageOfPage\":{\"@id\":\"https:\/\/elukelele.com\/fr\/divertissement\/le-chanteur-du-groupe-tragedie-remporte-son-proces-contre-letat\/#primaryimage\"},\"image\":{\"@id\":\"https:\/\/elukelele.com\/fr\/divertissement\/le-chanteur-du-groupe-tragedie-remporte-son-proces-contre-letat\/#primaryimage\"},\"thumbnailUrl\":\"https:\/\/elukelele.com\/fr\/wp-content\/uploads\/2025\/11\/framed_only-474.png\",\"datePublished\":\"2025-11-24T05:03:15+00:00\",\"dateModified\":\"2025-11-24T05:03:16+00:00\",\"author\":{\"@id\":\"https:\/\/elukelele.com\/fr\/#\/schema\/person\/ccfb3d2be2ec7fa389608eb6da0b38d6\"},\"breadcrumb\":{\"@id\":\"https:\/\/elukelele.com\/fr\/divertissement\/le-chanteur-du-groupe-tragedie-remporte-son-proces-contre-letat\/#breadcrumb\"},\"inLanguage\":\"fr-FR\",\"potentialAction\":[{\"@type\":\"ReadAction\",\"target\":[\"https:\/\/elukelele.com\/fr\/divertissement\/le-chanteur-du-groupe-tragedie-remporte-son-proces-contre-letat\/\"]}]},{\"@type\":\"ImageObject\",\"inLanguage\":\"fr-FR\",\"@id\":\"https:\/\/elukelele.com\/fr\/divertissement\/le-chanteur-du-groupe-tragedie-remporte-son-proces-contre-letat\/#primaryimage\",\"url\":\"https:\/\/elukelele.com\/fr\/wp-content\/uploads\/2025\/11\/framed_only-474.png\",\"contentUrl\":\"https:\/\/elukelele.com\/fr\/wp-content\/uploads\/2025\/11\/framed_only-474.png\",\"width\":1200,\"height\":628,\"caption\":\"chanteur\"},{\"@type\":\"BreadcrumbList\",\"@id\":\"https:\/\/elukelele.com\/fr\/divertissement\/le-chanteur-du-groupe-tragedie-remporte-son-proces-contre-letat\/#breadcrumb\",\"itemListElement\":[{\"@type\":\"ListItem\",\"position\":1,\"name\":\"Home\",\"item\":\"https:\/\/elukelele.com\/fr\/\"},{\"@type\":\"ListItem\",\"position\":2,\"name\":\"Le chanteur du groupe Trag\u00e9die remporte son proc\u00e8s contre l\u2019Etat\"}]},{\"@type\":\"WebSite\",\"@id\":\"https:\/\/elukelele.com\/fr\/#website\",\"url\":\"https:\/\/elukelele.com\/fr\/\",\"name\":\"El Ukelele\",\"description\":\"Musique au-del\u00e0 de l&#039;indie\",\"potentialAction\":[{\"@type\":\"SearchAction\",\"target\":{\"@type\":\"EntryPoint\",\"urlTemplate\":\"https:\/\/elukelele.com\/fr\/?s={search_term_string}\"},\"query-input\":{\"@type\":\"PropertyValueSpecification\",\"valueRequired\":true,\"valueName\":\"search_term_string\"}}],\"inLanguage\":\"fr-FR\"},{\"@type\":\"Person\",\"@id\":\"https:\/\/elukelele.com\/fr\/#\/schema\/person\/ccfb3d2be2ec7fa389608eb6da0b38d6\",\"name\":\"Daniel Perrin\",\"image\":{\"@type\":\"ImageObject\",\"inLanguage\":\"fr-FR\",\"@id\":\"https:\/\/elukelele.com\/fr\/#\/schema\/person\/image\/\",\"url\":\"https:\/\/secure.gravatar.com\/avatar\/37f9d9ffa29ce5640a0d9c6ca8bbd90afb854014296ecaa0e3a558ac716e6fe4?s=96&d=mm&r=g\",\"contentUrl\":\"https:\/\/secure.gravatar.com\/avatar\/37f9d9ffa29ce5640a0d9c6ca8bbd90afb854014296ecaa0e3a558ac716e6fe4?s=96&d=mm&r=g\",\"caption\":\"Daniel Perrin\"},\"sameAs\":[\"https:\/\/elukelele.com\/fr\"],\"url\":\"https:\/\/elukelele.com\/fr\/author\/daniel-perrin\/\"}]}<\/script>\n<!-- \/ Yoast SEO plugin. -->","yoast_head_json":{"title":"Le chanteur du groupe Trag\u00e9die remporte son proc\u00e8s contre l\u2019Etat","robots":{"index":"index","follow":"follow","max-snippet":"max-snippet:-1","max-image-preview":"max-image-preview:large","max-video-preview":"max-video-preview:-1"},"canonical":"https:\/\/elukelele.com\/fr\/divertissement\/le-chanteur-du-groupe-tragedie-remporte-son-proces-contre-letat\/","og_locale":"fr_FR","og_type":"article","og_title":"Le chanteur du groupe Trag\u00e9die remporte son proc\u00e8s contre l\u2019Etat","og_description":"Apr\u00e8s une d\u00e9cennie de batailles juridiques, Az, le chanteur embl\u00e9matique du groupe Trag\u00e9die, vient de remporter une victoire significative contre l&rsquo;\u00c9tat fran\u00e7ais. L&rsquo;affaire, qui a d\u00e9but\u00e9 suite \u00e0 son licenciement de la SNCF pour avoir particip\u00e9 \u00e0 l&rsquo;\u00e9mission \u00ab\u00a0Touche pas \u00e0 mon poste\u00a0\u00bb (TPMP) alors qu&rsquo;il \u00e9tait en arr\u00eat maladie, a connu un d\u00e9nouement inattendu, [&hellip;]","og_url":"https:\/\/elukelele.com\/fr\/divertissement\/le-chanteur-du-groupe-tragedie-remporte-son-proces-contre-letat\/","og_site_name":"El Ukelele","article_published_time":"2025-11-24T05:03:15+00:00","article_modified_time":"2025-11-24T05:03:16+00:00","og_image":[{"width":1200,"height":628,"url":"https:\/\/elukelele.com\/fr\/wp-content\/uploads\/2025\/11\/framed_only-474.png","type":"image\/png"}],"author":"Daniel Perrin","twitter_card":"summary_large_image","twitter_misc":{"\u00c9crit par":"Daniel Perrin","Dur\u00e9e de lecture estim\u00e9e":"4 minutes"},"schema":{"@context":"https:\/\/schema.org","@graph":[{"@type":"WebPage","@id":"https:\/\/elukelele.com\/fr\/divertissement\/le-chanteur-du-groupe-tragedie-remporte-son-proces-contre-letat\/","url":"https:\/\/elukelele.com\/fr\/divertissement\/le-chanteur-du-groupe-tragedie-remporte-son-proces-contre-letat\/","name":"Le chanteur du groupe Trag\u00e9die remporte son proc\u00e8s contre l\u2019Etat","isPartOf":{"@id":"https:\/\/elukelele.com\/fr\/#website"},"primaryImageOfPage":{"@id":"https:\/\/elukelele.com\/fr\/divertissement\/le-chanteur-du-groupe-tragedie-remporte-son-proces-contre-letat\/#primaryimage"},"image":{"@id":"https:\/\/elukelele.com\/fr\/divertissement\/le-chanteur-du-groupe-tragedie-remporte-son-proces-contre-letat\/#primaryimage"},"thumbnailUrl":"https:\/\/elukelele.com\/fr\/wp-content\/uploads\/2025\/11\/framed_only-474.png","datePublished":"2025-11-24T05:03:15+00:00","dateModified":"2025-11-24T05:03:16+00:00","author":{"@id":"https:\/\/elukelele.com\/fr\/#\/schema\/person\/ccfb3d2be2ec7fa389608eb6da0b38d6"},"breadcrumb":{"@id":"https:\/\/elukelele.com\/fr\/divertissement\/le-chanteur-du-groupe-tragedie-remporte-son-proces-contre-letat\/#breadcrumb"},"inLanguage":"fr-FR","potentialAction":[{"@type":"ReadAction","target":["https:\/\/elukelele.com\/fr\/divertissement\/le-chanteur-du-groupe-tragedie-remporte-son-proces-contre-letat\/"]}]},{"@type":"ImageObject","inLanguage":"fr-FR","@id":"https:\/\/elukelele.com\/fr\/divertissement\/le-chanteur-du-groupe-tragedie-remporte-son-proces-contre-letat\/#primaryimage","url":"https:\/\/elukelele.com\/fr\/wp-content\/uploads\/2025\/11\/framed_only-474.png","contentUrl":"https:\/\/elukelele.com\/fr\/wp-content\/uploads\/2025\/11\/framed_only-474.png","width":1200,"height":628,"caption":"chanteur"},{"@type":"BreadcrumbList","@id":"https:\/\/elukelele.com\/fr\/divertissement\/le-chanteur-du-groupe-tragedie-remporte-son-proces-contre-letat\/#breadcrumb","itemListElement":[{"@type":"ListItem","position":1,"name":"Home","item":"https:\/\/elukelele.com\/fr\/"},{"@type":"ListItem","position":2,"name":"Le chanteur du groupe Trag\u00e9die remporte son proc\u00e8s contre l\u2019Etat"}]},{"@type":"WebSite","@id":"https:\/\/elukelele.com\/fr\/#website","url":"https:\/\/elukelele.com\/fr\/","name":"El Ukelele","description":"Musique au-del\u00e0 de l&#039;indie","potentialAction":[{"@type":"SearchAction","target":{"@type":"EntryPoint","urlTemplate":"https:\/\/elukelele.com\/fr\/?s={search_term_string}"},"query-input":{"@type":"PropertyValueSpecification","valueRequired":true,"valueName":"search_term_string"}}],"inLanguage":"fr-FR"},{"@type":"Person","@id":"https:\/\/elukelele.com\/fr\/#\/schema\/person\/ccfb3d2be2ec7fa389608eb6da0b38d6","name":"Daniel Perrin","image":{"@type":"ImageObject","inLanguage":"fr-FR","@id":"https:\/\/elukelele.com\/fr\/#\/schema\/person\/image\/","url":"https:\/\/secure.gravatar.com\/avatar\/37f9d9ffa29ce5640a0d9c6ca8bbd90afb854014296ecaa0e3a558ac716e6fe4?s=96&d=mm&r=g","contentUrl":"https:\/\/secure.gravatar.com\/avatar\/37f9d9ffa29ce5640a0d9c6ca8bbd90afb854014296ecaa0e3a558ac716e6fe4?s=96&d=mm&r=g","caption":"Daniel Perrin"},"sameAs":["https:\/\/elukelele.com\/fr"],"url":"https:\/\/elukelele.com\/fr\/author\/daniel-perrin\/"}]}},"_links":{"self":[{"href":"https:\/\/elukelele.com\/fr\/wp-json\/wp\/v2\/posts\/45594","targetHints":{"allow":["GET"]}}],"collection":[{"href":"https:\/\/elukelele.com\/fr\/wp-json\/wp\/v2\/posts"}],"about":[{"href":"https:\/\/elukelele.com\/fr\/wp-json\/wp\/v2\/types\/post"}],"author":[{"embeddable":true,"href":"https:\/\/elukelele.com\/fr\/wp-json\/wp\/v2\/users\/4"}],"replies":[{"embeddable":true,"href":"https:\/\/elukelele.com\/fr\/wp-json\/wp\/v2\/comments?post=45594"}],"version-history":[{"count":1,"href":"https:\/\/elukelele.com\/fr\/wp-json\/wp\/v2\/posts\/45594\/revisions"}],"predecessor-version":[{"id":45611,"href":"https:\/\/elukelele.com\/fr\/wp-json\/wp\/v2\/posts\/45594\/revisions\/45611"}],"wp:featuredmedia":[{"embeddable":true,"href":"https:\/\/elukelele.com\/fr\/wp-json\/wp\/v2\/media\/45593"}],"wp:attachment":[{"href":"https:\/\/elukelele.com\/fr\/wp-json\/wp\/v2\/media?parent=45594"}],"wp:term":[{"taxonomy":"category","embeddable":true,"href":"https:\/\/elukelele.com\/fr\/wp-json\/wp\/v2\/categories?post=45594"},{"taxonomy":"post_tag","embeddable":true,"href":"https:\/\/elukelele.com\/fr\/wp-json\/wp\/v2\/tags?post=45594"}],"curies":[{"name":"wp","href":"https:\/\/api.w.org\/{rel}","templated":true}]}}