{"id":45592,"date":"2025-11-24T05:05:22","date_gmt":"2025-11-24T05:05:22","guid":{"rendered":"https:\/\/elukelele.com\/fr\/?p=45592"},"modified":"2025-11-24T05:05:23","modified_gmt":"2025-11-24T05:05:23","slug":"kate-middleton-cette-mise-au-point-sur-ses-cheveux-plus-clairs","status":"publish","type":"post","link":"https:\/\/elukelele.com\/fr\/divertissement\/kate-middleton-cette-mise-au-point-sur-ses-cheveux-plus-clairs\/","title":{"rendered":"Kate Middleton : cette mise au point sur ses cheveux \u00ab\u00a0plus clairs\u00a0\u00bb"},"content":{"rendered":"<p>Chacune des apparitions publiques de Kate Middleton, la princesse de Galles, est scrut\u00e9e avec une attention particuli\u00e8re, et sa r\u00e9cente sortie au Royal Variety Performance n&rsquo;a pas fait exception. En plus de son \u00e9l\u00e9gance habituelle et des confidences \u00e9mouvantes qu&rsquo;elle a partag\u00e9es, c&rsquo;est sa chevelure, visiblement \u00ab plus claire \u00bb, qui a particuli\u00e8rement retenu l&rsquo;attention et suscit\u00e9 de nombreuses discussions.<\/p>\n<h2>Un Retour Attendue et Rempli d&rsquo;\u00c9motion<\/h2>\n<p>Le 19 novembre 2025, la princesse de Galles a brill\u00e9 au Royal Albert Hall lors du prestigieux Royal Variety Performance. \u00c2g\u00e9e de 43 ans, Kate Middleton, en r\u00e9mission de son cancer, est apparue resplendissante dans une robe vert \u00e9meraude sign\u00e9e Talbot Runhof, captivant l&rsquo;assembl\u00e9e aux c\u00f4t\u00e9s du prince William. Cet \u00e9v\u00e9nement marquait une de ses rares sorties publiques, privil\u00e9giant d\u00e9sormais son bien-\u00eatre et sa convalescence.<\/p>\n<p>Au cours de la soir\u00e9e, la princesse a eu un \u00e9change touchant avec la chanteuse Jessie J, elle-m\u00eame confront\u00e9e \u00e0 un cancer du sein. L&rsquo;artiste aurait confi\u00e9 \u00e0 Kate : \u00ab Je viens d&rsquo;avoir un cancer du sein. Je voulais juste te prendre dans mes bras. Le cancer remet vraiment les choses en perspective \u00bb. Ces mots r\u00e9sonnent avec le parcours personnel de la princesse, qui maintient une approche prudente concernant sa sant\u00e9. Le prince William a d&rsquo;ailleurs multipli\u00e9 ses obligations royales ces derni\u00e8res semaines, assurant la repr\u00e9sentation de la monarchie en soutien \u00e0 son \u00e9pouse et \u00e0 son p\u00e8re, le roi Charles III, \u00e9galement en traitement pour un cancer.<\/p>\n<h2>Les Cheveux \u00ab Plus Clairs \u00bb de Kate Middleton : Une Observation Remarqu\u00e9e<\/h2>\n<p>Au-del\u00e0 de l&rsquo;\u00e9clat de sa robe et de la dignit\u00e9 de son retour, un d\u00e9tail capillaire a attir\u00e9 tous les regards : la couleur de ses cheveux. Observateurs et m\u00e9dias, notamment le \u00ab Daily Mail \u00bb, ont soulign\u00e9 un \u00e9claircissement notable de sa chevelure habituelle. Ce changement subtil vers des nuances \u00ab plus claires \u00bb a rapidement fait le tour de la presse et des r\u00e9seaux sociaux, devenant un sujet de conversation \u00e0 part enti\u00e8re.<\/p>\n<p>Pour une figure publique telle que la princesse de Galles, chaque aspect de son apparence est analys\u00e9. Un changement de coiffure ou de couleur de cheveux n&rsquo;est jamais anodin et peut \u00eatre interpr\u00e9t\u00e9 de diverses mani\u00e8res. Que ce soit un choix d\u00e9lib\u00e9r\u00e9 pour rafra\u00eechir son look, un effet de la lumi\u00e8re, ou m\u00eame un signe d&rsquo;une \u00e9volution de son style personnel, cette teinte plus lumineuse a indiscutablement ajout\u00e9 une touche de nouveaut\u00e9 \u00e0 son image, renfor\u00e7ant l&rsquo;int\u00e9r\u00eat constant du public pour son \u00e9l\u00e9gance et son \u00e9volution.<\/p>\n<h2>Conclusion<\/h2>\n<p>L&rsquo;apparition de Kate Middleton au Royal Variety Performance a \u00e9t\u00e9 un moment fort, marquant son retour sous les feux des projecteurs avec une \u00e9l\u00e9gance et une force renouvel\u00e9es. Si son \u00e9tat de sant\u00e9 et son courage face \u00e0 la maladie restent au c\u0153ur des pr\u00e9occupations, son choix de cheveux \u00ab plus clairs \u00bb t\u00e9moigne de l&rsquo;attention que le public porte aux moindres d\u00e9tails de son image. Cette l\u00e9g\u00e8re transformation capillaire s&rsquo;inscrit dans la continuit\u00e9 de son influence en mati\u00e8re de style, prouvant une fois de plus que la princesse de Galles, par ses apparitions, continue de captiver l&rsquo;imagination et l&rsquo;admiration du monde entier.<\/p>\n","protected":false},"excerpt":{"rendered":"<p>Chacune des apparitions publiques de Kate Middleton, la princesse de Galles, est scrut\u00e9e avec une attention particuli\u00e8re, et sa r\u00e9cente sortie au Royal Variety Performance n&rsquo;a pas fait exception. En plus de son \u00e9l\u00e9gance habituelle et des confidences \u00e9mouvantes qu&rsquo;elle a partag\u00e9es, c&rsquo;est sa chevelure, visiblement \u00ab plus claire \u00bb, qui a particuli\u00e8rement retenu l&rsquo;attention [&hellip;]<\/p>\n","protected":false},"author":4,"featured_media":45591,"comment_status":"open","ping_status":"open","sticky":false,"template":"","format":"standard","meta":{"_yoast_wpseo_title":"Kate Middleton : cette mise au point sur ses cheveux \u00ab\u00a0plus clairs\u00a0\u00bb","_yoast_wpseo_metadesc":"","_yoast_wpseo_focuskw":"Kate"},"categories":[5],"tags":[],"class_list":["post-45592","post","type-post","status-publish","format-standard","has-post-thumbnail","hentry","category-divertissement"],"yoast_head":"<!-- This site is optimized with the Yoast SEO plugin v26.3 - https:\/\/yoast.com\/wordpress\/plugins\/seo\/ -->\n<title>Kate Middleton : cette mise au point sur ses cheveux \u00ab\u00a0plus clairs\u00a0\u00bb<\/title>\n<meta name=\"robots\" content=\"index, follow, max-snippet:-1, max-image-preview:large, max-video-preview:-1\" \/>\n<link rel=\"canonical\" href=\"https:\/\/elukelele.com\/fr\/divertissement\/kate-middleton-cette-mise-au-point-sur-ses-cheveux-plus-clairs\/\" \/>\n<meta property=\"og:locale\" content=\"fr_FR\" \/>\n<meta property=\"og:type\" content=\"article\" \/>\n<meta property=\"og:title\" content=\"Kate Middleton : cette mise au point sur ses cheveux \u00ab\u00a0plus clairs\u00a0\u00bb\" \/>\n<meta property=\"og:description\" content=\"Chacune des apparitions publiques de Kate Middleton, la princesse de Galles, est scrut\u00e9e avec une attention particuli\u00e8re, et sa r\u00e9cente sortie au Royal Variety Performance n&rsquo;a pas fait exception. En plus de son \u00e9l\u00e9gance habituelle et des confidences \u00e9mouvantes qu&rsquo;elle a partag\u00e9es, c&rsquo;est sa chevelure, visiblement \u00ab plus claire \u00bb, qui a particuli\u00e8rement retenu l&rsquo;attention [&hellip;]\" \/>\n<meta property=\"og:url\" content=\"https:\/\/elukelele.com\/fr\/divertissement\/kate-middleton-cette-mise-au-point-sur-ses-cheveux-plus-clairs\/\" \/>\n<meta property=\"og:site_name\" content=\"El Ukelele\" \/>\n<meta property=\"article:published_time\" content=\"2025-11-24T05:05:22+00:00\" \/>\n<meta property=\"article:modified_time\" content=\"2025-11-24T05:05:23+00:00\" \/>\n<meta property=\"og:image\" content=\"https:\/\/elukelele.com\/fr\/wp-content\/uploads\/2025\/11\/framed_only-473.png\" \/>\n\t<meta property=\"og:image:width\" content=\"1200\" \/>\n\t<meta property=\"og:image:height\" content=\"628\" \/>\n\t<meta property=\"og:image:type\" content=\"image\/png\" \/>\n<meta name=\"author\" content=\"Daniel Perrin\" \/>\n<meta name=\"twitter:card\" content=\"summary_large_image\" \/>\n<meta name=\"twitter:label1\" content=\"\u00c9crit par\" \/>\n\t<meta name=\"twitter:data1\" content=\"Daniel Perrin\" \/>\n\t<meta name=\"twitter:label2\" content=\"Dur\u00e9e de lecture estim\u00e9e\" \/>\n\t<meta name=\"twitter:data2\" content=\"3 minutes\" \/>\n<script type=\"application\/ld+json\" class=\"yoast-schema-graph\">{\"@context\":\"https:\/\/schema.org\",\"@graph\":[{\"@type\":\"WebPage\",\"@id\":\"https:\/\/elukelele.com\/fr\/divertissement\/kate-middleton-cette-mise-au-point-sur-ses-cheveux-plus-clairs\/\",\"url\":\"https:\/\/elukelele.com\/fr\/divertissement\/kate-middleton-cette-mise-au-point-sur-ses-cheveux-plus-clairs\/\",\"name\":\"Kate Middleton : cette mise au point sur ses cheveux \u00ab\u00a0plus clairs\u00a0\u00bb\",\"isPartOf\":{\"@id\":\"https:\/\/elukelele.com\/fr\/#website\"},\"primaryImageOfPage\":{\"@id\":\"https:\/\/elukelele.com\/fr\/divertissement\/kate-middleton-cette-mise-au-point-sur-ses-cheveux-plus-clairs\/#primaryimage\"},\"image\":{\"@id\":\"https:\/\/elukelele.com\/fr\/divertissement\/kate-middleton-cette-mise-au-point-sur-ses-cheveux-plus-clairs\/#primaryimage\"},\"thumbnailUrl\":\"https:\/\/elukelele.com\/fr\/wp-content\/uploads\/2025\/11\/framed_only-473.png\",\"datePublished\":\"2025-11-24T05:05:22+00:00\",\"dateModified\":\"2025-11-24T05:05:23+00:00\",\"author\":{\"@id\":\"https:\/\/elukelele.com\/fr\/#\/schema\/person\/ccfb3d2be2ec7fa389608eb6da0b38d6\"},\"breadcrumb\":{\"@id\":\"https:\/\/elukelele.com\/fr\/divertissement\/kate-middleton-cette-mise-au-point-sur-ses-cheveux-plus-clairs\/#breadcrumb\"},\"inLanguage\":\"fr-FR\",\"potentialAction\":[{\"@type\":\"ReadAction\",\"target\":[\"https:\/\/elukelele.com\/fr\/divertissement\/kate-middleton-cette-mise-au-point-sur-ses-cheveux-plus-clairs\/\"]}]},{\"@type\":\"ImageObject\",\"inLanguage\":\"fr-FR\",\"@id\":\"https:\/\/elukelele.com\/fr\/divertissement\/kate-middleton-cette-mise-au-point-sur-ses-cheveux-plus-clairs\/#primaryimage\",\"url\":\"https:\/\/elukelele.com\/fr\/wp-content\/uploads\/2025\/11\/framed_only-473.png\",\"contentUrl\":\"https:\/\/elukelele.com\/fr\/wp-content\/uploads\/2025\/11\/framed_only-473.png\",\"width\":1200,\"height\":628,\"caption\":\"Kate\"},{\"@type\":\"BreadcrumbList\",\"@id\":\"https:\/\/elukelele.com\/fr\/divertissement\/kate-middleton-cette-mise-au-point-sur-ses-cheveux-plus-clairs\/#breadcrumb\",\"itemListElement\":[{\"@type\":\"ListItem\",\"position\":1,\"name\":\"Home\",\"item\":\"https:\/\/elukelele.com\/fr\/\"},{\"@type\":\"ListItem\",\"position\":2,\"name\":\"Kate Middleton : cette mise au point sur ses cheveux \u00ab\u00a0plus clairs\u00a0\u00bb\"}]},{\"@type\":\"WebSite\",\"@id\":\"https:\/\/elukelele.com\/fr\/#website\",\"url\":\"https:\/\/elukelele.com\/fr\/\",\"name\":\"El Ukelele\",\"description\":\"Musique au-del\u00e0 de l&#039;indie\",\"potentialAction\":[{\"@type\":\"SearchAction\",\"target\":{\"@type\":\"EntryPoint\",\"urlTemplate\":\"https:\/\/elukelele.com\/fr\/?s={search_term_string}\"},\"query-input\":{\"@type\":\"PropertyValueSpecification\",\"valueRequired\":true,\"valueName\":\"search_term_string\"}}],\"inLanguage\":\"fr-FR\"},{\"@type\":\"Person\",\"@id\":\"https:\/\/elukelele.com\/fr\/#\/schema\/person\/ccfb3d2be2ec7fa389608eb6da0b38d6\",\"name\":\"Daniel Perrin\",\"image\":{\"@type\":\"ImageObject\",\"inLanguage\":\"fr-FR\",\"@id\":\"https:\/\/elukelele.com\/fr\/#\/schema\/person\/image\/\",\"url\":\"https:\/\/secure.gravatar.com\/avatar\/37f9d9ffa29ce5640a0d9c6ca8bbd90afb854014296ecaa0e3a558ac716e6fe4?s=96&d=mm&r=g\",\"contentUrl\":\"https:\/\/secure.gravatar.com\/avatar\/37f9d9ffa29ce5640a0d9c6ca8bbd90afb854014296ecaa0e3a558ac716e6fe4?s=96&d=mm&r=g\",\"caption\":\"Daniel Perrin\"},\"sameAs\":[\"https:\/\/elukelele.com\/fr\"],\"url\":\"https:\/\/elukelele.com\/fr\/author\/daniel-perrin\/\"}]}<\/script>\n<!-- \/ Yoast SEO plugin. -->","yoast_head_json":{"title":"Kate Middleton : cette mise au point sur ses cheveux \u00ab\u00a0plus clairs\u00a0\u00bb","robots":{"index":"index","follow":"follow","max-snippet":"max-snippet:-1","max-image-preview":"max-image-preview:large","max-video-preview":"max-video-preview:-1"},"canonical":"https:\/\/elukelele.com\/fr\/divertissement\/kate-middleton-cette-mise-au-point-sur-ses-cheveux-plus-clairs\/","og_locale":"fr_FR","og_type":"article","og_title":"Kate Middleton : cette mise au point sur ses cheveux \u00ab\u00a0plus clairs\u00a0\u00bb","og_description":"Chacune des apparitions publiques de Kate Middleton, la princesse de Galles, est scrut\u00e9e avec une attention particuli\u00e8re, et sa r\u00e9cente sortie au Royal Variety Performance n&rsquo;a pas fait exception. En plus de son \u00e9l\u00e9gance habituelle et des confidences \u00e9mouvantes qu&rsquo;elle a partag\u00e9es, c&rsquo;est sa chevelure, visiblement \u00ab plus claire \u00bb, qui a particuli\u00e8rement retenu l&rsquo;attention [&hellip;]","og_url":"https:\/\/elukelele.com\/fr\/divertissement\/kate-middleton-cette-mise-au-point-sur-ses-cheveux-plus-clairs\/","og_site_name":"El Ukelele","article_published_time":"2025-11-24T05:05:22+00:00","article_modified_time":"2025-11-24T05:05:23+00:00","og_image":[{"width":1200,"height":628,"url":"https:\/\/elukelele.com\/fr\/wp-content\/uploads\/2025\/11\/framed_only-473.png","type":"image\/png"}],"author":"Daniel Perrin","twitter_card":"summary_large_image","twitter_misc":{"\u00c9crit par":"Daniel Perrin","Dur\u00e9e de lecture estim\u00e9e":"3 minutes"},"schema":{"@context":"https:\/\/schema.org","@graph":[{"@type":"WebPage","@id":"https:\/\/elukelele.com\/fr\/divertissement\/kate-middleton-cette-mise-au-point-sur-ses-cheveux-plus-clairs\/","url":"https:\/\/elukelele.com\/fr\/divertissement\/kate-middleton-cette-mise-au-point-sur-ses-cheveux-plus-clairs\/","name":"Kate Middleton : cette mise au point sur ses cheveux \u00ab\u00a0plus clairs\u00a0\u00bb","isPartOf":{"@id":"https:\/\/elukelele.com\/fr\/#website"},"primaryImageOfPage":{"@id":"https:\/\/elukelele.com\/fr\/divertissement\/kate-middleton-cette-mise-au-point-sur-ses-cheveux-plus-clairs\/#primaryimage"},"image":{"@id":"https:\/\/elukelele.com\/fr\/divertissement\/kate-middleton-cette-mise-au-point-sur-ses-cheveux-plus-clairs\/#primaryimage"},"thumbnailUrl":"https:\/\/elukelele.com\/fr\/wp-content\/uploads\/2025\/11\/framed_only-473.png","datePublished":"2025-11-24T05:05:22+00:00","dateModified":"2025-11-24T05:05:23+00:00","author":{"@id":"https:\/\/elukelele.com\/fr\/#\/schema\/person\/ccfb3d2be2ec7fa389608eb6da0b38d6"},"breadcrumb":{"@id":"https:\/\/elukelele.com\/fr\/divertissement\/kate-middleton-cette-mise-au-point-sur-ses-cheveux-plus-clairs\/#breadcrumb"},"inLanguage":"fr-FR","potentialAction":[{"@type":"ReadAction","target":["https:\/\/elukelele.com\/fr\/divertissement\/kate-middleton-cette-mise-au-point-sur-ses-cheveux-plus-clairs\/"]}]},{"@type":"ImageObject","inLanguage":"fr-FR","@id":"https:\/\/elukelele.com\/fr\/divertissement\/kate-middleton-cette-mise-au-point-sur-ses-cheveux-plus-clairs\/#primaryimage","url":"https:\/\/elukelele.com\/fr\/wp-content\/uploads\/2025\/11\/framed_only-473.png","contentUrl":"https:\/\/elukelele.com\/fr\/wp-content\/uploads\/2025\/11\/framed_only-473.png","width":1200,"height":628,"caption":"Kate"},{"@type":"BreadcrumbList","@id":"https:\/\/elukelele.com\/fr\/divertissement\/kate-middleton-cette-mise-au-point-sur-ses-cheveux-plus-clairs\/#breadcrumb","itemListElement":[{"@type":"ListItem","position":1,"name":"Home","item":"https:\/\/elukelele.com\/fr\/"},{"@type":"ListItem","position":2,"name":"Kate Middleton : cette mise au point sur ses cheveux \u00ab\u00a0plus clairs\u00a0\u00bb"}]},{"@type":"WebSite","@id":"https:\/\/elukelele.com\/fr\/#website","url":"https:\/\/elukelele.com\/fr\/","name":"El Ukelele","description":"Musique au-del\u00e0 de l&#039;indie","potentialAction":[{"@type":"SearchAction","target":{"@type":"EntryPoint","urlTemplate":"https:\/\/elukelele.com\/fr\/?s={search_term_string}"},"query-input":{"@type":"PropertyValueSpecification","valueRequired":true,"valueName":"search_term_string"}}],"inLanguage":"fr-FR"},{"@type":"Person","@id":"https:\/\/elukelele.com\/fr\/#\/schema\/person\/ccfb3d2be2ec7fa389608eb6da0b38d6","name":"Daniel Perrin","image":{"@type":"ImageObject","inLanguage":"fr-FR","@id":"https:\/\/elukelele.com\/fr\/#\/schema\/person\/image\/","url":"https:\/\/secure.gravatar.com\/avatar\/37f9d9ffa29ce5640a0d9c6ca8bbd90afb854014296ecaa0e3a558ac716e6fe4?s=96&d=mm&r=g","contentUrl":"https:\/\/secure.gravatar.com\/avatar\/37f9d9ffa29ce5640a0d9c6ca8bbd90afb854014296ecaa0e3a558ac716e6fe4?s=96&d=mm&r=g","caption":"Daniel Perrin"},"sameAs":["https:\/\/elukelele.com\/fr"],"url":"https:\/\/elukelele.com\/fr\/author\/daniel-perrin\/"}]}},"_links":{"self":[{"href":"https:\/\/elukelele.com\/fr\/wp-json\/wp\/v2\/posts\/45592","targetHints":{"allow":["GET"]}}],"collection":[{"href":"https:\/\/elukelele.com\/fr\/wp-json\/wp\/v2\/posts"}],"about":[{"href":"https:\/\/elukelele.com\/fr\/wp-json\/wp\/v2\/types\/post"}],"author":[{"embeddable":true,"href":"https:\/\/elukelele.com\/fr\/wp-json\/wp\/v2\/users\/4"}],"replies":[{"embeddable":true,"href":"https:\/\/elukelele.com\/fr\/wp-json\/wp\/v2\/comments?post=45592"}],"version-history":[{"count":1,"href":"https:\/\/elukelele.com\/fr\/wp-json\/wp\/v2\/posts\/45592\/revisions"}],"predecessor-version":[{"id":45612,"href":"https:\/\/elukelele.com\/fr\/wp-json\/wp\/v2\/posts\/45592\/revisions\/45612"}],"wp:featuredmedia":[{"embeddable":true,"href":"https:\/\/elukelele.com\/fr\/wp-json\/wp\/v2\/media\/45591"}],"wp:attachment":[{"href":"https:\/\/elukelele.com\/fr\/wp-json\/wp\/v2\/media?parent=45592"}],"wp:term":[{"taxonomy":"category","embeddable":true,"href":"https:\/\/elukelele.com\/fr\/wp-json\/wp\/v2\/categories?post=45592"},{"taxonomy":"post_tag","embeddable":true,"href":"https:\/\/elukelele.com\/fr\/wp-json\/wp\/v2\/tags?post=45592"}],"curies":[{"name":"wp","href":"https:\/\/api.w.org\/{rel}","templated":true}]}}