{"id":45576,"date":"2025-11-24T11:39:41","date_gmt":"2025-11-24T11:39:41","guid":{"rendered":"https:\/\/elukelele.com\/fr\/?p=45576"},"modified":"2025-11-24T11:39:42","modified_gmt":"2025-11-24T11:39:42","slug":"clash-mbappe-orelsan-la-reponse-drole-du-chanteur-deux-semaines-apres-les-premiers-pics","status":"publish","type":"post","link":"https:\/\/elukelele.com\/fr\/divertissement\/clash-mbappe-orelsan-la-reponse-drole-du-chanteur-deux-semaines-apres-les-premiers-pics\/","title":{"rendered":"Clash Mbappe-Orelsan : la r\u00e9ponse dr\u00f4le du chanteur, deux semaines apr\u00e8s les premiers pics"},"content":{"rendered":"<p>Le monde de la musique et celui du football ont \u00e9t\u00e9 le th\u00e9\u00e2tre d\u2019un \u00e9change inattendu et particuli\u00e8rement suivi ces derni\u00e8res semaines, opposant le rappeur normand Orelsan \u00e0 la superstar du football Kylian Mbapp\u00e9. Ce \u00ab clash \u00bb, n\u00e9 d&rsquo;une punchline dans l&rsquo;album d&rsquo;Orelsan, a pris une tournure humoristique avec la r\u00e9ponse pleine d&rsquo;esprit du chanteur, deux semaines apr\u00e8s les premi\u00e8res piques.<\/p>\n<h2>L&rsquo;origine de la discorde : \u00ab\u00a0La Petite Voix\u00a0\u00bb et le SM Caen<\/h2>\n<p>La pol\u00e9mique a \u00e9clat\u00e9 suite \u00e0 la sortie du dernier album d&rsquo;Orelsan, \u00ab\u00a0La Fuite en avant\u00a0\u00bb. Dans l&rsquo;un de ses titres, \u00ab\u00a0La Petite Voix\u00a0\u00bb, le rappeur a gliss\u00e9 une phrase qui n&rsquo;est pas pass\u00e9e inaper\u00e7ue : \u00ab Tu vas faire couler ta ville comme les Mbapp\u00e9 \u00bb. Cette r\u00e9f\u00e9rence ciblait directement la famille Mbapp\u00e9, actionnaire majoritaire du Stade Malherbe de Caen (SM Caen) via la soci\u00e9t\u00e9 Coalition Capital, g\u00e9r\u00e9e notamment par la m\u00e8re du joueur, Fayza Lamari.<\/p>\n<p>Le contexte de cette pique est li\u00e9 aux difficult\u00e9s rencontr\u00e9es par le club caennais, qui a r\u00e9cemment connu une descente en National et la mise en place d&rsquo;un plan social ayant entra\u00een\u00e9 le d\u00e9part de plusieurs salari\u00e9s. La phrase d&rsquo;Orelsan, figure embl\u00e9matique de Caen, a \u00e9t\u00e9 interpr\u00e9t\u00e9e par Kylian Mbapp\u00e9 comme une attaque directe et une critique de sa gestion du club.<\/p>\n<h2>La r\u00e9action cinglante de Kylian Mbapp\u00e9 sur X<\/h2>\n<p>Peu apr\u00e8s la diffusion de la chanson, Kylian Mbapp\u00e9 a r\u00e9agi vivement sur le r\u00e9seau social X. Le footballeur a publi\u00e9 un message au ton incisif \u00e0 l&rsquo;attention d&rsquo;Orelsan : \u00ab T&rsquo;es le bienvenu pour &lsquo;sauver&rsquo; la ville que tu aimes tant Orelsan. PS : le mec a fait que nous supplier pour entrer avec 1% sans payer parce qu&rsquo;il a pas un rond mais pour avoir la bonne image du petit gars de Normandie \u00bb.<\/p>\n<p>Cette r\u00e9ponse a mis en lumi\u00e8re une possible incompr\u00e9hension de la part de Mbapp\u00e9 quant au sens profond du morceau d&rsquo;Orelsan. Initialement, le rappeur avait exprim\u00e9 son d\u00e9sir de ne pas \u00ab r\u00e9agir \u00e0 chaud \u00bb et avait \u00e9voqu\u00e9 une \u00ab incompr\u00e9hension \u00bb qu&rsquo;il souhaitait \u00e9claircir en expliquant le concept de son album et de son film.<\/p>\n<h2>La r\u00e9ponse dr\u00f4le et ironique d&rsquo;Orelsan<\/h2>\n<p>Deux semaines apr\u00e8s l&rsquo;\u00e9change initial, Orelsan a finalement apport\u00e9 sa r\u00e9ponse, non pas par une confrontation directe, mais avec l&rsquo;humour et l&rsquo;ironie qui le caract\u00e9risent. Il a publi\u00e9 une vid\u00e9o sur Instagram, cens\u00e9e d\u00e9tailler la cr\u00e9ation de son album \u00ab\u00a0La Fuite en avant\u00a0\u00bb et de son film \u00ab\u00a0Yoro\u00ef\u00a0\u00bb.<\/p>\n<p>Dans cette vid\u00e9o, le rappeur a gliss\u00e9 plusieurs clins d&rsquo;\u0153il \u00e0 l&rsquo;attaquant tricolore, jouant sur le second degr\u00e9 et l&rsquo;autod\u00e9rision :<\/p>\n<ul>\n<li>Il a d&rsquo;abord affirm\u00e9 : \u00ab J&rsquo;ai remarqu\u00e9 qu&rsquo;il y en avait qui n&rsquo;avaient pas exactement bien compris l&rsquo;album. Et je ne vise personne en particulier\u2026 \u00bb, tout en laissant appara\u00eetre une photo de Kylian Mbapp\u00e9 en arri\u00e8re-plan.<\/li>\n<li>Orelsan a ensuite rappel\u00e9 que \u00ab\u00a0La Petite Voix\u00a0\u00bb s&rsquo;inscrit dans un projet introspectif, o\u00f9 les paroles prononc\u00e9es sont celles d&rsquo;un \u00ab\u00a0double mal\u00e9fique\u00a0\u00bb ou d&rsquo;un \u00ab\u00a0critique int\u00e9rieur\u00a0\u00bb et ne refl\u00e8tent pas n\u00e9cessairement son propre avis.<\/li>\n<li>Avec une touche d&rsquo;humour caustique, il a ajout\u00e9 : \u00ab Ce que dit la petite voix n&rsquo;est pas mon avis&#8230; m\u00eame si nous sommes actuellement 10e du championnat de National et qu&rsquo;on s&rsquo;est fait sortir de la Coupe de France par Bayeux \u00bb. Cette phrase faisait directement r\u00e9f\u00e9rence aux r\u00e9sultats sportifs du SM Caen.<\/li>\n<li>Pour parachever sa r\u00e9ponse, le rappeur s&rsquo;est tourn\u00e9 en d\u00e9rision en diffusant une vid\u00e9o de lui-m\u00eame ratant un penalty lors d&rsquo;un match de charit\u00e9, commentant avec malice : \u00ab Vous voulez conna\u00eetre le niveau de l&rsquo;\u00e9quipe de Bayeux au football ? Voil\u00e0 leur nouvelle recrue \u00bb.<\/li>\n<\/ul>\n<p>Cette s\u00e9rie de piques indirectes et humoristiques a \u00e9t\u00e9 largement per\u00e7ue comme une mani\u00e8re \u00e9l\u00e9gante et intelligente pour Orelsan de clore le d\u00e9bat, tout en assumant ses paroles et en rappelant le caract\u00e8re artistique de son \u0153uvre.<\/p>\n<h2>Conclusion<\/h2>\n<p>Le clash entre Orelsan et Kylian Mbapp\u00e9, initialement marqu\u00e9 par une incompr\u00e9hension, s&rsquo;est finalement r\u00e9solu sur une note d&rsquo;humour et d&rsquo;ironie de la part du rappeur. Cette s\u00e9quence a illustr\u00e9 les diff\u00e9rences d&rsquo;interpr\u00e9tation possibles d&rsquo;une \u0153uvre artistique et la capacit\u00e9 d&rsquo;un artiste \u00e0 r\u00e9pondre avec subtilit\u00e9 aux critiques, m\u00eame venant d&rsquo;une ic\u00f4ne sportive.<\/p>\n\n\n<p><\/p>\n","protected":false},"excerpt":{"rendered":"<p>Le monde de la musique et celui du football ont \u00e9t\u00e9 le th\u00e9\u00e2tre d\u2019un \u00e9change inattendu et particuli\u00e8rement suivi ces derni\u00e8res semaines, opposant le rappeur normand Orelsan \u00e0 la superstar du football Kylian Mbapp\u00e9. Ce \u00ab clash \u00bb, n\u00e9 d&rsquo;une punchline dans l&rsquo;album d&rsquo;Orelsan, a pris une tournure humoristique avec la r\u00e9ponse pleine d&rsquo;esprit du [&hellip;]<\/p>\n","protected":false},"author":4,"featured_media":45575,"comment_status":"open","ping_status":"open","sticky":false,"template":"","format":"standard","meta":{"_yoast_wpseo_title":"Clash Mbappe-Orelsan : la r\u00e9ponse dr\u00f4le du chanteur, deux semaines apr\u00e8s les premiers pics","_yoast_wpseo_metadesc":"","_yoast_wpseo_focuskw":"Mbappe"},"categories":[5],"tags":[],"class_list":["post-45576","post","type-post","status-publish","format-standard","has-post-thumbnail","hentry","category-divertissement"],"yoast_head":"<!-- This site is optimized with the Yoast SEO plugin v26.3 - https:\/\/yoast.com\/wordpress\/plugins\/seo\/ -->\n<title>Clash Mbappe-Orelsan : la r\u00e9ponse dr\u00f4le du chanteur, deux semaines apr\u00e8s les premiers pics<\/title>\n<meta name=\"robots\" content=\"index, follow, max-snippet:-1, max-image-preview:large, max-video-preview:-1\" \/>\n<link rel=\"canonical\" href=\"https:\/\/elukelele.com\/fr\/divertissement\/clash-mbappe-orelsan-la-reponse-drole-du-chanteur-deux-semaines-apres-les-premiers-pics\/\" \/>\n<meta property=\"og:locale\" content=\"fr_FR\" \/>\n<meta property=\"og:type\" content=\"article\" \/>\n<meta property=\"og:title\" content=\"Clash Mbappe-Orelsan : la r\u00e9ponse dr\u00f4le du chanteur, deux semaines apr\u00e8s les premiers pics\" \/>\n<meta property=\"og:description\" content=\"Le monde de la musique et celui du football ont \u00e9t\u00e9 le th\u00e9\u00e2tre d\u2019un \u00e9change inattendu et particuli\u00e8rement suivi ces derni\u00e8res semaines, opposant le rappeur normand Orelsan \u00e0 la superstar du football Kylian Mbapp\u00e9. Ce \u00ab clash \u00bb, n\u00e9 d&rsquo;une punchline dans l&rsquo;album d&rsquo;Orelsan, a pris une tournure humoristique avec la r\u00e9ponse pleine d&rsquo;esprit du [&hellip;]\" \/>\n<meta property=\"og:url\" content=\"https:\/\/elukelele.com\/fr\/divertissement\/clash-mbappe-orelsan-la-reponse-drole-du-chanteur-deux-semaines-apres-les-premiers-pics\/\" \/>\n<meta property=\"og:site_name\" content=\"El Ukelele\" \/>\n<meta property=\"article:published_time\" content=\"2025-11-24T11:39:41+00:00\" \/>\n<meta property=\"article:modified_time\" content=\"2025-11-24T11:39:42+00:00\" \/>\n<meta property=\"og:image\" content=\"https:\/\/elukelele.com\/fr\/wp-content\/uploads\/2025\/11\/framed_only-465.png\" \/>\n\t<meta property=\"og:image:width\" content=\"1200\" \/>\n\t<meta property=\"og:image:height\" content=\"628\" \/>\n\t<meta property=\"og:image:type\" content=\"image\/png\" \/>\n<meta name=\"author\" content=\"Daniel Perrin\" \/>\n<meta name=\"twitter:card\" content=\"summary_large_image\" \/>\n<meta name=\"twitter:label1\" content=\"\u00c9crit par\" \/>\n\t<meta name=\"twitter:data1\" content=\"Daniel Perrin\" \/>\n\t<meta name=\"twitter:label2\" content=\"Dur\u00e9e de lecture estim\u00e9e\" \/>\n\t<meta name=\"twitter:data2\" content=\"4 minutes\" \/>\n<script type=\"application\/ld+json\" class=\"yoast-schema-graph\">{\"@context\":\"https:\/\/schema.org\",\"@graph\":[{\"@type\":\"WebPage\",\"@id\":\"https:\/\/elukelele.com\/fr\/divertissement\/clash-mbappe-orelsan-la-reponse-drole-du-chanteur-deux-semaines-apres-les-premiers-pics\/\",\"url\":\"https:\/\/elukelele.com\/fr\/divertissement\/clash-mbappe-orelsan-la-reponse-drole-du-chanteur-deux-semaines-apres-les-premiers-pics\/\",\"name\":\"Clash Mbappe-Orelsan : la r\u00e9ponse dr\u00f4le du chanteur, deux semaines apr\u00e8s les premiers pics\",\"isPartOf\":{\"@id\":\"https:\/\/elukelele.com\/fr\/#website\"},\"primaryImageOfPage\":{\"@id\":\"https:\/\/elukelele.com\/fr\/divertissement\/clash-mbappe-orelsan-la-reponse-drole-du-chanteur-deux-semaines-apres-les-premiers-pics\/#primaryimage\"},\"image\":{\"@id\":\"https:\/\/elukelele.com\/fr\/divertissement\/clash-mbappe-orelsan-la-reponse-drole-du-chanteur-deux-semaines-apres-les-premiers-pics\/#primaryimage\"},\"thumbnailUrl\":\"https:\/\/elukelele.com\/fr\/wp-content\/uploads\/2025\/11\/framed_only-465.png\",\"datePublished\":\"2025-11-24T11:39:41+00:00\",\"dateModified\":\"2025-11-24T11:39:42+00:00\",\"author\":{\"@id\":\"https:\/\/elukelele.com\/fr\/#\/schema\/person\/ccfb3d2be2ec7fa389608eb6da0b38d6\"},\"breadcrumb\":{\"@id\":\"https:\/\/elukelele.com\/fr\/divertissement\/clash-mbappe-orelsan-la-reponse-drole-du-chanteur-deux-semaines-apres-les-premiers-pics\/#breadcrumb\"},\"inLanguage\":\"fr-FR\",\"potentialAction\":[{\"@type\":\"ReadAction\",\"target\":[\"https:\/\/elukelele.com\/fr\/divertissement\/clash-mbappe-orelsan-la-reponse-drole-du-chanteur-deux-semaines-apres-les-premiers-pics\/\"]}]},{\"@type\":\"ImageObject\",\"inLanguage\":\"fr-FR\",\"@id\":\"https:\/\/elukelele.com\/fr\/divertissement\/clash-mbappe-orelsan-la-reponse-drole-du-chanteur-deux-semaines-apres-les-premiers-pics\/#primaryimage\",\"url\":\"https:\/\/elukelele.com\/fr\/wp-content\/uploads\/2025\/11\/framed_only-465.png\",\"contentUrl\":\"https:\/\/elukelele.com\/fr\/wp-content\/uploads\/2025\/11\/framed_only-465.png\",\"width\":1200,\"height\":628,\"caption\":\"Mbappe\"},{\"@type\":\"BreadcrumbList\",\"@id\":\"https:\/\/elukelele.com\/fr\/divertissement\/clash-mbappe-orelsan-la-reponse-drole-du-chanteur-deux-semaines-apres-les-premiers-pics\/#breadcrumb\",\"itemListElement\":[{\"@type\":\"ListItem\",\"position\":1,\"name\":\"Home\",\"item\":\"https:\/\/elukelele.com\/fr\/\"},{\"@type\":\"ListItem\",\"position\":2,\"name\":\"Clash Mbappe-Orelsan : la r\u00e9ponse dr\u00f4le du chanteur, deux semaines apr\u00e8s les premiers pics\"}]},{\"@type\":\"WebSite\",\"@id\":\"https:\/\/elukelele.com\/fr\/#website\",\"url\":\"https:\/\/elukelele.com\/fr\/\",\"name\":\"El Ukelele\",\"description\":\"Musique au-del\u00e0 de l&#039;indie\",\"potentialAction\":[{\"@type\":\"SearchAction\",\"target\":{\"@type\":\"EntryPoint\",\"urlTemplate\":\"https:\/\/elukelele.com\/fr\/?s={search_term_string}\"},\"query-input\":{\"@type\":\"PropertyValueSpecification\",\"valueRequired\":true,\"valueName\":\"search_term_string\"}}],\"inLanguage\":\"fr-FR\"},{\"@type\":\"Person\",\"@id\":\"https:\/\/elukelele.com\/fr\/#\/schema\/person\/ccfb3d2be2ec7fa389608eb6da0b38d6\",\"name\":\"Daniel Perrin\",\"image\":{\"@type\":\"ImageObject\",\"inLanguage\":\"fr-FR\",\"@id\":\"https:\/\/elukelele.com\/fr\/#\/schema\/person\/image\/\",\"url\":\"https:\/\/secure.gravatar.com\/avatar\/37f9d9ffa29ce5640a0d9c6ca8bbd90afb854014296ecaa0e3a558ac716e6fe4?s=96&d=mm&r=g\",\"contentUrl\":\"https:\/\/secure.gravatar.com\/avatar\/37f9d9ffa29ce5640a0d9c6ca8bbd90afb854014296ecaa0e3a558ac716e6fe4?s=96&d=mm&r=g\",\"caption\":\"Daniel Perrin\"},\"sameAs\":[\"https:\/\/elukelele.com\/fr\"],\"url\":\"https:\/\/elukelele.com\/fr\/author\/daniel-perrin\/\"}]}<\/script>\n<!-- \/ Yoast SEO plugin. -->","yoast_head_json":{"title":"Clash Mbappe-Orelsan : la r\u00e9ponse dr\u00f4le du chanteur, deux semaines apr\u00e8s les premiers pics","robots":{"index":"index","follow":"follow","max-snippet":"max-snippet:-1","max-image-preview":"max-image-preview:large","max-video-preview":"max-video-preview:-1"},"canonical":"https:\/\/elukelele.com\/fr\/divertissement\/clash-mbappe-orelsan-la-reponse-drole-du-chanteur-deux-semaines-apres-les-premiers-pics\/","og_locale":"fr_FR","og_type":"article","og_title":"Clash Mbappe-Orelsan : la r\u00e9ponse dr\u00f4le du chanteur, deux semaines apr\u00e8s les premiers pics","og_description":"Le monde de la musique et celui du football ont \u00e9t\u00e9 le th\u00e9\u00e2tre d\u2019un \u00e9change inattendu et particuli\u00e8rement suivi ces derni\u00e8res semaines, opposant le rappeur normand Orelsan \u00e0 la superstar du football Kylian Mbapp\u00e9. Ce \u00ab clash \u00bb, n\u00e9 d&rsquo;une punchline dans l&rsquo;album d&rsquo;Orelsan, a pris une tournure humoristique avec la r\u00e9ponse pleine d&rsquo;esprit du [&hellip;]","og_url":"https:\/\/elukelele.com\/fr\/divertissement\/clash-mbappe-orelsan-la-reponse-drole-du-chanteur-deux-semaines-apres-les-premiers-pics\/","og_site_name":"El Ukelele","article_published_time":"2025-11-24T11:39:41+00:00","article_modified_time":"2025-11-24T11:39:42+00:00","og_image":[{"width":1200,"height":628,"url":"https:\/\/elukelele.com\/fr\/wp-content\/uploads\/2025\/11\/framed_only-465.png","type":"image\/png"}],"author":"Daniel Perrin","twitter_card":"summary_large_image","twitter_misc":{"\u00c9crit par":"Daniel Perrin","Dur\u00e9e de lecture estim\u00e9e":"4 minutes"},"schema":{"@context":"https:\/\/schema.org","@graph":[{"@type":"WebPage","@id":"https:\/\/elukelele.com\/fr\/divertissement\/clash-mbappe-orelsan-la-reponse-drole-du-chanteur-deux-semaines-apres-les-premiers-pics\/","url":"https:\/\/elukelele.com\/fr\/divertissement\/clash-mbappe-orelsan-la-reponse-drole-du-chanteur-deux-semaines-apres-les-premiers-pics\/","name":"Clash Mbappe-Orelsan : la r\u00e9ponse dr\u00f4le du chanteur, deux semaines apr\u00e8s les premiers pics","isPartOf":{"@id":"https:\/\/elukelele.com\/fr\/#website"},"primaryImageOfPage":{"@id":"https:\/\/elukelele.com\/fr\/divertissement\/clash-mbappe-orelsan-la-reponse-drole-du-chanteur-deux-semaines-apres-les-premiers-pics\/#primaryimage"},"image":{"@id":"https:\/\/elukelele.com\/fr\/divertissement\/clash-mbappe-orelsan-la-reponse-drole-du-chanteur-deux-semaines-apres-les-premiers-pics\/#primaryimage"},"thumbnailUrl":"https:\/\/elukelele.com\/fr\/wp-content\/uploads\/2025\/11\/framed_only-465.png","datePublished":"2025-11-24T11:39:41+00:00","dateModified":"2025-11-24T11:39:42+00:00","author":{"@id":"https:\/\/elukelele.com\/fr\/#\/schema\/person\/ccfb3d2be2ec7fa389608eb6da0b38d6"},"breadcrumb":{"@id":"https:\/\/elukelele.com\/fr\/divertissement\/clash-mbappe-orelsan-la-reponse-drole-du-chanteur-deux-semaines-apres-les-premiers-pics\/#breadcrumb"},"inLanguage":"fr-FR","potentialAction":[{"@type":"ReadAction","target":["https:\/\/elukelele.com\/fr\/divertissement\/clash-mbappe-orelsan-la-reponse-drole-du-chanteur-deux-semaines-apres-les-premiers-pics\/"]}]},{"@type":"ImageObject","inLanguage":"fr-FR","@id":"https:\/\/elukelele.com\/fr\/divertissement\/clash-mbappe-orelsan-la-reponse-drole-du-chanteur-deux-semaines-apres-les-premiers-pics\/#primaryimage","url":"https:\/\/elukelele.com\/fr\/wp-content\/uploads\/2025\/11\/framed_only-465.png","contentUrl":"https:\/\/elukelele.com\/fr\/wp-content\/uploads\/2025\/11\/framed_only-465.png","width":1200,"height":628,"caption":"Mbappe"},{"@type":"BreadcrumbList","@id":"https:\/\/elukelele.com\/fr\/divertissement\/clash-mbappe-orelsan-la-reponse-drole-du-chanteur-deux-semaines-apres-les-premiers-pics\/#breadcrumb","itemListElement":[{"@type":"ListItem","position":1,"name":"Home","item":"https:\/\/elukelele.com\/fr\/"},{"@type":"ListItem","position":2,"name":"Clash Mbappe-Orelsan : la r\u00e9ponse dr\u00f4le du chanteur, deux semaines apr\u00e8s les premiers pics"}]},{"@type":"WebSite","@id":"https:\/\/elukelele.com\/fr\/#website","url":"https:\/\/elukelele.com\/fr\/","name":"El Ukelele","description":"Musique au-del\u00e0 de l&#039;indie","potentialAction":[{"@type":"SearchAction","target":{"@type":"EntryPoint","urlTemplate":"https:\/\/elukelele.com\/fr\/?s={search_term_string}"},"query-input":{"@type":"PropertyValueSpecification","valueRequired":true,"valueName":"search_term_string"}}],"inLanguage":"fr-FR"},{"@type":"Person","@id":"https:\/\/elukelele.com\/fr\/#\/schema\/person\/ccfb3d2be2ec7fa389608eb6da0b38d6","name":"Daniel Perrin","image":{"@type":"ImageObject","inLanguage":"fr-FR","@id":"https:\/\/elukelele.com\/fr\/#\/schema\/person\/image\/","url":"https:\/\/secure.gravatar.com\/avatar\/37f9d9ffa29ce5640a0d9c6ca8bbd90afb854014296ecaa0e3a558ac716e6fe4?s=96&d=mm&r=g","contentUrl":"https:\/\/secure.gravatar.com\/avatar\/37f9d9ffa29ce5640a0d9c6ca8bbd90afb854014296ecaa0e3a558ac716e6fe4?s=96&d=mm&r=g","caption":"Daniel Perrin"},"sameAs":["https:\/\/elukelele.com\/fr"],"url":"https:\/\/elukelele.com\/fr\/author\/daniel-perrin\/"}]}},"_links":{"self":[{"href":"https:\/\/elukelele.com\/fr\/wp-json\/wp\/v2\/posts\/45576","targetHints":{"allow":["GET"]}}],"collection":[{"href":"https:\/\/elukelele.com\/fr\/wp-json\/wp\/v2\/posts"}],"about":[{"href":"https:\/\/elukelele.com\/fr\/wp-json\/wp\/v2\/types\/post"}],"author":[{"embeddable":true,"href":"https:\/\/elukelele.com\/fr\/wp-json\/wp\/v2\/users\/4"}],"replies":[{"embeddable":true,"href":"https:\/\/elukelele.com\/fr\/wp-json\/wp\/v2\/comments?post=45576"}],"version-history":[{"count":1,"href":"https:\/\/elukelele.com\/fr\/wp-json\/wp\/v2\/posts\/45576\/revisions"}],"predecessor-version":[{"id":45661,"href":"https:\/\/elukelele.com\/fr\/wp-json\/wp\/v2\/posts\/45576\/revisions\/45661"}],"wp:featuredmedia":[{"embeddable":true,"href":"https:\/\/elukelele.com\/fr\/wp-json\/wp\/v2\/media\/45575"}],"wp:attachment":[{"href":"https:\/\/elukelele.com\/fr\/wp-json\/wp\/v2\/media?parent=45576"}],"wp:term":[{"taxonomy":"category","embeddable":true,"href":"https:\/\/elukelele.com\/fr\/wp-json\/wp\/v2\/categories?post=45576"},{"taxonomy":"post_tag","embeddable":true,"href":"https:\/\/elukelele.com\/fr\/wp-json\/wp\/v2\/tags?post=45576"}],"curies":[{"name":"wp","href":"https:\/\/api.w.org\/{rel}","templated":true}]}}