{"id":45522,"date":"2025-11-24T11:52:16","date_gmt":"2025-11-24T11:52:16","guid":{"rendered":"https:\/\/elukelele.com\/fr\/?p=45522"},"modified":"2025-11-24T11:52:17","modified_gmt":"2025-11-24T11:52:17","slug":"le-resultat-est-vraiment-reussi-simone-biles-se-confie-pour-la-premiere-fois-sur-ses-implants-mammaires","status":"publish","type":"post","link":"https:\/\/elukelele.com\/fr\/divertissement\/le-resultat-est-vraiment-reussi-simone-biles-se-confie-pour-la-premiere-fois-sur-ses-implants-mammaires\/","title":{"rendered":"Le re\u0301sultat est vraiment re\u0301ussi : Simone Biles se confie pour la premie\u0300re fois sur ses implants mammaires"},"content":{"rendered":"\n<p>Dans un monde o\u00f9 les c\u00e9l\u00e9brit\u00e9s sont souvent discr\u00e8tes concernant leurs interventions esth\u00e9tiques, la gymnaste olympique Simone Biles brise le silence. L&rsquo;athl\u00e8te, connue pour son franc-parler et son authenticit\u00e9, s&rsquo;est r\u00e9cemment exprim\u00e9e pour la toute premi\u00e8re fois sur ses implants mammaires, partageant son exp\u00e9rience avec une transparence rafra\u00eechissante. Son t\u00e9moignage, relay\u00e9 \u00e0 travers diverses plateformes, a suscit\u00e9 l&rsquo;int\u00e9r\u00eat, notamment sa d\u00e9claration affirmant que \u00ab Le r\u00e9sultat est vraiment r\u00e9ussi \u00bb.<\/p>\n\n\n\n<h2 class=\"wp-block-heading\">Simone Biles : Une Transparence Salu\u00e9e Concernant ses Choix Esth\u00e9tiques<\/h2>\n\n\n\n<p>Simone Biles, l&rsquo;une des figures les plus embl\u00e9matiques de la gymnastique mondiale, a toujours d\u00e9fendu l&rsquo;importance de la sant\u00e9 mentale et du bien-\u00eatre personnel. Cette philosophie s&rsquo;\u00e9tend d\u00e9sormais \u00e0 ses choix esth\u00e9tiques, alors qu&rsquo;elle aborde ouvertement son recours \u00e0 la chirurgie mammaire. Sa d\u00e9marche contraste avec la tendance g\u00e9n\u00e9rale \u00e0 la discr\u00e9tion, offrant une perspective honn\u00eate et directe sur une d\u00e9cision personnelle souvent entour\u00e9e de tabous. Elle a notamment partag\u00e9 des d\u00e9tails pr\u00e9cis sur son parcours, allant de la date de l&rsquo;intervention \u00e0 la p\u00e9riode de r\u00e9cup\u00e9ration.<\/p>\n\n\n\n<h3 class=\"wp-block-heading\">Les D\u00e9tails de l&rsquo;Intervention et le Choix des Implants<\/h3>\n\n\n\n<p>Lors d&rsquo;une s\u00e9ance de questions-r\u00e9ponses avec ses fans, Simone Biles a lev\u00e9 le voile sur les sp\u00e9cificit\u00e9s de son augmentation mammaire. L&rsquo;op\u00e9ration a eu lieu le 16 juin \u00e0 Houston, au Texas, et a \u00e9t\u00e9 r\u00e9alis\u00e9e par le Dr Kriti Mohan. La gymnaste a pr\u00e9cis\u00e9 avoir opt\u00e9 pour des implants sous-musculaires, faits de silicone, bien remplis et \u00e0 profil haut. Ces informations d\u00e9taill\u00e9es permettent de comprendre les choix techniques qui ont \u00e9t\u00e9 faits, soulignant une d\u00e9cision m\u00fbrement r\u00e9fl\u00e9chie et personnalis\u00e9e.<\/p>\n\n\n\n<h3 class=\"wp-block-heading\">La P\u00e9riode de R\u00e9cup\u00e9ration : Une R\u00e9alit\u00e9 Douloureuse<\/h3>\n\n\n\n<p>Avec son habituelle franchise, Simone Biles n&rsquo;a pas minimis\u00e9 les d\u00e9fis de la p\u00e9riode post-op\u00e9ratoire. Elle a d\u00e9crit la r\u00e9cup\u00e9ration comme \u00e9tant \u00ab\u00a0terriblement douloureuse\u00a0\u00bb, en particulier les premiers jours suivant l&rsquo;intervention. Cette honn\u00eatet\u00e9 sur la douleur et les d\u00e9sagr\u00e9ments post-chirurgicaux est cruciale. Elle offre une vision r\u00e9aliste de la chirurgie esth\u00e9tique, rappelant qu&rsquo;il s&rsquo;agit d&rsquo;une proc\u00e9dure m\u00e9dicale s\u00e9rieuse avec des cons\u00e9quences physiques imm\u00e9diates, loin des images id\u00e9alis\u00e9es souvent v\u00e9hicul\u00e9es.<\/p>\n\n\n\n<h2 class=\"wp-block-heading\">\u00ab Le r\u00e9sultat est vraiment r\u00e9ussi \u00bb : Une Satisfaction Affich\u00e9e<\/h2>\n\n\n\n<p>Malgr\u00e9 une r\u00e9cup\u00e9ration \u00e9prouvante, Simone Biles exprime une satisfaction totale quant au r\u00e9sultat final de son augmentation mammaire. Sa d\u00e9claration selon laquelle \u00ab Le r\u00e9sultat est vraiment r\u00e9ussi \u00bb n&rsquo;est pas une simple affirmation, mais le reflet d&rsquo;un sentiment de bien-\u00eatre et de confiance retrouv\u00e9e. Pour une athl\u00e8te de haut niveau, le corps est un instrument. Toute modification est donc une d\u00e9cision significative, impactant non seulement l&rsquo;image de soi mais potentiellement aussi la performance physique. Sa d\u00e9cision semble avoir \u00e9t\u00e9 guid\u00e9e par un d\u00e9sir d&rsquo;alignement entre son corps et son image personnelle, plut\u00f4t que par des pressions ext\u00e9rieures.<\/p>\n\n\n\n<h2 class=\"wp-block-heading\">FAQ sur les Implants Mammaires et le T\u00e9moignage de Simone Biles<\/h2>\n\n\n\n<p>Le t\u00e9moignage de Simone Biles soul\u00e8ve plusieurs questions courantes concernant les implants mammaires et la chirurgie esth\u00e9tique.<\/p>\n\n\n\n<h3 class=\"wp-block-heading\">Pourquoi les c\u00e9l\u00e9brit\u00e9s partagent-elles leurs exp\u00e9riences de chirurgie esth\u00e9tique ?<\/h3>\n\n\n\n<p>De plus en plus de personnalit\u00e9s choisissent de partager leurs exp\u00e9riences pour normaliser la discussion autour de la chirurgie esth\u00e9tique, briser les tabous, et offrir une perspective plus honn\u00eate sur les r\u00e9alit\u00e9s de ces proc\u00e9dures. Cela peut aider \u00e0 sensibiliser le public et \u00e0 contrer les images irr\u00e9alistes.<\/p>\n\n\n\n<h3 class=\"wp-block-heading\">Qu&rsquo;est-ce qu&rsquo;un implant sous-musculaire en silicone \u00e0 profil haut ?<\/h3>\n\n\n\n<ul class=\"wp-block-list\">\n<li><strong>Sous-musculaire :<\/strong> L&rsquo;implant est plac\u00e9 sous le muscle pectoral, ce qui peut offrir un aspect plus naturel et une meilleure couverture du bord de l&rsquo;implant, mais la r\u00e9cup\u00e9ration est souvent plus douloureuse.<\/li>\n\n\n\n<li><strong>Silicone :<\/strong> Les implants en silicone sont remplis de gel de silicone, offrant une sensation plus naturelle et un aspect plus doux que les implants salins.<\/li>\n\n\n\n<li><strong>Profil haut :<\/strong> D\u00e9crit la projection de l&rsquo;implant. Un profil haut signifie que l&rsquo;implant est plus projet\u00e9 vers l&rsquo;avant, offrant un d\u00e9collet\u00e9 plus prononc\u00e9.<\/li>\n<\/ul>\n\n\n\n<h3 class=\"wp-block-heading\">La r\u00e9cup\u00e9ration apr\u00e8s une augmentation mammaire est-elle toujours douloureuse ?<\/h3>\n\n\n\n<p>La douleur post-op\u00e9ratoire est courante et varie d&rsquo;une personne \u00e0 l&rsquo;autre, ainsi qu&rsquo;en fonction du type d&rsquo;implants et de leur placement (sous ou sur le muscle). La gestion de la douleur est une partie essentielle du processus de r\u00e9cup\u00e9ration, et les m\u00e9decins prescrivent g\u00e9n\u00e9ralement des analg\u00e9siques pour soulager l&rsquo;inconfort.<\/p>\n\n\n\n<h2 class=\"wp-block-heading\">Conclusion<\/h2>\n\n\n\n<p>Le t\u00e9moignage de Simone Biles sur ses implants mammaires est une preuve suppl\u00e9mentaire de son courage et de son engagement envers l&rsquo;authenticit\u00e9. En partageant les d\u00e9tails de son intervention, de la douleur de la r\u00e9cup\u00e9ration \u00e0 sa pleine satisfaction du r\u00e9sultat, elle contribue \u00e0 d\u00e9mystifier la chirurgie esth\u00e9tique. Sa d\u00e9claration \u00ab\u00a0Le r\u00e9sultat est vraiment r\u00e9ussi\u00a0\u00bb r\u00e9sonne comme un message d&#8217;empowerment et de choix personnel, rappelant que les d\u00e9cisions concernant son propre corps sont profond\u00e9ment intimes et m\u00e9ritent d&rsquo;\u00eatre abord\u00e9es avec respect et ouverture.<\/p>\n","protected":false},"excerpt":{"rendered":"<p>Dans un monde o\u00f9 les c\u00e9l\u00e9brit\u00e9s sont souvent discr\u00e8tes concernant leurs interventions esth\u00e9tiques, la gymnaste olympique Simone Biles brise le silence. L&rsquo;athl\u00e8te, connue pour son franc-parler et son authenticit\u00e9, s&rsquo;est r\u00e9cemment exprim\u00e9e pour la toute premi\u00e8re fois sur ses implants mammaires, partageant son exp\u00e9rience avec une transparence rafra\u00eechissante. Son t\u00e9moignage, relay\u00e9 \u00e0 travers diverses plateformes, [&hellip;]<\/p>\n","protected":false},"author":4,"featured_media":45521,"comment_status":"open","ping_status":"open","sticky":false,"template":"","format":"standard","meta":{"_yoast_wpseo_title":"Le re\u0301sultat est vraiment re\u0301ussi : Simone Biles se confie pour la premie\u0300re fois sur ses implants mammaires","_yoast_wpseo_metadesc":"","_yoast_wpseo_focuskw":"Simone"},"categories":[5],"tags":[],"class_list":["post-45522","post","type-post","status-publish","format-standard","has-post-thumbnail","hentry","category-divertissement"],"yoast_head":"<!-- This site is optimized with the Yoast SEO plugin v26.3 - https:\/\/yoast.com\/wordpress\/plugins\/seo\/ -->\n<title>Le re\u0301sultat est vraiment re\u0301ussi : Simone Biles se confie pour la premie\u0300re fois sur ses implants mammaires<\/title>\n<meta name=\"robots\" content=\"index, follow, max-snippet:-1, max-image-preview:large, max-video-preview:-1\" \/>\n<link rel=\"canonical\" href=\"https:\/\/elukelele.com\/fr\/divertissement\/le-resultat-est-vraiment-reussi-simone-biles-se-confie-pour-la-premiere-fois-sur-ses-implants-mammaires\/\" \/>\n<meta property=\"og:locale\" content=\"fr_FR\" \/>\n<meta property=\"og:type\" content=\"article\" \/>\n<meta property=\"og:title\" content=\"Le re\u0301sultat est vraiment re\u0301ussi : Simone Biles se confie pour la premie\u0300re fois sur ses implants mammaires\" \/>\n<meta property=\"og:description\" content=\"Dans un monde o\u00f9 les c\u00e9l\u00e9brit\u00e9s sont souvent discr\u00e8tes concernant leurs interventions esth\u00e9tiques, la gymnaste olympique Simone Biles brise le silence. L&rsquo;athl\u00e8te, connue pour son franc-parler et son authenticit\u00e9, s&rsquo;est r\u00e9cemment exprim\u00e9e pour la toute premi\u00e8re fois sur ses implants mammaires, partageant son exp\u00e9rience avec une transparence rafra\u00eechissante. Son t\u00e9moignage, relay\u00e9 \u00e0 travers diverses plateformes, [&hellip;]\" \/>\n<meta property=\"og:url\" content=\"https:\/\/elukelele.com\/fr\/divertissement\/le-resultat-est-vraiment-reussi-simone-biles-se-confie-pour-la-premiere-fois-sur-ses-implants-mammaires\/\" \/>\n<meta property=\"og:site_name\" content=\"El Ukelele\" \/>\n<meta property=\"article:published_time\" content=\"2025-11-24T11:52:16+00:00\" \/>\n<meta property=\"article:modified_time\" content=\"2025-11-24T11:52:17+00:00\" \/>\n<meta property=\"og:image\" content=\"https:\/\/elukelele.com\/fr\/wp-content\/uploads\/2025\/11\/framed_only-438.png\" \/>\n\t<meta property=\"og:image:width\" content=\"1200\" \/>\n\t<meta property=\"og:image:height\" content=\"628\" \/>\n\t<meta property=\"og:image:type\" content=\"image\/png\" \/>\n<meta name=\"author\" content=\"Daniel Perrin\" \/>\n<meta name=\"twitter:card\" content=\"summary_large_image\" \/>\n<meta name=\"twitter:label1\" content=\"\u00c9crit par\" \/>\n\t<meta name=\"twitter:data1\" content=\"Daniel Perrin\" \/>\n\t<meta name=\"twitter:label2\" content=\"Dur\u00e9e de lecture estim\u00e9e\" \/>\n\t<meta name=\"twitter:data2\" content=\"5 minutes\" \/>\n<script type=\"application\/ld+json\" class=\"yoast-schema-graph\">{\"@context\":\"https:\/\/schema.org\",\"@graph\":[{\"@type\":\"WebPage\",\"@id\":\"https:\/\/elukelele.com\/fr\/divertissement\/le-resultat-est-vraiment-reussi-simone-biles-se-confie-pour-la-premiere-fois-sur-ses-implants-mammaires\/\",\"url\":\"https:\/\/elukelele.com\/fr\/divertissement\/le-resultat-est-vraiment-reussi-simone-biles-se-confie-pour-la-premiere-fois-sur-ses-implants-mammaires\/\",\"name\":\"Le re\u0301sultat est vraiment re\u0301ussi : Simone Biles se confie pour la premie\u0300re fois sur ses implants mammaires\",\"isPartOf\":{\"@id\":\"https:\/\/elukelele.com\/fr\/#website\"},\"primaryImageOfPage\":{\"@id\":\"https:\/\/elukelele.com\/fr\/divertissement\/le-resultat-est-vraiment-reussi-simone-biles-se-confie-pour-la-premiere-fois-sur-ses-implants-mammaires\/#primaryimage\"},\"image\":{\"@id\":\"https:\/\/elukelele.com\/fr\/divertissement\/le-resultat-est-vraiment-reussi-simone-biles-se-confie-pour-la-premiere-fois-sur-ses-implants-mammaires\/#primaryimage\"},\"thumbnailUrl\":\"https:\/\/elukelele.com\/fr\/wp-content\/uploads\/2025\/11\/framed_only-438.png\",\"datePublished\":\"2025-11-24T11:52:16+00:00\",\"dateModified\":\"2025-11-24T11:52:17+00:00\",\"author\":{\"@id\":\"https:\/\/elukelele.com\/fr\/#\/schema\/person\/ccfb3d2be2ec7fa389608eb6da0b38d6\"},\"breadcrumb\":{\"@id\":\"https:\/\/elukelele.com\/fr\/divertissement\/le-resultat-est-vraiment-reussi-simone-biles-se-confie-pour-la-premiere-fois-sur-ses-implants-mammaires\/#breadcrumb\"},\"inLanguage\":\"fr-FR\",\"potentialAction\":[{\"@type\":\"ReadAction\",\"target\":[\"https:\/\/elukelele.com\/fr\/divertissement\/le-resultat-est-vraiment-reussi-simone-biles-se-confie-pour-la-premiere-fois-sur-ses-implants-mammaires\/\"]}]},{\"@type\":\"ImageObject\",\"inLanguage\":\"fr-FR\",\"@id\":\"https:\/\/elukelele.com\/fr\/divertissement\/le-resultat-est-vraiment-reussi-simone-biles-se-confie-pour-la-premiere-fois-sur-ses-implants-mammaires\/#primaryimage\",\"url\":\"https:\/\/elukelele.com\/fr\/wp-content\/uploads\/2025\/11\/framed_only-438.png\",\"contentUrl\":\"https:\/\/elukelele.com\/fr\/wp-content\/uploads\/2025\/11\/framed_only-438.png\",\"width\":1200,\"height\":628,\"caption\":\"Simone\"},{\"@type\":\"BreadcrumbList\",\"@id\":\"https:\/\/elukelele.com\/fr\/divertissement\/le-resultat-est-vraiment-reussi-simone-biles-se-confie-pour-la-premiere-fois-sur-ses-implants-mammaires\/#breadcrumb\",\"itemListElement\":[{\"@type\":\"ListItem\",\"position\":1,\"name\":\"Home\",\"item\":\"https:\/\/elukelele.com\/fr\/\"},{\"@type\":\"ListItem\",\"position\":2,\"name\":\"Le re\u0301sultat est vraiment re\u0301ussi : Simone Biles se confie pour la premie\u0300re fois sur ses implants mammaires\"}]},{\"@type\":\"WebSite\",\"@id\":\"https:\/\/elukelele.com\/fr\/#website\",\"url\":\"https:\/\/elukelele.com\/fr\/\",\"name\":\"El Ukelele\",\"description\":\"Musique au-del\u00e0 de l&#039;indie\",\"potentialAction\":[{\"@type\":\"SearchAction\",\"target\":{\"@type\":\"EntryPoint\",\"urlTemplate\":\"https:\/\/elukelele.com\/fr\/?s={search_term_string}\"},\"query-input\":{\"@type\":\"PropertyValueSpecification\",\"valueRequired\":true,\"valueName\":\"search_term_string\"}}],\"inLanguage\":\"fr-FR\"},{\"@type\":\"Person\",\"@id\":\"https:\/\/elukelele.com\/fr\/#\/schema\/person\/ccfb3d2be2ec7fa389608eb6da0b38d6\",\"name\":\"Daniel Perrin\",\"image\":{\"@type\":\"ImageObject\",\"inLanguage\":\"fr-FR\",\"@id\":\"https:\/\/elukelele.com\/fr\/#\/schema\/person\/image\/\",\"url\":\"https:\/\/secure.gravatar.com\/avatar\/37f9d9ffa29ce5640a0d9c6ca8bbd90afb854014296ecaa0e3a558ac716e6fe4?s=96&d=mm&r=g\",\"contentUrl\":\"https:\/\/secure.gravatar.com\/avatar\/37f9d9ffa29ce5640a0d9c6ca8bbd90afb854014296ecaa0e3a558ac716e6fe4?s=96&d=mm&r=g\",\"caption\":\"Daniel Perrin\"},\"sameAs\":[\"https:\/\/elukelele.com\/fr\"],\"url\":\"https:\/\/elukelele.com\/fr\/author\/daniel-perrin\/\"}]}<\/script>\n<!-- \/ Yoast SEO plugin. -->","yoast_head_json":{"title":"Le re\u0301sultat est vraiment re\u0301ussi : Simone Biles se confie pour la premie\u0300re fois sur ses implants mammaires","robots":{"index":"index","follow":"follow","max-snippet":"max-snippet:-1","max-image-preview":"max-image-preview:large","max-video-preview":"max-video-preview:-1"},"canonical":"https:\/\/elukelele.com\/fr\/divertissement\/le-resultat-est-vraiment-reussi-simone-biles-se-confie-pour-la-premiere-fois-sur-ses-implants-mammaires\/","og_locale":"fr_FR","og_type":"article","og_title":"Le re\u0301sultat est vraiment re\u0301ussi : Simone Biles se confie pour la premie\u0300re fois sur ses implants mammaires","og_description":"Dans un monde o\u00f9 les c\u00e9l\u00e9brit\u00e9s sont souvent discr\u00e8tes concernant leurs interventions esth\u00e9tiques, la gymnaste olympique Simone Biles brise le silence. L&rsquo;athl\u00e8te, connue pour son franc-parler et son authenticit\u00e9, s&rsquo;est r\u00e9cemment exprim\u00e9e pour la toute premi\u00e8re fois sur ses implants mammaires, partageant son exp\u00e9rience avec une transparence rafra\u00eechissante. Son t\u00e9moignage, relay\u00e9 \u00e0 travers diverses plateformes, [&hellip;]","og_url":"https:\/\/elukelele.com\/fr\/divertissement\/le-resultat-est-vraiment-reussi-simone-biles-se-confie-pour-la-premiere-fois-sur-ses-implants-mammaires\/","og_site_name":"El Ukelele","article_published_time":"2025-11-24T11:52:16+00:00","article_modified_time":"2025-11-24T11:52:17+00:00","og_image":[{"width":1200,"height":628,"url":"https:\/\/elukelele.com\/fr\/wp-content\/uploads\/2025\/11\/framed_only-438.png","type":"image\/png"}],"author":"Daniel Perrin","twitter_card":"summary_large_image","twitter_misc":{"\u00c9crit par":"Daniel Perrin","Dur\u00e9e de lecture estim\u00e9e":"5 minutes"},"schema":{"@context":"https:\/\/schema.org","@graph":[{"@type":"WebPage","@id":"https:\/\/elukelele.com\/fr\/divertissement\/le-resultat-est-vraiment-reussi-simone-biles-se-confie-pour-la-premiere-fois-sur-ses-implants-mammaires\/","url":"https:\/\/elukelele.com\/fr\/divertissement\/le-resultat-est-vraiment-reussi-simone-biles-se-confie-pour-la-premiere-fois-sur-ses-implants-mammaires\/","name":"Le re\u0301sultat est vraiment re\u0301ussi : Simone Biles se confie pour la premie\u0300re fois sur ses implants mammaires","isPartOf":{"@id":"https:\/\/elukelele.com\/fr\/#website"},"primaryImageOfPage":{"@id":"https:\/\/elukelele.com\/fr\/divertissement\/le-resultat-est-vraiment-reussi-simone-biles-se-confie-pour-la-premiere-fois-sur-ses-implants-mammaires\/#primaryimage"},"image":{"@id":"https:\/\/elukelele.com\/fr\/divertissement\/le-resultat-est-vraiment-reussi-simone-biles-se-confie-pour-la-premiere-fois-sur-ses-implants-mammaires\/#primaryimage"},"thumbnailUrl":"https:\/\/elukelele.com\/fr\/wp-content\/uploads\/2025\/11\/framed_only-438.png","datePublished":"2025-11-24T11:52:16+00:00","dateModified":"2025-11-24T11:52:17+00:00","author":{"@id":"https:\/\/elukelele.com\/fr\/#\/schema\/person\/ccfb3d2be2ec7fa389608eb6da0b38d6"},"breadcrumb":{"@id":"https:\/\/elukelele.com\/fr\/divertissement\/le-resultat-est-vraiment-reussi-simone-biles-se-confie-pour-la-premiere-fois-sur-ses-implants-mammaires\/#breadcrumb"},"inLanguage":"fr-FR","potentialAction":[{"@type":"ReadAction","target":["https:\/\/elukelele.com\/fr\/divertissement\/le-resultat-est-vraiment-reussi-simone-biles-se-confie-pour-la-premiere-fois-sur-ses-implants-mammaires\/"]}]},{"@type":"ImageObject","inLanguage":"fr-FR","@id":"https:\/\/elukelele.com\/fr\/divertissement\/le-resultat-est-vraiment-reussi-simone-biles-se-confie-pour-la-premiere-fois-sur-ses-implants-mammaires\/#primaryimage","url":"https:\/\/elukelele.com\/fr\/wp-content\/uploads\/2025\/11\/framed_only-438.png","contentUrl":"https:\/\/elukelele.com\/fr\/wp-content\/uploads\/2025\/11\/framed_only-438.png","width":1200,"height":628,"caption":"Simone"},{"@type":"BreadcrumbList","@id":"https:\/\/elukelele.com\/fr\/divertissement\/le-resultat-est-vraiment-reussi-simone-biles-se-confie-pour-la-premiere-fois-sur-ses-implants-mammaires\/#breadcrumb","itemListElement":[{"@type":"ListItem","position":1,"name":"Home","item":"https:\/\/elukelele.com\/fr\/"},{"@type":"ListItem","position":2,"name":"Le re\u0301sultat est vraiment re\u0301ussi : Simone Biles se confie pour la premie\u0300re fois sur ses implants mammaires"}]},{"@type":"WebSite","@id":"https:\/\/elukelele.com\/fr\/#website","url":"https:\/\/elukelele.com\/fr\/","name":"El Ukelele","description":"Musique au-del\u00e0 de l&#039;indie","potentialAction":[{"@type":"SearchAction","target":{"@type":"EntryPoint","urlTemplate":"https:\/\/elukelele.com\/fr\/?s={search_term_string}"},"query-input":{"@type":"PropertyValueSpecification","valueRequired":true,"valueName":"search_term_string"}}],"inLanguage":"fr-FR"},{"@type":"Person","@id":"https:\/\/elukelele.com\/fr\/#\/schema\/person\/ccfb3d2be2ec7fa389608eb6da0b38d6","name":"Daniel Perrin","image":{"@type":"ImageObject","inLanguage":"fr-FR","@id":"https:\/\/elukelele.com\/fr\/#\/schema\/person\/image\/","url":"https:\/\/secure.gravatar.com\/avatar\/37f9d9ffa29ce5640a0d9c6ca8bbd90afb854014296ecaa0e3a558ac716e6fe4?s=96&d=mm&r=g","contentUrl":"https:\/\/secure.gravatar.com\/avatar\/37f9d9ffa29ce5640a0d9c6ca8bbd90afb854014296ecaa0e3a558ac716e6fe4?s=96&d=mm&r=g","caption":"Daniel Perrin"},"sameAs":["https:\/\/elukelele.com\/fr"],"url":"https:\/\/elukelele.com\/fr\/author\/daniel-perrin\/"}]}},"_links":{"self":[{"href":"https:\/\/elukelele.com\/fr\/wp-json\/wp\/v2\/posts\/45522","targetHints":{"allow":["GET"]}}],"collection":[{"href":"https:\/\/elukelele.com\/fr\/wp-json\/wp\/v2\/posts"}],"about":[{"href":"https:\/\/elukelele.com\/fr\/wp-json\/wp\/v2\/types\/post"}],"author":[{"embeddable":true,"href":"https:\/\/elukelele.com\/fr\/wp-json\/wp\/v2\/users\/4"}],"replies":[{"embeddable":true,"href":"https:\/\/elukelele.com\/fr\/wp-json\/wp\/v2\/comments?post=45522"}],"version-history":[{"count":1,"href":"https:\/\/elukelele.com\/fr\/wp-json\/wp\/v2\/posts\/45522\/revisions"}],"predecessor-version":[{"id":45666,"href":"https:\/\/elukelele.com\/fr\/wp-json\/wp\/v2\/posts\/45522\/revisions\/45666"}],"wp:featuredmedia":[{"embeddable":true,"href":"https:\/\/elukelele.com\/fr\/wp-json\/wp\/v2\/media\/45521"}],"wp:attachment":[{"href":"https:\/\/elukelele.com\/fr\/wp-json\/wp\/v2\/media?parent=45522"}],"wp:term":[{"taxonomy":"category","embeddable":true,"href":"https:\/\/elukelele.com\/fr\/wp-json\/wp\/v2\/categories?post=45522"},{"taxonomy":"post_tag","embeddable":true,"href":"https:\/\/elukelele.com\/fr\/wp-json\/wp\/v2\/tags?post=45522"}],"curies":[{"name":"wp","href":"https:\/\/api.w.org\/{rel}","templated":true}]}}