{"id":45520,"date":"2025-11-24T11:53:57","date_gmt":"2025-11-24T11:53:57","guid":{"rendered":"https:\/\/elukelele.com\/fr\/?p=45520"},"modified":"2025-11-24T11:53:58","modified_gmt":"2025-11-24T11:53:58","slug":"je-suis-choquee-cynthia-malkoul-sort-du-silence-apres-que-sa-vie-intime-a-ete-deballee-sur-la-toile","status":"publish","type":"post","link":"https:\/\/elukelele.com\/fr\/divertissement\/je-suis-choquee-cynthia-malkoul-sort-du-silence-apres-que-sa-vie-intime-a-ete-deballee-sur-la-toile\/","title":{"rendered":"\u00ab\u00a0Je suis choque\u0301e\u00a0\u00bb : Cynthia Malkoul sort du silence apre\u0300s que sa vie intime a e\u0301te\u0301 de\u0301balle\u0301e sur la Toile !"},"content":{"rendered":"<p>Cynthia Malkoul, figure connue de la t\u00e9l\u00e9r\u00e9alit\u00e9 fran\u00e7aise, se retrouve actuellement au c\u0153ur d&rsquo;une temp\u00eate m\u00e9diatique d&rsquo;une ampleur consid\u00e9rable. Sa vie priv\u00e9e a \u00e9t\u00e9 expos\u00e9e publiquement sur la toile, d\u00e9clenchant une vague de r\u00e9actions et de commentaires. Face \u00e0 cette situation, Cynthia Malkoul est \u00ab\u00a0choqu\u00e9e\u00a0\u00bb et a d\u00e9cid\u00e9 de briser le silence, livrant un t\u00e9moignage empreint d&rsquo;\u00e9motion pour d\u00e9noncer ce qu&rsquo;elle per\u00e7oit comme une trahison et une humiliation. Cet \u00e9pisode met en lumi\u00e8re les d\u00e9fis auxquels sont confront\u00e9es les personnalit\u00e9s publiques lorsque leur intimit\u00e9 est d\u00e9ball\u00e9e sans leur consentement.<\/p>\n<h2>Les R\u00e9v\u00e9lations Explosives d&rsquo;Aqababe<\/h2>\n<p>L&rsquo;origine de cette affaire r\u00e9side dans une s\u00e9rie de publications \u00e9manant du blogueur Aqababe. Ce dernier a affirm\u00e9 d\u00e9tenir des informations concernant le comportement de Cynthia Malkoul lors du tournage de l&rsquo;\u00e9mission \u00ab\u00a0La Bataille : la mal\u00e9diction de l\u2019\u00eele\u00a0\u00bb. Selon Aqababe, la candidate aurait eu un comportement \u00ab\u00a0barjo\u00a0\u00bb et aurait \u00ab\u00a0perdu le contr\u00f4le\u00a0\u00bb \u00e0 plusieurs reprises.<\/p>\n<p>Parmi les all\u00e9gations les plus marquantes, il est fait \u00e9tat d&rsquo;une altercation impliquant Vivian et Giovanni, au cours de laquelle Cynthia serait devenue \u00ab\u00a0hyst\u00e9rique\u00a0\u00bb, allant jusqu&rsquo;\u00e0 crier et frapper un producteur, lui arrachant son t-shirt. Aqababe a \u00e9galement \u00e9voqu\u00e9 des d\u00e9tails tr\u00e8s personnels concernant une relation pr\u00e9sum\u00e9e avec Vivian durant le tournage, mentionnant des rapports intimes dans les tentes et sur la plage. Plus grave encore, le blogueur a pr\u00e9tendu que Cynthia aurait contract\u00e9 une infection suite \u00e0 ces relations.<\/p>\n<h2>La R\u00e9ponse \u00c9mue de Cynthia Malkoul<\/h2>\n<p>Tr\u00e8s affect\u00e9e par ces r\u00e9v\u00e9lations qui ont enflamm\u00e9 la toile, Cynthia Malkoul a pris la parole pour se d\u00e9fendre, notamment lors d&rsquo;une interview avec Sam Zirah et via ses stories Snapchat. Visiblement boulevers\u00e9e et en larmes, elle a exprim\u00e9 sa douleur face \u00e0 la moquerie et la trahison.<\/p>\n<p>Elle a vivement critiqu\u00e9 l&rsquo;attitude d&rsquo;Aqababe, soulignant qu&rsquo;elle lui avait fait confiance et le consid\u00e9rant m\u00eame comme un \u00ab\u00a0t\u00e9moin de mariage\u00a0\u00bb. Concernant l&rsquo;incident m\u00e9dical \u00e9voqu\u00e9, Cynthia a clarifi\u00e9 la situation, expliquant que les infections urinaires sont courantes et que les Infections Sexuellement Transmissibles (IST) ou Maladies Sexuellement Transmissibles (MST) n\u00e9cessitent une protection ad\u00e9quate. Elle a confirm\u00e9 avoir contract\u00e9 une infection bact\u00e9rienne et avoir suivi un traitement antibiotique.<\/p>\n<p>Cynthia a surtout d\u00e9nonc\u00e9 l&rsquo;humiliation publique et la banalisation de la divulgation de d\u00e9tails intimes sur la sant\u00e9 f\u00e9minine. Elle a qualifi\u00e9 cet acte de \u00ab\u00a0m\u00e9chancet\u00e9 gratuite\u00a0\u00bb et d'\u00a0\u00bbhumiliation de la biologie f\u00e9minine et du corps des femmes\u00a0\u00bb, insistant sur le fait que personne n&rsquo;avait le droit d&rsquo;exposer sa vie intime et sa sant\u00e9 sur la place publique. Son t\u00e9moignage poignant a mis en lumi\u00e8re le profond choc ressenti et l&rsquo;\u00e9puisement face \u00e0 cette intrusion massive dans sa sph\u00e8re personnelle.<\/p>\n<h2>L&rsquo;Impact de l&rsquo;Exposition et la Question de la Vie Priv\u00e9e<\/h2>\n<p>L&rsquo;affaire Cynthia Malkoul soul\u00e8ve des questions fondamentales sur la vie priv\u00e9e des personnalit\u00e9s publiques, en particulier celles issues du monde de la t\u00e9l\u00e9r\u00e9alit\u00e9. La fronti\u00e8re entre la vie publique et l&rsquo;intimit\u00e9 devient de plus en plus poreuse \u00e0 l&rsquo;\u00e8re des r\u00e9seaux sociaux et de la soif constante de contenus. Les blogueurs et \u00ab\u00a0scoopers\u00a0\u00bb jouent un r\u00f4le amplificateur, mais cela pose des dilemmes \u00e9thiques quant aux limites de l&rsquo;information et au respect de l&rsquo;individu.<\/p>\n<p>Ce cas illustre les cons\u00e9quences psychologiques et \u00e9motionnelles d\u00e9vastatrices que peuvent avoir de telles r\u00e9v\u00e9lations sur les personnes concern\u00e9es. Le sentiment de trahison, l&rsquo;humiliation et l&rsquo;intrusion forc\u00e9e dans des aspects tr\u00e8s personnels de l&rsquo;existence sont des fardeaux lourds \u00e0 porter. La protection de la vie priv\u00e9e, m\u00eame pour ceux qui choisissent une exposition m\u00e9diatique, reste un droit fondamental qui m\u00e9rite d&rsquo;\u00eatre respect\u00e9.<\/p>\n<h2>Conclusion<\/h2>\n<p>L&rsquo;\u00e9pisode travers\u00e9 par Cynthia Malkoul, \u00ab\u00a0choqu\u00e9e\u00a0\u00bb par la divulgation de sa vie intime sur la toile, est un rappel brutal des dangers de l&rsquo;exposition m\u00e9diatique et de la facilit\u00e9 avec laquelle les informations personnelles peuvent \u00eatre partag\u00e9es et amplifi\u00e9es. Son t\u00e9moignage, empreint de douleur et d&rsquo;indignation, met en lumi\u00e8re la n\u00e9cessit\u00e9 d&rsquo;une r\u00e9flexion collective sur l&rsquo;\u00e9thique de l&rsquo;information et le respect de l&rsquo;intimit\u00e9, m\u00eame pour les figures publiques. Cette affaire souligne l&rsquo;importance de pr\u00e9server la dignit\u00e9 et la sph\u00e8re priv\u00e9e de chacun, face \u00e0 une curiosit\u00e9 grandissante et parfois d\u00e9nu\u00e9e de limites.<\/p>\n","protected":false},"excerpt":{"rendered":"<p>Cynthia Malkoul, figure connue de la t\u00e9l\u00e9r\u00e9alit\u00e9 fran\u00e7aise, se retrouve actuellement au c\u0153ur d&rsquo;une temp\u00eate m\u00e9diatique d&rsquo;une ampleur consid\u00e9rable. Sa vie priv\u00e9e a \u00e9t\u00e9 expos\u00e9e publiquement sur la toile, d\u00e9clenchant une vague de r\u00e9actions et de commentaires. Face \u00e0 cette situation, Cynthia Malkoul est \u00ab\u00a0choqu\u00e9e\u00a0\u00bb et a d\u00e9cid\u00e9 de briser le silence, livrant un t\u00e9moignage [&hellip;]<\/p>\n","protected":false},"author":4,"featured_media":45519,"comment_status":"open","ping_status":"open","sticky":false,"template":"","format":"standard","meta":{"_yoast_wpseo_title":"\"Je suis choque\u0301e\" : Cynthia Malkoul sort du silence apre\u0300s que sa vie intime a e\u0301te\u0301 de\u0301balle\u0301e sur la Toile !","_yoast_wpseo_metadesc":"","_yoast_wpseo_focuskw":"Cynthia"},"categories":[5],"tags":[],"class_list":["post-45520","post","type-post","status-publish","format-standard","has-post-thumbnail","hentry","category-divertissement"],"yoast_head":"<!-- This site is optimized with the Yoast SEO plugin v26.3 - https:\/\/yoast.com\/wordpress\/plugins\/seo\/ -->\n<title>&quot;Je suis choque\u0301e&quot; : Cynthia Malkoul sort du silence apre\u0300s que sa vie intime a e\u0301te\u0301 de\u0301balle\u0301e sur la Toile !<\/title>\n<meta name=\"robots\" content=\"index, follow, max-snippet:-1, max-image-preview:large, max-video-preview:-1\" \/>\n<link rel=\"canonical\" href=\"https:\/\/elukelele.com\/fr\/divertissement\/je-suis-choquee-cynthia-malkoul-sort-du-silence-apres-que-sa-vie-intime-a-ete-deballee-sur-la-toile\/\" \/>\n<meta property=\"og:locale\" content=\"fr_FR\" \/>\n<meta property=\"og:type\" content=\"article\" \/>\n<meta property=\"og:title\" content=\"&quot;Je suis choque\u0301e&quot; : Cynthia Malkoul sort du silence apre\u0300s que sa vie intime a e\u0301te\u0301 de\u0301balle\u0301e sur la Toile !\" \/>\n<meta property=\"og:description\" content=\"Cynthia Malkoul, figure connue de la t\u00e9l\u00e9r\u00e9alit\u00e9 fran\u00e7aise, se retrouve actuellement au c\u0153ur d&rsquo;une temp\u00eate m\u00e9diatique d&rsquo;une ampleur consid\u00e9rable. Sa vie priv\u00e9e a \u00e9t\u00e9 expos\u00e9e publiquement sur la toile, d\u00e9clenchant une vague de r\u00e9actions et de commentaires. Face \u00e0 cette situation, Cynthia Malkoul est \u00ab\u00a0choqu\u00e9e\u00a0\u00bb et a d\u00e9cid\u00e9 de briser le silence, livrant un t\u00e9moignage [&hellip;]\" \/>\n<meta property=\"og:url\" content=\"https:\/\/elukelele.com\/fr\/divertissement\/je-suis-choquee-cynthia-malkoul-sort-du-silence-apres-que-sa-vie-intime-a-ete-deballee-sur-la-toile\/\" \/>\n<meta property=\"og:site_name\" content=\"El Ukelele\" \/>\n<meta property=\"article:published_time\" content=\"2025-11-24T11:53:57+00:00\" \/>\n<meta property=\"article:modified_time\" content=\"2025-11-24T11:53:58+00:00\" \/>\n<meta property=\"og:image\" content=\"https:\/\/elukelele.com\/fr\/wp-content\/uploads\/2025\/11\/framed_only-437.png\" \/>\n\t<meta property=\"og:image:width\" content=\"1200\" \/>\n\t<meta property=\"og:image:height\" content=\"628\" \/>\n\t<meta property=\"og:image:type\" content=\"image\/png\" \/>\n<meta name=\"author\" content=\"Daniel Perrin\" \/>\n<meta name=\"twitter:card\" content=\"summary_large_image\" \/>\n<meta name=\"twitter:label1\" content=\"\u00c9crit par\" \/>\n\t<meta name=\"twitter:data1\" content=\"Daniel Perrin\" \/>\n\t<meta name=\"twitter:label2\" content=\"Dur\u00e9e de lecture estim\u00e9e\" \/>\n\t<meta name=\"twitter:data2\" content=\"4 minutes\" \/>\n<script type=\"application\/ld+json\" class=\"yoast-schema-graph\">{\"@context\":\"https:\/\/schema.org\",\"@graph\":[{\"@type\":\"WebPage\",\"@id\":\"https:\/\/elukelele.com\/fr\/divertissement\/je-suis-choquee-cynthia-malkoul-sort-du-silence-apres-que-sa-vie-intime-a-ete-deballee-sur-la-toile\/\",\"url\":\"https:\/\/elukelele.com\/fr\/divertissement\/je-suis-choquee-cynthia-malkoul-sort-du-silence-apres-que-sa-vie-intime-a-ete-deballee-sur-la-toile\/\",\"name\":\"\\\"Je suis choque\u0301e\\\" : Cynthia Malkoul sort du silence apre\u0300s que sa vie intime a e\u0301te\u0301 de\u0301balle\u0301e sur la Toile !\",\"isPartOf\":{\"@id\":\"https:\/\/elukelele.com\/fr\/#website\"},\"primaryImageOfPage\":{\"@id\":\"https:\/\/elukelele.com\/fr\/divertissement\/je-suis-choquee-cynthia-malkoul-sort-du-silence-apres-que-sa-vie-intime-a-ete-deballee-sur-la-toile\/#primaryimage\"},\"image\":{\"@id\":\"https:\/\/elukelele.com\/fr\/divertissement\/je-suis-choquee-cynthia-malkoul-sort-du-silence-apres-que-sa-vie-intime-a-ete-deballee-sur-la-toile\/#primaryimage\"},\"thumbnailUrl\":\"https:\/\/elukelele.com\/fr\/wp-content\/uploads\/2025\/11\/framed_only-437.png\",\"datePublished\":\"2025-11-24T11:53:57+00:00\",\"dateModified\":\"2025-11-24T11:53:58+00:00\",\"author\":{\"@id\":\"https:\/\/elukelele.com\/fr\/#\/schema\/person\/ccfb3d2be2ec7fa389608eb6da0b38d6\"},\"breadcrumb\":{\"@id\":\"https:\/\/elukelele.com\/fr\/divertissement\/je-suis-choquee-cynthia-malkoul-sort-du-silence-apres-que-sa-vie-intime-a-ete-deballee-sur-la-toile\/#breadcrumb\"},\"inLanguage\":\"fr-FR\",\"potentialAction\":[{\"@type\":\"ReadAction\",\"target\":[\"https:\/\/elukelele.com\/fr\/divertissement\/je-suis-choquee-cynthia-malkoul-sort-du-silence-apres-que-sa-vie-intime-a-ete-deballee-sur-la-toile\/\"]}]},{\"@type\":\"ImageObject\",\"inLanguage\":\"fr-FR\",\"@id\":\"https:\/\/elukelele.com\/fr\/divertissement\/je-suis-choquee-cynthia-malkoul-sort-du-silence-apres-que-sa-vie-intime-a-ete-deballee-sur-la-toile\/#primaryimage\",\"url\":\"https:\/\/elukelele.com\/fr\/wp-content\/uploads\/2025\/11\/framed_only-437.png\",\"contentUrl\":\"https:\/\/elukelele.com\/fr\/wp-content\/uploads\/2025\/11\/framed_only-437.png\",\"width\":1200,\"height\":628,\"caption\":\"Cynthia\"},{\"@type\":\"BreadcrumbList\",\"@id\":\"https:\/\/elukelele.com\/fr\/divertissement\/je-suis-choquee-cynthia-malkoul-sort-du-silence-apres-que-sa-vie-intime-a-ete-deballee-sur-la-toile\/#breadcrumb\",\"itemListElement\":[{\"@type\":\"ListItem\",\"position\":1,\"name\":\"Home\",\"item\":\"https:\/\/elukelele.com\/fr\/\"},{\"@type\":\"ListItem\",\"position\":2,\"name\":\"\u00ab\u00a0Je suis choque\u0301e\u00a0\u00bb : Cynthia Malkoul sort du silence apre\u0300s que sa vie intime a e\u0301te\u0301 de\u0301balle\u0301e sur la Toile !\"}]},{\"@type\":\"WebSite\",\"@id\":\"https:\/\/elukelele.com\/fr\/#website\",\"url\":\"https:\/\/elukelele.com\/fr\/\",\"name\":\"El Ukelele\",\"description\":\"Musique au-del\u00e0 de l&#039;indie\",\"potentialAction\":[{\"@type\":\"SearchAction\",\"target\":{\"@type\":\"EntryPoint\",\"urlTemplate\":\"https:\/\/elukelele.com\/fr\/?s={search_term_string}\"},\"query-input\":{\"@type\":\"PropertyValueSpecification\",\"valueRequired\":true,\"valueName\":\"search_term_string\"}}],\"inLanguage\":\"fr-FR\"},{\"@type\":\"Person\",\"@id\":\"https:\/\/elukelele.com\/fr\/#\/schema\/person\/ccfb3d2be2ec7fa389608eb6da0b38d6\",\"name\":\"Daniel Perrin\",\"image\":{\"@type\":\"ImageObject\",\"inLanguage\":\"fr-FR\",\"@id\":\"https:\/\/elukelele.com\/fr\/#\/schema\/person\/image\/\",\"url\":\"https:\/\/secure.gravatar.com\/avatar\/37f9d9ffa29ce5640a0d9c6ca8bbd90afb854014296ecaa0e3a558ac716e6fe4?s=96&d=mm&r=g\",\"contentUrl\":\"https:\/\/secure.gravatar.com\/avatar\/37f9d9ffa29ce5640a0d9c6ca8bbd90afb854014296ecaa0e3a558ac716e6fe4?s=96&d=mm&r=g\",\"caption\":\"Daniel Perrin\"},\"sameAs\":[\"https:\/\/elukelele.com\/fr\"],\"url\":\"https:\/\/elukelele.com\/fr\/author\/daniel-perrin\/\"}]}<\/script>\n<!-- \/ Yoast SEO plugin. -->","yoast_head_json":{"title":"\"Je suis choque\u0301e\" : Cynthia Malkoul sort du silence apre\u0300s que sa vie intime a e\u0301te\u0301 de\u0301balle\u0301e sur la Toile !","robots":{"index":"index","follow":"follow","max-snippet":"max-snippet:-1","max-image-preview":"max-image-preview:large","max-video-preview":"max-video-preview:-1"},"canonical":"https:\/\/elukelele.com\/fr\/divertissement\/je-suis-choquee-cynthia-malkoul-sort-du-silence-apres-que-sa-vie-intime-a-ete-deballee-sur-la-toile\/","og_locale":"fr_FR","og_type":"article","og_title":"\"Je suis choque\u0301e\" : Cynthia Malkoul sort du silence apre\u0300s que sa vie intime a e\u0301te\u0301 de\u0301balle\u0301e sur la Toile !","og_description":"Cynthia Malkoul, figure connue de la t\u00e9l\u00e9r\u00e9alit\u00e9 fran\u00e7aise, se retrouve actuellement au c\u0153ur d&rsquo;une temp\u00eate m\u00e9diatique d&rsquo;une ampleur consid\u00e9rable. Sa vie priv\u00e9e a \u00e9t\u00e9 expos\u00e9e publiquement sur la toile, d\u00e9clenchant une vague de r\u00e9actions et de commentaires. Face \u00e0 cette situation, Cynthia Malkoul est \u00ab\u00a0choqu\u00e9e\u00a0\u00bb et a d\u00e9cid\u00e9 de briser le silence, livrant un t\u00e9moignage [&hellip;]","og_url":"https:\/\/elukelele.com\/fr\/divertissement\/je-suis-choquee-cynthia-malkoul-sort-du-silence-apres-que-sa-vie-intime-a-ete-deballee-sur-la-toile\/","og_site_name":"El Ukelele","article_published_time":"2025-11-24T11:53:57+00:00","article_modified_time":"2025-11-24T11:53:58+00:00","og_image":[{"width":1200,"height":628,"url":"https:\/\/elukelele.com\/fr\/wp-content\/uploads\/2025\/11\/framed_only-437.png","type":"image\/png"}],"author":"Daniel Perrin","twitter_card":"summary_large_image","twitter_misc":{"\u00c9crit par":"Daniel Perrin","Dur\u00e9e de lecture estim\u00e9e":"4 minutes"},"schema":{"@context":"https:\/\/schema.org","@graph":[{"@type":"WebPage","@id":"https:\/\/elukelele.com\/fr\/divertissement\/je-suis-choquee-cynthia-malkoul-sort-du-silence-apres-que-sa-vie-intime-a-ete-deballee-sur-la-toile\/","url":"https:\/\/elukelele.com\/fr\/divertissement\/je-suis-choquee-cynthia-malkoul-sort-du-silence-apres-que-sa-vie-intime-a-ete-deballee-sur-la-toile\/","name":"\"Je suis choque\u0301e\" : Cynthia Malkoul sort du silence apre\u0300s que sa vie intime a e\u0301te\u0301 de\u0301balle\u0301e sur la Toile !","isPartOf":{"@id":"https:\/\/elukelele.com\/fr\/#website"},"primaryImageOfPage":{"@id":"https:\/\/elukelele.com\/fr\/divertissement\/je-suis-choquee-cynthia-malkoul-sort-du-silence-apres-que-sa-vie-intime-a-ete-deballee-sur-la-toile\/#primaryimage"},"image":{"@id":"https:\/\/elukelele.com\/fr\/divertissement\/je-suis-choquee-cynthia-malkoul-sort-du-silence-apres-que-sa-vie-intime-a-ete-deballee-sur-la-toile\/#primaryimage"},"thumbnailUrl":"https:\/\/elukelele.com\/fr\/wp-content\/uploads\/2025\/11\/framed_only-437.png","datePublished":"2025-11-24T11:53:57+00:00","dateModified":"2025-11-24T11:53:58+00:00","author":{"@id":"https:\/\/elukelele.com\/fr\/#\/schema\/person\/ccfb3d2be2ec7fa389608eb6da0b38d6"},"breadcrumb":{"@id":"https:\/\/elukelele.com\/fr\/divertissement\/je-suis-choquee-cynthia-malkoul-sort-du-silence-apres-que-sa-vie-intime-a-ete-deballee-sur-la-toile\/#breadcrumb"},"inLanguage":"fr-FR","potentialAction":[{"@type":"ReadAction","target":["https:\/\/elukelele.com\/fr\/divertissement\/je-suis-choquee-cynthia-malkoul-sort-du-silence-apres-que-sa-vie-intime-a-ete-deballee-sur-la-toile\/"]}]},{"@type":"ImageObject","inLanguage":"fr-FR","@id":"https:\/\/elukelele.com\/fr\/divertissement\/je-suis-choquee-cynthia-malkoul-sort-du-silence-apres-que-sa-vie-intime-a-ete-deballee-sur-la-toile\/#primaryimage","url":"https:\/\/elukelele.com\/fr\/wp-content\/uploads\/2025\/11\/framed_only-437.png","contentUrl":"https:\/\/elukelele.com\/fr\/wp-content\/uploads\/2025\/11\/framed_only-437.png","width":1200,"height":628,"caption":"Cynthia"},{"@type":"BreadcrumbList","@id":"https:\/\/elukelele.com\/fr\/divertissement\/je-suis-choquee-cynthia-malkoul-sort-du-silence-apres-que-sa-vie-intime-a-ete-deballee-sur-la-toile\/#breadcrumb","itemListElement":[{"@type":"ListItem","position":1,"name":"Home","item":"https:\/\/elukelele.com\/fr\/"},{"@type":"ListItem","position":2,"name":"\u00ab\u00a0Je suis choque\u0301e\u00a0\u00bb : Cynthia Malkoul sort du silence apre\u0300s que sa vie intime a e\u0301te\u0301 de\u0301balle\u0301e sur la Toile !"}]},{"@type":"WebSite","@id":"https:\/\/elukelele.com\/fr\/#website","url":"https:\/\/elukelele.com\/fr\/","name":"El Ukelele","description":"Musique au-del\u00e0 de l&#039;indie","potentialAction":[{"@type":"SearchAction","target":{"@type":"EntryPoint","urlTemplate":"https:\/\/elukelele.com\/fr\/?s={search_term_string}"},"query-input":{"@type":"PropertyValueSpecification","valueRequired":true,"valueName":"search_term_string"}}],"inLanguage":"fr-FR"},{"@type":"Person","@id":"https:\/\/elukelele.com\/fr\/#\/schema\/person\/ccfb3d2be2ec7fa389608eb6da0b38d6","name":"Daniel Perrin","image":{"@type":"ImageObject","inLanguage":"fr-FR","@id":"https:\/\/elukelele.com\/fr\/#\/schema\/person\/image\/","url":"https:\/\/secure.gravatar.com\/avatar\/37f9d9ffa29ce5640a0d9c6ca8bbd90afb854014296ecaa0e3a558ac716e6fe4?s=96&d=mm&r=g","contentUrl":"https:\/\/secure.gravatar.com\/avatar\/37f9d9ffa29ce5640a0d9c6ca8bbd90afb854014296ecaa0e3a558ac716e6fe4?s=96&d=mm&r=g","caption":"Daniel Perrin"},"sameAs":["https:\/\/elukelele.com\/fr"],"url":"https:\/\/elukelele.com\/fr\/author\/daniel-perrin\/"}]}},"_links":{"self":[{"href":"https:\/\/elukelele.com\/fr\/wp-json\/wp\/v2\/posts\/45520","targetHints":{"allow":["GET"]}}],"collection":[{"href":"https:\/\/elukelele.com\/fr\/wp-json\/wp\/v2\/posts"}],"about":[{"href":"https:\/\/elukelele.com\/fr\/wp-json\/wp\/v2\/types\/post"}],"author":[{"embeddable":true,"href":"https:\/\/elukelele.com\/fr\/wp-json\/wp\/v2\/users\/4"}],"replies":[{"embeddable":true,"href":"https:\/\/elukelele.com\/fr\/wp-json\/wp\/v2\/comments?post=45520"}],"version-history":[{"count":1,"href":"https:\/\/elukelele.com\/fr\/wp-json\/wp\/v2\/posts\/45520\/revisions"}],"predecessor-version":[{"id":45667,"href":"https:\/\/elukelele.com\/fr\/wp-json\/wp\/v2\/posts\/45520\/revisions\/45667"}],"wp:featuredmedia":[{"embeddable":true,"href":"https:\/\/elukelele.com\/fr\/wp-json\/wp\/v2\/media\/45519"}],"wp:attachment":[{"href":"https:\/\/elukelele.com\/fr\/wp-json\/wp\/v2\/media?parent=45520"}],"wp:term":[{"taxonomy":"category","embeddable":true,"href":"https:\/\/elukelele.com\/fr\/wp-json\/wp\/v2\/categories?post=45520"},{"taxonomy":"post_tag","embeddable":true,"href":"https:\/\/elukelele.com\/fr\/wp-json\/wp\/v2\/tags?post=45520"}],"curies":[{"name":"wp","href":"https:\/\/api.w.org\/{rel}","templated":true}]}}