{"id":45508,"date":"2025-11-24T11:07:58","date_gmt":"2025-11-24T11:07:58","guid":{"rendered":"https:\/\/elukelele.com\/fr\/?p=45508"},"modified":"2025-11-24T11:07:59","modified_gmt":"2025-11-24T11:07:59","slug":"mohamed-bouhafsi-sechement-recadre-par-laurentbaffie-et-il-ne-sait-plus-ou-se-mettre","status":"publish","type":"post","link":"https:\/\/elukelele.com\/fr\/divertissement\/mohamed-bouhafsi-sechement-recadre-par-laurentbaffie-et-il-ne-sait-plus-ou-se-mettre\/","title":{"rendered":"Mohamed Bouhafsi s\u00e8chement recadr\u00e9 par Laurent\nBaffie et il ne sait plus o\u00f9 se mettre"},"content":{"rendered":"<p>le plateau de l&rsquo;\u00e9mission \u00ab\u00a0C \u00e0 vous\u00a0\u00bb a \u00e9t\u00e9 le th\u00e9\u00e2tre d&rsquo;un \u00e9change tendu et remarqu\u00e9 entre l&rsquo;animateur Mohamed Bouhafsi et l&rsquo;humoriste Laurent Baffie. Venu promouvoir son nouveau spectacle et rendre hommage \u00e0 son ami Thierry Ardisson, Laurent Baffie n&rsquo;a pas h\u00e9sit\u00e9 \u00e0 recadrer s\u00e8chement Mohamed Bouhafsi, cr\u00e9ant un moment de malaise palpable pour le journaliste.<\/p>\n<h2>Laurent Baffie sur le plateau de C \u00e0 vous : entre promotion et \u00e9motion<\/h2>\n<p>L&rsquo;invitation de Laurent Baffie sur le plateau de \u00ab\u00a0C \u00e0 vous\u00a0\u00bb avait initialement pour but de discuter de son actualit\u00e9. L&rsquo;humoriste pr\u00e9sentait en effet son nouveau spectacle, intitul\u00e9 \u00ab\u00a0Oh p*tain Laurent !\u00a0\u00bb. L&rsquo;interview a \u00e9galement permis \u00e0 Laurent Baffie de revenir sur la disparition de Thierry Ardisson, d\u00e9c\u00e9d\u00e9 le 14 juillet pr\u00e9c\u00e9dent. Un extrait d&rsquo;une des derni\u00e8res interviews de \u00ab\u00a0l&rsquo;homme en noir\u00a0\u00bb dans le podcast de Baffie a \u00e9t\u00e9 diffus\u00e9, suscitant une \u00e9motion certaine chez l&rsquo;invit\u00e9 qui a comment\u00e9 avec tendresse : \u00ab\u00a0Il est n\u00e9 le jour de la galette des rois, il est mort, le jour de la r\u00e9volution, le mec a tout \u00e9crit, il a tout programm\u00e9, il a \u00e9crit sa vie\u00a0\u00bb.<\/p>\n<h2>Le recadrage inattendu de Mohamed Bouhafsi<\/h2>\n<p>C&rsquo;est lors d&rsquo;une autre s\u00e9quence que le ton de l&rsquo;\u00e9mission a bascul\u00e9. Mohamed Bouhafsi recevait \u00e9galement Jeanne, une jeune femme mise en lumi\u00e8re par un num\u00e9ro in\u00e9dit de \u00ab\u00a0Zone Interdite\u00a0\u00bb consacr\u00e9 \u00e0 la trisomie. En abordant son t\u00e9moignage, l&rsquo;animateur a cit\u00e9 une phrase de Jeanne extraite du documentaire : \u00ab\u00a0Est-ce qu&rsquo;on a le droit d&rsquo;aimer et d&rsquo;\u00eatre heureux quand on est porteur de handicap ?\u00a0\u00bb.<\/p>\n<p>Poursuivant son questionnement, Mohamed Bouhafsi a demand\u00e9 \u00e0 Jeanne si elle r\u00eavait de tomber amoureuse. Apr\u00e8s une r\u00e9ponse affirmative de son invit\u00e9e, le journaliste a ajout\u00e9 une pr\u00e9cision qui a d\u00e9clench\u00e9 la r\u00e9action de Laurent Baffie : \u00ab\u00a0Mais d&rsquo;une personne dite &lsquo;normale'\u00a0\u00bb.<\/p>\n<p>Assis aux c\u00f4t\u00e9s d&rsquo;Oph\u00e9lie Meunier, Laurent Baffie a imm\u00e9diatement interpell\u00e9 Mohamed Bouhafsi avec fermet\u00e9. \u00ab\u00a0C&rsquo;est horrible ce mot, &lsquo;normal'\u00a0\u00bb, a-t-il lanc\u00e9, avant d&rsquo;expliquer son propos : \u00ab\u00a0Quand on parle avec Jeanne, il n&rsquo;y a aucun sentiment d&rsquo;anormalit\u00e9\u00a0\u00bb. Pour l&rsquo;humoriste, l&#8217;emploi de ce qualificatif tend \u00e0 stigmatiser et \u00e0 cr\u00e9er une distinction inappropri\u00e9e.<\/p>\n<h2>La r\u00e9action de Mohamed Bouhafsi et la fin de la s\u00e9quence<\/h2>\n<p>Face \u00e0 cette remontrance publique, Mohamed Bouhafsi est apparu visiblement d\u00e9contenanc\u00e9, ne sachant \u00ab\u00a0plus o\u00f9 se mettre\u00a0\u00bb. Il a tent\u00e9 de se justifier en expliquant qu&rsquo;il reprenait les termes utilis\u00e9s par Jeanne elle-m\u00eame dans le documentaire, soulignant le courage de son t\u00e9moignage. \u00ab\u00a0Attention Laurent,\u00a0\u00bb a-t-il r\u00e9torqu\u00e9, \u00ab\u00a0pour r\u00e9pondre \u00e0 cette question-l\u00e0, je reprends les termes de Jeanne dans le documentaire. C&rsquo;est tr\u00e8s courageux.\u00a0\u00bb<\/p>\n<p>Cependant, le journaliste a rapidement fait preuve d&rsquo;humilit\u00e9 et a reconnu la pertinence de l&rsquo;intervention de Laurent Baffie. Il a conc\u00e9d\u00e9 : \u00ab\u00a0Laurent a raison [&#8230;] La soci\u00e9t\u00e9 doit enlever ce mot\u00a0\u00bb. L&rsquo;\u00e9change s&rsquo;est conclu sur une note plus l\u00e9g\u00e8re, typique de l&rsquo;humour de Laurent Baffie, qui a d\u00e9clar\u00e9 en tapant du poing sur la table : \u00ab\u00a0Jeanne, je suis anormal\u00a0\u00bb. Mohamed Bouhafsi a alors rench\u00e9ri avec un sourire : \u00ab\u00a0Laurent Baffie, c&rsquo;est s\u00fbr que vous \u00eates anormal !\u00a0\u00bb. Ce moment a mis en lumi\u00e8re la spontan\u00e9it\u00e9 et la franchise de Laurent Baffie, tout en soulignant la volont\u00e9 de Mohamed Bouhafsi de s&rsquo;adapter et de reconna\u00eetre une erreur de formulation.<\/p>\n<h2>Conclusion<\/h2>\n<p>L&rsquo;incident entre Mohamed Bouhafsi et Laurent Baffie sur \u00ab\u00a0C \u00e0 vous\u00a0\u00bb a offert aux t\u00e9l\u00e9spectateurs un moment de t\u00e9l\u00e9vision authentique, o\u00f9 la spontan\u00e9it\u00e9 d&rsquo;un invit\u00e9 a permis de soulever une question importante sur le langage et la perception du handicap. Le recadrage, bien que sec, a \u00e9t\u00e9 constructive, menant \u00e0 une prise de conscience en direct et une discussion sur l&rsquo;importance de choisir les mots justes pour \u00e9viter toute forme de stigmatisation. Ce type d&rsquo;\u00e9change rappelle le r\u00f4le que peuvent jouer les personnalit\u00e9s m\u00e9diatiques dans la sensibilisation du public \u00e0 des enjeux de soci\u00e9t\u00e9 cruciaux.<\/p>\n","protected":false},"excerpt":{"rendered":"<p>le plateau de l&rsquo;\u00e9mission \u00ab\u00a0C \u00e0 vous\u00a0\u00bb a \u00e9t\u00e9 le th\u00e9\u00e2tre d&rsquo;un \u00e9change tendu et remarqu\u00e9 entre l&rsquo;animateur Mohamed Bouhafsi et l&rsquo;humoriste Laurent Baffie. Venu promouvoir son nouveau spectacle et rendre hommage \u00e0 son ami Thierry Ardisson, Laurent Baffie n&rsquo;a pas h\u00e9sit\u00e9 \u00e0 recadrer s\u00e8chement Mohamed Bouhafsi, cr\u00e9ant un moment de malaise palpable pour le [&hellip;]<\/p>\n","protected":false},"author":4,"featured_media":45507,"comment_status":"open","ping_status":"open","sticky":false,"template":"","format":"standard","meta":{"_yoast_wpseo_title":"Mohamed Bouhafsi s\u00e8chement recadr\u00e9 par Laurent Baffie et il ne sait plus o\u00f9 se mettre","_yoast_wpseo_metadesc":"","_yoast_wpseo_focuskw":"Mohamed Bouhafsi"},"categories":[5],"tags":[],"class_list":["post-45508","post","type-post","status-publish","format-standard","has-post-thumbnail","hentry","category-divertissement"],"yoast_head":"<!-- This site is optimized with the Yoast SEO plugin v26.3 - https:\/\/yoast.com\/wordpress\/plugins\/seo\/ -->\n<title>Mohamed Bouhafsi s\u00e8chement recadr\u00e9 par Laurent Baffie et il ne sait plus o\u00f9 se mettre<\/title>\n<meta name=\"robots\" content=\"index, follow, max-snippet:-1, max-image-preview:large, max-video-preview:-1\" \/>\n<link rel=\"canonical\" href=\"https:\/\/elukelele.com\/fr\/divertissement\/mohamed-bouhafsi-sechement-recadre-par-laurentbaffie-et-il-ne-sait-plus-ou-se-mettre\/\" \/>\n<meta property=\"og:locale\" content=\"fr_FR\" \/>\n<meta property=\"og:type\" content=\"article\" \/>\n<meta property=\"og:title\" content=\"Mohamed Bouhafsi s\u00e8chement recadr\u00e9 par Laurent Baffie et il ne sait plus o\u00f9 se mettre\" \/>\n<meta property=\"og:description\" content=\"le plateau de l&rsquo;\u00e9mission \u00ab\u00a0C \u00e0 vous\u00a0\u00bb a \u00e9t\u00e9 le th\u00e9\u00e2tre d&rsquo;un \u00e9change tendu et remarqu\u00e9 entre l&rsquo;animateur Mohamed Bouhafsi et l&rsquo;humoriste Laurent Baffie. Venu promouvoir son nouveau spectacle et rendre hommage \u00e0 son ami Thierry Ardisson, Laurent Baffie n&rsquo;a pas h\u00e9sit\u00e9 \u00e0 recadrer s\u00e8chement Mohamed Bouhafsi, cr\u00e9ant un moment de malaise palpable pour le [&hellip;]\" \/>\n<meta property=\"og:url\" content=\"https:\/\/elukelele.com\/fr\/divertissement\/mohamed-bouhafsi-sechement-recadre-par-laurentbaffie-et-il-ne-sait-plus-ou-se-mettre\/\" \/>\n<meta property=\"og:site_name\" content=\"El Ukelele\" \/>\n<meta property=\"article:published_time\" content=\"2025-11-24T11:07:58+00:00\" \/>\n<meta property=\"article:modified_time\" content=\"2025-11-24T11:07:59+00:00\" \/>\n<meta property=\"og:image\" content=\"https:\/\/elukelele.com\/fr\/wp-content\/uploads\/2025\/11\/framed_only-431.png\" \/>\n\t<meta property=\"og:image:width\" content=\"1200\" \/>\n\t<meta property=\"og:image:height\" content=\"628\" \/>\n\t<meta property=\"og:image:type\" content=\"image\/png\" \/>\n<meta name=\"author\" content=\"Daniel Perrin\" \/>\n<meta name=\"twitter:card\" content=\"summary_large_image\" \/>\n<meta name=\"twitter:label1\" content=\"\u00c9crit par\" \/>\n\t<meta name=\"twitter:data1\" content=\"Daniel Perrin\" \/>\n\t<meta name=\"twitter:label2\" content=\"Dur\u00e9e de lecture estim\u00e9e\" \/>\n\t<meta name=\"twitter:data2\" content=\"4 minutes\" \/>\n<script type=\"application\/ld+json\" class=\"yoast-schema-graph\">{\"@context\":\"https:\/\/schema.org\",\"@graph\":[{\"@type\":\"WebPage\",\"@id\":\"https:\/\/elukelele.com\/fr\/divertissement\/mohamed-bouhafsi-sechement-recadre-par-laurentbaffie-et-il-ne-sait-plus-ou-se-mettre\/\",\"url\":\"https:\/\/elukelele.com\/fr\/divertissement\/mohamed-bouhafsi-sechement-recadre-par-laurentbaffie-et-il-ne-sait-plus-ou-se-mettre\/\",\"name\":\"Mohamed Bouhafsi s\u00e8chement recadr\u00e9 par Laurent Baffie et il ne sait plus o\u00f9 se mettre\",\"isPartOf\":{\"@id\":\"https:\/\/elukelele.com\/fr\/#website\"},\"primaryImageOfPage\":{\"@id\":\"https:\/\/elukelele.com\/fr\/divertissement\/mohamed-bouhafsi-sechement-recadre-par-laurentbaffie-et-il-ne-sait-plus-ou-se-mettre\/#primaryimage\"},\"image\":{\"@id\":\"https:\/\/elukelele.com\/fr\/divertissement\/mohamed-bouhafsi-sechement-recadre-par-laurentbaffie-et-il-ne-sait-plus-ou-se-mettre\/#primaryimage\"},\"thumbnailUrl\":\"https:\/\/elukelele.com\/fr\/wp-content\/uploads\/2025\/11\/framed_only-431.png\",\"datePublished\":\"2025-11-24T11:07:58+00:00\",\"dateModified\":\"2025-11-24T11:07:59+00:00\",\"author\":{\"@id\":\"https:\/\/elukelele.com\/fr\/#\/schema\/person\/ccfb3d2be2ec7fa389608eb6da0b38d6\"},\"breadcrumb\":{\"@id\":\"https:\/\/elukelele.com\/fr\/divertissement\/mohamed-bouhafsi-sechement-recadre-par-laurentbaffie-et-il-ne-sait-plus-ou-se-mettre\/#breadcrumb\"},\"inLanguage\":\"fr-FR\",\"potentialAction\":[{\"@type\":\"ReadAction\",\"target\":[\"https:\/\/elukelele.com\/fr\/divertissement\/mohamed-bouhafsi-sechement-recadre-par-laurentbaffie-et-il-ne-sait-plus-ou-se-mettre\/\"]}]},{\"@type\":\"ImageObject\",\"inLanguage\":\"fr-FR\",\"@id\":\"https:\/\/elukelele.com\/fr\/divertissement\/mohamed-bouhafsi-sechement-recadre-par-laurentbaffie-et-il-ne-sait-plus-ou-se-mettre\/#primaryimage\",\"url\":\"https:\/\/elukelele.com\/fr\/wp-content\/uploads\/2025\/11\/framed_only-431.png\",\"contentUrl\":\"https:\/\/elukelele.com\/fr\/wp-content\/uploads\/2025\/11\/framed_only-431.png\",\"width\":1200,\"height\":628,\"caption\":\"Mohamed Bouhafsi\"},{\"@type\":\"BreadcrumbList\",\"@id\":\"https:\/\/elukelele.com\/fr\/divertissement\/mohamed-bouhafsi-sechement-recadre-par-laurentbaffie-et-il-ne-sait-plus-ou-se-mettre\/#breadcrumb\",\"itemListElement\":[{\"@type\":\"ListItem\",\"position\":1,\"name\":\"Home\",\"item\":\"https:\/\/elukelele.com\/fr\/\"},{\"@type\":\"ListItem\",\"position\":2,\"name\":\"Mohamed Bouhafsi s\u00e8chement recadr\u00e9 par Laurent Baffie et il ne sait plus o\u00f9 se mettre\"}]},{\"@type\":\"WebSite\",\"@id\":\"https:\/\/elukelele.com\/fr\/#website\",\"url\":\"https:\/\/elukelele.com\/fr\/\",\"name\":\"El Ukelele\",\"description\":\"Musique au-del\u00e0 de l&#039;indie\",\"potentialAction\":[{\"@type\":\"SearchAction\",\"target\":{\"@type\":\"EntryPoint\",\"urlTemplate\":\"https:\/\/elukelele.com\/fr\/?s={search_term_string}\"},\"query-input\":{\"@type\":\"PropertyValueSpecification\",\"valueRequired\":true,\"valueName\":\"search_term_string\"}}],\"inLanguage\":\"fr-FR\"},{\"@type\":\"Person\",\"@id\":\"https:\/\/elukelele.com\/fr\/#\/schema\/person\/ccfb3d2be2ec7fa389608eb6da0b38d6\",\"name\":\"Daniel Perrin\",\"image\":{\"@type\":\"ImageObject\",\"inLanguage\":\"fr-FR\",\"@id\":\"https:\/\/elukelele.com\/fr\/#\/schema\/person\/image\/\",\"url\":\"https:\/\/secure.gravatar.com\/avatar\/37f9d9ffa29ce5640a0d9c6ca8bbd90afb854014296ecaa0e3a558ac716e6fe4?s=96&d=mm&r=g\",\"contentUrl\":\"https:\/\/secure.gravatar.com\/avatar\/37f9d9ffa29ce5640a0d9c6ca8bbd90afb854014296ecaa0e3a558ac716e6fe4?s=96&d=mm&r=g\",\"caption\":\"Daniel Perrin\"},\"sameAs\":[\"https:\/\/elukelele.com\/fr\"],\"url\":\"https:\/\/elukelele.com\/fr\/author\/daniel-perrin\/\"}]}<\/script>\n<!-- \/ Yoast SEO plugin. -->","yoast_head_json":{"title":"Mohamed Bouhafsi s\u00e8chement recadr\u00e9 par Laurent Baffie et il ne sait plus o\u00f9 se mettre","robots":{"index":"index","follow":"follow","max-snippet":"max-snippet:-1","max-image-preview":"max-image-preview:large","max-video-preview":"max-video-preview:-1"},"canonical":"https:\/\/elukelele.com\/fr\/divertissement\/mohamed-bouhafsi-sechement-recadre-par-laurentbaffie-et-il-ne-sait-plus-ou-se-mettre\/","og_locale":"fr_FR","og_type":"article","og_title":"Mohamed Bouhafsi s\u00e8chement recadr\u00e9 par Laurent Baffie et il ne sait plus o\u00f9 se mettre","og_description":"le plateau de l&rsquo;\u00e9mission \u00ab\u00a0C \u00e0 vous\u00a0\u00bb a \u00e9t\u00e9 le th\u00e9\u00e2tre d&rsquo;un \u00e9change tendu et remarqu\u00e9 entre l&rsquo;animateur Mohamed Bouhafsi et l&rsquo;humoriste Laurent Baffie. Venu promouvoir son nouveau spectacle et rendre hommage \u00e0 son ami Thierry Ardisson, Laurent Baffie n&rsquo;a pas h\u00e9sit\u00e9 \u00e0 recadrer s\u00e8chement Mohamed Bouhafsi, cr\u00e9ant un moment de malaise palpable pour le [&hellip;]","og_url":"https:\/\/elukelele.com\/fr\/divertissement\/mohamed-bouhafsi-sechement-recadre-par-laurentbaffie-et-il-ne-sait-plus-ou-se-mettre\/","og_site_name":"El Ukelele","article_published_time":"2025-11-24T11:07:58+00:00","article_modified_time":"2025-11-24T11:07:59+00:00","og_image":[{"width":1200,"height":628,"url":"https:\/\/elukelele.com\/fr\/wp-content\/uploads\/2025\/11\/framed_only-431.png","type":"image\/png"}],"author":"Daniel Perrin","twitter_card":"summary_large_image","twitter_misc":{"\u00c9crit par":"Daniel Perrin","Dur\u00e9e de lecture estim\u00e9e":"4 minutes"},"schema":{"@context":"https:\/\/schema.org","@graph":[{"@type":"WebPage","@id":"https:\/\/elukelele.com\/fr\/divertissement\/mohamed-bouhafsi-sechement-recadre-par-laurentbaffie-et-il-ne-sait-plus-ou-se-mettre\/","url":"https:\/\/elukelele.com\/fr\/divertissement\/mohamed-bouhafsi-sechement-recadre-par-laurentbaffie-et-il-ne-sait-plus-ou-se-mettre\/","name":"Mohamed Bouhafsi s\u00e8chement recadr\u00e9 par Laurent Baffie et il ne sait plus o\u00f9 se mettre","isPartOf":{"@id":"https:\/\/elukelele.com\/fr\/#website"},"primaryImageOfPage":{"@id":"https:\/\/elukelele.com\/fr\/divertissement\/mohamed-bouhafsi-sechement-recadre-par-laurentbaffie-et-il-ne-sait-plus-ou-se-mettre\/#primaryimage"},"image":{"@id":"https:\/\/elukelele.com\/fr\/divertissement\/mohamed-bouhafsi-sechement-recadre-par-laurentbaffie-et-il-ne-sait-plus-ou-se-mettre\/#primaryimage"},"thumbnailUrl":"https:\/\/elukelele.com\/fr\/wp-content\/uploads\/2025\/11\/framed_only-431.png","datePublished":"2025-11-24T11:07:58+00:00","dateModified":"2025-11-24T11:07:59+00:00","author":{"@id":"https:\/\/elukelele.com\/fr\/#\/schema\/person\/ccfb3d2be2ec7fa389608eb6da0b38d6"},"breadcrumb":{"@id":"https:\/\/elukelele.com\/fr\/divertissement\/mohamed-bouhafsi-sechement-recadre-par-laurentbaffie-et-il-ne-sait-plus-ou-se-mettre\/#breadcrumb"},"inLanguage":"fr-FR","potentialAction":[{"@type":"ReadAction","target":["https:\/\/elukelele.com\/fr\/divertissement\/mohamed-bouhafsi-sechement-recadre-par-laurentbaffie-et-il-ne-sait-plus-ou-se-mettre\/"]}]},{"@type":"ImageObject","inLanguage":"fr-FR","@id":"https:\/\/elukelele.com\/fr\/divertissement\/mohamed-bouhafsi-sechement-recadre-par-laurentbaffie-et-il-ne-sait-plus-ou-se-mettre\/#primaryimage","url":"https:\/\/elukelele.com\/fr\/wp-content\/uploads\/2025\/11\/framed_only-431.png","contentUrl":"https:\/\/elukelele.com\/fr\/wp-content\/uploads\/2025\/11\/framed_only-431.png","width":1200,"height":628,"caption":"Mohamed Bouhafsi"},{"@type":"BreadcrumbList","@id":"https:\/\/elukelele.com\/fr\/divertissement\/mohamed-bouhafsi-sechement-recadre-par-laurentbaffie-et-il-ne-sait-plus-ou-se-mettre\/#breadcrumb","itemListElement":[{"@type":"ListItem","position":1,"name":"Home","item":"https:\/\/elukelele.com\/fr\/"},{"@type":"ListItem","position":2,"name":"Mohamed Bouhafsi s\u00e8chement recadr\u00e9 par Laurent Baffie et il ne sait plus o\u00f9 se mettre"}]},{"@type":"WebSite","@id":"https:\/\/elukelele.com\/fr\/#website","url":"https:\/\/elukelele.com\/fr\/","name":"El Ukelele","description":"Musique au-del\u00e0 de l&#039;indie","potentialAction":[{"@type":"SearchAction","target":{"@type":"EntryPoint","urlTemplate":"https:\/\/elukelele.com\/fr\/?s={search_term_string}"},"query-input":{"@type":"PropertyValueSpecification","valueRequired":true,"valueName":"search_term_string"}}],"inLanguage":"fr-FR"},{"@type":"Person","@id":"https:\/\/elukelele.com\/fr\/#\/schema\/person\/ccfb3d2be2ec7fa389608eb6da0b38d6","name":"Daniel Perrin","image":{"@type":"ImageObject","inLanguage":"fr-FR","@id":"https:\/\/elukelele.com\/fr\/#\/schema\/person\/image\/","url":"https:\/\/secure.gravatar.com\/avatar\/37f9d9ffa29ce5640a0d9c6ca8bbd90afb854014296ecaa0e3a558ac716e6fe4?s=96&d=mm&r=g","contentUrl":"https:\/\/secure.gravatar.com\/avatar\/37f9d9ffa29ce5640a0d9c6ca8bbd90afb854014296ecaa0e3a558ac716e6fe4?s=96&d=mm&r=g","caption":"Daniel Perrin"},"sameAs":["https:\/\/elukelele.com\/fr"],"url":"https:\/\/elukelele.com\/fr\/author\/daniel-perrin\/"}]}},"_links":{"self":[{"href":"https:\/\/elukelele.com\/fr\/wp-json\/wp\/v2\/posts\/45508","targetHints":{"allow":["GET"]}}],"collection":[{"href":"https:\/\/elukelele.com\/fr\/wp-json\/wp\/v2\/posts"}],"about":[{"href":"https:\/\/elukelele.com\/fr\/wp-json\/wp\/v2\/types\/post"}],"author":[{"embeddable":true,"href":"https:\/\/elukelele.com\/fr\/wp-json\/wp\/v2\/users\/4"}],"replies":[{"embeddable":true,"href":"https:\/\/elukelele.com\/fr\/wp-json\/wp\/v2\/comments?post=45508"}],"version-history":[{"count":1,"href":"https:\/\/elukelele.com\/fr\/wp-json\/wp\/v2\/posts\/45508\/revisions"}],"predecessor-version":[{"id":45651,"href":"https:\/\/elukelele.com\/fr\/wp-json\/wp\/v2\/posts\/45508\/revisions\/45651"}],"wp:featuredmedia":[{"embeddable":true,"href":"https:\/\/elukelele.com\/fr\/wp-json\/wp\/v2\/media\/45507"}],"wp:attachment":[{"href":"https:\/\/elukelele.com\/fr\/wp-json\/wp\/v2\/media?parent=45508"}],"wp:term":[{"taxonomy":"category","embeddable":true,"href":"https:\/\/elukelele.com\/fr\/wp-json\/wp\/v2\/categories?post=45508"},{"taxonomy":"post_tag","embeddable":true,"href":"https:\/\/elukelele.com\/fr\/wp-json\/wp\/v2\/tags?post=45508"}],"curies":[{"name":"wp","href":"https:\/\/api.w.org\/{rel}","templated":true}]}}