{"id":45502,"date":"2025-11-24T11:04:18","date_gmt":"2025-11-24T11:04:18","guid":{"rendered":"https:\/\/elukelele.com\/fr\/?p=45502"},"modified":"2025-11-24T11:04:19","modified_gmt":"2025-11-24T11:04:19","slug":"accident-disabelle-nanty-lactrice-est-toujours-en-reeducation","status":"publish","type":"post","link":"https:\/\/elukelele.com\/fr\/divertissement\/accident-disabelle-nanty-lactrice-est-toujours-en-reeducation\/","title":{"rendered":"Accident d&rsquo;Isabelle Nanty : l&rsquo;actrice est toujours en r\u00e9\u00e9ducation"},"content":{"rendered":"<p>L&rsquo;actrice Isabelle Nanty est actuellement en phase de r\u00e9\u00e9ducation, suite \u00e0 un grave accident de la circulation dont elle a \u00e9t\u00e9 victime il y a deux mois. Cette p\u00e9riode de convalescence impacte notablement ses engagements professionnels, notamment le tournage d&rsquo;une nouvelle s\u00e9rie et la promotion d&rsquo;un film \u00e0 venir.<\/p>\n<h2>D\u00e9tails de l&rsquo;accident et \u00e9tat de sant\u00e9 initial<\/h2>\n<p>Le vendredi 12 septembre dernier, Isabelle Nanty a subi un violent accident de la route sur l&rsquo;autoroute A10, alors qu&rsquo;elle se dirigeait vers la r\u00e9gion parisienne. Elle \u00e9tait passag\u00e8re d&rsquo;un v\u00e9hicule Mercedes V, dont le conducteur aurait circul\u00e9 sans permis valide, ayant perdu tous ses points.<\/p>\n<p>Initialement, la com\u00e9dienne a \u00e9t\u00e9 plac\u00e9e en urgence absolue en raison de douleurs g\u00e9n\u00e9ralis\u00e9es. Heureusement, \u00e0 son admission \u00e0 l&rsquo;h\u00f4pital de Clamart, elle a rapidement \u00e9t\u00e9 d\u00e9clar\u00e9e hors de danger.<\/p>\n<h2>R\u00e9\u00e9ducation et soutien de ses proches<\/h2>\n<p>Bien que son pronostic vital ne soit plus engag\u00e9, les blessures subies par Isabelle Nanty sont telles qu&rsquo;elles n\u00e9cessitent une surveillance continue et une r\u00e9\u00e9ducation intensive. Deux mois apr\u00e8s les faits, l&rsquo;actrice est toujours hospitalis\u00e9e et suit un programme de r\u00e9\u00e9ducation.<\/p>\n<p>Son ami de longue date, le com\u00e9dien Dany Boon, a confirm\u00e9 ces informations lors d&rsquo;une interview avec Christophe Beaugrand sur RFM. Il a exprim\u00e9 sa peur suite \u00e0 la gravit\u00e9 de l&rsquo;accident, mais a rassur\u00e9 sur le moral d&rsquo;Isabelle Nanty, pr\u00e9cisant qu&rsquo;elle recevait des visites r\u00e9guli\u00e8res de ses proches.<\/p>\n<h2>Incidences sur ses projets professionnels<\/h2>\n<p>L&rsquo;indisponibilit\u00e9 d&rsquo;Isabelle Nanty a des r\u00e9percussions directes sur ses projets en cours. Le tournage de la s\u00e9rie comico-polici\u00e8re \u00ab\u00a0Marie-Ligne incognito\u00a0\u00bb, une nouvelle production pour TF1 cr\u00e9\u00e9e par Mathieu Vergne, est notamment compromis.<\/p>\n<p>Jusqu&rsquo;\u00e0 pr\u00e9sent, la production a pu avancer en filmant les sc\u00e8nes n&rsquo;impliquant pas l&rsquo;actrice. Cependant, toutes ces s\u00e9quences \u00e9tant d\u00e9sormais achev\u00e9es, le reste du tournage, qui repose sur la pr\u00e9sence d&rsquo;Isabelle Nanty dans son r\u00f4le d&rsquo;espionne russe, est en attente. Par ailleurs, elle ne pourra pas non plus assurer la promotion du film \u00ab\u00a0\u00c0 la poursuite du p\u00e8re No\u00ebl\u00a0\u00bb, dont la sortie est pr\u00e9vue le 10 d\u00e9cembre prochain.<\/p>\n<h2>Conclusion<\/h2>\n<p>L&rsquo;accident d&rsquo;Isabelle Nanty rappelle la fragilit\u00e9 inh\u00e9rente aux al\u00e9as de la vie quotidienne. Si l&rsquo;actrice est d\u00e9sormais hors de danger, son chemin vers un r\u00e9tablissement complet via la r\u00e9\u00e9ducation est un processus qui demande du temps et de la pers\u00e9v\u00e9rance. Le soutien de ses proches, comme celui manifest\u00e9 par Dany Boon, ainsi que la patience de ses collaborateurs artistiques, sont des \u00e9l\u00e9ments cl\u00e9s pour son retour progressif sur les sc\u00e8nes et les plateaux de tournage.<\/p>\n","protected":false},"excerpt":{"rendered":"<p>L&rsquo;actrice Isabelle Nanty est actuellement en phase de r\u00e9\u00e9ducation, suite \u00e0 un grave accident de la circulation dont elle a \u00e9t\u00e9 victime il y a deux mois. Cette p\u00e9riode de convalescence impacte notablement ses engagements professionnels, notamment le tournage d&rsquo;une nouvelle s\u00e9rie et la promotion d&rsquo;un film \u00e0 venir. D\u00e9tails de l&rsquo;accident et \u00e9tat de [&hellip;]<\/p>\n","protected":false},"author":4,"featured_media":45501,"comment_status":"open","ping_status":"open","sticky":false,"template":"","format":"standard","meta":{"_yoast_wpseo_title":"Accident d'Isabelle Nanty : l'actrice est toujours en r\u00e9\u00e9ducation","_yoast_wpseo_metadesc":"","_yoast_wpseo_focuskw":"Nanty"},"categories":[5],"tags":[],"class_list":["post-45502","post","type-post","status-publish","format-standard","has-post-thumbnail","hentry","category-divertissement"],"yoast_head":"<!-- This site is optimized with the Yoast SEO plugin v26.3 - https:\/\/yoast.com\/wordpress\/plugins\/seo\/ -->\n<title>Accident d&#039;Isabelle Nanty : l&#039;actrice est toujours en r\u00e9\u00e9ducation<\/title>\n<meta name=\"robots\" content=\"index, follow, max-snippet:-1, max-image-preview:large, max-video-preview:-1\" \/>\n<link rel=\"canonical\" href=\"https:\/\/elukelele.com\/fr\/divertissement\/accident-disabelle-nanty-lactrice-est-toujours-en-reeducation\/\" \/>\n<meta property=\"og:locale\" content=\"fr_FR\" \/>\n<meta property=\"og:type\" content=\"article\" \/>\n<meta property=\"og:title\" content=\"Accident d&#039;Isabelle Nanty : l&#039;actrice est toujours en r\u00e9\u00e9ducation\" \/>\n<meta property=\"og:description\" content=\"L&rsquo;actrice Isabelle Nanty est actuellement en phase de r\u00e9\u00e9ducation, suite \u00e0 un grave accident de la circulation dont elle a \u00e9t\u00e9 victime il y a deux mois. Cette p\u00e9riode de convalescence impacte notablement ses engagements professionnels, notamment le tournage d&rsquo;une nouvelle s\u00e9rie et la promotion d&rsquo;un film \u00e0 venir. D\u00e9tails de l&rsquo;accident et \u00e9tat de [&hellip;]\" \/>\n<meta property=\"og:url\" content=\"https:\/\/elukelele.com\/fr\/divertissement\/accident-disabelle-nanty-lactrice-est-toujours-en-reeducation\/\" \/>\n<meta property=\"og:site_name\" content=\"El Ukelele\" \/>\n<meta property=\"article:published_time\" content=\"2025-11-24T11:04:18+00:00\" \/>\n<meta property=\"article:modified_time\" content=\"2025-11-24T11:04:19+00:00\" \/>\n<meta property=\"og:image\" content=\"https:\/\/elukelele.com\/fr\/wp-content\/uploads\/2025\/11\/framed_only-428.png\" \/>\n\t<meta property=\"og:image:width\" content=\"1200\" \/>\n\t<meta property=\"og:image:height\" content=\"628\" \/>\n\t<meta property=\"og:image:type\" content=\"image\/png\" \/>\n<meta name=\"author\" content=\"Daniel Perrin\" \/>\n<meta name=\"twitter:card\" content=\"summary_large_image\" \/>\n<meta name=\"twitter:label1\" content=\"\u00c9crit par\" \/>\n\t<meta name=\"twitter:data1\" content=\"Daniel Perrin\" \/>\n\t<meta name=\"twitter:label2\" content=\"Dur\u00e9e de lecture estim\u00e9e\" \/>\n\t<meta name=\"twitter:data2\" content=\"3 minutes\" \/>\n<script type=\"application\/ld+json\" class=\"yoast-schema-graph\">{\"@context\":\"https:\/\/schema.org\",\"@graph\":[{\"@type\":\"WebPage\",\"@id\":\"https:\/\/elukelele.com\/fr\/divertissement\/accident-disabelle-nanty-lactrice-est-toujours-en-reeducation\/\",\"url\":\"https:\/\/elukelele.com\/fr\/divertissement\/accident-disabelle-nanty-lactrice-est-toujours-en-reeducation\/\",\"name\":\"Accident d'Isabelle Nanty : l'actrice est toujours en r\u00e9\u00e9ducation\",\"isPartOf\":{\"@id\":\"https:\/\/elukelele.com\/fr\/#website\"},\"primaryImageOfPage\":{\"@id\":\"https:\/\/elukelele.com\/fr\/divertissement\/accident-disabelle-nanty-lactrice-est-toujours-en-reeducation\/#primaryimage\"},\"image\":{\"@id\":\"https:\/\/elukelele.com\/fr\/divertissement\/accident-disabelle-nanty-lactrice-est-toujours-en-reeducation\/#primaryimage\"},\"thumbnailUrl\":\"https:\/\/elukelele.com\/fr\/wp-content\/uploads\/2025\/11\/framed_only-428.png\",\"datePublished\":\"2025-11-24T11:04:18+00:00\",\"dateModified\":\"2025-11-24T11:04:19+00:00\",\"author\":{\"@id\":\"https:\/\/elukelele.com\/fr\/#\/schema\/person\/ccfb3d2be2ec7fa389608eb6da0b38d6\"},\"breadcrumb\":{\"@id\":\"https:\/\/elukelele.com\/fr\/divertissement\/accident-disabelle-nanty-lactrice-est-toujours-en-reeducation\/#breadcrumb\"},\"inLanguage\":\"fr-FR\",\"potentialAction\":[{\"@type\":\"ReadAction\",\"target\":[\"https:\/\/elukelele.com\/fr\/divertissement\/accident-disabelle-nanty-lactrice-est-toujours-en-reeducation\/\"]}]},{\"@type\":\"ImageObject\",\"inLanguage\":\"fr-FR\",\"@id\":\"https:\/\/elukelele.com\/fr\/divertissement\/accident-disabelle-nanty-lactrice-est-toujours-en-reeducation\/#primaryimage\",\"url\":\"https:\/\/elukelele.com\/fr\/wp-content\/uploads\/2025\/11\/framed_only-428.png\",\"contentUrl\":\"https:\/\/elukelele.com\/fr\/wp-content\/uploads\/2025\/11\/framed_only-428.png\",\"width\":1200,\"height\":628,\"caption\":\"Nanty\"},{\"@type\":\"BreadcrumbList\",\"@id\":\"https:\/\/elukelele.com\/fr\/divertissement\/accident-disabelle-nanty-lactrice-est-toujours-en-reeducation\/#breadcrumb\",\"itemListElement\":[{\"@type\":\"ListItem\",\"position\":1,\"name\":\"Home\",\"item\":\"https:\/\/elukelele.com\/fr\/\"},{\"@type\":\"ListItem\",\"position\":2,\"name\":\"Accident d&rsquo;Isabelle Nanty : l&rsquo;actrice est toujours en r\u00e9\u00e9ducation\"}]},{\"@type\":\"WebSite\",\"@id\":\"https:\/\/elukelele.com\/fr\/#website\",\"url\":\"https:\/\/elukelele.com\/fr\/\",\"name\":\"El Ukelele\",\"description\":\"Musique au-del\u00e0 de l&#039;indie\",\"potentialAction\":[{\"@type\":\"SearchAction\",\"target\":{\"@type\":\"EntryPoint\",\"urlTemplate\":\"https:\/\/elukelele.com\/fr\/?s={search_term_string}\"},\"query-input\":{\"@type\":\"PropertyValueSpecification\",\"valueRequired\":true,\"valueName\":\"search_term_string\"}}],\"inLanguage\":\"fr-FR\"},{\"@type\":\"Person\",\"@id\":\"https:\/\/elukelele.com\/fr\/#\/schema\/person\/ccfb3d2be2ec7fa389608eb6da0b38d6\",\"name\":\"Daniel Perrin\",\"image\":{\"@type\":\"ImageObject\",\"inLanguage\":\"fr-FR\",\"@id\":\"https:\/\/elukelele.com\/fr\/#\/schema\/person\/image\/\",\"url\":\"https:\/\/secure.gravatar.com\/avatar\/37f9d9ffa29ce5640a0d9c6ca8bbd90afb854014296ecaa0e3a558ac716e6fe4?s=96&d=mm&r=g\",\"contentUrl\":\"https:\/\/secure.gravatar.com\/avatar\/37f9d9ffa29ce5640a0d9c6ca8bbd90afb854014296ecaa0e3a558ac716e6fe4?s=96&d=mm&r=g\",\"caption\":\"Daniel Perrin\"},\"sameAs\":[\"https:\/\/elukelele.com\/fr\"],\"url\":\"https:\/\/elukelele.com\/fr\/author\/daniel-perrin\/\"}]}<\/script>\n<!-- \/ Yoast SEO plugin. -->","yoast_head_json":{"title":"Accident d'Isabelle Nanty : l'actrice est toujours en r\u00e9\u00e9ducation","robots":{"index":"index","follow":"follow","max-snippet":"max-snippet:-1","max-image-preview":"max-image-preview:large","max-video-preview":"max-video-preview:-1"},"canonical":"https:\/\/elukelele.com\/fr\/divertissement\/accident-disabelle-nanty-lactrice-est-toujours-en-reeducation\/","og_locale":"fr_FR","og_type":"article","og_title":"Accident d'Isabelle Nanty : l'actrice est toujours en r\u00e9\u00e9ducation","og_description":"L&rsquo;actrice Isabelle Nanty est actuellement en phase de r\u00e9\u00e9ducation, suite \u00e0 un grave accident de la circulation dont elle a \u00e9t\u00e9 victime il y a deux mois. Cette p\u00e9riode de convalescence impacte notablement ses engagements professionnels, notamment le tournage d&rsquo;une nouvelle s\u00e9rie et la promotion d&rsquo;un film \u00e0 venir. D\u00e9tails de l&rsquo;accident et \u00e9tat de [&hellip;]","og_url":"https:\/\/elukelele.com\/fr\/divertissement\/accident-disabelle-nanty-lactrice-est-toujours-en-reeducation\/","og_site_name":"El Ukelele","article_published_time":"2025-11-24T11:04:18+00:00","article_modified_time":"2025-11-24T11:04:19+00:00","og_image":[{"width":1200,"height":628,"url":"https:\/\/elukelele.com\/fr\/wp-content\/uploads\/2025\/11\/framed_only-428.png","type":"image\/png"}],"author":"Daniel Perrin","twitter_card":"summary_large_image","twitter_misc":{"\u00c9crit par":"Daniel Perrin","Dur\u00e9e de lecture estim\u00e9e":"3 minutes"},"schema":{"@context":"https:\/\/schema.org","@graph":[{"@type":"WebPage","@id":"https:\/\/elukelele.com\/fr\/divertissement\/accident-disabelle-nanty-lactrice-est-toujours-en-reeducation\/","url":"https:\/\/elukelele.com\/fr\/divertissement\/accident-disabelle-nanty-lactrice-est-toujours-en-reeducation\/","name":"Accident d'Isabelle Nanty : l'actrice est toujours en r\u00e9\u00e9ducation","isPartOf":{"@id":"https:\/\/elukelele.com\/fr\/#website"},"primaryImageOfPage":{"@id":"https:\/\/elukelele.com\/fr\/divertissement\/accident-disabelle-nanty-lactrice-est-toujours-en-reeducation\/#primaryimage"},"image":{"@id":"https:\/\/elukelele.com\/fr\/divertissement\/accident-disabelle-nanty-lactrice-est-toujours-en-reeducation\/#primaryimage"},"thumbnailUrl":"https:\/\/elukelele.com\/fr\/wp-content\/uploads\/2025\/11\/framed_only-428.png","datePublished":"2025-11-24T11:04:18+00:00","dateModified":"2025-11-24T11:04:19+00:00","author":{"@id":"https:\/\/elukelele.com\/fr\/#\/schema\/person\/ccfb3d2be2ec7fa389608eb6da0b38d6"},"breadcrumb":{"@id":"https:\/\/elukelele.com\/fr\/divertissement\/accident-disabelle-nanty-lactrice-est-toujours-en-reeducation\/#breadcrumb"},"inLanguage":"fr-FR","potentialAction":[{"@type":"ReadAction","target":["https:\/\/elukelele.com\/fr\/divertissement\/accident-disabelle-nanty-lactrice-est-toujours-en-reeducation\/"]}]},{"@type":"ImageObject","inLanguage":"fr-FR","@id":"https:\/\/elukelele.com\/fr\/divertissement\/accident-disabelle-nanty-lactrice-est-toujours-en-reeducation\/#primaryimage","url":"https:\/\/elukelele.com\/fr\/wp-content\/uploads\/2025\/11\/framed_only-428.png","contentUrl":"https:\/\/elukelele.com\/fr\/wp-content\/uploads\/2025\/11\/framed_only-428.png","width":1200,"height":628,"caption":"Nanty"},{"@type":"BreadcrumbList","@id":"https:\/\/elukelele.com\/fr\/divertissement\/accident-disabelle-nanty-lactrice-est-toujours-en-reeducation\/#breadcrumb","itemListElement":[{"@type":"ListItem","position":1,"name":"Home","item":"https:\/\/elukelele.com\/fr\/"},{"@type":"ListItem","position":2,"name":"Accident d&rsquo;Isabelle Nanty : l&rsquo;actrice est toujours en r\u00e9\u00e9ducation"}]},{"@type":"WebSite","@id":"https:\/\/elukelele.com\/fr\/#website","url":"https:\/\/elukelele.com\/fr\/","name":"El Ukelele","description":"Musique au-del\u00e0 de l&#039;indie","potentialAction":[{"@type":"SearchAction","target":{"@type":"EntryPoint","urlTemplate":"https:\/\/elukelele.com\/fr\/?s={search_term_string}"},"query-input":{"@type":"PropertyValueSpecification","valueRequired":true,"valueName":"search_term_string"}}],"inLanguage":"fr-FR"},{"@type":"Person","@id":"https:\/\/elukelele.com\/fr\/#\/schema\/person\/ccfb3d2be2ec7fa389608eb6da0b38d6","name":"Daniel Perrin","image":{"@type":"ImageObject","inLanguage":"fr-FR","@id":"https:\/\/elukelele.com\/fr\/#\/schema\/person\/image\/","url":"https:\/\/secure.gravatar.com\/avatar\/37f9d9ffa29ce5640a0d9c6ca8bbd90afb854014296ecaa0e3a558ac716e6fe4?s=96&d=mm&r=g","contentUrl":"https:\/\/secure.gravatar.com\/avatar\/37f9d9ffa29ce5640a0d9c6ca8bbd90afb854014296ecaa0e3a558ac716e6fe4?s=96&d=mm&r=g","caption":"Daniel Perrin"},"sameAs":["https:\/\/elukelele.com\/fr"],"url":"https:\/\/elukelele.com\/fr\/author\/daniel-perrin\/"}]}},"_links":{"self":[{"href":"https:\/\/elukelele.com\/fr\/wp-json\/wp\/v2\/posts\/45502","targetHints":{"allow":["GET"]}}],"collection":[{"href":"https:\/\/elukelele.com\/fr\/wp-json\/wp\/v2\/posts"}],"about":[{"href":"https:\/\/elukelele.com\/fr\/wp-json\/wp\/v2\/types\/post"}],"author":[{"embeddable":true,"href":"https:\/\/elukelele.com\/fr\/wp-json\/wp\/v2\/users\/4"}],"replies":[{"embeddable":true,"href":"https:\/\/elukelele.com\/fr\/wp-json\/wp\/v2\/comments?post=45502"}],"version-history":[{"count":1,"href":"https:\/\/elukelele.com\/fr\/wp-json\/wp\/v2\/posts\/45502\/revisions"}],"predecessor-version":[{"id":45649,"href":"https:\/\/elukelele.com\/fr\/wp-json\/wp\/v2\/posts\/45502\/revisions\/45649"}],"wp:featuredmedia":[{"embeddable":true,"href":"https:\/\/elukelele.com\/fr\/wp-json\/wp\/v2\/media\/45501"}],"wp:attachment":[{"href":"https:\/\/elukelele.com\/fr\/wp-json\/wp\/v2\/media?parent=45502"}],"wp:term":[{"taxonomy":"category","embeddable":true,"href":"https:\/\/elukelele.com\/fr\/wp-json\/wp\/v2\/categories?post=45502"},{"taxonomy":"post_tag","embeddable":true,"href":"https:\/\/elukelele.com\/fr\/wp-json\/wp\/v2\/tags?post=45502"}],"curies":[{"name":"wp","href":"https:\/\/api.w.org\/{rel}","templated":true}]}}