{"id":45498,"date":"2025-11-24T10:59:29","date_gmt":"2025-11-24T10:59:29","guid":{"rendered":"https:\/\/elukelele.com\/fr\/?p=45498"},"modified":"2025-11-24T10:59:30","modified_gmt":"2025-11-24T10:59:30","slug":"lio-ses-bouleversantes-confidences-sur-le-suicide-de-son-fils","status":"publish","type":"post","link":"https:\/\/elukelele.com\/fr\/divertissement\/lio-ses-bouleversantes-confidences-sur-le-suicide-de-son-fils\/","title":{"rendered":"Lio : ses bouleversantes confidences sur le suicide de son fils"},"content":{"rendered":"<p>Le 2 mars 2025, le monde de la chanteuse Lio a \u00e9t\u00e9 \u00e9branl\u00e9 par un \u00e9v\u00e9nement d&rsquo;une tragique intensit\u00e9 : la perte de son fils cadet, Diego, \u00e0 l&rsquo;\u00e2ge de 21 ans. Depuis ce drame, l&rsquo;artiste tente de se reconstruire, s&rsquo;appuyant sur ses proches, la musique et, plus r\u00e9cemment, partageant ses bouleversantes confidences publiquement. Elle s&rsquo;est exprim\u00e9e avec sinc\u00e9rit\u00e9 sur cette \u00e9preuve inimaginable, tout en lan\u00e7ant un appel vibrant concernant l&rsquo;urgence de la sant\u00e9 mentale des jeunes.<\/p>\n<h2>Un deuil insoutenable : la perte de Diego<\/h2>\n<p>Diego, le plus jeune des six enfants de Lio, s&rsquo;est donn\u00e9 la mort par immolation pr\u00e8s de l&rsquo;a\u00e9roport de Roissy-Charles-de-Gaulle. L&rsquo;information, r\u00e9v\u00e9l\u00e9e quelques jours apr\u00e8s les faits, a plong\u00e9 sa famille et le public dans la sid\u00e9ration. Sa disparition avait \u00e9t\u00e9 signal\u00e9e apr\u00e8s une fugue, alors qu&rsquo;il \u00e9tait en proie \u00e0 un \u00ab\u00a0\u00e9tat psychotique\u00a0\u00bb, selon les d\u00e9clarations de sa s\u0153ur Esmeralda qui avait relay\u00e9 un avis de recherche. Le p\u00e8re de Diego, Jean-Pierre, avait \u00e9galement \u00e9voqu\u00e9 une \u00ab\u00a0bouff\u00e9e psychotique d\u00e9lirante\u00a0\u00bb survenue en Tha\u00eflande au d\u00e9but de l&rsquo;ann\u00e9e 2025, potentiellement li\u00e9e \u00e0 l&rsquo;absorption de drogues, tout en assurant que Diego n&rsquo;avait jamais eu de pulsions suicidaires.<\/p>\n<p>Lio a exprim\u00e9 l&rsquo;horreur de cette perte, confiant que \u00ab\u00a0c&rsquo;est inimaginable ce qui est arriv\u00e9. C&rsquo;est inimaginable de perdre un enfant et surtout dans ces conditions-l\u00e0. Il \u00e9tait en tr\u00e8s grande d\u00e9tresse et moi je pense que c&rsquo;\u00e9tait le degr\u00e9 de sa souffrance\u00a0\u00bb. La chanteuse, d&rsquo;ordinaire solaire, s&rsquo;est d&rsquo;abord mur\u00e9e dans un silence lourd et digne, avant de commencer \u00e0 \u00e9voquer publiquement cette douleur profonde.<\/p>\n<h2>Des confidences bouleversantes et un message fort<\/h2>\n<p>Neuf mois apr\u00e8s le drame, Lio a bris\u00e9 le silence lors d&rsquo;une interview sur RTL le 21 novembre 2025, \u00e0 l&rsquo;occasion de la sortie de son nouvel album. Avec une \u00e9motion palpable, elle a partag\u00e9 sa lutte pour avancer, expliquant qu&rsquo;elle tente de faire du temps \u00ab\u00a0un alli\u00e9\u00a0\u00bb. Au-del\u00e0 de sa peine personnelle, Lio a transform\u00e9 son deuil en un appel puissant \u00e0 la soci\u00e9t\u00e9. Elle a soulign\u00e9 l&rsquo;urgence de s&rsquo;arr\u00eater sur la question de la sant\u00e9 mentale des jeunes, d\u00e9clarant que \u00ab\u00a0la sant\u00e9 mentale des jeunes m\u00e9rite qu&rsquo;on s&rsquo;y arr\u00eate consid\u00e9rablement [&#8230;] Il y a un \u00e9norme probl\u00e8me et ce sera mon prochain combat\u00a0\u00bb.<\/p>\n<p>L&rsquo;artiste se sent investie d&rsquo;une mission : sensibiliser \u00e0 l&rsquo;importance de prendre soin de sa sant\u00e9 mentale, en particulier chez les jeunes, et d\u00e9noncer le manque de soutien et d&rsquo;\u00e9coute qui peut mener \u00e0 de telles extr\u00e9mit\u00e9s. Elle s&rsquo;interroge sur ce qu&rsquo;elle aurait pu faire diff\u00e9remment, exprimant le sentiment de culpabilit\u00e9 qui accompagne souvent la perte d&rsquo;un proche par suicide.<\/p>\n<h2>La musique comme th\u00e9rapie : \u00ab\u00a0Geoid Party in the Sky\u00a0\u00bb<\/h2>\n<p>Son douzi\u00e8me album, \u00ab\u00a0Geoid Party in the Sky\u00a0\u00bb, sorti ce 21 novembre 2025, est bien plus qu&rsquo;une \u0153uvre musicale ; c&rsquo;est un vibrant hommage \u00e0 Diego et un pilier dans le processus de reconstruction de Lio. Le titre de l&rsquo;album est une anagramme de Diego, un choix symbolique pour maintenir sa pr\u00e9sence. La chanteuse a r\u00e9v\u00e9l\u00e9 qu&rsquo;elle partageait r\u00e9guli\u00e8rement ses d\u00e9mos avec son fils, et que cet album porte indubitablement sa trace.<\/p>\n<p>La pochette de \u00ab\u00a0Geoid Party in the Sky\u00a0\u00bb a \u00e9t\u00e9 r\u00e9alis\u00e9e par sa fille Esmeralda, qui a eu 30 ans cette ann\u00e9e et qui a \u00e9tudi\u00e9 l&rsquo;art, renfor\u00e7ant ainsi la dimension familiale et intime du projet. Lio a \u00e9galement pr\u00e9cis\u00e9 que le premier titre de l&rsquo;album, \u00ab\u00a0L&rsquo;amour de ma vie\u00a0\u00bb, \u00e9tait la chanson pr\u00e9f\u00e9r\u00e9e de Diego et lui est d\u00e9di\u00e9. Un papillon, interpr\u00e9t\u00e9 par la famille comme un signe de Diego, est m\u00eame apparu le jour de la finalisation de l&rsquo;album, un moment que Lio a \u00e9voqu\u00e9 avec une \u00e9motion profonde.<\/p>\n<p>Cet album se veut aussi un manifeste. Lio a choisi d&rsquo;y interpr\u00e9ter uniquement des chansons \u00e9crites et compos\u00e9es par des femmes, refl\u00e9tant ainsi ses convictions f\u00e9ministes, sans jamais sacrifier la qualit\u00e9 musicale au message.<\/p>\n<h2>L&rsquo;importance du soutien et de la m\u00e9moire<\/h2>\n<p>Malgr\u00e9 la douleur lancinante, Lio insiste sur la pr\u00e9sence continue de Diego au sein de la famille. \u00ab\u00a0Moi, j&rsquo;ai toujours six enfants et je pense qu&rsquo;aussi ses fr\u00e8res et s\u0153urs sont toujours six, c&rsquo;est comme \u00e7a, il est l\u00e0\u00a0\u00bb, a-t-elle affirm\u00e9 avec force. Cette d\u00e9claration souligne l&rsquo;importance de ne pas effacer la m\u00e9moire de l&rsquo;enfant disparu et de le maintenir vivant dans les c\u0153urs et les esprits. L&rsquo;artiste, qui a d\u00e9j\u00e0 affront\u00e9 de nombreuses \u00e9preuves dans sa vie, dont des violences conjugales et un viol subi enfant, utilise son exp\u00e9rience pour d\u00e9fendre des causes essentielles.<\/p>\n<p>Lio s&rsquo;est engag\u00e9e \u00e0 continuer de vivre et de faire passer son message, estimant que l&rsquo;art peut \u00eatre un chemin de gu\u00e9rison et une source de force. Elle a exprim\u00e9 son d\u00e9sir de transformer sa douleur en aide pour autrui, en participant \u00e0 des s\u00e9minaires sur la sant\u00e9 mentale et en encourageant le dialogue.<\/p>\n<h2>Conclusion<\/h2>\n<p>Les confidences de Lio sur le suicide de son fils Diego sont un t\u00e9moignage bouleversant d&rsquo;une m\u00e8re confront\u00e9e \u00e0 l&rsquo;indicible. En transformant sa peine en un plaidoyer pour la sant\u00e9 mentale des jeunes, elle offre non seulement un hommage poignant \u00e0 son fils, mais aussi un message d&rsquo;espoir et de r\u00e9silience. Son nouvel album \u00ab\u00a0Geoid Party in the Sky\u00a0\u00bb est une \u0153uvre intime et puissante, n\u00e9e de la douleur et de l&rsquo;amour, qui r\u00e9sonne comme un appel \u00e0 une meilleure \u00e9coute et un soutien accru pour ceux qui souffrent en silence. Lio continue son chemin, portant la m\u00e9moire de Diego et le combat pour une cause qui lui tient d\u00e9sormais profond\u00e9ment \u00e0 c\u0153ur.<\/p>\n","protected":false},"excerpt":{"rendered":"<p>Le 2 mars 2025, le monde de la chanteuse Lio a \u00e9t\u00e9 \u00e9branl\u00e9 par un \u00e9v\u00e9nement d&rsquo;une tragique intensit\u00e9 : la perte de son fils cadet, Diego, \u00e0 l&rsquo;\u00e2ge de 21 ans. Depuis ce drame, l&rsquo;artiste tente de se reconstruire, s&rsquo;appuyant sur ses proches, la musique et, plus r\u00e9cemment, partageant ses bouleversantes confidences publiquement. Elle [&hellip;]<\/p>\n","protected":false},"author":4,"featured_media":45497,"comment_status":"open","ping_status":"open","sticky":false,"template":"","format":"standard","meta":{"_yoast_wpseo_title":"Lio : ses bouleversantes confidences sur le suicide de son fils","_yoast_wpseo_metadesc":"","_yoast_wpseo_focuskw":"Lio"},"categories":[5],"tags":[],"class_list":["post-45498","post","type-post","status-publish","format-standard","has-post-thumbnail","hentry","category-divertissement"],"yoast_head":"<!-- This site is optimized with the Yoast SEO plugin v26.3 - https:\/\/yoast.com\/wordpress\/plugins\/seo\/ -->\n<title>Lio : ses bouleversantes confidences sur le suicide de son fils<\/title>\n<meta name=\"robots\" content=\"index, follow, max-snippet:-1, max-image-preview:large, max-video-preview:-1\" \/>\n<link rel=\"canonical\" href=\"https:\/\/elukelele.com\/fr\/divertissement\/lio-ses-bouleversantes-confidences-sur-le-suicide-de-son-fils\/\" \/>\n<meta property=\"og:locale\" content=\"fr_FR\" \/>\n<meta property=\"og:type\" content=\"article\" \/>\n<meta property=\"og:title\" content=\"Lio : ses bouleversantes confidences sur le suicide de son fils\" \/>\n<meta property=\"og:description\" content=\"Le 2 mars 2025, le monde de la chanteuse Lio a \u00e9t\u00e9 \u00e9branl\u00e9 par un \u00e9v\u00e9nement d&rsquo;une tragique intensit\u00e9 : la perte de son fils cadet, Diego, \u00e0 l&rsquo;\u00e2ge de 21 ans. Depuis ce drame, l&rsquo;artiste tente de se reconstruire, s&rsquo;appuyant sur ses proches, la musique et, plus r\u00e9cemment, partageant ses bouleversantes confidences publiquement. Elle [&hellip;]\" \/>\n<meta property=\"og:url\" content=\"https:\/\/elukelele.com\/fr\/divertissement\/lio-ses-bouleversantes-confidences-sur-le-suicide-de-son-fils\/\" \/>\n<meta property=\"og:site_name\" content=\"El Ukelele\" \/>\n<meta property=\"article:published_time\" content=\"2025-11-24T10:59:29+00:00\" \/>\n<meta property=\"article:modified_time\" content=\"2025-11-24T10:59:30+00:00\" \/>\n<meta property=\"og:image\" content=\"https:\/\/elukelele.com\/fr\/wp-content\/uploads\/2025\/11\/framed_only-426.png\" \/>\n\t<meta property=\"og:image:width\" content=\"1200\" \/>\n\t<meta property=\"og:image:height\" content=\"628\" \/>\n\t<meta property=\"og:image:type\" content=\"image\/png\" \/>\n<meta name=\"author\" content=\"Daniel Perrin\" \/>\n<meta name=\"twitter:card\" content=\"summary_large_image\" \/>\n<meta name=\"twitter:label1\" content=\"\u00c9crit par\" \/>\n\t<meta name=\"twitter:data1\" content=\"Daniel Perrin\" \/>\n\t<meta name=\"twitter:label2\" content=\"Dur\u00e9e de lecture estim\u00e9e\" \/>\n\t<meta name=\"twitter:data2\" content=\"5 minutes\" \/>\n<script type=\"application\/ld+json\" class=\"yoast-schema-graph\">{\"@context\":\"https:\/\/schema.org\",\"@graph\":[{\"@type\":\"WebPage\",\"@id\":\"https:\/\/elukelele.com\/fr\/divertissement\/lio-ses-bouleversantes-confidences-sur-le-suicide-de-son-fils\/\",\"url\":\"https:\/\/elukelele.com\/fr\/divertissement\/lio-ses-bouleversantes-confidences-sur-le-suicide-de-son-fils\/\",\"name\":\"Lio : ses bouleversantes confidences sur le suicide de son fils\",\"isPartOf\":{\"@id\":\"https:\/\/elukelele.com\/fr\/#website\"},\"primaryImageOfPage\":{\"@id\":\"https:\/\/elukelele.com\/fr\/divertissement\/lio-ses-bouleversantes-confidences-sur-le-suicide-de-son-fils\/#primaryimage\"},\"image\":{\"@id\":\"https:\/\/elukelele.com\/fr\/divertissement\/lio-ses-bouleversantes-confidences-sur-le-suicide-de-son-fils\/#primaryimage\"},\"thumbnailUrl\":\"https:\/\/elukelele.com\/fr\/wp-content\/uploads\/2025\/11\/framed_only-426.png\",\"datePublished\":\"2025-11-24T10:59:29+00:00\",\"dateModified\":\"2025-11-24T10:59:30+00:00\",\"author\":{\"@id\":\"https:\/\/elukelele.com\/fr\/#\/schema\/person\/ccfb3d2be2ec7fa389608eb6da0b38d6\"},\"breadcrumb\":{\"@id\":\"https:\/\/elukelele.com\/fr\/divertissement\/lio-ses-bouleversantes-confidences-sur-le-suicide-de-son-fils\/#breadcrumb\"},\"inLanguage\":\"fr-FR\",\"potentialAction\":[{\"@type\":\"ReadAction\",\"target\":[\"https:\/\/elukelele.com\/fr\/divertissement\/lio-ses-bouleversantes-confidences-sur-le-suicide-de-son-fils\/\"]}]},{\"@type\":\"ImageObject\",\"inLanguage\":\"fr-FR\",\"@id\":\"https:\/\/elukelele.com\/fr\/divertissement\/lio-ses-bouleversantes-confidences-sur-le-suicide-de-son-fils\/#primaryimage\",\"url\":\"https:\/\/elukelele.com\/fr\/wp-content\/uploads\/2025\/11\/framed_only-426.png\",\"contentUrl\":\"https:\/\/elukelele.com\/fr\/wp-content\/uploads\/2025\/11\/framed_only-426.png\",\"width\":1200,\"height\":628,\"caption\":\"Lio\"},{\"@type\":\"BreadcrumbList\",\"@id\":\"https:\/\/elukelele.com\/fr\/divertissement\/lio-ses-bouleversantes-confidences-sur-le-suicide-de-son-fils\/#breadcrumb\",\"itemListElement\":[{\"@type\":\"ListItem\",\"position\":1,\"name\":\"Home\",\"item\":\"https:\/\/elukelele.com\/fr\/\"},{\"@type\":\"ListItem\",\"position\":2,\"name\":\"Lio : ses bouleversantes confidences sur le suicide de son fils\"}]},{\"@type\":\"WebSite\",\"@id\":\"https:\/\/elukelele.com\/fr\/#website\",\"url\":\"https:\/\/elukelele.com\/fr\/\",\"name\":\"El Ukelele\",\"description\":\"Musique au-del\u00e0 de l&#039;indie\",\"potentialAction\":[{\"@type\":\"SearchAction\",\"target\":{\"@type\":\"EntryPoint\",\"urlTemplate\":\"https:\/\/elukelele.com\/fr\/?s={search_term_string}\"},\"query-input\":{\"@type\":\"PropertyValueSpecification\",\"valueRequired\":true,\"valueName\":\"search_term_string\"}}],\"inLanguage\":\"fr-FR\"},{\"@type\":\"Person\",\"@id\":\"https:\/\/elukelele.com\/fr\/#\/schema\/person\/ccfb3d2be2ec7fa389608eb6da0b38d6\",\"name\":\"Daniel Perrin\",\"image\":{\"@type\":\"ImageObject\",\"inLanguage\":\"fr-FR\",\"@id\":\"https:\/\/elukelele.com\/fr\/#\/schema\/person\/image\/\",\"url\":\"https:\/\/secure.gravatar.com\/avatar\/37f9d9ffa29ce5640a0d9c6ca8bbd90afb854014296ecaa0e3a558ac716e6fe4?s=96&d=mm&r=g\",\"contentUrl\":\"https:\/\/secure.gravatar.com\/avatar\/37f9d9ffa29ce5640a0d9c6ca8bbd90afb854014296ecaa0e3a558ac716e6fe4?s=96&d=mm&r=g\",\"caption\":\"Daniel Perrin\"},\"sameAs\":[\"https:\/\/elukelele.com\/fr\"],\"url\":\"https:\/\/elukelele.com\/fr\/author\/daniel-perrin\/\"}]}<\/script>\n<!-- \/ Yoast SEO plugin. -->","yoast_head_json":{"title":"Lio : ses bouleversantes confidences sur le suicide de son fils","robots":{"index":"index","follow":"follow","max-snippet":"max-snippet:-1","max-image-preview":"max-image-preview:large","max-video-preview":"max-video-preview:-1"},"canonical":"https:\/\/elukelele.com\/fr\/divertissement\/lio-ses-bouleversantes-confidences-sur-le-suicide-de-son-fils\/","og_locale":"fr_FR","og_type":"article","og_title":"Lio : ses bouleversantes confidences sur le suicide de son fils","og_description":"Le 2 mars 2025, le monde de la chanteuse Lio a \u00e9t\u00e9 \u00e9branl\u00e9 par un \u00e9v\u00e9nement d&rsquo;une tragique intensit\u00e9 : la perte de son fils cadet, Diego, \u00e0 l&rsquo;\u00e2ge de 21 ans. Depuis ce drame, l&rsquo;artiste tente de se reconstruire, s&rsquo;appuyant sur ses proches, la musique et, plus r\u00e9cemment, partageant ses bouleversantes confidences publiquement. Elle [&hellip;]","og_url":"https:\/\/elukelele.com\/fr\/divertissement\/lio-ses-bouleversantes-confidences-sur-le-suicide-de-son-fils\/","og_site_name":"El Ukelele","article_published_time":"2025-11-24T10:59:29+00:00","article_modified_time":"2025-11-24T10:59:30+00:00","og_image":[{"width":1200,"height":628,"url":"https:\/\/elukelele.com\/fr\/wp-content\/uploads\/2025\/11\/framed_only-426.png","type":"image\/png"}],"author":"Daniel Perrin","twitter_card":"summary_large_image","twitter_misc":{"\u00c9crit par":"Daniel Perrin","Dur\u00e9e de lecture estim\u00e9e":"5 minutes"},"schema":{"@context":"https:\/\/schema.org","@graph":[{"@type":"WebPage","@id":"https:\/\/elukelele.com\/fr\/divertissement\/lio-ses-bouleversantes-confidences-sur-le-suicide-de-son-fils\/","url":"https:\/\/elukelele.com\/fr\/divertissement\/lio-ses-bouleversantes-confidences-sur-le-suicide-de-son-fils\/","name":"Lio : ses bouleversantes confidences sur le suicide de son fils","isPartOf":{"@id":"https:\/\/elukelele.com\/fr\/#website"},"primaryImageOfPage":{"@id":"https:\/\/elukelele.com\/fr\/divertissement\/lio-ses-bouleversantes-confidences-sur-le-suicide-de-son-fils\/#primaryimage"},"image":{"@id":"https:\/\/elukelele.com\/fr\/divertissement\/lio-ses-bouleversantes-confidences-sur-le-suicide-de-son-fils\/#primaryimage"},"thumbnailUrl":"https:\/\/elukelele.com\/fr\/wp-content\/uploads\/2025\/11\/framed_only-426.png","datePublished":"2025-11-24T10:59:29+00:00","dateModified":"2025-11-24T10:59:30+00:00","author":{"@id":"https:\/\/elukelele.com\/fr\/#\/schema\/person\/ccfb3d2be2ec7fa389608eb6da0b38d6"},"breadcrumb":{"@id":"https:\/\/elukelele.com\/fr\/divertissement\/lio-ses-bouleversantes-confidences-sur-le-suicide-de-son-fils\/#breadcrumb"},"inLanguage":"fr-FR","potentialAction":[{"@type":"ReadAction","target":["https:\/\/elukelele.com\/fr\/divertissement\/lio-ses-bouleversantes-confidences-sur-le-suicide-de-son-fils\/"]}]},{"@type":"ImageObject","inLanguage":"fr-FR","@id":"https:\/\/elukelele.com\/fr\/divertissement\/lio-ses-bouleversantes-confidences-sur-le-suicide-de-son-fils\/#primaryimage","url":"https:\/\/elukelele.com\/fr\/wp-content\/uploads\/2025\/11\/framed_only-426.png","contentUrl":"https:\/\/elukelele.com\/fr\/wp-content\/uploads\/2025\/11\/framed_only-426.png","width":1200,"height":628,"caption":"Lio"},{"@type":"BreadcrumbList","@id":"https:\/\/elukelele.com\/fr\/divertissement\/lio-ses-bouleversantes-confidences-sur-le-suicide-de-son-fils\/#breadcrumb","itemListElement":[{"@type":"ListItem","position":1,"name":"Home","item":"https:\/\/elukelele.com\/fr\/"},{"@type":"ListItem","position":2,"name":"Lio : ses bouleversantes confidences sur le suicide de son fils"}]},{"@type":"WebSite","@id":"https:\/\/elukelele.com\/fr\/#website","url":"https:\/\/elukelele.com\/fr\/","name":"El Ukelele","description":"Musique au-del\u00e0 de l&#039;indie","potentialAction":[{"@type":"SearchAction","target":{"@type":"EntryPoint","urlTemplate":"https:\/\/elukelele.com\/fr\/?s={search_term_string}"},"query-input":{"@type":"PropertyValueSpecification","valueRequired":true,"valueName":"search_term_string"}}],"inLanguage":"fr-FR"},{"@type":"Person","@id":"https:\/\/elukelele.com\/fr\/#\/schema\/person\/ccfb3d2be2ec7fa389608eb6da0b38d6","name":"Daniel Perrin","image":{"@type":"ImageObject","inLanguage":"fr-FR","@id":"https:\/\/elukelele.com\/fr\/#\/schema\/person\/image\/","url":"https:\/\/secure.gravatar.com\/avatar\/37f9d9ffa29ce5640a0d9c6ca8bbd90afb854014296ecaa0e3a558ac716e6fe4?s=96&d=mm&r=g","contentUrl":"https:\/\/secure.gravatar.com\/avatar\/37f9d9ffa29ce5640a0d9c6ca8bbd90afb854014296ecaa0e3a558ac716e6fe4?s=96&d=mm&r=g","caption":"Daniel Perrin"},"sameAs":["https:\/\/elukelele.com\/fr"],"url":"https:\/\/elukelele.com\/fr\/author\/daniel-perrin\/"}]}},"_links":{"self":[{"href":"https:\/\/elukelele.com\/fr\/wp-json\/wp\/v2\/posts\/45498","targetHints":{"allow":["GET"]}}],"collection":[{"href":"https:\/\/elukelele.com\/fr\/wp-json\/wp\/v2\/posts"}],"about":[{"href":"https:\/\/elukelele.com\/fr\/wp-json\/wp\/v2\/types\/post"}],"author":[{"embeddable":true,"href":"https:\/\/elukelele.com\/fr\/wp-json\/wp\/v2\/users\/4"}],"replies":[{"embeddable":true,"href":"https:\/\/elukelele.com\/fr\/wp-json\/wp\/v2\/comments?post=45498"}],"version-history":[{"count":1,"href":"https:\/\/elukelele.com\/fr\/wp-json\/wp\/v2\/posts\/45498\/revisions"}],"predecessor-version":[{"id":45647,"href":"https:\/\/elukelele.com\/fr\/wp-json\/wp\/v2\/posts\/45498\/revisions\/45647"}],"wp:featuredmedia":[{"embeddable":true,"href":"https:\/\/elukelele.com\/fr\/wp-json\/wp\/v2\/media\/45497"}],"wp:attachment":[{"href":"https:\/\/elukelele.com\/fr\/wp-json\/wp\/v2\/media?parent=45498"}],"wp:term":[{"taxonomy":"category","embeddable":true,"href":"https:\/\/elukelele.com\/fr\/wp-json\/wp\/v2\/categories?post=45498"},{"taxonomy":"post_tag","embeddable":true,"href":"https:\/\/elukelele.com\/fr\/wp-json\/wp\/v2\/tags?post=45498"}],"curies":[{"name":"wp","href":"https:\/\/api.w.org\/{rel}","templated":true}]}}