{"id":45488,"date":"2025-11-24T10:28:26","date_gmt":"2025-11-24T10:28:26","guid":{"rendered":"https:\/\/elukelele.com\/fr\/?p=45488"},"modified":"2025-11-24T10:28:27","modified_gmt":"2025-11-24T10:28:27","slug":"flavie-flament-mon-cote-ce-tacle-a-peinecache-dune-celebre-animatrice","status":"publish","type":"post","link":"https:\/\/elukelele.com\/fr\/divertissement\/flavie-flament-mon-cote-ce-tacle-a-peinecache-dune-celebre-animatrice\/","title":{"rendered":"Flavie Flament : \u00ab\u00a0Mon c\u00f4t\u00e9\u2026\u00a0\u00bb ce tacle \u00e0 peine\ncach\u00e9 d\u2019une c\u00e9l\u00e8bre animatrice"},"content":{"rendered":"<p>La sc\u00e8ne m\u00e9diatique fran\u00e7aise est souvent le th\u00e9\u00e2tre de discussions et de commentaires qui, sous des airs anodins, peuvent cacher des messages plus directs. C&rsquo;est ce qui s&rsquo;est r\u00e9cemment produit concernant Flavie Flament, figure embl\u00e9matique de la t\u00e9l\u00e9vision, lorsqu&rsquo;une autre animatrice bien connue, Isabelle Ithurburu, a gliss\u00e9 une remarque per\u00e7ue comme un \u00ab\u00a0tacle \u00e0 peine cach\u00e9\u00a0\u00bb sur le plateau de l&rsquo;\u00e9mission \u00ab\u00a0Quotidien\u00a0\u00bb.<\/p>\n<h2>Le parcours t\u00e9l\u00e9visuel de Flavie Flament : Des d\u00e9buts prometteurs \u00e0 \u00ab\u00a0Stars \u00e0 domicile\u00a0\u00bb<\/h2>\n<p>Flavie Flament, n\u00e9e le 2 juillet 1974, a d\u00e9but\u00e9 sa carri\u00e8re t\u00e9l\u00e9visuelle tr\u00e8s jeune, \u00e0 l&rsquo;\u00e2ge de 15 ans, aux c\u00f4t\u00e9s de Laurent Boyer dans l&rsquo;\u00e9mission \u00ab\u00a0Boulevard des clips\u00a0\u00bb sur M6 en 1989. Apr\u00e8s avoir \u0153uvr\u00e9 en tant qu&rsquo;assistante de production pour des \u00e9missions comme \u00ab\u00a0Frou-Frou\u00a0\u00bb en 1993, elle est revenue devant les cam\u00e9ras sur Canal+ en 1998 pour pr\u00e9senter la m\u00e9t\u00e9o.<\/p>\n<p>Elle a ensuite rejoint M6 pour animer \u00ab\u00a0Unisexe\u00a0\u00bb et \u00ab\u00a0Toutes les t\u00e9l\u00e9s\u00a0\u00bb, avant de conna\u00eetre une ascension fulgurante sur TF1 au d\u00e9but des ann\u00e9es 2000. C&rsquo;est en 2001 qu&rsquo;elle prend les commandes de l&rsquo;\u00e9mission culte \u00ab\u00a0Stars \u00e0 domicile\u00a0\u00bb, o\u00f9 des c\u00e9l\u00e9brit\u00e9s surprenaient leurs fans en se rendant directement chez eux.<\/p>\n<h2>Le \u00ab\u00a0tacle\u00a0\u00bb subtil d&rsquo;Isabelle Ithurburu sur Quotidien<\/h2>\n<p>Le vendredi 21 novembre 2025, Yann Barth\u00e8s recevait Isabelle Ithurburu dans \u00ab\u00a0Quotidien\u00a0\u00bb, \u00e0 l&rsquo;approche du grand retour de \u00ab\u00a0Stars \u00e0 domicile\u00a0\u00bb, dont elle sera la nouvelle pr\u00e9sentatrice. Durant l&rsquo;interview, Yann Barth\u00e8s a interpell\u00e9 Isabelle Ithurburu en lui demandant si, contrairement \u00e0 Flavie Flament \u00e0 l&rsquo;\u00e9poque, elle se d\u00e9placerait \u00ab\u00a0sur le terrain\u00a0\u00bb pour l&rsquo;\u00e9mission.<\/p>\n<p>La r\u00e9ponse d&rsquo;Isabelle Ithurburu, \u00ab\u00a0On fait tout sur le terrain. C&rsquo;est peut-\u00eatre mon c\u00f4t\u00e9 sport qui a voulu \u00e7a\u00a0\u00bb, a \u00e9t\u00e9 interpr\u00e9t\u00e9e comme une pique indirecte envers sa consoeur. Elle a ensuite insist\u00e9 sur son d\u00e9sir de \u00ab\u00a0vivre les surprises\u00a0\u00bb, soulignant une approche plus immersive pour cette nouvelle version du programme.<\/p>\n<h2>La r\u00e9action de Flavie Flament face au renouveau de \u00ab\u00a0Stars \u00e0 domicile\u00a0\u00bb<\/h2>\n<p>Malgr\u00e9 cette petite saillie, Flavie Flament a toujours exprim\u00e9 son enthousiasme concernant le retour de \u00ab\u00a0Stars \u00e0 domicile\u00a0\u00bb. Elle a publiquement f\u00e9licit\u00e9 le choix d&rsquo;Isabelle Ithurburu pour reprendre les r\u00eanes de l&rsquo;\u00e9mission. \u00ab\u00a0Je n\u2019aurais pas voulu la reprendre moi-m\u00eame, la page est tourn\u00e9e\u00a0\u00bb, a-t-elle affirm\u00e9, insistant sur le fait qu&rsquo;il \u00ab\u00a0fallait une femme pour pr\u00e9senter cette \u00e9mission\u00a0\u00bb et que le choix d&rsquo;Isabelle Ithurburu est \u00ab\u00a0excellent\u00a0\u00bb. Flavie Flament avait d&rsquo;ailleurs d\u00e9j\u00e0 adress\u00e9 un message chaleureux \u00e0 Isabelle Ithurburu en septembre 2025, lui souhaitant \u00ab\u00a0beaucoup de bonheur\u00a0\u00bb et soulignant qu&rsquo;elle \u00ab\u00a0allait prendre soin de cette \u00e9mission\u00a0\u00bb.<\/p>\n<p>Ces d\u00e9clarations montrent une transition cordiale et un souhait partag\u00e9 de voir l&rsquo;\u00e9mission continuer \u00e0 faire r\u00eaver les t\u00e9l\u00e9spectateurs, malgr\u00e9 les diff\u00e9rences de style ou d&rsquo;approche. Flavie Flament a \u00e9galement mentionn\u00e9 que l&rsquo;\u00e9mission \u00ab\u00a0Stars \u00e0 domicile\u00a0\u00bb \u00e9tait une \u00e9mission culte pour elle et qu&rsquo;elle lui ressemblait le plus \u00e0 l&rsquo;\u00e9poque o\u00f9 elle \u00e9tait sur TF1.<\/p>\n<h2>Conclusion<\/h2>\n<p>L&rsquo;\u00e9change entre Yann Barth\u00e8s et Isabelle Ithurburu, bien que teint\u00e9 d&rsquo;une l\u00e9g\u00e8re critique envers la m\u00e9thode pass\u00e9e de Flavie Flament, met en lumi\u00e8re l&rsquo;\u00e9volution des pratiques t\u00e9l\u00e9visuelles et la personnalit\u00e9 des animatrices. Flavie Flament, de son c\u00f4t\u00e9, a accueilli ce renouveau avec bienveillance, soulignant son attachement au programme tout en confiant la rel\u00e8ve \u00e0 Isabelle Ithurburu, pr\u00eate \u00e0 apporter sa propre touche \u00e0 cette \u00e9mission embl\u00e9matique.<\/p>\n","protected":false},"excerpt":{"rendered":"<p>La sc\u00e8ne m\u00e9diatique fran\u00e7aise est souvent le th\u00e9\u00e2tre de discussions et de commentaires qui, sous des airs anodins, peuvent cacher des messages plus directs. C&rsquo;est ce qui s&rsquo;est r\u00e9cemment produit concernant Flavie Flament, figure embl\u00e9matique de la t\u00e9l\u00e9vision, lorsqu&rsquo;une autre animatrice bien connue, Isabelle Ithurburu, a gliss\u00e9 une remarque per\u00e7ue comme un \u00ab\u00a0tacle \u00e0 peine [&hellip;]<\/p>\n","protected":false},"author":4,"featured_media":45487,"comment_status":"open","ping_status":"open","sticky":false,"template":"","format":"standard","meta":{"_yoast_wpseo_title":"Flavie Flament : \"Mon c\u00f4t\u00e9\u2026\" ce tacle \u00e0 peine cach\u00e9 d\u2019une c\u00e9l\u00e8bre animatrice","_yoast_wpseo_metadesc":"","_yoast_wpseo_focuskw":"Flavie"},"categories":[5],"tags":[],"class_list":["post-45488","post","type-post","status-publish","format-standard","has-post-thumbnail","hentry","category-divertissement"],"yoast_head":"<!-- This site is optimized with the Yoast SEO plugin v26.3 - https:\/\/yoast.com\/wordpress\/plugins\/seo\/ -->\n<title>Flavie Flament : &quot;Mon c\u00f4t\u00e9\u2026&quot; ce tacle \u00e0 peine cach\u00e9 d\u2019une c\u00e9l\u00e8bre animatrice<\/title>\n<meta name=\"robots\" content=\"index, follow, max-snippet:-1, max-image-preview:large, max-video-preview:-1\" \/>\n<link rel=\"canonical\" href=\"https:\/\/elukelele.com\/fr\/divertissement\/flavie-flament-mon-cote-ce-tacle-a-peinecache-dune-celebre-animatrice\/\" \/>\n<meta property=\"og:locale\" content=\"fr_FR\" \/>\n<meta property=\"og:type\" content=\"article\" \/>\n<meta property=\"og:title\" content=\"Flavie Flament : &quot;Mon c\u00f4t\u00e9\u2026&quot; ce tacle \u00e0 peine cach\u00e9 d\u2019une c\u00e9l\u00e8bre animatrice\" \/>\n<meta property=\"og:description\" content=\"La sc\u00e8ne m\u00e9diatique fran\u00e7aise est souvent le th\u00e9\u00e2tre de discussions et de commentaires qui, sous des airs anodins, peuvent cacher des messages plus directs. C&rsquo;est ce qui s&rsquo;est r\u00e9cemment produit concernant Flavie Flament, figure embl\u00e9matique de la t\u00e9l\u00e9vision, lorsqu&rsquo;une autre animatrice bien connue, Isabelle Ithurburu, a gliss\u00e9 une remarque per\u00e7ue comme un \u00ab\u00a0tacle \u00e0 peine [&hellip;]\" \/>\n<meta property=\"og:url\" content=\"https:\/\/elukelele.com\/fr\/divertissement\/flavie-flament-mon-cote-ce-tacle-a-peinecache-dune-celebre-animatrice\/\" \/>\n<meta property=\"og:site_name\" content=\"El Ukelele\" \/>\n<meta property=\"article:published_time\" content=\"2025-11-24T10:28:26+00:00\" \/>\n<meta property=\"article:modified_time\" content=\"2025-11-24T10:28:27+00:00\" \/>\n<meta property=\"og:image\" content=\"https:\/\/elukelele.com\/fr\/wp-content\/uploads\/2025\/11\/framed_only-421.png\" \/>\n\t<meta property=\"og:image:width\" content=\"1200\" \/>\n\t<meta property=\"og:image:height\" content=\"628\" \/>\n\t<meta property=\"og:image:type\" content=\"image\/png\" \/>\n<meta name=\"author\" content=\"Daniel Perrin\" \/>\n<meta name=\"twitter:card\" content=\"summary_large_image\" \/>\n<meta name=\"twitter:label1\" content=\"\u00c9crit par\" \/>\n\t<meta name=\"twitter:data1\" content=\"Daniel Perrin\" \/>\n\t<meta name=\"twitter:label2\" content=\"Dur\u00e9e de lecture estim\u00e9e\" \/>\n\t<meta name=\"twitter:data2\" content=\"3 minutes\" \/>\n<script type=\"application\/ld+json\" class=\"yoast-schema-graph\">{\"@context\":\"https:\/\/schema.org\",\"@graph\":[{\"@type\":\"WebPage\",\"@id\":\"https:\/\/elukelele.com\/fr\/divertissement\/flavie-flament-mon-cote-ce-tacle-a-peinecache-dune-celebre-animatrice\/\",\"url\":\"https:\/\/elukelele.com\/fr\/divertissement\/flavie-flament-mon-cote-ce-tacle-a-peinecache-dune-celebre-animatrice\/\",\"name\":\"Flavie Flament : \\\"Mon c\u00f4t\u00e9\u2026\\\" ce tacle \u00e0 peine cach\u00e9 d\u2019une c\u00e9l\u00e8bre animatrice\",\"isPartOf\":{\"@id\":\"https:\/\/elukelele.com\/fr\/#website\"},\"primaryImageOfPage\":{\"@id\":\"https:\/\/elukelele.com\/fr\/divertissement\/flavie-flament-mon-cote-ce-tacle-a-peinecache-dune-celebre-animatrice\/#primaryimage\"},\"image\":{\"@id\":\"https:\/\/elukelele.com\/fr\/divertissement\/flavie-flament-mon-cote-ce-tacle-a-peinecache-dune-celebre-animatrice\/#primaryimage\"},\"thumbnailUrl\":\"https:\/\/elukelele.com\/fr\/wp-content\/uploads\/2025\/11\/framed_only-421.png\",\"datePublished\":\"2025-11-24T10:28:26+00:00\",\"dateModified\":\"2025-11-24T10:28:27+00:00\",\"author\":{\"@id\":\"https:\/\/elukelele.com\/fr\/#\/schema\/person\/ccfb3d2be2ec7fa389608eb6da0b38d6\"},\"breadcrumb\":{\"@id\":\"https:\/\/elukelele.com\/fr\/divertissement\/flavie-flament-mon-cote-ce-tacle-a-peinecache-dune-celebre-animatrice\/#breadcrumb\"},\"inLanguage\":\"fr-FR\",\"potentialAction\":[{\"@type\":\"ReadAction\",\"target\":[\"https:\/\/elukelele.com\/fr\/divertissement\/flavie-flament-mon-cote-ce-tacle-a-peinecache-dune-celebre-animatrice\/\"]}]},{\"@type\":\"ImageObject\",\"inLanguage\":\"fr-FR\",\"@id\":\"https:\/\/elukelele.com\/fr\/divertissement\/flavie-flament-mon-cote-ce-tacle-a-peinecache-dune-celebre-animatrice\/#primaryimage\",\"url\":\"https:\/\/elukelele.com\/fr\/wp-content\/uploads\/2025\/11\/framed_only-421.png\",\"contentUrl\":\"https:\/\/elukelele.com\/fr\/wp-content\/uploads\/2025\/11\/framed_only-421.png\",\"width\":1200,\"height\":628,\"caption\":\"Flavie\"},{\"@type\":\"BreadcrumbList\",\"@id\":\"https:\/\/elukelele.com\/fr\/divertissement\/flavie-flament-mon-cote-ce-tacle-a-peinecache-dune-celebre-animatrice\/#breadcrumb\",\"itemListElement\":[{\"@type\":\"ListItem\",\"position\":1,\"name\":\"Home\",\"item\":\"https:\/\/elukelele.com\/fr\/\"},{\"@type\":\"ListItem\",\"position\":2,\"name\":\"Flavie Flament : \u00ab\u00a0Mon c\u00f4t\u00e9\u2026\u00a0\u00bb ce tacle \u00e0 peine cach\u00e9 d\u2019une c\u00e9l\u00e8bre animatrice\"}]},{\"@type\":\"WebSite\",\"@id\":\"https:\/\/elukelele.com\/fr\/#website\",\"url\":\"https:\/\/elukelele.com\/fr\/\",\"name\":\"El Ukelele\",\"description\":\"Musique au-del\u00e0 de l&#039;indie\",\"potentialAction\":[{\"@type\":\"SearchAction\",\"target\":{\"@type\":\"EntryPoint\",\"urlTemplate\":\"https:\/\/elukelele.com\/fr\/?s={search_term_string}\"},\"query-input\":{\"@type\":\"PropertyValueSpecification\",\"valueRequired\":true,\"valueName\":\"search_term_string\"}}],\"inLanguage\":\"fr-FR\"},{\"@type\":\"Person\",\"@id\":\"https:\/\/elukelele.com\/fr\/#\/schema\/person\/ccfb3d2be2ec7fa389608eb6da0b38d6\",\"name\":\"Daniel Perrin\",\"image\":{\"@type\":\"ImageObject\",\"inLanguage\":\"fr-FR\",\"@id\":\"https:\/\/elukelele.com\/fr\/#\/schema\/person\/image\/\",\"url\":\"https:\/\/secure.gravatar.com\/avatar\/37f9d9ffa29ce5640a0d9c6ca8bbd90afb854014296ecaa0e3a558ac716e6fe4?s=96&d=mm&r=g\",\"contentUrl\":\"https:\/\/secure.gravatar.com\/avatar\/37f9d9ffa29ce5640a0d9c6ca8bbd90afb854014296ecaa0e3a558ac716e6fe4?s=96&d=mm&r=g\",\"caption\":\"Daniel Perrin\"},\"sameAs\":[\"https:\/\/elukelele.com\/fr\"],\"url\":\"https:\/\/elukelele.com\/fr\/author\/daniel-perrin\/\"}]}<\/script>\n<!-- \/ Yoast SEO plugin. -->","yoast_head_json":{"title":"Flavie Flament : \"Mon c\u00f4t\u00e9\u2026\" ce tacle \u00e0 peine cach\u00e9 d\u2019une c\u00e9l\u00e8bre animatrice","robots":{"index":"index","follow":"follow","max-snippet":"max-snippet:-1","max-image-preview":"max-image-preview:large","max-video-preview":"max-video-preview:-1"},"canonical":"https:\/\/elukelele.com\/fr\/divertissement\/flavie-flament-mon-cote-ce-tacle-a-peinecache-dune-celebre-animatrice\/","og_locale":"fr_FR","og_type":"article","og_title":"Flavie Flament : \"Mon c\u00f4t\u00e9\u2026\" ce tacle \u00e0 peine cach\u00e9 d\u2019une c\u00e9l\u00e8bre animatrice","og_description":"La sc\u00e8ne m\u00e9diatique fran\u00e7aise est souvent le th\u00e9\u00e2tre de discussions et de commentaires qui, sous des airs anodins, peuvent cacher des messages plus directs. C&rsquo;est ce qui s&rsquo;est r\u00e9cemment produit concernant Flavie Flament, figure embl\u00e9matique de la t\u00e9l\u00e9vision, lorsqu&rsquo;une autre animatrice bien connue, Isabelle Ithurburu, a gliss\u00e9 une remarque per\u00e7ue comme un \u00ab\u00a0tacle \u00e0 peine [&hellip;]","og_url":"https:\/\/elukelele.com\/fr\/divertissement\/flavie-flament-mon-cote-ce-tacle-a-peinecache-dune-celebre-animatrice\/","og_site_name":"El Ukelele","article_published_time":"2025-11-24T10:28:26+00:00","article_modified_time":"2025-11-24T10:28:27+00:00","og_image":[{"width":1200,"height":628,"url":"https:\/\/elukelele.com\/fr\/wp-content\/uploads\/2025\/11\/framed_only-421.png","type":"image\/png"}],"author":"Daniel Perrin","twitter_card":"summary_large_image","twitter_misc":{"\u00c9crit par":"Daniel Perrin","Dur\u00e9e de lecture estim\u00e9e":"3 minutes"},"schema":{"@context":"https:\/\/schema.org","@graph":[{"@type":"WebPage","@id":"https:\/\/elukelele.com\/fr\/divertissement\/flavie-flament-mon-cote-ce-tacle-a-peinecache-dune-celebre-animatrice\/","url":"https:\/\/elukelele.com\/fr\/divertissement\/flavie-flament-mon-cote-ce-tacle-a-peinecache-dune-celebre-animatrice\/","name":"Flavie Flament : \"Mon c\u00f4t\u00e9\u2026\" ce tacle \u00e0 peine cach\u00e9 d\u2019une c\u00e9l\u00e8bre animatrice","isPartOf":{"@id":"https:\/\/elukelele.com\/fr\/#website"},"primaryImageOfPage":{"@id":"https:\/\/elukelele.com\/fr\/divertissement\/flavie-flament-mon-cote-ce-tacle-a-peinecache-dune-celebre-animatrice\/#primaryimage"},"image":{"@id":"https:\/\/elukelele.com\/fr\/divertissement\/flavie-flament-mon-cote-ce-tacle-a-peinecache-dune-celebre-animatrice\/#primaryimage"},"thumbnailUrl":"https:\/\/elukelele.com\/fr\/wp-content\/uploads\/2025\/11\/framed_only-421.png","datePublished":"2025-11-24T10:28:26+00:00","dateModified":"2025-11-24T10:28:27+00:00","author":{"@id":"https:\/\/elukelele.com\/fr\/#\/schema\/person\/ccfb3d2be2ec7fa389608eb6da0b38d6"},"breadcrumb":{"@id":"https:\/\/elukelele.com\/fr\/divertissement\/flavie-flament-mon-cote-ce-tacle-a-peinecache-dune-celebre-animatrice\/#breadcrumb"},"inLanguage":"fr-FR","potentialAction":[{"@type":"ReadAction","target":["https:\/\/elukelele.com\/fr\/divertissement\/flavie-flament-mon-cote-ce-tacle-a-peinecache-dune-celebre-animatrice\/"]}]},{"@type":"ImageObject","inLanguage":"fr-FR","@id":"https:\/\/elukelele.com\/fr\/divertissement\/flavie-flament-mon-cote-ce-tacle-a-peinecache-dune-celebre-animatrice\/#primaryimage","url":"https:\/\/elukelele.com\/fr\/wp-content\/uploads\/2025\/11\/framed_only-421.png","contentUrl":"https:\/\/elukelele.com\/fr\/wp-content\/uploads\/2025\/11\/framed_only-421.png","width":1200,"height":628,"caption":"Flavie"},{"@type":"BreadcrumbList","@id":"https:\/\/elukelele.com\/fr\/divertissement\/flavie-flament-mon-cote-ce-tacle-a-peinecache-dune-celebre-animatrice\/#breadcrumb","itemListElement":[{"@type":"ListItem","position":1,"name":"Home","item":"https:\/\/elukelele.com\/fr\/"},{"@type":"ListItem","position":2,"name":"Flavie Flament : \u00ab\u00a0Mon c\u00f4t\u00e9\u2026\u00a0\u00bb ce tacle \u00e0 peine cach\u00e9 d\u2019une c\u00e9l\u00e8bre animatrice"}]},{"@type":"WebSite","@id":"https:\/\/elukelele.com\/fr\/#website","url":"https:\/\/elukelele.com\/fr\/","name":"El Ukelele","description":"Musique au-del\u00e0 de l&#039;indie","potentialAction":[{"@type":"SearchAction","target":{"@type":"EntryPoint","urlTemplate":"https:\/\/elukelele.com\/fr\/?s={search_term_string}"},"query-input":{"@type":"PropertyValueSpecification","valueRequired":true,"valueName":"search_term_string"}}],"inLanguage":"fr-FR"},{"@type":"Person","@id":"https:\/\/elukelele.com\/fr\/#\/schema\/person\/ccfb3d2be2ec7fa389608eb6da0b38d6","name":"Daniel Perrin","image":{"@type":"ImageObject","inLanguage":"fr-FR","@id":"https:\/\/elukelele.com\/fr\/#\/schema\/person\/image\/","url":"https:\/\/secure.gravatar.com\/avatar\/37f9d9ffa29ce5640a0d9c6ca8bbd90afb854014296ecaa0e3a558ac716e6fe4?s=96&d=mm&r=g","contentUrl":"https:\/\/secure.gravatar.com\/avatar\/37f9d9ffa29ce5640a0d9c6ca8bbd90afb854014296ecaa0e3a558ac716e6fe4?s=96&d=mm&r=g","caption":"Daniel Perrin"},"sameAs":["https:\/\/elukelele.com\/fr"],"url":"https:\/\/elukelele.com\/fr\/author\/daniel-perrin\/"}]}},"_links":{"self":[{"href":"https:\/\/elukelele.com\/fr\/wp-json\/wp\/v2\/posts\/45488","targetHints":{"allow":["GET"]}}],"collection":[{"href":"https:\/\/elukelele.com\/fr\/wp-json\/wp\/v2\/posts"}],"about":[{"href":"https:\/\/elukelele.com\/fr\/wp-json\/wp\/v2\/types\/post"}],"author":[{"embeddable":true,"href":"https:\/\/elukelele.com\/fr\/wp-json\/wp\/v2\/users\/4"}],"replies":[{"embeddable":true,"href":"https:\/\/elukelele.com\/fr\/wp-json\/wp\/v2\/comments?post=45488"}],"version-history":[{"count":1,"href":"https:\/\/elukelele.com\/fr\/wp-json\/wp\/v2\/posts\/45488\/revisions"}],"predecessor-version":[{"id":45645,"href":"https:\/\/elukelele.com\/fr\/wp-json\/wp\/v2\/posts\/45488\/revisions\/45645"}],"wp:featuredmedia":[{"embeddable":true,"href":"https:\/\/elukelele.com\/fr\/wp-json\/wp\/v2\/media\/45487"}],"wp:attachment":[{"href":"https:\/\/elukelele.com\/fr\/wp-json\/wp\/v2\/media?parent=45488"}],"wp:term":[{"taxonomy":"category","embeddable":true,"href":"https:\/\/elukelele.com\/fr\/wp-json\/wp\/v2\/categories?post=45488"},{"taxonomy":"post_tag","embeddable":true,"href":"https:\/\/elukelele.com\/fr\/wp-json\/wp\/v2\/tags?post=45488"}],"curies":[{"name":"wp","href":"https:\/\/api.w.org\/{rel}","templated":true}]}}