{"id":45432,"date":"2025-11-22T11:46:05","date_gmt":"2025-11-22T11:46:05","guid":{"rendered":"https:\/\/elukelele.com\/fr\/?p=45432"},"modified":"2025-11-22T11:46:05","modified_gmt":"2025-11-22T11:46:05","slug":"star-academy-2025-qui-de-sarah-ambre-ou-jeanne-a-decroche-son-immunite","status":"publish","type":"post","link":"https:\/\/elukelele.com\/fr\/divertissement\/star-academy-2025-qui-de-sarah-ambre-ou-jeanne-a-decroche-son-immunite\/","title":{"rendered":"Star Academy 2025 : qui de Sarah, Ambre ou Jeanne a d\u00e9croch\u00e9 son immunit\u00e9?"},"content":{"rendered":"<p>La comp\u00e9tition s&rsquo;intensifie au ch\u00e2teau de Dammarie-les-Lys. Ce vendredi 21 novembre 2025, les acad\u00e9miciens de la Star Academy 2025 ont de nouveau fait face \u00e0 un enjeu crucial : l&rsquo;immunit\u00e9. Cette semaine, le pr\u00e9cieux s\u00e9same \u00e9tait disput\u00e9 par trois talents prometteurs : Sarah, Ambre et Jeanne. Au terme d&rsquo;une soir\u00e9e riche en \u00e9motions et en performances vocales, l&rsquo;une d&rsquo;entre elles a r\u00e9ussi \u00e0 convaincre le corps professoral de lui accorder une place \u00e0 l&rsquo;abri des nominations pour les prochaines semaines.<\/p>\n<h2>La Comp\u00e9tition pour l&rsquo;Immunit\u00e9 : Sarah, Ambre et Jeanne face aux Professeurs<\/h2>\n<p>Apr\u00e8s l&rsquo;ouverture des portes de la Star Academy le 18 octobre dernier et le d\u00e9part de plusieurs \u00e9l\u00e8ves, dont Mehdi, Lenny, Noah, et plus r\u00e9cemment Ema, qui a volontairement quitt\u00e9 l&rsquo;aventure, ils n&rsquo;\u00e9taient plus que treize \u00e0 concourir pour le titre. Le d\u00e9fi de l&rsquo;immunit\u00e9 est un moment cl\u00e9, offrant un r\u00e9pit pr\u00e9cieux dans la course effr\u00e9n\u00e9e du t\u00e9l\u00e9-crochet. Ce 21 novembre, trois acad\u00e9miciennes se sont particuli\u00e8rement distingu\u00e9es pour cette battle d\u00e9cisive.<\/p>\n<ul>\n<li><strong>Sarah<\/strong> a choisi d&rsquo;interpr\u00e9ter le titre poignant \u00ab\u00a0Je suis malade\u00a0\u00bb de Serge Lama, livrant une prestation personnelle et \u00e9mouvante.<\/li>\n<li><strong>Ambre<\/strong> s&rsquo;est attaqu\u00e9e \u00e0 un monument de la chanson fran\u00e7aise avec \u00ab\u00a0Je te promets\u00a0\u00bb de Johnny Hallyday, une performance qui a \u00e9galement retenu l&rsquo;attention des professeurs.<\/li>\n<li><strong>Jeanne<\/strong>, quant \u00e0 elle, a pris le micro pour \u00ab\u00a0J&rsquo;envoie valser\u00a0\u00bb de Zazie, offrant une prestation vocale qui a montr\u00e9 toute l&rsquo;\u00e9tendue de son talent.<\/li>\n<\/ul>\n<p>Chacune des candidates a donn\u00e9 le meilleur d&rsquo;elle-m\u00eame, consciente de l&rsquo;importance de ce challenge. Le corps professoral de la Star Academy avait la lourde t\u00e2che de d\u00e9partager ces trois artistes, dont les efforts et les progr\u00e8s sont suivis attentivement depuis le d\u00e9but de la saison.<\/p>\n<h2>Le Verdict : Sarah a D\u00e9croch\u00e9 le Pr\u00e9cieux S\u00e9same<\/h2>\n<p>Apr\u00e8s m\u00fbre d\u00e9lib\u00e9ration et une analyse approfondie des performances, le corps professoral a rendu son verdict. C&rsquo;est <strong>Sarah<\/strong> qui a \u00e9t\u00e9 jug\u00e9e la plus convaincante et a ainsi d\u00e9croch\u00e9 l&rsquo;immunit\u00e9. Cette d\u00e9cision signifie que la jeune chanteuse est prot\u00e9g\u00e9e des nominations pour les deux prochaines semaines, lui offrant une p\u00e9riode de s\u00e9r\u00e9nit\u00e9 pour continuer \u00e0 se d\u00e9velopper au sein du ch\u00e2teau et \u00e0 affiner son art sans la pression des \u00e9valuations. C&rsquo;est un avantage consid\u00e9rable dans une comp\u00e9tition o\u00f9 chaque semaine est synonyme de stress et de remise en question.<\/p>\n<h2>Les \u00c9liminations : Un D\u00e9part \u00c9mouvant ce 21 Novembre<\/h2>\n<p>La soir\u00e9e du 21 novembre n&rsquo;a pas seulement \u00e9t\u00e9 marqu\u00e9e par l&rsquo;octroi de l&rsquo;immunit\u00e9, mais aussi par un d\u00e9part. Trois acad\u00e9miciens \u00e9taient sur la sellette et nomin\u00e9s cette semaine : L\u00e9ane, Th\u00e9o et Victor.<\/p>\n<ul>\n<li><strong>L\u00e9ane<\/strong> a interpr\u00e9t\u00e9 \u00ab\u00a0Heal The World\u00a0\u00bb de Michael Jackson.<\/li>\n<li><strong>Th\u00e9o<\/strong> a repris \u00ab\u00a0Petite Marie\u00a0\u00bb de Francis Cabrel.<\/li>\n<li><strong>Victor<\/strong> a chant\u00e9 l&#8217;embl\u00e9matique \u00ab\u00a0Mourir sur sc\u00e8ne\u00a0\u00bb de Dalida.<\/li>\n<\/ul>\n<p>Le public a eu son mot \u00e0 dire en votant pour sauver son candidat pr\u00e9f\u00e9r\u00e9, tandis que les autres acad\u00e9miciens ont \u00e9galement pu accorder leur soutien. Au final, les t\u00e9l\u00e9spectateurs ont d\u00e9cid\u00e9 de sauver Victor. Quant aux \u00e9l\u00e8ves du ch\u00e2teau, ils ont offert un sursis \u00e0 leur camarade Th\u00e9o. Par cons\u00e9quent, c&rsquo;est <strong>L\u00e9ane<\/strong> qui a malheureusement d\u00fb quitter l&rsquo;aventure d\u00e9finitivement, une semaine apr\u00e8s le d\u00e9part d&rsquo;Ema. Ce d\u00e9part a sans doute \u00e9t\u00e9 un moment poignant, rappelant la dure r\u00e9alit\u00e9 de la comp\u00e9tition.<\/p>\n<h2>Conclusion<\/h2>\n<p>Le prime du 21 novembre 2025 de la Star Academy 2025 a donc \u00e9t\u00e9 riche en rebondissements. Sarah a brillamment obtenu son immunit\u00e9, s&rsquo;assurant une tranquillit\u00e9 pr\u00e9cieuse pour les semaines \u00e0 venir. En parall\u00e8le, L\u00e9ane a d\u00fb faire ses adieux au ch\u00e2teau. La comp\u00e9tition continue de battre son plein, et les prochains jours s&rsquo;annoncent d&rsquo;ores et d\u00e9j\u00e0 intenses pour les acad\u00e9miciens restants, qui devront redoubler d&rsquo;efforts pour esp\u00e9rer aller au bout de cette aventure musicale.<\/p>\n","protected":false},"excerpt":{"rendered":"<p>La comp\u00e9tition s&rsquo;intensifie au ch\u00e2teau de Dammarie-les-Lys. Ce vendredi 21 novembre 2025, les acad\u00e9miciens de la Star Academy 2025 ont de nouveau fait face \u00e0 un enjeu crucial : l&rsquo;immunit\u00e9. Cette semaine, le pr\u00e9cieux s\u00e9same \u00e9tait disput\u00e9 par trois talents prometteurs : Sarah, Ambre et Jeanne. Au terme d&rsquo;une soir\u00e9e riche en \u00e9motions et en [&hellip;]<\/p>\n","protected":false},"author":4,"featured_media":45431,"comment_status":"open","ping_status":"open","sticky":false,"template":"","format":"standard","meta":{"_yoast_wpseo_title":"Star Academy 2025 : qui de Sarah, Ambre ou Jeanne a d\u00e9croch\u00e9 son immunit\u00e9?","_yoast_wpseo_metadesc":"","_yoast_wpseo_focuskw":"Star"},"categories":[5],"tags":[],"class_list":["post-45432","post","type-post","status-publish","format-standard","has-post-thumbnail","hentry","category-divertissement"],"yoast_head":"<!-- This site is optimized with the Yoast SEO plugin v26.3 - https:\/\/yoast.com\/wordpress\/plugins\/seo\/ -->\n<title>Star Academy 2025 : qui de Sarah, Ambre ou Jeanne a d\u00e9croch\u00e9 son immunit\u00e9?<\/title>\n<meta name=\"robots\" content=\"index, follow, max-snippet:-1, max-image-preview:large, max-video-preview:-1\" \/>\n<link rel=\"canonical\" href=\"https:\/\/elukelele.com\/fr\/divertissement\/star-academy-2025-qui-de-sarah-ambre-ou-jeanne-a-decroche-son-immunite\/\" \/>\n<meta property=\"og:locale\" content=\"fr_FR\" \/>\n<meta property=\"og:type\" content=\"article\" \/>\n<meta property=\"og:title\" content=\"Star Academy 2025 : qui de Sarah, Ambre ou Jeanne a d\u00e9croch\u00e9 son immunit\u00e9?\" \/>\n<meta property=\"og:description\" content=\"La comp\u00e9tition s&rsquo;intensifie au ch\u00e2teau de Dammarie-les-Lys. Ce vendredi 21 novembre 2025, les acad\u00e9miciens de la Star Academy 2025 ont de nouveau fait face \u00e0 un enjeu crucial : l&rsquo;immunit\u00e9. Cette semaine, le pr\u00e9cieux s\u00e9same \u00e9tait disput\u00e9 par trois talents prometteurs : Sarah, Ambre et Jeanne. Au terme d&rsquo;une soir\u00e9e riche en \u00e9motions et en [&hellip;]\" \/>\n<meta property=\"og:url\" content=\"https:\/\/elukelele.com\/fr\/divertissement\/star-academy-2025-qui-de-sarah-ambre-ou-jeanne-a-decroche-son-immunite\/\" \/>\n<meta property=\"og:site_name\" content=\"El Ukelele\" \/>\n<meta property=\"article:published_time\" content=\"2025-11-22T11:46:05+00:00\" \/>\n<meta property=\"og:image\" content=\"https:\/\/elukelele.com\/fr\/wp-content\/uploads\/2025\/11\/framed_only-401.png\" \/>\n\t<meta property=\"og:image:width\" content=\"1200\" \/>\n\t<meta property=\"og:image:height\" content=\"628\" \/>\n\t<meta property=\"og:image:type\" content=\"image\/png\" \/>\n<meta name=\"author\" content=\"Daniel Perrin\" \/>\n<meta name=\"twitter:card\" content=\"summary_large_image\" \/>\n<meta name=\"twitter:label1\" content=\"\u00c9crit par\" \/>\n\t<meta name=\"twitter:data1\" content=\"Daniel Perrin\" \/>\n\t<meta name=\"twitter:label2\" content=\"Dur\u00e9e de lecture estim\u00e9e\" \/>\n\t<meta name=\"twitter:data2\" content=\"4 minutes\" \/>\n<script type=\"application\/ld+json\" class=\"yoast-schema-graph\">{\"@context\":\"https:\/\/schema.org\",\"@graph\":[{\"@type\":\"WebPage\",\"@id\":\"https:\/\/elukelele.com\/fr\/divertissement\/star-academy-2025-qui-de-sarah-ambre-ou-jeanne-a-decroche-son-immunite\/\",\"url\":\"https:\/\/elukelele.com\/fr\/divertissement\/star-academy-2025-qui-de-sarah-ambre-ou-jeanne-a-decroche-son-immunite\/\",\"name\":\"Star Academy 2025 : qui de Sarah, Ambre ou Jeanne a d\u00e9croch\u00e9 son immunit\u00e9?\",\"isPartOf\":{\"@id\":\"https:\/\/elukelele.com\/fr\/#website\"},\"primaryImageOfPage\":{\"@id\":\"https:\/\/elukelele.com\/fr\/divertissement\/star-academy-2025-qui-de-sarah-ambre-ou-jeanne-a-decroche-son-immunite\/#primaryimage\"},\"image\":{\"@id\":\"https:\/\/elukelele.com\/fr\/divertissement\/star-academy-2025-qui-de-sarah-ambre-ou-jeanne-a-decroche-son-immunite\/#primaryimage\"},\"thumbnailUrl\":\"https:\/\/elukelele.com\/fr\/wp-content\/uploads\/2025\/11\/framed_only-401.png\",\"datePublished\":\"2025-11-22T11:46:05+00:00\",\"author\":{\"@id\":\"https:\/\/elukelele.com\/fr\/#\/schema\/person\/ccfb3d2be2ec7fa389608eb6da0b38d6\"},\"breadcrumb\":{\"@id\":\"https:\/\/elukelele.com\/fr\/divertissement\/star-academy-2025-qui-de-sarah-ambre-ou-jeanne-a-decroche-son-immunite\/#breadcrumb\"},\"inLanguage\":\"fr-FR\",\"potentialAction\":[{\"@type\":\"ReadAction\",\"target\":[\"https:\/\/elukelele.com\/fr\/divertissement\/star-academy-2025-qui-de-sarah-ambre-ou-jeanne-a-decroche-son-immunite\/\"]}]},{\"@type\":\"ImageObject\",\"inLanguage\":\"fr-FR\",\"@id\":\"https:\/\/elukelele.com\/fr\/divertissement\/star-academy-2025-qui-de-sarah-ambre-ou-jeanne-a-decroche-son-immunite\/#primaryimage\",\"url\":\"https:\/\/elukelele.com\/fr\/wp-content\/uploads\/2025\/11\/framed_only-401.png\",\"contentUrl\":\"https:\/\/elukelele.com\/fr\/wp-content\/uploads\/2025\/11\/framed_only-401.png\",\"width\":1200,\"height\":628,\"caption\":\"Star\"},{\"@type\":\"BreadcrumbList\",\"@id\":\"https:\/\/elukelele.com\/fr\/divertissement\/star-academy-2025-qui-de-sarah-ambre-ou-jeanne-a-decroche-son-immunite\/#breadcrumb\",\"itemListElement\":[{\"@type\":\"ListItem\",\"position\":1,\"name\":\"Home\",\"item\":\"https:\/\/elukelele.com\/fr\/\"},{\"@type\":\"ListItem\",\"position\":2,\"name\":\"Star Academy 2025 : qui de Sarah, Ambre ou Jeanne a d\u00e9croch\u00e9 son immunit\u00e9?\"}]},{\"@type\":\"WebSite\",\"@id\":\"https:\/\/elukelele.com\/fr\/#website\",\"url\":\"https:\/\/elukelele.com\/fr\/\",\"name\":\"El Ukelele\",\"description\":\"Musique au-del\u00e0 de l&#039;indie\",\"potentialAction\":[{\"@type\":\"SearchAction\",\"target\":{\"@type\":\"EntryPoint\",\"urlTemplate\":\"https:\/\/elukelele.com\/fr\/?s={search_term_string}\"},\"query-input\":{\"@type\":\"PropertyValueSpecification\",\"valueRequired\":true,\"valueName\":\"search_term_string\"}}],\"inLanguage\":\"fr-FR\"},{\"@type\":\"Person\",\"@id\":\"https:\/\/elukelele.com\/fr\/#\/schema\/person\/ccfb3d2be2ec7fa389608eb6da0b38d6\",\"name\":\"Daniel Perrin\",\"image\":{\"@type\":\"ImageObject\",\"inLanguage\":\"fr-FR\",\"@id\":\"https:\/\/elukelele.com\/fr\/#\/schema\/person\/image\/\",\"url\":\"https:\/\/secure.gravatar.com\/avatar\/37f9d9ffa29ce5640a0d9c6ca8bbd90afb854014296ecaa0e3a558ac716e6fe4?s=96&d=mm&r=g\",\"contentUrl\":\"https:\/\/secure.gravatar.com\/avatar\/37f9d9ffa29ce5640a0d9c6ca8bbd90afb854014296ecaa0e3a558ac716e6fe4?s=96&d=mm&r=g\",\"caption\":\"Daniel Perrin\"},\"sameAs\":[\"https:\/\/elukelele.com\/fr\"],\"url\":\"https:\/\/elukelele.com\/fr\/author\/daniel-perrin\/\"}]}<\/script>\n<!-- \/ Yoast SEO plugin. -->","yoast_head_json":{"title":"Star Academy 2025 : qui de Sarah, Ambre ou Jeanne a d\u00e9croch\u00e9 son immunit\u00e9?","robots":{"index":"index","follow":"follow","max-snippet":"max-snippet:-1","max-image-preview":"max-image-preview:large","max-video-preview":"max-video-preview:-1"},"canonical":"https:\/\/elukelele.com\/fr\/divertissement\/star-academy-2025-qui-de-sarah-ambre-ou-jeanne-a-decroche-son-immunite\/","og_locale":"fr_FR","og_type":"article","og_title":"Star Academy 2025 : qui de Sarah, Ambre ou Jeanne a d\u00e9croch\u00e9 son immunit\u00e9?","og_description":"La comp\u00e9tition s&rsquo;intensifie au ch\u00e2teau de Dammarie-les-Lys. Ce vendredi 21 novembre 2025, les acad\u00e9miciens de la Star Academy 2025 ont de nouveau fait face \u00e0 un enjeu crucial : l&rsquo;immunit\u00e9. Cette semaine, le pr\u00e9cieux s\u00e9same \u00e9tait disput\u00e9 par trois talents prometteurs : Sarah, Ambre et Jeanne. Au terme d&rsquo;une soir\u00e9e riche en \u00e9motions et en [&hellip;]","og_url":"https:\/\/elukelele.com\/fr\/divertissement\/star-academy-2025-qui-de-sarah-ambre-ou-jeanne-a-decroche-son-immunite\/","og_site_name":"El Ukelele","article_published_time":"2025-11-22T11:46:05+00:00","og_image":[{"width":1200,"height":628,"url":"https:\/\/elukelele.com\/fr\/wp-content\/uploads\/2025\/11\/framed_only-401.png","type":"image\/png"}],"author":"Daniel Perrin","twitter_card":"summary_large_image","twitter_misc":{"\u00c9crit par":"Daniel Perrin","Dur\u00e9e de lecture estim\u00e9e":"4 minutes"},"schema":{"@context":"https:\/\/schema.org","@graph":[{"@type":"WebPage","@id":"https:\/\/elukelele.com\/fr\/divertissement\/star-academy-2025-qui-de-sarah-ambre-ou-jeanne-a-decroche-son-immunite\/","url":"https:\/\/elukelele.com\/fr\/divertissement\/star-academy-2025-qui-de-sarah-ambre-ou-jeanne-a-decroche-son-immunite\/","name":"Star Academy 2025 : qui de Sarah, Ambre ou Jeanne a d\u00e9croch\u00e9 son immunit\u00e9?","isPartOf":{"@id":"https:\/\/elukelele.com\/fr\/#website"},"primaryImageOfPage":{"@id":"https:\/\/elukelele.com\/fr\/divertissement\/star-academy-2025-qui-de-sarah-ambre-ou-jeanne-a-decroche-son-immunite\/#primaryimage"},"image":{"@id":"https:\/\/elukelele.com\/fr\/divertissement\/star-academy-2025-qui-de-sarah-ambre-ou-jeanne-a-decroche-son-immunite\/#primaryimage"},"thumbnailUrl":"https:\/\/elukelele.com\/fr\/wp-content\/uploads\/2025\/11\/framed_only-401.png","datePublished":"2025-11-22T11:46:05+00:00","author":{"@id":"https:\/\/elukelele.com\/fr\/#\/schema\/person\/ccfb3d2be2ec7fa389608eb6da0b38d6"},"breadcrumb":{"@id":"https:\/\/elukelele.com\/fr\/divertissement\/star-academy-2025-qui-de-sarah-ambre-ou-jeanne-a-decroche-son-immunite\/#breadcrumb"},"inLanguage":"fr-FR","potentialAction":[{"@type":"ReadAction","target":["https:\/\/elukelele.com\/fr\/divertissement\/star-academy-2025-qui-de-sarah-ambre-ou-jeanne-a-decroche-son-immunite\/"]}]},{"@type":"ImageObject","inLanguage":"fr-FR","@id":"https:\/\/elukelele.com\/fr\/divertissement\/star-academy-2025-qui-de-sarah-ambre-ou-jeanne-a-decroche-son-immunite\/#primaryimage","url":"https:\/\/elukelele.com\/fr\/wp-content\/uploads\/2025\/11\/framed_only-401.png","contentUrl":"https:\/\/elukelele.com\/fr\/wp-content\/uploads\/2025\/11\/framed_only-401.png","width":1200,"height":628,"caption":"Star"},{"@type":"BreadcrumbList","@id":"https:\/\/elukelele.com\/fr\/divertissement\/star-academy-2025-qui-de-sarah-ambre-ou-jeanne-a-decroche-son-immunite\/#breadcrumb","itemListElement":[{"@type":"ListItem","position":1,"name":"Home","item":"https:\/\/elukelele.com\/fr\/"},{"@type":"ListItem","position":2,"name":"Star Academy 2025 : qui de Sarah, Ambre ou Jeanne a d\u00e9croch\u00e9 son immunit\u00e9?"}]},{"@type":"WebSite","@id":"https:\/\/elukelele.com\/fr\/#website","url":"https:\/\/elukelele.com\/fr\/","name":"El Ukelele","description":"Musique au-del\u00e0 de l&#039;indie","potentialAction":[{"@type":"SearchAction","target":{"@type":"EntryPoint","urlTemplate":"https:\/\/elukelele.com\/fr\/?s={search_term_string}"},"query-input":{"@type":"PropertyValueSpecification","valueRequired":true,"valueName":"search_term_string"}}],"inLanguage":"fr-FR"},{"@type":"Person","@id":"https:\/\/elukelele.com\/fr\/#\/schema\/person\/ccfb3d2be2ec7fa389608eb6da0b38d6","name":"Daniel Perrin","image":{"@type":"ImageObject","inLanguage":"fr-FR","@id":"https:\/\/elukelele.com\/fr\/#\/schema\/person\/image\/","url":"https:\/\/secure.gravatar.com\/avatar\/37f9d9ffa29ce5640a0d9c6ca8bbd90afb854014296ecaa0e3a558ac716e6fe4?s=96&d=mm&r=g","contentUrl":"https:\/\/secure.gravatar.com\/avatar\/37f9d9ffa29ce5640a0d9c6ca8bbd90afb854014296ecaa0e3a558ac716e6fe4?s=96&d=mm&r=g","caption":"Daniel Perrin"},"sameAs":["https:\/\/elukelele.com\/fr"],"url":"https:\/\/elukelele.com\/fr\/author\/daniel-perrin\/"}]}},"_links":{"self":[{"href":"https:\/\/elukelele.com\/fr\/wp-json\/wp\/v2\/posts\/45432","targetHints":{"allow":["GET"]}}],"collection":[{"href":"https:\/\/elukelele.com\/fr\/wp-json\/wp\/v2\/posts"}],"about":[{"href":"https:\/\/elukelele.com\/fr\/wp-json\/wp\/v2\/types\/post"}],"author":[{"embeddable":true,"href":"https:\/\/elukelele.com\/fr\/wp-json\/wp\/v2\/users\/4"}],"replies":[{"embeddable":true,"href":"https:\/\/elukelele.com\/fr\/wp-json\/wp\/v2\/comments?post=45432"}],"version-history":[{"count":1,"href":"https:\/\/elukelele.com\/fr\/wp-json\/wp\/v2\/posts\/45432\/revisions"}],"predecessor-version":[{"id":45484,"href":"https:\/\/elukelele.com\/fr\/wp-json\/wp\/v2\/posts\/45432\/revisions\/45484"}],"wp:featuredmedia":[{"embeddable":true,"href":"https:\/\/elukelele.com\/fr\/wp-json\/wp\/v2\/media\/45431"}],"wp:attachment":[{"href":"https:\/\/elukelele.com\/fr\/wp-json\/wp\/v2\/media?parent=45432"}],"wp:term":[{"taxonomy":"category","embeddable":true,"href":"https:\/\/elukelele.com\/fr\/wp-json\/wp\/v2\/categories?post=45432"},{"taxonomy":"post_tag","embeddable":true,"href":"https:\/\/elukelele.com\/fr\/wp-json\/wp\/v2\/tags?post=45432"}],"curies":[{"name":"wp","href":"https:\/\/api.w.org\/{rel}","templated":true}]}}