{"id":45428,"date":"2025-11-22T11:42:48","date_gmt":"2025-11-22T11:42:48","guid":{"rendered":"https:\/\/elukelele.com\/fr\/?p=45428"},"modified":"2025-11-22T11:42:49","modified_gmt":"2025-11-22T11:42:49","slug":"exclu-ma-maladie-ma-taratata-the-voicevie-privee-florent-pagny-se-confie-avant-sa-tournee-xxl","status":"publish","type":"post","link":"https:\/\/elukelele.com\/fr\/divertissement\/exclu-ma-maladie-ma-taratata-the-voicevie-privee-florent-pagny-se-confie-avant-sa-tournee-xxl\/","title":{"rendered":"EXCLU. \u00ab\u00a0Ma maladie m&rsquo;a&#8230;\u00a0\u00bb Taratata, The Voice,\nvie priv\u00e9e&#8230; Florent Pagny se confie avant sa tourn\u00e9e XXL"},"content":{"rendered":"<p>Depuis la qui\u00e9tude de la Patagonie, o\u00f9 il s&rsquo;accorde chaque ann\u00e9e une parenth\u00e8se loin de l&rsquo;agitation m\u00e9diatique, Florent Pagny s&rsquo;est ouvert sur son actualit\u00e9 charg\u00e9e dans une interview exclusive accord\u00e9e \u00e0 <em>T\u00e9l\u00e9 Star<\/em>. Le chanteur, dont la vie a \u00e9t\u00e9 profond\u00e9ment marqu\u00e9e par la maladie, aborde avec une lucidit\u00e9 nouvelle ses projets \u00e0 venir : un \u00e9v\u00e9nement <strong>Taratata<\/strong>, une <strong>tourn\u00e9e XXL<\/strong> d&rsquo;envergure et un retour attendu dans la 15\u00e8me saison de <strong>The Voice<\/strong>. Ces confidences offrent un aper\u00e7u intime de son \u00e9tat d&rsquo;esprit, de sa vision du monde et de sa vie priv\u00e9e, transform\u00e9es par les \u00e9preuves.<\/p>\n<h2>Un Retour Sc\u00e9nique et M\u00e9diatique Charg\u00e9<\/h2>\n<p>L&rsquo;agenda de Florent Pagny s&rsquo;annonce particuli\u00e8rement dense, marquant un retour au premier plan de la sc\u00e8ne musicale et t\u00e9l\u00e9visuelle fran\u00e7aise. Le chanteur pr\u00e9pare notamment un <strong>Taratata<\/strong> exceptionnel, une \u00e9mission \u00e9v\u00e9nementielle orchestr\u00e9e par Nagui. Pour cette occasion sp\u00e9ciale, il sera entour\u00e9 d&rsquo;artistes qui lui sont chers et qu&rsquo;il admire, tels que Marc Lavoine, Christophe Ma\u00e9, Zaz, et Benjamin Biolay, ce dernier lui ayant m\u00eame \u00e9crit un titre in\u00e9dit. Ce grand rendez-vous musical est d&rsquo;autant plus significatif que l&rsquo;int\u00e9gralit\u00e9 des recettes sera revers\u00e9e \u00e0 la Fondation pour la recherche m\u00e9dicale, une d\u00e9marche que Florent Pagny assume avec humilit\u00e9, refusant toute h\u00e9ro\u00efsation.<\/p>\n<p>Ce concert caritatif marque le pr\u00e9lude \u00e0 une <strong>tourn\u00e9e<\/strong> colossale, d\u00e9fiant les attentes : 68 dates sont pr\u00e9vues, dont 20 concerts \u00e0 l&rsquo;Olympia. Un tel engagement physique pourrait susciter de l&rsquo;appr\u00e9hension, mais l&rsquo;artiste l&rsquo;aborde avec une \u00e9tonnante s\u00e9r\u00e9nit\u00e9. Il d\u00e9clare vivre \u00ab\u00a0au jour le jour\u00a0\u00bb, ne pas se \u00ab\u00a0poser trop de questions\u00a0\u00bb et assure qu&rsquo;en cas d&rsquo;impr\u00e9vu, il \u00ab\u00a0r\u00e9agira avec l&#8217;embrouille\u00a0\u00bb. Cette philosophie t\u00e9moigne d&rsquo;une force int\u00e9rieure forg\u00e9e par son parcours.<\/p>\n<p>En parall\u00e8le de ses engagements musicaux, Florent Pagny confirme son grand retour en tant que coach pour la 15\u00e8me saison de <strong>The Voice<\/strong>. Cette participation \u00e9tait conditionn\u00e9e par un d\u00e9calage des tournages de l&rsquo;\u00e9mission, une demande \u00e0 laquelle la production a favorablement r\u00e9pondu. Pour le chanteur, retrouver son fauteuil rouge est devenu une exp\u00e9rience \u00ab\u00a0facile et agr\u00e9able\u00a0\u00bb, un environnement qu&rsquo;il ma\u00eetrise et o\u00f9 il prend plaisir \u00e0 transmettre son savoir et son exp\u00e9rience aux jeunes talents. Il exprime \u00e9galement une volont\u00e9 de \u00ab\u00a0se rendre utile\u00a0\u00bb, n&rsquo;h\u00e9sitant pas \u00e0 s&rsquo;impliquer dans des initiatives comme les Restos du C\u0153ur.<\/p>\n<h2>La Maladie, une Prise de Conscience Profonde<\/h2>\n<p>Au-del\u00e0 de ses projets professionnels, Florent Pagny a partag\u00e9 les r\u00e9percussions profondes de sa maladie sur sa perception de l&rsquo;existence et ses valeurs fondamentales. Il r\u00e9v\u00e8le que cette \u00e9preuve et \u00ab\u00a0tout ce que cela a provoqu\u00e9\u00a0\u00bb lui ont fait prendre \u00ab\u00a0conscience de la puissance de l&rsquo;amour\u00a0\u00bb. Cette r\u00e9v\u00e9lation intime a renforc\u00e9 sa conviction que si les individus \u00ab\u00a0aimaient un peu plus les autres\u00a0\u00bb, le monde serait diff\u00e9rent. Une vision qu&rsquo;il assume pleinement, m\u00eame si elle peut para\u00eetre \u00ab\u00a0baba cool\u00a0\u00bb.<\/p>\n<p>Cette transformation int\u00e9rieure se manifeste par une approche de la vie plus consciente et ax\u00e9e sur l&rsquo;essentiel. Loin du pathos, il \u00e9voque son \u00e9tat de sant\u00e9 avec calme et une grande lucidit\u00e9, soulignant le rythme \u00ab\u00a0au jour le jour\u00a0\u00bb qui rythme d\u00e9sormais son quotidien. La maladie a indubitablement red\u00e9fini ses priorit\u00e9s, le poussant \u00e0 valoriser les liens humains et la contribution \u00e0 des causes significatives.<\/p>\n<h2>Un Retour aux Sources Personnelles<\/h2>\n<p>Cette nouvelle philosophie de vie a \u00e9galement raviv\u00e9 chez Florent Pagny un d\u00e9sir de renouer avec ses origines. Apr\u00e8s l&rsquo;acquisition d&rsquo;une maison en Bourgogne, il explique cette d\u00e9cision par la volont\u00e9 de se rapprocher de ses parents, qui approchent de leurs 90 ans.<\/p>\n<p>Ce besoin de se ressourcer et de retrouver le lieu de sa naissance est d\u00e9crit comme une \u00ab\u00a0envie presque animale\u00a0\u00bb qui s&rsquo;est manifest\u00e9e apr\u00e8s ses 60 ans. Ce retour aux racines, loin des projecteurs de la sc\u00e8ne, est une \u00e9tape significative dans sa vie priv\u00e9e, refl\u00e9tant une qu\u00eate d&rsquo;authenticit\u00e9 et de simplicit\u00e9, en phase avec la profonde introspection que la maladie lui a impos\u00e9e.<\/p>\n<h2>Conclusion<\/h2>\n<p>Les confidences de Florent Pagny \u00e0 l&rsquo;approche de sa <strong>tourn\u00e9e XXL<\/strong> et de ses nombreux engagements d\u00e9peignent un artiste transform\u00e9, mais toujours aussi passionn\u00e9. Sa maladie, loin de le consumer, semble l&rsquo;avoir guid\u00e9 vers une nouvelle sagesse, renfor\u00e7ant son amour pour la vie, pour les autres et pour l&rsquo;essentiel. Entre des projets professionnels ambitieux et un recentrage sur sa vie priv\u00e9e et ses origines, Florent Pagny aborde cette nouvelle phase de son existence avec une force et une s\u00e9r\u00e9nit\u00e9 remarquables, pr\u00eat \u00e0 partager cette \u00e9nergie renouvel\u00e9e avec son public. L&rsquo;int\u00e9gralit\u00e9 de cette interview riche en \u00e9motions est \u00e0 d\u00e9couvrir dans le magazine <em>T\u00e9l\u00e9 Star<\/em>, disponible en kiosque et en version num\u00e9rique ce lundi 24 novembre 2025.<\/p>\n","protected":false},"excerpt":{"rendered":"<p>Depuis la qui\u00e9tude de la Patagonie, o\u00f9 il s&rsquo;accorde chaque ann\u00e9e une parenth\u00e8se loin de l&rsquo;agitation m\u00e9diatique, Florent Pagny s&rsquo;est ouvert sur son actualit\u00e9 charg\u00e9e dans une interview exclusive accord\u00e9e \u00e0 T\u00e9l\u00e9 Star. Le chanteur, dont la vie a \u00e9t\u00e9 profond\u00e9ment marqu\u00e9e par la maladie, aborde avec une lucidit\u00e9 nouvelle ses projets \u00e0 venir : [&hellip;]<\/p>\n","protected":false},"author":4,"featured_media":45427,"comment_status":"open","ping_status":"open","sticky":false,"template":"","format":"standard","meta":{"_yoast_wpseo_title":"Florent Pagny se confie avant sa tourn\u00e9e XXL","_yoast_wpseo_metadesc":"","_yoast_wpseo_focuskw":"Florent"},"categories":[5],"tags":[],"class_list":["post-45428","post","type-post","status-publish","format-standard","has-post-thumbnail","hentry","category-divertissement"],"yoast_head":"<!-- This site is optimized with the Yoast SEO plugin v26.3 - https:\/\/yoast.com\/wordpress\/plugins\/seo\/ -->\n<title>Florent Pagny se confie avant sa tourn\u00e9e XXL<\/title>\n<meta name=\"robots\" content=\"index, follow, max-snippet:-1, max-image-preview:large, max-video-preview:-1\" \/>\n<link rel=\"canonical\" href=\"https:\/\/elukelele.com\/fr\/divertissement\/exclu-ma-maladie-ma-taratata-the-voicevie-privee-florent-pagny-se-confie-avant-sa-tournee-xxl\/\" \/>\n<meta property=\"og:locale\" content=\"fr_FR\" \/>\n<meta property=\"og:type\" content=\"article\" \/>\n<meta property=\"og:title\" content=\"Florent Pagny se confie avant sa tourn\u00e9e XXL\" \/>\n<meta property=\"og:description\" content=\"Depuis la qui\u00e9tude de la Patagonie, o\u00f9 il s&rsquo;accorde chaque ann\u00e9e une parenth\u00e8se loin de l&rsquo;agitation m\u00e9diatique, Florent Pagny s&rsquo;est ouvert sur son actualit\u00e9 charg\u00e9e dans une interview exclusive accord\u00e9e \u00e0 T\u00e9l\u00e9 Star. Le chanteur, dont la vie a \u00e9t\u00e9 profond\u00e9ment marqu\u00e9e par la maladie, aborde avec une lucidit\u00e9 nouvelle ses projets \u00e0 venir : [&hellip;]\" \/>\n<meta property=\"og:url\" content=\"https:\/\/elukelele.com\/fr\/divertissement\/exclu-ma-maladie-ma-taratata-the-voicevie-privee-florent-pagny-se-confie-avant-sa-tournee-xxl\/\" \/>\n<meta property=\"og:site_name\" content=\"El Ukelele\" \/>\n<meta property=\"article:published_time\" content=\"2025-11-22T11:42:48+00:00\" \/>\n<meta property=\"article:modified_time\" content=\"2025-11-22T11:42:49+00:00\" \/>\n<meta property=\"og:image\" content=\"https:\/\/elukelele.com\/fr\/wp-content\/uploads\/2025\/11\/framed_only-399.png\" \/>\n\t<meta property=\"og:image:width\" content=\"1200\" \/>\n\t<meta property=\"og:image:height\" content=\"628\" \/>\n\t<meta property=\"og:image:type\" content=\"image\/png\" \/>\n<meta name=\"author\" content=\"Daniel Perrin\" \/>\n<meta name=\"twitter:card\" content=\"summary_large_image\" \/>\n<meta name=\"twitter:label1\" content=\"\u00c9crit par\" \/>\n\t<meta name=\"twitter:data1\" content=\"Daniel Perrin\" \/>\n\t<meta name=\"twitter:label2\" content=\"Dur\u00e9e de lecture estim\u00e9e\" \/>\n\t<meta name=\"twitter:data2\" content=\"5 minutes\" \/>\n<script type=\"application\/ld+json\" class=\"yoast-schema-graph\">{\"@context\":\"https:\/\/schema.org\",\"@graph\":[{\"@type\":\"WebPage\",\"@id\":\"https:\/\/elukelele.com\/fr\/divertissement\/exclu-ma-maladie-ma-taratata-the-voicevie-privee-florent-pagny-se-confie-avant-sa-tournee-xxl\/\",\"url\":\"https:\/\/elukelele.com\/fr\/divertissement\/exclu-ma-maladie-ma-taratata-the-voicevie-privee-florent-pagny-se-confie-avant-sa-tournee-xxl\/\",\"name\":\"Florent Pagny se confie avant sa tourn\u00e9e XXL\",\"isPartOf\":{\"@id\":\"https:\/\/elukelele.com\/fr\/#website\"},\"primaryImageOfPage\":{\"@id\":\"https:\/\/elukelele.com\/fr\/divertissement\/exclu-ma-maladie-ma-taratata-the-voicevie-privee-florent-pagny-se-confie-avant-sa-tournee-xxl\/#primaryimage\"},\"image\":{\"@id\":\"https:\/\/elukelele.com\/fr\/divertissement\/exclu-ma-maladie-ma-taratata-the-voicevie-privee-florent-pagny-se-confie-avant-sa-tournee-xxl\/#primaryimage\"},\"thumbnailUrl\":\"https:\/\/elukelele.com\/fr\/wp-content\/uploads\/2025\/11\/framed_only-399.png\",\"datePublished\":\"2025-11-22T11:42:48+00:00\",\"dateModified\":\"2025-11-22T11:42:49+00:00\",\"author\":{\"@id\":\"https:\/\/elukelele.com\/fr\/#\/schema\/person\/ccfb3d2be2ec7fa389608eb6da0b38d6\"},\"breadcrumb\":{\"@id\":\"https:\/\/elukelele.com\/fr\/divertissement\/exclu-ma-maladie-ma-taratata-the-voicevie-privee-florent-pagny-se-confie-avant-sa-tournee-xxl\/#breadcrumb\"},\"inLanguage\":\"fr-FR\",\"potentialAction\":[{\"@type\":\"ReadAction\",\"target\":[\"https:\/\/elukelele.com\/fr\/divertissement\/exclu-ma-maladie-ma-taratata-the-voicevie-privee-florent-pagny-se-confie-avant-sa-tournee-xxl\/\"]}]},{\"@type\":\"ImageObject\",\"inLanguage\":\"fr-FR\",\"@id\":\"https:\/\/elukelele.com\/fr\/divertissement\/exclu-ma-maladie-ma-taratata-the-voicevie-privee-florent-pagny-se-confie-avant-sa-tournee-xxl\/#primaryimage\",\"url\":\"https:\/\/elukelele.com\/fr\/wp-content\/uploads\/2025\/11\/framed_only-399.png\",\"contentUrl\":\"https:\/\/elukelele.com\/fr\/wp-content\/uploads\/2025\/11\/framed_only-399.png\",\"width\":1200,\"height\":628,\"caption\":\"Florent\"},{\"@type\":\"BreadcrumbList\",\"@id\":\"https:\/\/elukelele.com\/fr\/divertissement\/exclu-ma-maladie-ma-taratata-the-voicevie-privee-florent-pagny-se-confie-avant-sa-tournee-xxl\/#breadcrumb\",\"itemListElement\":[{\"@type\":\"ListItem\",\"position\":1,\"name\":\"Home\",\"item\":\"https:\/\/elukelele.com\/fr\/\"},{\"@type\":\"ListItem\",\"position\":2,\"name\":\"EXCLU. \u00ab\u00a0Ma maladie m&rsquo;a&#8230;\u00a0\u00bb Taratata, The Voice, vie priv\u00e9e&#8230; Florent Pagny se confie avant sa tourn\u00e9e XXL\"}]},{\"@type\":\"WebSite\",\"@id\":\"https:\/\/elukelele.com\/fr\/#website\",\"url\":\"https:\/\/elukelele.com\/fr\/\",\"name\":\"El Ukelele\",\"description\":\"Musique au-del\u00e0 de l&#039;indie\",\"potentialAction\":[{\"@type\":\"SearchAction\",\"target\":{\"@type\":\"EntryPoint\",\"urlTemplate\":\"https:\/\/elukelele.com\/fr\/?s={search_term_string}\"},\"query-input\":{\"@type\":\"PropertyValueSpecification\",\"valueRequired\":true,\"valueName\":\"search_term_string\"}}],\"inLanguage\":\"fr-FR\"},{\"@type\":\"Person\",\"@id\":\"https:\/\/elukelele.com\/fr\/#\/schema\/person\/ccfb3d2be2ec7fa389608eb6da0b38d6\",\"name\":\"Daniel Perrin\",\"image\":{\"@type\":\"ImageObject\",\"inLanguage\":\"fr-FR\",\"@id\":\"https:\/\/elukelele.com\/fr\/#\/schema\/person\/image\/\",\"url\":\"https:\/\/secure.gravatar.com\/avatar\/37f9d9ffa29ce5640a0d9c6ca8bbd90afb854014296ecaa0e3a558ac716e6fe4?s=96&d=mm&r=g\",\"contentUrl\":\"https:\/\/secure.gravatar.com\/avatar\/37f9d9ffa29ce5640a0d9c6ca8bbd90afb854014296ecaa0e3a558ac716e6fe4?s=96&d=mm&r=g\",\"caption\":\"Daniel Perrin\"},\"sameAs\":[\"https:\/\/elukelele.com\/fr\"],\"url\":\"https:\/\/elukelele.com\/fr\/author\/daniel-perrin\/\"}]}<\/script>\n<!-- \/ Yoast SEO plugin. -->","yoast_head_json":{"title":"Florent Pagny se confie avant sa tourn\u00e9e XXL","robots":{"index":"index","follow":"follow","max-snippet":"max-snippet:-1","max-image-preview":"max-image-preview:large","max-video-preview":"max-video-preview:-1"},"canonical":"https:\/\/elukelele.com\/fr\/divertissement\/exclu-ma-maladie-ma-taratata-the-voicevie-privee-florent-pagny-se-confie-avant-sa-tournee-xxl\/","og_locale":"fr_FR","og_type":"article","og_title":"Florent Pagny se confie avant sa tourn\u00e9e XXL","og_description":"Depuis la qui\u00e9tude de la Patagonie, o\u00f9 il s&rsquo;accorde chaque ann\u00e9e une parenth\u00e8se loin de l&rsquo;agitation m\u00e9diatique, Florent Pagny s&rsquo;est ouvert sur son actualit\u00e9 charg\u00e9e dans une interview exclusive accord\u00e9e \u00e0 T\u00e9l\u00e9 Star. Le chanteur, dont la vie a \u00e9t\u00e9 profond\u00e9ment marqu\u00e9e par la maladie, aborde avec une lucidit\u00e9 nouvelle ses projets \u00e0 venir : [&hellip;]","og_url":"https:\/\/elukelele.com\/fr\/divertissement\/exclu-ma-maladie-ma-taratata-the-voicevie-privee-florent-pagny-se-confie-avant-sa-tournee-xxl\/","og_site_name":"El Ukelele","article_published_time":"2025-11-22T11:42:48+00:00","article_modified_time":"2025-11-22T11:42:49+00:00","og_image":[{"width":1200,"height":628,"url":"https:\/\/elukelele.com\/fr\/wp-content\/uploads\/2025\/11\/framed_only-399.png","type":"image\/png"}],"author":"Daniel Perrin","twitter_card":"summary_large_image","twitter_misc":{"\u00c9crit par":"Daniel Perrin","Dur\u00e9e de lecture estim\u00e9e":"5 minutes"},"schema":{"@context":"https:\/\/schema.org","@graph":[{"@type":"WebPage","@id":"https:\/\/elukelele.com\/fr\/divertissement\/exclu-ma-maladie-ma-taratata-the-voicevie-privee-florent-pagny-se-confie-avant-sa-tournee-xxl\/","url":"https:\/\/elukelele.com\/fr\/divertissement\/exclu-ma-maladie-ma-taratata-the-voicevie-privee-florent-pagny-se-confie-avant-sa-tournee-xxl\/","name":"Florent Pagny se confie avant sa tourn\u00e9e XXL","isPartOf":{"@id":"https:\/\/elukelele.com\/fr\/#website"},"primaryImageOfPage":{"@id":"https:\/\/elukelele.com\/fr\/divertissement\/exclu-ma-maladie-ma-taratata-the-voicevie-privee-florent-pagny-se-confie-avant-sa-tournee-xxl\/#primaryimage"},"image":{"@id":"https:\/\/elukelele.com\/fr\/divertissement\/exclu-ma-maladie-ma-taratata-the-voicevie-privee-florent-pagny-se-confie-avant-sa-tournee-xxl\/#primaryimage"},"thumbnailUrl":"https:\/\/elukelele.com\/fr\/wp-content\/uploads\/2025\/11\/framed_only-399.png","datePublished":"2025-11-22T11:42:48+00:00","dateModified":"2025-11-22T11:42:49+00:00","author":{"@id":"https:\/\/elukelele.com\/fr\/#\/schema\/person\/ccfb3d2be2ec7fa389608eb6da0b38d6"},"breadcrumb":{"@id":"https:\/\/elukelele.com\/fr\/divertissement\/exclu-ma-maladie-ma-taratata-the-voicevie-privee-florent-pagny-se-confie-avant-sa-tournee-xxl\/#breadcrumb"},"inLanguage":"fr-FR","potentialAction":[{"@type":"ReadAction","target":["https:\/\/elukelele.com\/fr\/divertissement\/exclu-ma-maladie-ma-taratata-the-voicevie-privee-florent-pagny-se-confie-avant-sa-tournee-xxl\/"]}]},{"@type":"ImageObject","inLanguage":"fr-FR","@id":"https:\/\/elukelele.com\/fr\/divertissement\/exclu-ma-maladie-ma-taratata-the-voicevie-privee-florent-pagny-se-confie-avant-sa-tournee-xxl\/#primaryimage","url":"https:\/\/elukelele.com\/fr\/wp-content\/uploads\/2025\/11\/framed_only-399.png","contentUrl":"https:\/\/elukelele.com\/fr\/wp-content\/uploads\/2025\/11\/framed_only-399.png","width":1200,"height":628,"caption":"Florent"},{"@type":"BreadcrumbList","@id":"https:\/\/elukelele.com\/fr\/divertissement\/exclu-ma-maladie-ma-taratata-the-voicevie-privee-florent-pagny-se-confie-avant-sa-tournee-xxl\/#breadcrumb","itemListElement":[{"@type":"ListItem","position":1,"name":"Home","item":"https:\/\/elukelele.com\/fr\/"},{"@type":"ListItem","position":2,"name":"EXCLU. \u00ab\u00a0Ma maladie m&rsquo;a&#8230;\u00a0\u00bb Taratata, The Voice, vie priv\u00e9e&#8230; Florent Pagny se confie avant sa tourn\u00e9e XXL"}]},{"@type":"WebSite","@id":"https:\/\/elukelele.com\/fr\/#website","url":"https:\/\/elukelele.com\/fr\/","name":"El Ukelele","description":"Musique au-del\u00e0 de l&#039;indie","potentialAction":[{"@type":"SearchAction","target":{"@type":"EntryPoint","urlTemplate":"https:\/\/elukelele.com\/fr\/?s={search_term_string}"},"query-input":{"@type":"PropertyValueSpecification","valueRequired":true,"valueName":"search_term_string"}}],"inLanguage":"fr-FR"},{"@type":"Person","@id":"https:\/\/elukelele.com\/fr\/#\/schema\/person\/ccfb3d2be2ec7fa389608eb6da0b38d6","name":"Daniel Perrin","image":{"@type":"ImageObject","inLanguage":"fr-FR","@id":"https:\/\/elukelele.com\/fr\/#\/schema\/person\/image\/","url":"https:\/\/secure.gravatar.com\/avatar\/37f9d9ffa29ce5640a0d9c6ca8bbd90afb854014296ecaa0e3a558ac716e6fe4?s=96&d=mm&r=g","contentUrl":"https:\/\/secure.gravatar.com\/avatar\/37f9d9ffa29ce5640a0d9c6ca8bbd90afb854014296ecaa0e3a558ac716e6fe4?s=96&d=mm&r=g","caption":"Daniel Perrin"},"sameAs":["https:\/\/elukelele.com\/fr"],"url":"https:\/\/elukelele.com\/fr\/author\/daniel-perrin\/"}]}},"_links":{"self":[{"href":"https:\/\/elukelele.com\/fr\/wp-json\/wp\/v2\/posts\/45428","targetHints":{"allow":["GET"]}}],"collection":[{"href":"https:\/\/elukelele.com\/fr\/wp-json\/wp\/v2\/posts"}],"about":[{"href":"https:\/\/elukelele.com\/fr\/wp-json\/wp\/v2\/types\/post"}],"author":[{"embeddable":true,"href":"https:\/\/elukelele.com\/fr\/wp-json\/wp\/v2\/users\/4"}],"replies":[{"embeddable":true,"href":"https:\/\/elukelele.com\/fr\/wp-json\/wp\/v2\/comments?post=45428"}],"version-history":[{"count":1,"href":"https:\/\/elukelele.com\/fr\/wp-json\/wp\/v2\/posts\/45428\/revisions"}],"predecessor-version":[{"id":45479,"href":"https:\/\/elukelele.com\/fr\/wp-json\/wp\/v2\/posts\/45428\/revisions\/45479"}],"wp:featuredmedia":[{"embeddable":true,"href":"https:\/\/elukelele.com\/fr\/wp-json\/wp\/v2\/media\/45427"}],"wp:attachment":[{"href":"https:\/\/elukelele.com\/fr\/wp-json\/wp\/v2\/media?parent=45428"}],"wp:term":[{"taxonomy":"category","embeddable":true,"href":"https:\/\/elukelele.com\/fr\/wp-json\/wp\/v2\/categories?post=45428"},{"taxonomy":"post_tag","embeddable":true,"href":"https:\/\/elukelele.com\/fr\/wp-json\/wp\/v2\/tags?post=45428"}],"curies":[{"name":"wp","href":"https:\/\/api.w.org\/{rel}","templated":true}]}}