{"id":45424,"date":"2025-11-22T11:39:38","date_gmt":"2025-11-22T11:39:38","guid":{"rendered":"https:\/\/elukelele.com\/fr\/?p=45424"},"modified":"2025-11-22T11:39:39","modified_gmt":"2025-11-22T11:39:39","slug":"je-crois-quelle-ne-bernard-montiel-senprend-a-sophie-davant-apres-un-tacle-sournois-de-lanimatrice","status":"publish","type":"post","link":"https:\/\/elukelele.com\/fr\/divertissement\/je-crois-quelle-ne-bernard-montiel-senprend-a-sophie-davant-apres-un-tacle-sournois-de-lanimatrice\/","title":{"rendered":"\u00ab\u00a0Je crois qu\u2019elle ne\u2026\u00a0\u00bb : Bernard Montiel s\u2019en\nprend \u00e0 Sophie Davant apr\u00e8s un tacle sournois de l\u2019animatrice"},"content":{"rendered":"<p>Le monde de la t\u00e9l\u00e9vision fran\u00e7aise est souvent le th\u00e9\u00e2tre de petites passes d&rsquo;armes entre animateurs, et la r\u00e9cente joute verbale entre Bernard Montiel et Sophie Davant n&rsquo;a pas manqu\u00e9 de piquer la curiosit\u00e9 du public. Tout est parti d&rsquo;un commentaire de Sophie Davant concernant la nouvelle \u00e9mission de Bernard Montiel, per\u00e7ue comme un \u00ab\u00a0tacle sournois\u00a0\u00bb par certains. Ce qui s&rsquo;annon\u00e7ait comme un simple changement de programme a rapidement pris les allures d&rsquo;un r\u00e8glement de comptes m\u00e9diatique, avec des d\u00e9clarations franches et directes de part et d&rsquo;autre.<\/p>\n<p>L&rsquo;affaire trouve ses racines dans la programmation de France 3, o\u00f9 Bernard Montiel a r\u00e9cemment pris les r\u00eanes d&rsquo;une nouvelle \u00e9mission d\u00e9di\u00e9e aux animaux, un cr\u00e9neau auparavant occup\u00e9 par Sophie Davant. La r\u00e9action de cette derni\u00e8re, exprim\u00e9e publiquement, a suscit\u00e9 une r\u00e9ponse sans d\u00e9tour de la part de l&rsquo;ancien chroniqueur de \u00ab\u00a0Touche pas \u00e0 mon poste\u00a0\u00bb.<\/p>\n<h2>Le Renouveau animalier sur France 3 avec Bernard Montiel<\/h2>\n<p>Apr\u00e8s son d\u00e9part en tant que chroniqueur de l&rsquo;\u00e9mission \u00ab\u00a0Touche pas \u00e0 mon poste\u00a0\u00bb sur C8, Bernard Montiel a entam\u00e9 un nouveau chapitre professionnel en devenant l&rsquo;animateur d&rsquo;une \u00e9mission hebdomadaire sur France 3. Intitul\u00e9 \u00ab\u00a0Animalement v\u00f4tre\u00a0\u00bb, ce magazine a fait ses d\u00e9buts le dimanche 9 novembre 2025. Le programme se consacre enti\u00e8rement au bien-\u00eatre animal, adoptant une approche \u00e0 la fois divertissante, p\u00e9dagogique et engag\u00e9e.<\/p>\n<p>France 3 a d\u00e9crit \u00ab\u00a0Animalement v\u00f4tre\u00a0\u00bb comme une \u00e9mission \u00ab\u00a0chaleureuse et familiale consacr\u00e9e au bien-\u00eatre animal sous toutes ses formes\u00a0\u00bb, avec Bernard Montiel, passionn\u00e9 d&rsquo;animaux, entour\u00e9 d&rsquo;une \u00e9quipe de chroniqueurs et d&rsquo;experts reconnus. Le magazine propose chaque semaine un contenu vari\u00e9 incluant des reportages en immersion, des escapades th\u00e9matiques avec des conseils pratiques et des d\u00e9couvertes, ainsi que des chroniques, des portraits inspirants et des t\u00e9moignages touchants.<\/p>\n<h2>La R\u00e9action Am\u00e8re de Sophie Davant<\/h2>\n<p>La saison pr\u00e9c\u00e9dente, France 3 diffusait d\u00e9j\u00e0 un programme sur le m\u00eame th\u00e8me, \u00ab\u00a0En bonne compagnie\u00a0\u00bb, anim\u00e9 par Sophie Davant. Cependant, cette \u00e9mission avait \u00e9t\u00e9 d\u00e9programm\u00e9e faute d&rsquo;audiences suffisantes. Le lancement de \u00ab\u00a0Animalement v\u00f4tre\u00a0\u00bb par Bernard Montiel, reprenant un cr\u00e9neau similaire, n&rsquo;a visiblement pas \u00e9t\u00e9 du go\u00fbt de Sophie Davant.<\/p>\n<p>Lors d&rsquo;un passage sur RTL, l&rsquo;animatrice, d\u00e9sormais aux commandes d&rsquo;un rendez-vous hebdomadaire sur Europe 1, a exprim\u00e9 son m\u00e9contentement. Elle a qualifi\u00e9 la nouvelle \u00e9mission de Bernard Montiel de \u00ab\u00a0m\u00eame \u00e9mission reprise \u00e0 la m\u00eame heure\u00a0\u00bb, tout en pr\u00e9cisant que Bernard Montiel avait eu la d\u00e9licatesse de l&rsquo;appeler en juin pour l&rsquo;informer du projet. Sophie Davant avait \u00e9galement expliqu\u00e9 que la d\u00e9cision d&rsquo;arr\u00eater son \u00e9mission avait \u00e9t\u00e9 prise par la direction de France T\u00e9l\u00e9visions pour des \u00ab\u00a0raisons d&rsquo;\u00e9conomie\u00a0\u00bb.<\/p>\n<h2>Bernard Montiel r\u00e9plique au \u00ab\u00a0tacle sournois\u00a0\u00bb<\/h2>\n<p>Face aux d\u00e9clarations de Sophie Davant, Bernard Montiel n&rsquo;a pas tard\u00e9 \u00e0 r\u00e9agir. Invit\u00e9 de l&rsquo;\u00e9mission \u00ab\u00a0Buzz TV du Figaro\u00a0\u00bb, il a livr\u00e9 une analyse directe et incisive de la situation, ciblant directement les motivations de son homologue. \u00ab\u00a0Je crois qu\u2019elle ne d\u00e9col\u00e8re pas un peu contre elle d\u2019avoir quitt\u00e9 volontairement Affaire conclue pour Europe 1. Elle a eu tort. Quand on fait une connerie dans la vie, on regrette\u00a0\u00bb, a-t-il affirm\u00e9.<\/p>\n<p>Cette r\u00e9ponse sous-entend que l&rsquo;amertume de Sophie Davant ne viendrait pas tant de la relance d&rsquo;une \u00e9mission animali\u00e8re sur France 3, mais plut\u00f4t de son propre choix de quitter un programme \u00e0 succ\u00e8s, \u00ab\u00a0Affaire conclue\u00a0\u00bb, pour rejoindre Europe 1. Bernard Montiel, qui pr\u00e9sente \u00e9galement une \u00e9mission le week-end sur RFM, a ainsi mis en lumi\u00e8re une dimension plus personnelle derri\u00e8re le \u00ab\u00a0tacle sournois\u00a0\u00bb de Sophie Davant.<\/p>\n<h2>Conclusion<\/h2>\n<p>L&rsquo;\u00e9change entre Bernard Montiel et Sophie Davant met en lumi\u00e8re les tensions parfois palpables dans le paysage audiovisuel fran\u00e7ais, o\u00f9 les changements de grille et les lancements de nouvelles \u00e9missions peuvent rapidement d\u00e9boucher sur des prises de position publiques. Si Sophie Davant a exprim\u00e9 son regret face \u00e0 la suppression de son \u00e9mission pour des raisons \u00e9conomiques et la reprise du concept, Bernard Montiel a quant \u00e0 lui choisi une explication plus psychologique, renvoyant l&rsquo;animatrice \u00e0 ses propres choix de carri\u00e8re. Cette petite querelle m\u00e9diatique offre un aper\u00e7u des dynamiques et des enjeux personnels qui animent les figures embl\u00e9matiques du petit \u00e9cran.<\/p>\n","protected":false},"excerpt":{"rendered":"<p>Le monde de la t\u00e9l\u00e9vision fran\u00e7aise est souvent le th\u00e9\u00e2tre de petites passes d&rsquo;armes entre animateurs, et la r\u00e9cente joute verbale entre Bernard Montiel et Sophie Davant n&rsquo;a pas manqu\u00e9 de piquer la curiosit\u00e9 du public. Tout est parti d&rsquo;un commentaire de Sophie Davant concernant la nouvelle \u00e9mission de Bernard Montiel, per\u00e7ue comme un \u00ab\u00a0tacle [&hellip;]<\/p>\n","protected":false},"author":4,"featured_media":45423,"comment_status":"open","ping_status":"open","sticky":false,"template":"","format":"standard","meta":{"_yoast_wpseo_title":"\"Je crois qu\u2019elle ne\u2026\" : Bernard Montiel s\u2019en prend \u00e0 Sophie Davant apr\u00e8s un tacle sournois de l\u2019animatrice","_yoast_wpseo_metadesc":"","_yoast_wpseo_focuskw":"crois"},"categories":[5],"tags":[],"class_list":["post-45424","post","type-post","status-publish","format-standard","has-post-thumbnail","hentry","category-divertissement"],"yoast_head":"<!-- This site is optimized with the Yoast SEO plugin v26.3 - https:\/\/yoast.com\/wordpress\/plugins\/seo\/ -->\n<title>&quot;Je crois qu\u2019elle ne\u2026&quot; : Bernard Montiel s\u2019en prend \u00e0 Sophie Davant apr\u00e8s un tacle sournois de l\u2019animatrice<\/title>\n<meta name=\"robots\" content=\"index, follow, max-snippet:-1, max-image-preview:large, max-video-preview:-1\" \/>\n<link rel=\"canonical\" href=\"https:\/\/elukelele.com\/fr\/divertissement\/je-crois-quelle-ne-bernard-montiel-senprend-a-sophie-davant-apres-un-tacle-sournois-de-lanimatrice\/\" \/>\n<meta property=\"og:locale\" content=\"fr_FR\" \/>\n<meta property=\"og:type\" content=\"article\" \/>\n<meta property=\"og:title\" content=\"&quot;Je crois qu\u2019elle ne\u2026&quot; : Bernard Montiel s\u2019en prend \u00e0 Sophie Davant apr\u00e8s un tacle sournois de l\u2019animatrice\" \/>\n<meta property=\"og:description\" content=\"Le monde de la t\u00e9l\u00e9vision fran\u00e7aise est souvent le th\u00e9\u00e2tre de petites passes d&rsquo;armes entre animateurs, et la r\u00e9cente joute verbale entre Bernard Montiel et Sophie Davant n&rsquo;a pas manqu\u00e9 de piquer la curiosit\u00e9 du public. Tout est parti d&rsquo;un commentaire de Sophie Davant concernant la nouvelle \u00e9mission de Bernard Montiel, per\u00e7ue comme un \u00ab\u00a0tacle [&hellip;]\" \/>\n<meta property=\"og:url\" content=\"https:\/\/elukelele.com\/fr\/divertissement\/je-crois-quelle-ne-bernard-montiel-senprend-a-sophie-davant-apres-un-tacle-sournois-de-lanimatrice\/\" \/>\n<meta property=\"og:site_name\" content=\"El Ukelele\" \/>\n<meta property=\"article:published_time\" content=\"2025-11-22T11:39:38+00:00\" \/>\n<meta property=\"article:modified_time\" content=\"2025-11-22T11:39:39+00:00\" \/>\n<meta property=\"og:image\" content=\"https:\/\/elukelele.com\/fr\/wp-content\/uploads\/2025\/11\/framed_only-397.png\" \/>\n\t<meta property=\"og:image:width\" content=\"1200\" \/>\n\t<meta property=\"og:image:height\" content=\"628\" \/>\n\t<meta property=\"og:image:type\" content=\"image\/png\" \/>\n<meta name=\"author\" content=\"Daniel Perrin\" \/>\n<meta name=\"twitter:card\" content=\"summary_large_image\" \/>\n<meta name=\"twitter:label1\" content=\"\u00c9crit par\" \/>\n\t<meta name=\"twitter:data1\" content=\"Daniel Perrin\" \/>\n\t<meta name=\"twitter:label2\" content=\"Dur\u00e9e de lecture estim\u00e9e\" \/>\n\t<meta name=\"twitter:data2\" content=\"4 minutes\" \/>\n<script type=\"application\/ld+json\" class=\"yoast-schema-graph\">{\"@context\":\"https:\/\/schema.org\",\"@graph\":[{\"@type\":\"WebPage\",\"@id\":\"https:\/\/elukelele.com\/fr\/divertissement\/je-crois-quelle-ne-bernard-montiel-senprend-a-sophie-davant-apres-un-tacle-sournois-de-lanimatrice\/\",\"url\":\"https:\/\/elukelele.com\/fr\/divertissement\/je-crois-quelle-ne-bernard-montiel-senprend-a-sophie-davant-apres-un-tacle-sournois-de-lanimatrice\/\",\"name\":\"\\\"Je crois qu\u2019elle ne\u2026\\\" : Bernard Montiel s\u2019en prend \u00e0 Sophie Davant apr\u00e8s un tacle sournois de l\u2019animatrice\",\"isPartOf\":{\"@id\":\"https:\/\/elukelele.com\/fr\/#website\"},\"primaryImageOfPage\":{\"@id\":\"https:\/\/elukelele.com\/fr\/divertissement\/je-crois-quelle-ne-bernard-montiel-senprend-a-sophie-davant-apres-un-tacle-sournois-de-lanimatrice\/#primaryimage\"},\"image\":{\"@id\":\"https:\/\/elukelele.com\/fr\/divertissement\/je-crois-quelle-ne-bernard-montiel-senprend-a-sophie-davant-apres-un-tacle-sournois-de-lanimatrice\/#primaryimage\"},\"thumbnailUrl\":\"https:\/\/elukelele.com\/fr\/wp-content\/uploads\/2025\/11\/framed_only-397.png\",\"datePublished\":\"2025-11-22T11:39:38+00:00\",\"dateModified\":\"2025-11-22T11:39:39+00:00\",\"author\":{\"@id\":\"https:\/\/elukelele.com\/fr\/#\/schema\/person\/ccfb3d2be2ec7fa389608eb6da0b38d6\"},\"breadcrumb\":{\"@id\":\"https:\/\/elukelele.com\/fr\/divertissement\/je-crois-quelle-ne-bernard-montiel-senprend-a-sophie-davant-apres-un-tacle-sournois-de-lanimatrice\/#breadcrumb\"},\"inLanguage\":\"fr-FR\",\"potentialAction\":[{\"@type\":\"ReadAction\",\"target\":[\"https:\/\/elukelele.com\/fr\/divertissement\/je-crois-quelle-ne-bernard-montiel-senprend-a-sophie-davant-apres-un-tacle-sournois-de-lanimatrice\/\"]}]},{\"@type\":\"ImageObject\",\"inLanguage\":\"fr-FR\",\"@id\":\"https:\/\/elukelele.com\/fr\/divertissement\/je-crois-quelle-ne-bernard-montiel-senprend-a-sophie-davant-apres-un-tacle-sournois-de-lanimatrice\/#primaryimage\",\"url\":\"https:\/\/elukelele.com\/fr\/wp-content\/uploads\/2025\/11\/framed_only-397.png\",\"contentUrl\":\"https:\/\/elukelele.com\/fr\/wp-content\/uploads\/2025\/11\/framed_only-397.png\",\"width\":1200,\"height\":628,\"caption\":\"crois\"},{\"@type\":\"BreadcrumbList\",\"@id\":\"https:\/\/elukelele.com\/fr\/divertissement\/je-crois-quelle-ne-bernard-montiel-senprend-a-sophie-davant-apres-un-tacle-sournois-de-lanimatrice\/#breadcrumb\",\"itemListElement\":[{\"@type\":\"ListItem\",\"position\":1,\"name\":\"Home\",\"item\":\"https:\/\/elukelele.com\/fr\/\"},{\"@type\":\"ListItem\",\"position\":2,\"name\":\"\u00ab\u00a0Je crois qu\u2019elle ne\u2026\u00a0\u00bb : Bernard Montiel s\u2019en prend \u00e0 Sophie Davant apr\u00e8s un tacle sournois de l\u2019animatrice\"}]},{\"@type\":\"WebSite\",\"@id\":\"https:\/\/elukelele.com\/fr\/#website\",\"url\":\"https:\/\/elukelele.com\/fr\/\",\"name\":\"El Ukelele\",\"description\":\"Musique au-del\u00e0 de l&#039;indie\",\"potentialAction\":[{\"@type\":\"SearchAction\",\"target\":{\"@type\":\"EntryPoint\",\"urlTemplate\":\"https:\/\/elukelele.com\/fr\/?s={search_term_string}\"},\"query-input\":{\"@type\":\"PropertyValueSpecification\",\"valueRequired\":true,\"valueName\":\"search_term_string\"}}],\"inLanguage\":\"fr-FR\"},{\"@type\":\"Person\",\"@id\":\"https:\/\/elukelele.com\/fr\/#\/schema\/person\/ccfb3d2be2ec7fa389608eb6da0b38d6\",\"name\":\"Daniel Perrin\",\"image\":{\"@type\":\"ImageObject\",\"inLanguage\":\"fr-FR\",\"@id\":\"https:\/\/elukelele.com\/fr\/#\/schema\/person\/image\/\",\"url\":\"https:\/\/secure.gravatar.com\/avatar\/37f9d9ffa29ce5640a0d9c6ca8bbd90afb854014296ecaa0e3a558ac716e6fe4?s=96&d=mm&r=g\",\"contentUrl\":\"https:\/\/secure.gravatar.com\/avatar\/37f9d9ffa29ce5640a0d9c6ca8bbd90afb854014296ecaa0e3a558ac716e6fe4?s=96&d=mm&r=g\",\"caption\":\"Daniel Perrin\"},\"sameAs\":[\"https:\/\/elukelele.com\/fr\"],\"url\":\"https:\/\/elukelele.com\/fr\/author\/daniel-perrin\/\"}]}<\/script>\n<!-- \/ Yoast SEO plugin. -->","yoast_head_json":{"title":"\"Je crois qu\u2019elle ne\u2026\" : Bernard Montiel s\u2019en prend \u00e0 Sophie Davant apr\u00e8s un tacle sournois de l\u2019animatrice","robots":{"index":"index","follow":"follow","max-snippet":"max-snippet:-1","max-image-preview":"max-image-preview:large","max-video-preview":"max-video-preview:-1"},"canonical":"https:\/\/elukelele.com\/fr\/divertissement\/je-crois-quelle-ne-bernard-montiel-senprend-a-sophie-davant-apres-un-tacle-sournois-de-lanimatrice\/","og_locale":"fr_FR","og_type":"article","og_title":"\"Je crois qu\u2019elle ne\u2026\" : Bernard Montiel s\u2019en prend \u00e0 Sophie Davant apr\u00e8s un tacle sournois de l\u2019animatrice","og_description":"Le monde de la t\u00e9l\u00e9vision fran\u00e7aise est souvent le th\u00e9\u00e2tre de petites passes d&rsquo;armes entre animateurs, et la r\u00e9cente joute verbale entre Bernard Montiel et Sophie Davant n&rsquo;a pas manqu\u00e9 de piquer la curiosit\u00e9 du public. Tout est parti d&rsquo;un commentaire de Sophie Davant concernant la nouvelle \u00e9mission de Bernard Montiel, per\u00e7ue comme un \u00ab\u00a0tacle [&hellip;]","og_url":"https:\/\/elukelele.com\/fr\/divertissement\/je-crois-quelle-ne-bernard-montiel-senprend-a-sophie-davant-apres-un-tacle-sournois-de-lanimatrice\/","og_site_name":"El Ukelele","article_published_time":"2025-11-22T11:39:38+00:00","article_modified_time":"2025-11-22T11:39:39+00:00","og_image":[{"width":1200,"height":628,"url":"https:\/\/elukelele.com\/fr\/wp-content\/uploads\/2025\/11\/framed_only-397.png","type":"image\/png"}],"author":"Daniel Perrin","twitter_card":"summary_large_image","twitter_misc":{"\u00c9crit par":"Daniel Perrin","Dur\u00e9e de lecture estim\u00e9e":"4 minutes"},"schema":{"@context":"https:\/\/schema.org","@graph":[{"@type":"WebPage","@id":"https:\/\/elukelele.com\/fr\/divertissement\/je-crois-quelle-ne-bernard-montiel-senprend-a-sophie-davant-apres-un-tacle-sournois-de-lanimatrice\/","url":"https:\/\/elukelele.com\/fr\/divertissement\/je-crois-quelle-ne-bernard-montiel-senprend-a-sophie-davant-apres-un-tacle-sournois-de-lanimatrice\/","name":"\"Je crois qu\u2019elle ne\u2026\" : Bernard Montiel s\u2019en prend \u00e0 Sophie Davant apr\u00e8s un tacle sournois de l\u2019animatrice","isPartOf":{"@id":"https:\/\/elukelele.com\/fr\/#website"},"primaryImageOfPage":{"@id":"https:\/\/elukelele.com\/fr\/divertissement\/je-crois-quelle-ne-bernard-montiel-senprend-a-sophie-davant-apres-un-tacle-sournois-de-lanimatrice\/#primaryimage"},"image":{"@id":"https:\/\/elukelele.com\/fr\/divertissement\/je-crois-quelle-ne-bernard-montiel-senprend-a-sophie-davant-apres-un-tacle-sournois-de-lanimatrice\/#primaryimage"},"thumbnailUrl":"https:\/\/elukelele.com\/fr\/wp-content\/uploads\/2025\/11\/framed_only-397.png","datePublished":"2025-11-22T11:39:38+00:00","dateModified":"2025-11-22T11:39:39+00:00","author":{"@id":"https:\/\/elukelele.com\/fr\/#\/schema\/person\/ccfb3d2be2ec7fa389608eb6da0b38d6"},"breadcrumb":{"@id":"https:\/\/elukelele.com\/fr\/divertissement\/je-crois-quelle-ne-bernard-montiel-senprend-a-sophie-davant-apres-un-tacle-sournois-de-lanimatrice\/#breadcrumb"},"inLanguage":"fr-FR","potentialAction":[{"@type":"ReadAction","target":["https:\/\/elukelele.com\/fr\/divertissement\/je-crois-quelle-ne-bernard-montiel-senprend-a-sophie-davant-apres-un-tacle-sournois-de-lanimatrice\/"]}]},{"@type":"ImageObject","inLanguage":"fr-FR","@id":"https:\/\/elukelele.com\/fr\/divertissement\/je-crois-quelle-ne-bernard-montiel-senprend-a-sophie-davant-apres-un-tacle-sournois-de-lanimatrice\/#primaryimage","url":"https:\/\/elukelele.com\/fr\/wp-content\/uploads\/2025\/11\/framed_only-397.png","contentUrl":"https:\/\/elukelele.com\/fr\/wp-content\/uploads\/2025\/11\/framed_only-397.png","width":1200,"height":628,"caption":"crois"},{"@type":"BreadcrumbList","@id":"https:\/\/elukelele.com\/fr\/divertissement\/je-crois-quelle-ne-bernard-montiel-senprend-a-sophie-davant-apres-un-tacle-sournois-de-lanimatrice\/#breadcrumb","itemListElement":[{"@type":"ListItem","position":1,"name":"Home","item":"https:\/\/elukelele.com\/fr\/"},{"@type":"ListItem","position":2,"name":"\u00ab\u00a0Je crois qu\u2019elle ne\u2026\u00a0\u00bb : Bernard Montiel s\u2019en prend \u00e0 Sophie Davant apr\u00e8s un tacle sournois de l\u2019animatrice"}]},{"@type":"WebSite","@id":"https:\/\/elukelele.com\/fr\/#website","url":"https:\/\/elukelele.com\/fr\/","name":"El Ukelele","description":"Musique au-del\u00e0 de l&#039;indie","potentialAction":[{"@type":"SearchAction","target":{"@type":"EntryPoint","urlTemplate":"https:\/\/elukelele.com\/fr\/?s={search_term_string}"},"query-input":{"@type":"PropertyValueSpecification","valueRequired":true,"valueName":"search_term_string"}}],"inLanguage":"fr-FR"},{"@type":"Person","@id":"https:\/\/elukelele.com\/fr\/#\/schema\/person\/ccfb3d2be2ec7fa389608eb6da0b38d6","name":"Daniel Perrin","image":{"@type":"ImageObject","inLanguage":"fr-FR","@id":"https:\/\/elukelele.com\/fr\/#\/schema\/person\/image\/","url":"https:\/\/secure.gravatar.com\/avatar\/37f9d9ffa29ce5640a0d9c6ca8bbd90afb854014296ecaa0e3a558ac716e6fe4?s=96&d=mm&r=g","contentUrl":"https:\/\/secure.gravatar.com\/avatar\/37f9d9ffa29ce5640a0d9c6ca8bbd90afb854014296ecaa0e3a558ac716e6fe4?s=96&d=mm&r=g","caption":"Daniel Perrin"},"sameAs":["https:\/\/elukelele.com\/fr"],"url":"https:\/\/elukelele.com\/fr\/author\/daniel-perrin\/"}]}},"_links":{"self":[{"href":"https:\/\/elukelele.com\/fr\/wp-json\/wp\/v2\/posts\/45424","targetHints":{"allow":["GET"]}}],"collection":[{"href":"https:\/\/elukelele.com\/fr\/wp-json\/wp\/v2\/posts"}],"about":[{"href":"https:\/\/elukelele.com\/fr\/wp-json\/wp\/v2\/types\/post"}],"author":[{"embeddable":true,"href":"https:\/\/elukelele.com\/fr\/wp-json\/wp\/v2\/users\/4"}],"replies":[{"embeddable":true,"href":"https:\/\/elukelele.com\/fr\/wp-json\/wp\/v2\/comments?post=45424"}],"version-history":[{"count":1,"href":"https:\/\/elukelele.com\/fr\/wp-json\/wp\/v2\/posts\/45424\/revisions"}],"predecessor-version":[{"id":45471,"href":"https:\/\/elukelele.com\/fr\/wp-json\/wp\/v2\/posts\/45424\/revisions\/45471"}],"wp:featuredmedia":[{"embeddable":true,"href":"https:\/\/elukelele.com\/fr\/wp-json\/wp\/v2\/media\/45423"}],"wp:attachment":[{"href":"https:\/\/elukelele.com\/fr\/wp-json\/wp\/v2\/media?parent=45424"}],"wp:term":[{"taxonomy":"category","embeddable":true,"href":"https:\/\/elukelele.com\/fr\/wp-json\/wp\/v2\/categories?post=45424"},{"taxonomy":"post_tag","embeddable":true,"href":"https:\/\/elukelele.com\/fr\/wp-json\/wp\/v2\/tags?post=45424"}],"curies":[{"name":"wp","href":"https:\/\/api.w.org\/{rel}","templated":true}]}}