{"id":45420,"date":"2025-11-22T11:14:05","date_gmt":"2025-11-22T11:14:05","guid":{"rendered":"https:\/\/elukelele.com\/fr\/?p=45420"},"modified":"2025-11-22T11:14:06","modified_gmt":"2025-11-22T11:14:06","slug":"quelle-epoque-france-2-qui-sont-lesinvites-de-lea-salame","status":"publish","type":"post","link":"https:\/\/elukelele.com\/fr\/divertissement\/quelle-epoque-france-2-qui-sont-lesinvites-de-lea-salame\/","title":{"rendered":"Quelle \u00e9poque ! (France 2) : qui sont les<br>invit\u00e9s de L\u00e9a Salam\u00e9"},"content":{"rendered":"<h2>Une \u00e9mission h\u00e9riti\u00e8re d&rsquo;une longue tradition<\/h2>\n<p>\u00ab\u00a0Quelle \u00e9poque !\u00a0\u00bb a pris le relais d&rsquo;une case horaire historique sur France T\u00e9l\u00e9visions, pr\u00e9c\u00e9demment occup\u00e9e par des figures embl\u00e9matiques comme Laurent Ruquier avec \u00ab\u00a0On est en direct\u00a0\u00bb, o\u00f9 L\u00e9a Salam\u00e9 a d&rsquo;ailleurs co-pr\u00e9sent\u00e9 l&rsquo;\u00e9mission pendant un an. La journaliste a exprim\u00e9 ressentir une \u00ab\u00a0vraie pression sur le fond\u00a0\u00bb en reprenant ce cr\u00e9neau, consciente de l&rsquo;institution qu&rsquo;il repr\u00e9sente. Son approche se veut humble, cherchant \u00e0 s&rsquo;inscrire dans les pas de ses pr\u00e9d\u00e9cesseurs tout en y apportant sa \u00ab\u00a0petite musique\u00a0\u00bb, caract\u00e9ris\u00e9e par une touche plus journalistique.<\/p>\n<h2>Les humoristes incontournables de \u00ab\u00a0Quelle \u00e9poque !\u00a0\u00bb<\/h2>\n<p>Au-del\u00e0 des invit\u00e9s et des d\u00e9bats, \u00ab\u00a0Quelle \u00e9poque !\u00a0\u00bb b\u00e9n\u00e9ficie \u00e9galement de la pr\u00e9sence de personnalit\u00e9s apportant une note d&rsquo;humour et de l\u00e9g\u00e8ret\u00e9 essentielle \u00e0 l&rsquo;\u00e9quilibre de l&rsquo;\u00e9mission. Fid\u00e8le au poste, Philippe Caverivi\u00e8re, d\u00e9j\u00e0 pr\u00e9sent dans la formule pr\u00e9c\u00e9dente \u00ab\u00a0On est en direct\u00a0\u00bb, continuera d&rsquo;offrir ses chroniques piquantes et son regard ac\u00e9r\u00e9 sur l&rsquo;actualit\u00e9. \u00c0 ses c\u00f4t\u00e9s, l&rsquo;incroyable r\u00e9partie du comique Paul de Saint-Sernin enrichit le plateau, contribuant \u00e0 l&rsquo;atmosph\u00e8re dynamique et divertissante du talk-show.<\/p>\n<h2>Les invit\u00e9s du 22 novembre 2025<\/h2>\n<p>Le plateau de \u00ab\u00a0Quelle \u00e9poque !\u00a0\u00bb pour ce samedi 22 novembre 2025 s&rsquo;annonce particuli\u00e8rement \u00e9clectique, avec une liste d&rsquo;invit\u00e9s de marque pr\u00eats \u00e0 \u00e9changer sur divers sujets. L\u00e9a Salam\u00e9 aura le plaisir de recevoir :<\/p>\n<ul>\n<li><strong>Laurence Bloch<\/strong> : Ancienne directrice de la station de radio publique France Inter, elle a notamment \u00e9t\u00e9 la patronne de L\u00e9a Salam\u00e9 durant plusieurs ann\u00e9es lorsque cette derni\u00e8re pr\u00e9sentait la matinale avec Nicolas Demorand. Leur retrouvaille promet des confidences et des retours sur une collaboration marquante.<\/li>\n<li><strong>Christine Ockrent<\/strong> : Journaliste et \u00e9ditorialiste reconnue, son parcours illustre et son analyse des enjeux contemporains seront sans doute au c\u0153ur des discussions.<\/li>\n<li><strong>Isabelle Ithurburu<\/strong> : Actuelle pr\u00e9sentatrice de l&rsquo;\u00e9mission \u00ab\u00a050&prime; inside\u00a0\u00bb sur TF1, elle est \u00e9galement le nouveau joker de Marie-Sophie Lacarrau \u00e0 la pr\u00e9sentation du JT de 13h de la m\u00eame cha\u00eene, t\u00e9moignant de son ascension dans le paysage audiovisuel fran\u00e7ais.<\/li>\n<li><strong>Julien Clerc<\/strong> : Le c\u00e9l\u00e8bre chanteur fran\u00e7ais, dont la carri\u00e8re s&rsquo;\u00e9tend sur plusieurs d\u00e9cennies, apportera sa perspective artistique et partagera probablement des moments de sa riche discographie.<\/li>\n<li><strong>Bernard de la Villardi\u00e8re<\/strong> : L&rsquo;animateur vedette de M6, connu pour ses reportages et enqu\u00eates, ne manquera pas de faire part de ses r\u00e9flexions sur l&rsquo;actualit\u00e9 et ses exp\u00e9riences.<\/li>\n<li><strong>Sarah Lezito<\/strong> : Pilote de moto acrobatique de renomm\u00e9e mondiale, elle partagera son exp\u00e9rience unique dans un domaine spectaculaire.<\/li>\n<li><strong>Kilian Bron<\/strong> : Champion de VTT freeride et vid\u00e9aste, il t\u00e9moignera de sa passion pour les sports extr\u00eames et l&rsquo;exploration.<\/li>\n<\/ul>\n<p>Cette s\u00e9lection d&rsquo;invit\u00e9s aux profils vari\u00e9s promet une \u00e9mission riche en discussions, allant de l&rsquo;actualit\u00e9 m\u00e9diatique aux carri\u00e8res artistiques et aux exploits sportifs. La pr\u00e9sence de personnalit\u00e9s aussi diverses est une marque de fabrique de \u00ab\u00a0Quelle \u00e9poque !\u00a0\u00bb, cherchant \u00e0 offrir un panorama large des pr\u00e9occupations et des succ\u00e8s de notre temps.<\/p>\n<h2>Conclusion<\/h2>\n<p>Le num\u00e9ro de \u00ab\u00a0Quelle \u00e9poque !\u00a0\u00bb du samedi 22 novembre 2025 s&rsquo;annonce comme un \u00e9v\u00e9nement t\u00e9l\u00e9visuel \u00e0 ne pas manquer sur France 2. Avec une L\u00e9a Salam\u00e9 \u00e0 la barre, entour\u00e9e de ses fid\u00e8les humoristes et d&rsquo;un panel d&rsquo;invit\u00e9s \u00e9clectique et captivant, l&rsquo;\u00e9mission continuera d&rsquo;offrir aux t\u00e9l\u00e9spectateurs un espace de d\u00e9bat, de r\u00e9flexion et de divertissement. La diversit\u00e9 des personnalit\u00e9s pr\u00e9sentes sur le plateau garantit une soir\u00e9e riche en \u00e9changes, abordant des sujets vari\u00e9s qui r\u00e9sonnent avec notre \u00e9poque.<\/p>\n","protected":false},"excerpt":{"rendered":"<p>Une \u00e9mission h\u00e9riti\u00e8re d&rsquo;une longue tradition \u00ab\u00a0Quelle \u00e9poque !\u00a0\u00bb a pris le relais d&rsquo;une case horaire historique sur France T\u00e9l\u00e9visions, pr\u00e9c\u00e9demment occup\u00e9e par des figures embl\u00e9matiques comme Laurent Ruquier avec \u00ab\u00a0On est en direct\u00a0\u00bb, o\u00f9 L\u00e9a Salam\u00e9 a d&rsquo;ailleurs co-pr\u00e9sent\u00e9 l&rsquo;\u00e9mission pendant un an. La journaliste a exprim\u00e9 ressentir une \u00ab\u00a0vraie pression sur le fond\u00a0\u00bb [&hellip;]<\/p>\n","protected":false},"author":4,"featured_media":45419,"comment_status":"open","ping_status":"open","sticky":false,"template":"","format":"standard","meta":{"_yoast_wpseo_title":"Quelle \u00e9poque ! (France 2) : qui sont lesinvit\u00e9s de L\u00e9a Salam\u00e9","_yoast_wpseo_metadesc":"","_yoast_wpseo_focuskw":"Quelle"},"categories":[5],"tags":[],"class_list":["post-45420","post","type-post","status-publish","format-standard","has-post-thumbnail","hentry","category-divertissement"],"yoast_head":"<!-- This site is optimized with the Yoast SEO plugin v26.3 - https:\/\/yoast.com\/wordpress\/plugins\/seo\/ -->\n<title>Quelle \u00e9poque ! (France 2) : qui sont lesinvit\u00e9s de L\u00e9a Salam\u00e9<\/title>\n<meta name=\"robots\" content=\"index, follow, max-snippet:-1, max-image-preview:large, max-video-preview:-1\" \/>\n<link rel=\"canonical\" href=\"https:\/\/elukelele.com\/fr\/divertissement\/quelle-epoque-france-2-qui-sont-lesinvites-de-lea-salame\/\" \/>\n<meta property=\"og:locale\" content=\"fr_FR\" \/>\n<meta property=\"og:type\" content=\"article\" \/>\n<meta property=\"og:title\" content=\"Quelle \u00e9poque ! (France 2) : qui sont lesinvit\u00e9s de L\u00e9a Salam\u00e9\" \/>\n<meta property=\"og:description\" content=\"Une \u00e9mission h\u00e9riti\u00e8re d&rsquo;une longue tradition \u00ab\u00a0Quelle \u00e9poque !\u00a0\u00bb a pris le relais d&rsquo;une case horaire historique sur France T\u00e9l\u00e9visions, pr\u00e9c\u00e9demment occup\u00e9e par des figures embl\u00e9matiques comme Laurent Ruquier avec \u00ab\u00a0On est en direct\u00a0\u00bb, o\u00f9 L\u00e9a Salam\u00e9 a d&rsquo;ailleurs co-pr\u00e9sent\u00e9 l&rsquo;\u00e9mission pendant un an. La journaliste a exprim\u00e9 ressentir une \u00ab\u00a0vraie pression sur le fond\u00a0\u00bb [&hellip;]\" \/>\n<meta property=\"og:url\" content=\"https:\/\/elukelele.com\/fr\/divertissement\/quelle-epoque-france-2-qui-sont-lesinvites-de-lea-salame\/\" \/>\n<meta property=\"og:site_name\" content=\"El Ukelele\" \/>\n<meta property=\"article:published_time\" content=\"2025-11-22T11:14:05+00:00\" \/>\n<meta property=\"article:modified_time\" content=\"2025-11-22T11:14:06+00:00\" \/>\n<meta property=\"og:image\" content=\"https:\/\/elukelele.com\/fr\/wp-content\/uploads\/2025\/11\/framed_only-395.png\" \/>\n\t<meta property=\"og:image:width\" content=\"1200\" \/>\n\t<meta property=\"og:image:height\" content=\"628\" \/>\n\t<meta property=\"og:image:type\" content=\"image\/png\" \/>\n<meta name=\"author\" content=\"Daniel Perrin\" \/>\n<meta name=\"twitter:card\" content=\"summary_large_image\" \/>\n<meta name=\"twitter:label1\" content=\"\u00c9crit par\" \/>\n\t<meta name=\"twitter:data1\" content=\"Daniel Perrin\" \/>\n\t<meta name=\"twitter:label2\" content=\"Dur\u00e9e de lecture estim\u00e9e\" \/>\n\t<meta name=\"twitter:data2\" content=\"3 minutes\" \/>\n<script type=\"application\/ld+json\" class=\"yoast-schema-graph\">{\"@context\":\"https:\/\/schema.org\",\"@graph\":[{\"@type\":\"WebPage\",\"@id\":\"https:\/\/elukelele.com\/fr\/divertissement\/quelle-epoque-france-2-qui-sont-lesinvites-de-lea-salame\/\",\"url\":\"https:\/\/elukelele.com\/fr\/divertissement\/quelle-epoque-france-2-qui-sont-lesinvites-de-lea-salame\/\",\"name\":\"Quelle \u00e9poque ! (France 2) : qui sont lesinvit\u00e9s de L\u00e9a Salam\u00e9\",\"isPartOf\":{\"@id\":\"https:\/\/elukelele.com\/fr\/#website\"},\"primaryImageOfPage\":{\"@id\":\"https:\/\/elukelele.com\/fr\/divertissement\/quelle-epoque-france-2-qui-sont-lesinvites-de-lea-salame\/#primaryimage\"},\"image\":{\"@id\":\"https:\/\/elukelele.com\/fr\/divertissement\/quelle-epoque-france-2-qui-sont-lesinvites-de-lea-salame\/#primaryimage\"},\"thumbnailUrl\":\"https:\/\/elukelele.com\/fr\/wp-content\/uploads\/2025\/11\/framed_only-395.png\",\"datePublished\":\"2025-11-22T11:14:05+00:00\",\"dateModified\":\"2025-11-22T11:14:06+00:00\",\"author\":{\"@id\":\"https:\/\/elukelele.com\/fr\/#\/schema\/person\/ccfb3d2be2ec7fa389608eb6da0b38d6\"},\"breadcrumb\":{\"@id\":\"https:\/\/elukelele.com\/fr\/divertissement\/quelle-epoque-france-2-qui-sont-lesinvites-de-lea-salame\/#breadcrumb\"},\"inLanguage\":\"fr-FR\",\"potentialAction\":[{\"@type\":\"ReadAction\",\"target\":[\"https:\/\/elukelele.com\/fr\/divertissement\/quelle-epoque-france-2-qui-sont-lesinvites-de-lea-salame\/\"]}]},{\"@type\":\"ImageObject\",\"inLanguage\":\"fr-FR\",\"@id\":\"https:\/\/elukelele.com\/fr\/divertissement\/quelle-epoque-france-2-qui-sont-lesinvites-de-lea-salame\/#primaryimage\",\"url\":\"https:\/\/elukelele.com\/fr\/wp-content\/uploads\/2025\/11\/framed_only-395.png\",\"contentUrl\":\"https:\/\/elukelele.com\/fr\/wp-content\/uploads\/2025\/11\/framed_only-395.png\",\"width\":1200,\"height\":628,\"caption\":\"Quelle\"},{\"@type\":\"BreadcrumbList\",\"@id\":\"https:\/\/elukelele.com\/fr\/divertissement\/quelle-epoque-france-2-qui-sont-lesinvites-de-lea-salame\/#breadcrumb\",\"itemListElement\":[{\"@type\":\"ListItem\",\"position\":1,\"name\":\"Home\",\"item\":\"https:\/\/elukelele.com\/fr\/\"},{\"@type\":\"ListItem\",\"position\":2,\"name\":\"Quelle \u00e9poque ! (France 2) : qui sont lesinvit\u00e9s de L\u00e9a Salam\u00e9\"}]},{\"@type\":\"WebSite\",\"@id\":\"https:\/\/elukelele.com\/fr\/#website\",\"url\":\"https:\/\/elukelele.com\/fr\/\",\"name\":\"El Ukelele\",\"description\":\"Musique au-del\u00e0 de l&#039;indie\",\"potentialAction\":[{\"@type\":\"SearchAction\",\"target\":{\"@type\":\"EntryPoint\",\"urlTemplate\":\"https:\/\/elukelele.com\/fr\/?s={search_term_string}\"},\"query-input\":{\"@type\":\"PropertyValueSpecification\",\"valueRequired\":true,\"valueName\":\"search_term_string\"}}],\"inLanguage\":\"fr-FR\"},{\"@type\":\"Person\",\"@id\":\"https:\/\/elukelele.com\/fr\/#\/schema\/person\/ccfb3d2be2ec7fa389608eb6da0b38d6\",\"name\":\"Daniel Perrin\",\"image\":{\"@type\":\"ImageObject\",\"inLanguage\":\"fr-FR\",\"@id\":\"https:\/\/elukelele.com\/fr\/#\/schema\/person\/image\/\",\"url\":\"https:\/\/secure.gravatar.com\/avatar\/37f9d9ffa29ce5640a0d9c6ca8bbd90afb854014296ecaa0e3a558ac716e6fe4?s=96&d=mm&r=g\",\"contentUrl\":\"https:\/\/secure.gravatar.com\/avatar\/37f9d9ffa29ce5640a0d9c6ca8bbd90afb854014296ecaa0e3a558ac716e6fe4?s=96&d=mm&r=g\",\"caption\":\"Daniel Perrin\"},\"sameAs\":[\"https:\/\/elukelele.com\/fr\"],\"url\":\"https:\/\/elukelele.com\/fr\/author\/daniel-perrin\/\"}]}<\/script>\n<!-- \/ Yoast SEO plugin. -->","yoast_head_json":{"title":"Quelle \u00e9poque ! (France 2) : qui sont lesinvit\u00e9s de L\u00e9a Salam\u00e9","robots":{"index":"index","follow":"follow","max-snippet":"max-snippet:-1","max-image-preview":"max-image-preview:large","max-video-preview":"max-video-preview:-1"},"canonical":"https:\/\/elukelele.com\/fr\/divertissement\/quelle-epoque-france-2-qui-sont-lesinvites-de-lea-salame\/","og_locale":"fr_FR","og_type":"article","og_title":"Quelle \u00e9poque ! (France 2) : qui sont lesinvit\u00e9s de L\u00e9a Salam\u00e9","og_description":"Une \u00e9mission h\u00e9riti\u00e8re d&rsquo;une longue tradition \u00ab\u00a0Quelle \u00e9poque !\u00a0\u00bb a pris le relais d&rsquo;une case horaire historique sur France T\u00e9l\u00e9visions, pr\u00e9c\u00e9demment occup\u00e9e par des figures embl\u00e9matiques comme Laurent Ruquier avec \u00ab\u00a0On est en direct\u00a0\u00bb, o\u00f9 L\u00e9a Salam\u00e9 a d&rsquo;ailleurs co-pr\u00e9sent\u00e9 l&rsquo;\u00e9mission pendant un an. La journaliste a exprim\u00e9 ressentir une \u00ab\u00a0vraie pression sur le fond\u00a0\u00bb [&hellip;]","og_url":"https:\/\/elukelele.com\/fr\/divertissement\/quelle-epoque-france-2-qui-sont-lesinvites-de-lea-salame\/","og_site_name":"El Ukelele","article_published_time":"2025-11-22T11:14:05+00:00","article_modified_time":"2025-11-22T11:14:06+00:00","og_image":[{"width":1200,"height":628,"url":"https:\/\/elukelele.com\/fr\/wp-content\/uploads\/2025\/11\/framed_only-395.png","type":"image\/png"}],"author":"Daniel Perrin","twitter_card":"summary_large_image","twitter_misc":{"\u00c9crit par":"Daniel Perrin","Dur\u00e9e de lecture estim\u00e9e":"3 minutes"},"schema":{"@context":"https:\/\/schema.org","@graph":[{"@type":"WebPage","@id":"https:\/\/elukelele.com\/fr\/divertissement\/quelle-epoque-france-2-qui-sont-lesinvites-de-lea-salame\/","url":"https:\/\/elukelele.com\/fr\/divertissement\/quelle-epoque-france-2-qui-sont-lesinvites-de-lea-salame\/","name":"Quelle \u00e9poque ! (France 2) : qui sont lesinvit\u00e9s de L\u00e9a Salam\u00e9","isPartOf":{"@id":"https:\/\/elukelele.com\/fr\/#website"},"primaryImageOfPage":{"@id":"https:\/\/elukelele.com\/fr\/divertissement\/quelle-epoque-france-2-qui-sont-lesinvites-de-lea-salame\/#primaryimage"},"image":{"@id":"https:\/\/elukelele.com\/fr\/divertissement\/quelle-epoque-france-2-qui-sont-lesinvites-de-lea-salame\/#primaryimage"},"thumbnailUrl":"https:\/\/elukelele.com\/fr\/wp-content\/uploads\/2025\/11\/framed_only-395.png","datePublished":"2025-11-22T11:14:05+00:00","dateModified":"2025-11-22T11:14:06+00:00","author":{"@id":"https:\/\/elukelele.com\/fr\/#\/schema\/person\/ccfb3d2be2ec7fa389608eb6da0b38d6"},"breadcrumb":{"@id":"https:\/\/elukelele.com\/fr\/divertissement\/quelle-epoque-france-2-qui-sont-lesinvites-de-lea-salame\/#breadcrumb"},"inLanguage":"fr-FR","potentialAction":[{"@type":"ReadAction","target":["https:\/\/elukelele.com\/fr\/divertissement\/quelle-epoque-france-2-qui-sont-lesinvites-de-lea-salame\/"]}]},{"@type":"ImageObject","inLanguage":"fr-FR","@id":"https:\/\/elukelele.com\/fr\/divertissement\/quelle-epoque-france-2-qui-sont-lesinvites-de-lea-salame\/#primaryimage","url":"https:\/\/elukelele.com\/fr\/wp-content\/uploads\/2025\/11\/framed_only-395.png","contentUrl":"https:\/\/elukelele.com\/fr\/wp-content\/uploads\/2025\/11\/framed_only-395.png","width":1200,"height":628,"caption":"Quelle"},{"@type":"BreadcrumbList","@id":"https:\/\/elukelele.com\/fr\/divertissement\/quelle-epoque-france-2-qui-sont-lesinvites-de-lea-salame\/#breadcrumb","itemListElement":[{"@type":"ListItem","position":1,"name":"Home","item":"https:\/\/elukelele.com\/fr\/"},{"@type":"ListItem","position":2,"name":"Quelle \u00e9poque ! (France 2) : qui sont lesinvit\u00e9s de L\u00e9a Salam\u00e9"}]},{"@type":"WebSite","@id":"https:\/\/elukelele.com\/fr\/#website","url":"https:\/\/elukelele.com\/fr\/","name":"El Ukelele","description":"Musique au-del\u00e0 de l&#039;indie","potentialAction":[{"@type":"SearchAction","target":{"@type":"EntryPoint","urlTemplate":"https:\/\/elukelele.com\/fr\/?s={search_term_string}"},"query-input":{"@type":"PropertyValueSpecification","valueRequired":true,"valueName":"search_term_string"}}],"inLanguage":"fr-FR"},{"@type":"Person","@id":"https:\/\/elukelele.com\/fr\/#\/schema\/person\/ccfb3d2be2ec7fa389608eb6da0b38d6","name":"Daniel Perrin","image":{"@type":"ImageObject","inLanguage":"fr-FR","@id":"https:\/\/elukelele.com\/fr\/#\/schema\/person\/image\/","url":"https:\/\/secure.gravatar.com\/avatar\/37f9d9ffa29ce5640a0d9c6ca8bbd90afb854014296ecaa0e3a558ac716e6fe4?s=96&d=mm&r=g","contentUrl":"https:\/\/secure.gravatar.com\/avatar\/37f9d9ffa29ce5640a0d9c6ca8bbd90afb854014296ecaa0e3a558ac716e6fe4?s=96&d=mm&r=g","caption":"Daniel Perrin"},"sameAs":["https:\/\/elukelele.com\/fr"],"url":"https:\/\/elukelele.com\/fr\/author\/daniel-perrin\/"}]}},"_links":{"self":[{"href":"https:\/\/elukelele.com\/fr\/wp-json\/wp\/v2\/posts\/45420","targetHints":{"allow":["GET"]}}],"collection":[{"href":"https:\/\/elukelele.com\/fr\/wp-json\/wp\/v2\/posts"}],"about":[{"href":"https:\/\/elukelele.com\/fr\/wp-json\/wp\/v2\/types\/post"}],"author":[{"embeddable":true,"href":"https:\/\/elukelele.com\/fr\/wp-json\/wp\/v2\/users\/4"}],"replies":[{"embeddable":true,"href":"https:\/\/elukelele.com\/fr\/wp-json\/wp\/v2\/comments?post=45420"}],"version-history":[{"count":1,"href":"https:\/\/elukelele.com\/fr\/wp-json\/wp\/v2\/posts\/45420\/revisions"}],"predecessor-version":[{"id":45451,"href":"https:\/\/elukelele.com\/fr\/wp-json\/wp\/v2\/posts\/45420\/revisions\/45451"}],"wp:featuredmedia":[{"embeddable":true,"href":"https:\/\/elukelele.com\/fr\/wp-json\/wp\/v2\/media\/45419"}],"wp:attachment":[{"href":"https:\/\/elukelele.com\/fr\/wp-json\/wp\/v2\/media?parent=45420"}],"wp:term":[{"taxonomy":"category","embeddable":true,"href":"https:\/\/elukelele.com\/fr\/wp-json\/wp\/v2\/categories?post=45420"},{"taxonomy":"post_tag","embeddable":true,"href":"https:\/\/elukelele.com\/fr\/wp-json\/wp\/v2\/tags?post=45420"}],"curies":[{"name":"wp","href":"https:\/\/api.w.org\/{rel}","templated":true}]}}