{"id":45418,"date":"2025-11-22T11:19:09","date_gmt":"2025-11-22T11:19:09","guid":{"rendered":"https:\/\/elukelele.com\/fr\/?p=45418"},"modified":"2025-11-22T11:19:10","modified_gmt":"2025-11-22T11:19:10","slug":"en-quelques-jours-laurent-baffie-detaille-la-fin-de-vie-brutale-de-thierry-ardisson","status":"publish","type":"post","link":"https:\/\/elukelele.com\/fr\/divertissement\/en-quelques-jours-laurent-baffie-detaille-la-fin-de-vie-brutale-de-thierry-ardisson\/","title":{"rendered":"\u00ab\u00a0En quelques jours&#8230;\u00a0\u00bb, Laurent Baffie d\u00e9taille la fin de vie brutale de Thierry Ardisson"},"content":{"rendered":"<p>Le monde de la t\u00e9l\u00e9vision fran\u00e7aise a \u00e9t\u00e9 secou\u00e9 par l&rsquo;annonce du d\u00e9c\u00e8s de Thierry Ardisson, survenu le 14 juillet dernier. L&rsquo;homme en noir, figure embl\u00e9matique du PAF, s&rsquo;est \u00e9teint \u00e0 l&rsquo;\u00e2ge de 76 ans. Si sa veuve, Audrey Crespo-Mara, avait d\u00e9j\u00e0 lev\u00e9 le voile sur son long combat discret contre la maladie, c&rsquo;est son ami de longue date et complice \u00e0 l&rsquo;\u00e9cran, Laurent Baffie, qui a apport\u00e9 des pr\u00e9cisions \u00e9mouvantes sur la rapidit\u00e9 avec laquelle l&rsquo;\u00e9tat de sant\u00e9 de l&rsquo;animateur s&rsquo;est d\u00e9grad\u00e9, d\u00e9crivant une fin de vie brutale et inattendue.<\/p>\n<h2>Un Combat Discret Contre la Maladie : Plus de Dix Ans de Lutte<\/h2>\n<p>Thierry Ardisson menait un combat silencieux contre la maladie depuis plus d&rsquo;une d\u00e9cennie. Diagnostiqu\u00e9 d&rsquo;un cancer du foie d\u00e8s 2012, il a affront\u00e9 cette \u00e9preuve en toute discr\u00e9tion, ne partageant les d\u00e9tails qu&rsquo;avec un cercle tr\u00e8s restreint de proches. Cette maladie, un carcinome h\u00e9patocellulaire, \u00e9tait probablement une cons\u00e9quence d&rsquo;une h\u00e9patite C chronique contract\u00e9e dans sa jeunesse, qui avait \u00e9volu\u00e9 vers une cirrhose.<\/p>\n<p>Audrey Crespo-Mara, son \u00e9pouse, avait r\u00e9v\u00e9l\u00e9 dans un documentaire posthume que Thierry Ardisson avait lutt\u00e9 contre cette grave affection pendant plus de douze ans, subissant son lot de traitements et de s\u00e9jours hospitaliers. Malgr\u00e9 la gravit\u00e9 de son \u00e9tat, il avait continu\u00e9 \u00e0 appara\u00eetre publiquement et \u00e0 accorder des interviews jusqu&rsquo;\u00e0 peu avant son d\u00e9c\u00e8s, notamment aupr\u00e8s de L\u00e9a Salam\u00e9 et Anne-\u00c9lisabeth Lemoine.<\/p>\n<h2>L&rsquo;Acc\u00e9l\u00e9ration Foudroyante : Une Fin de Vie en Quelques Jours<\/h2>\n<p>C&rsquo;est Laurent Baffie, invit\u00e9 de Mohamed Bouhafsi sur France 5, qui a livr\u00e9 des d\u00e9tails poignants sur les derniers moments de Thierry Ardisson, t\u00e9moignant de la brutalit\u00e9 de la fin. Selon Baffie, bien qu&rsquo;il f\u00fbt conscient de la maladie de son ami, la rapidit\u00e9 de la d\u00e9t\u00e9rioration fut un choc.<\/p>\n<p>Audrey Crespo-Mara aurait alert\u00e9 Laurent Baffie, lui faisant comprendre que les choses allaient s&rsquo;acc\u00e9l\u00e9rer drastiquement. \u00ab\u00a0Je suis tomb\u00e9 du sixi\u00e8me \u00e9tage. Parce qu\u2019elle m\u2019a fait comprendre que \u00e7a allait aller tr\u00e8s vite\u00a0\u00bb a confi\u00e9 l&rsquo;humoriste. Il a expliqu\u00e9 que, malgr\u00e9 les efforts de Thierry Ardisson pour suivre scrupuleusement les protocoles m\u00e9dicaux, la situation est devenue \u00ab\u00a0irr\u00e9versible en quelques jours\u00a0\u00bb.<\/p>\n<p>Laurent Baffie a \u00e9mis l&rsquo;hypoth\u00e8se qu&rsquo;un traitement aurait cess\u00e9 d&rsquo;\u00eatre efficace, provoquant une aggravation soudaine et rapide de son \u00e9tat. Hospitalis\u00e9 d\u00e9but juillet, Thierry Ardisson, lucide, aurait refus\u00e9 tout acharnement th\u00e9rapeutique, choisissant d&rsquo;orchestrer ses derniers instants avec dignit\u00e9. Baffie, qui lui a rendu visite quotidiennement \u00e0 l&rsquo;h\u00f4pital, a m\u00eame rapport\u00e9 que quelques jours seulement avant sa disparition, Ardisson gardait un peu d&rsquo;espoir et \u00e9voquait encore des projets, comme une maison nouvellement acquise dans le Sud.<\/p>\n<h2>Un D\u00e9part Symbolique le 14 Juillet<\/h2>\n<p>Au-del\u00e0 de la tristesse, Laurent Baffie a \u00e9galement \u00e9voqu\u00e9 avec une touche de philosophie le caract\u00e8re presque \u00ab\u00a0\u00e9crit\u00a0\u00bb de la vie de Thierry Ardisson. N\u00e9 le jour de l&rsquo;\u00c9piphanie (la galette des rois), l&rsquo;animateur s&rsquo;est \u00e9teint un 14 juillet, jour de la F\u00eate nationale fran\u00e7aise, un symbole fort pour un homme aux convictions royalistes affich\u00e9es. \u00ab\u00a0Il est n\u00e9 le jour de la galette des rois, il est mort le jour de la r\u00e9volution. Le mec a tout \u00e9crit. Il a tout programm\u00e9. Il a \u00e9crit sa vie\u00a0\u00bb a d\u00e9clar\u00e9 Laurent Baffie, soulignant la personnalit\u00e9 unique de son ami de toujours.<\/p>\n<h2>FAQ : Questions Fr\u00e9quentes sur le D\u00e9c\u00e8s de Thierry Ardisson<\/h2>\n<ul>\n<li><strong>Quand Thierry Ardisson est-il d\u00e9c\u00e9d\u00e9 ?<\/strong><br \/>\n        Thierry Ardisson est d\u00e9c\u00e9d\u00e9 le lundi 14 juillet 2025.<\/li>\n<li><strong>De quelle maladie Thierry Ardisson souffrait-il ?<\/strong><br \/>\n        Il souffrait d&rsquo;un cancer du foie, un carcinome h\u00e9patocellulaire, qui aurait fait suite \u00e0 une h\u00e9patite C chronique contract\u00e9e des d\u00e9cennies plus t\u00f4t.<\/li>\n<li><strong>Qui a r\u00e9v\u00e9l\u00e9 les d\u00e9tails de sa fin de vie brutale ?<\/strong><br \/>\n        Son ami et collaborateur de longue date, Laurent Baffie, a d\u00e9taill\u00e9 la rapidit\u00e9 de la fin de vie de Thierry Ardisson lors d&rsquo;une \u00e9mission t\u00e9l\u00e9vis\u00e9e.<\/li>\n<li><strong>Quelle \u00e9tait la nature de sa relation avec Laurent Baffie ?<\/strong><br \/>\n        Thierry Ardisson et Laurent Baffie entretenaient une amiti\u00e9 et une complicit\u00e9 professionnelles de longue date, ayant collabor\u00e9 pendant une vingtaine d&rsquo;ann\u00e9es sur des \u00e9missions embl\u00e9matiques telles que \u00ab\u00a0Tout le monde en parle\u00a0\u00bb et \u00ab\u00a0Salut les Terriens\u00a0\u00bb.<\/li>\n<\/ul>\n<h2>Conclusion<\/h2>\n<p>La disparition de Thierry Ardisson, \u00ab\u00a0l&rsquo;homme en noir\u00a0\u00bb qui a marqu\u00e9 des millions de t\u00e9l\u00e9spectateurs par son style incisif et ses \u00e9missions audacieuses, laisse un grand vide. Les r\u00e9v\u00e9lations de Laurent Baffie sur la fin de vie \u00ab\u00a0brutale\u00a0\u00bb de son ami ajoutent une dimension poignante \u00e0 ce d\u00e9part. Au-del\u00e0 de l&rsquo;ic\u00f4ne m\u00e9diatique, c&rsquo;est l&rsquo;image d&rsquo;un homme qui a fait face \u00e0 la maladie avec courage et discr\u00e9tion, jusqu&rsquo;\u00e0 une acc\u00e9l\u00e9ration soudaine qui a pr\u00e9cipit\u00e9 son adieu \u00e0 la sc\u00e8ne, un 14 juillet symbolique.<\/p>\n","protected":false},"excerpt":{"rendered":"<p>Le monde de la t\u00e9l\u00e9vision fran\u00e7aise a \u00e9t\u00e9 secou\u00e9 par l&rsquo;annonce du d\u00e9c\u00e8s de Thierry Ardisson, survenu le 14 juillet dernier. L&rsquo;homme en noir, figure embl\u00e9matique du PAF, s&rsquo;est \u00e9teint \u00e0 l&rsquo;\u00e2ge de 76 ans. Si sa veuve, Audrey Crespo-Mara, avait d\u00e9j\u00e0 lev\u00e9 le voile sur son long combat discret contre la maladie, c&rsquo;est son [&hellip;]<\/p>\n","protected":false},"author":4,"featured_media":45452,"comment_status":"open","ping_status":"open","sticky":false,"template":"","format":"standard","meta":{"_yoast_wpseo_title":"Laurent Baffie d\u00e9taille la fin de vie brutale de Thierry Ardisson","_yoast_wpseo_metadesc":"","_yoast_wpseo_focuskw":"Baffie"},"categories":[5],"tags":[],"class_list":["post-45418","post","type-post","status-publish","format-standard","has-post-thumbnail","hentry","category-divertissement"],"yoast_head":"<!-- This site is optimized with the Yoast SEO plugin v26.3 - https:\/\/yoast.com\/wordpress\/plugins\/seo\/ -->\n<title>Laurent Baffie d\u00e9taille la fin de vie brutale de Thierry Ardisson<\/title>\n<meta name=\"robots\" content=\"index, follow, max-snippet:-1, max-image-preview:large, max-video-preview:-1\" \/>\n<link rel=\"canonical\" href=\"https:\/\/elukelele.com\/fr\/divertissement\/en-quelques-jours-laurent-baffie-detaille-la-fin-de-vie-brutale-de-thierry-ardisson\/\" \/>\n<meta property=\"og:locale\" content=\"fr_FR\" \/>\n<meta property=\"og:type\" content=\"article\" \/>\n<meta property=\"og:title\" content=\"Laurent Baffie d\u00e9taille la fin de vie brutale de Thierry Ardisson\" \/>\n<meta property=\"og:description\" content=\"Le monde de la t\u00e9l\u00e9vision fran\u00e7aise a \u00e9t\u00e9 secou\u00e9 par l&rsquo;annonce du d\u00e9c\u00e8s de Thierry Ardisson, survenu le 14 juillet dernier. L&rsquo;homme en noir, figure embl\u00e9matique du PAF, s&rsquo;est \u00e9teint \u00e0 l&rsquo;\u00e2ge de 76 ans. Si sa veuve, Audrey Crespo-Mara, avait d\u00e9j\u00e0 lev\u00e9 le voile sur son long combat discret contre la maladie, c&rsquo;est son [&hellip;]\" \/>\n<meta property=\"og:url\" content=\"https:\/\/elukelele.com\/fr\/divertissement\/en-quelques-jours-laurent-baffie-detaille-la-fin-de-vie-brutale-de-thierry-ardisson\/\" \/>\n<meta property=\"og:site_name\" content=\"El Ukelele\" \/>\n<meta property=\"article:published_time\" content=\"2025-11-22T11:19:09+00:00\" \/>\n<meta property=\"article:modified_time\" content=\"2025-11-22T11:19:10+00:00\" \/>\n<meta property=\"og:image\" content=\"https:\/\/elukelele.com\/fr\/wp-content\/uploads\/2025\/11\/Baffie.webp\" \/>\n\t<meta property=\"og:image:width\" content=\"1200\" \/>\n\t<meta property=\"og:image:height\" content=\"700\" \/>\n\t<meta property=\"og:image:type\" content=\"image\/webp\" \/>\n<meta name=\"author\" content=\"Daniel Perrin\" \/>\n<meta name=\"twitter:card\" content=\"summary_large_image\" \/>\n<meta name=\"twitter:label1\" content=\"\u00c9crit par\" \/>\n\t<meta name=\"twitter:data1\" content=\"Daniel Perrin\" \/>\n\t<meta name=\"twitter:label2\" content=\"Dur\u00e9e de lecture estim\u00e9e\" \/>\n\t<meta name=\"twitter:data2\" content=\"5 minutes\" \/>\n<script type=\"application\/ld+json\" class=\"yoast-schema-graph\">{\"@context\":\"https:\/\/schema.org\",\"@graph\":[{\"@type\":\"WebPage\",\"@id\":\"https:\/\/elukelele.com\/fr\/divertissement\/en-quelques-jours-laurent-baffie-detaille-la-fin-de-vie-brutale-de-thierry-ardisson\/\",\"url\":\"https:\/\/elukelele.com\/fr\/divertissement\/en-quelques-jours-laurent-baffie-detaille-la-fin-de-vie-brutale-de-thierry-ardisson\/\",\"name\":\"Laurent Baffie d\u00e9taille la fin de vie brutale de Thierry Ardisson\",\"isPartOf\":{\"@id\":\"https:\/\/elukelele.com\/fr\/#website\"},\"primaryImageOfPage\":{\"@id\":\"https:\/\/elukelele.com\/fr\/divertissement\/en-quelques-jours-laurent-baffie-detaille-la-fin-de-vie-brutale-de-thierry-ardisson\/#primaryimage\"},\"image\":{\"@id\":\"https:\/\/elukelele.com\/fr\/divertissement\/en-quelques-jours-laurent-baffie-detaille-la-fin-de-vie-brutale-de-thierry-ardisson\/#primaryimage\"},\"thumbnailUrl\":\"https:\/\/elukelele.com\/fr\/wp-content\/uploads\/2025\/11\/Baffie.webp\",\"datePublished\":\"2025-11-22T11:19:09+00:00\",\"dateModified\":\"2025-11-22T11:19:10+00:00\",\"author\":{\"@id\":\"https:\/\/elukelele.com\/fr\/#\/schema\/person\/ccfb3d2be2ec7fa389608eb6da0b38d6\"},\"breadcrumb\":{\"@id\":\"https:\/\/elukelele.com\/fr\/divertissement\/en-quelques-jours-laurent-baffie-detaille-la-fin-de-vie-brutale-de-thierry-ardisson\/#breadcrumb\"},\"inLanguage\":\"fr-FR\",\"potentialAction\":[{\"@type\":\"ReadAction\",\"target\":[\"https:\/\/elukelele.com\/fr\/divertissement\/en-quelques-jours-laurent-baffie-detaille-la-fin-de-vie-brutale-de-thierry-ardisson\/\"]}]},{\"@type\":\"ImageObject\",\"inLanguage\":\"fr-FR\",\"@id\":\"https:\/\/elukelele.com\/fr\/divertissement\/en-quelques-jours-laurent-baffie-detaille-la-fin-de-vie-brutale-de-thierry-ardisson\/#primaryimage\",\"url\":\"https:\/\/elukelele.com\/fr\/wp-content\/uploads\/2025\/11\/Baffie.webp\",\"contentUrl\":\"https:\/\/elukelele.com\/fr\/wp-content\/uploads\/2025\/11\/Baffie.webp\",\"width\":1200,\"height\":700,\"caption\":\"Baffie\"},{\"@type\":\"BreadcrumbList\",\"@id\":\"https:\/\/elukelele.com\/fr\/divertissement\/en-quelques-jours-laurent-baffie-detaille-la-fin-de-vie-brutale-de-thierry-ardisson\/#breadcrumb\",\"itemListElement\":[{\"@type\":\"ListItem\",\"position\":1,\"name\":\"Home\",\"item\":\"https:\/\/elukelele.com\/fr\/\"},{\"@type\":\"ListItem\",\"position\":2,\"name\":\"\u00ab\u00a0En quelques jours&#8230;\u00a0\u00bb, Laurent Baffie d\u00e9taille la fin de vie brutale de Thierry Ardisson\"}]},{\"@type\":\"WebSite\",\"@id\":\"https:\/\/elukelele.com\/fr\/#website\",\"url\":\"https:\/\/elukelele.com\/fr\/\",\"name\":\"El Ukelele\",\"description\":\"Musique au-del\u00e0 de l&#039;indie\",\"potentialAction\":[{\"@type\":\"SearchAction\",\"target\":{\"@type\":\"EntryPoint\",\"urlTemplate\":\"https:\/\/elukelele.com\/fr\/?s={search_term_string}\"},\"query-input\":{\"@type\":\"PropertyValueSpecification\",\"valueRequired\":true,\"valueName\":\"search_term_string\"}}],\"inLanguage\":\"fr-FR\"},{\"@type\":\"Person\",\"@id\":\"https:\/\/elukelele.com\/fr\/#\/schema\/person\/ccfb3d2be2ec7fa389608eb6da0b38d6\",\"name\":\"Daniel Perrin\",\"image\":{\"@type\":\"ImageObject\",\"inLanguage\":\"fr-FR\",\"@id\":\"https:\/\/elukelele.com\/fr\/#\/schema\/person\/image\/\",\"url\":\"https:\/\/secure.gravatar.com\/avatar\/37f9d9ffa29ce5640a0d9c6ca8bbd90afb854014296ecaa0e3a558ac716e6fe4?s=96&d=mm&r=g\",\"contentUrl\":\"https:\/\/secure.gravatar.com\/avatar\/37f9d9ffa29ce5640a0d9c6ca8bbd90afb854014296ecaa0e3a558ac716e6fe4?s=96&d=mm&r=g\",\"caption\":\"Daniel Perrin\"},\"sameAs\":[\"https:\/\/elukelele.com\/fr\"],\"url\":\"https:\/\/elukelele.com\/fr\/author\/daniel-perrin\/\"}]}<\/script>\n<!-- \/ Yoast SEO plugin. -->","yoast_head_json":{"title":"Laurent Baffie d\u00e9taille la fin de vie brutale de Thierry Ardisson","robots":{"index":"index","follow":"follow","max-snippet":"max-snippet:-1","max-image-preview":"max-image-preview:large","max-video-preview":"max-video-preview:-1"},"canonical":"https:\/\/elukelele.com\/fr\/divertissement\/en-quelques-jours-laurent-baffie-detaille-la-fin-de-vie-brutale-de-thierry-ardisson\/","og_locale":"fr_FR","og_type":"article","og_title":"Laurent Baffie d\u00e9taille la fin de vie brutale de Thierry Ardisson","og_description":"Le monde de la t\u00e9l\u00e9vision fran\u00e7aise a \u00e9t\u00e9 secou\u00e9 par l&rsquo;annonce du d\u00e9c\u00e8s de Thierry Ardisson, survenu le 14 juillet dernier. L&rsquo;homme en noir, figure embl\u00e9matique du PAF, s&rsquo;est \u00e9teint \u00e0 l&rsquo;\u00e2ge de 76 ans. Si sa veuve, Audrey Crespo-Mara, avait d\u00e9j\u00e0 lev\u00e9 le voile sur son long combat discret contre la maladie, c&rsquo;est son [&hellip;]","og_url":"https:\/\/elukelele.com\/fr\/divertissement\/en-quelques-jours-laurent-baffie-detaille-la-fin-de-vie-brutale-de-thierry-ardisson\/","og_site_name":"El Ukelele","article_published_time":"2025-11-22T11:19:09+00:00","article_modified_time":"2025-11-22T11:19:10+00:00","og_image":[{"width":1200,"height":700,"url":"https:\/\/elukelele.com\/fr\/wp-content\/uploads\/2025\/11\/Baffie.webp","type":"image\/webp"}],"author":"Daniel Perrin","twitter_card":"summary_large_image","twitter_misc":{"\u00c9crit par":"Daniel Perrin","Dur\u00e9e de lecture estim\u00e9e":"5 minutes"},"schema":{"@context":"https:\/\/schema.org","@graph":[{"@type":"WebPage","@id":"https:\/\/elukelele.com\/fr\/divertissement\/en-quelques-jours-laurent-baffie-detaille-la-fin-de-vie-brutale-de-thierry-ardisson\/","url":"https:\/\/elukelele.com\/fr\/divertissement\/en-quelques-jours-laurent-baffie-detaille-la-fin-de-vie-brutale-de-thierry-ardisson\/","name":"Laurent Baffie d\u00e9taille la fin de vie brutale de Thierry Ardisson","isPartOf":{"@id":"https:\/\/elukelele.com\/fr\/#website"},"primaryImageOfPage":{"@id":"https:\/\/elukelele.com\/fr\/divertissement\/en-quelques-jours-laurent-baffie-detaille-la-fin-de-vie-brutale-de-thierry-ardisson\/#primaryimage"},"image":{"@id":"https:\/\/elukelele.com\/fr\/divertissement\/en-quelques-jours-laurent-baffie-detaille-la-fin-de-vie-brutale-de-thierry-ardisson\/#primaryimage"},"thumbnailUrl":"https:\/\/elukelele.com\/fr\/wp-content\/uploads\/2025\/11\/Baffie.webp","datePublished":"2025-11-22T11:19:09+00:00","dateModified":"2025-11-22T11:19:10+00:00","author":{"@id":"https:\/\/elukelele.com\/fr\/#\/schema\/person\/ccfb3d2be2ec7fa389608eb6da0b38d6"},"breadcrumb":{"@id":"https:\/\/elukelele.com\/fr\/divertissement\/en-quelques-jours-laurent-baffie-detaille-la-fin-de-vie-brutale-de-thierry-ardisson\/#breadcrumb"},"inLanguage":"fr-FR","potentialAction":[{"@type":"ReadAction","target":["https:\/\/elukelele.com\/fr\/divertissement\/en-quelques-jours-laurent-baffie-detaille-la-fin-de-vie-brutale-de-thierry-ardisson\/"]}]},{"@type":"ImageObject","inLanguage":"fr-FR","@id":"https:\/\/elukelele.com\/fr\/divertissement\/en-quelques-jours-laurent-baffie-detaille-la-fin-de-vie-brutale-de-thierry-ardisson\/#primaryimage","url":"https:\/\/elukelele.com\/fr\/wp-content\/uploads\/2025\/11\/Baffie.webp","contentUrl":"https:\/\/elukelele.com\/fr\/wp-content\/uploads\/2025\/11\/Baffie.webp","width":1200,"height":700,"caption":"Baffie"},{"@type":"BreadcrumbList","@id":"https:\/\/elukelele.com\/fr\/divertissement\/en-quelques-jours-laurent-baffie-detaille-la-fin-de-vie-brutale-de-thierry-ardisson\/#breadcrumb","itemListElement":[{"@type":"ListItem","position":1,"name":"Home","item":"https:\/\/elukelele.com\/fr\/"},{"@type":"ListItem","position":2,"name":"\u00ab\u00a0En quelques jours&#8230;\u00a0\u00bb, Laurent Baffie d\u00e9taille la fin de vie brutale de Thierry Ardisson"}]},{"@type":"WebSite","@id":"https:\/\/elukelele.com\/fr\/#website","url":"https:\/\/elukelele.com\/fr\/","name":"El Ukelele","description":"Musique au-del\u00e0 de l&#039;indie","potentialAction":[{"@type":"SearchAction","target":{"@type":"EntryPoint","urlTemplate":"https:\/\/elukelele.com\/fr\/?s={search_term_string}"},"query-input":{"@type":"PropertyValueSpecification","valueRequired":true,"valueName":"search_term_string"}}],"inLanguage":"fr-FR"},{"@type":"Person","@id":"https:\/\/elukelele.com\/fr\/#\/schema\/person\/ccfb3d2be2ec7fa389608eb6da0b38d6","name":"Daniel Perrin","image":{"@type":"ImageObject","inLanguage":"fr-FR","@id":"https:\/\/elukelele.com\/fr\/#\/schema\/person\/image\/","url":"https:\/\/secure.gravatar.com\/avatar\/37f9d9ffa29ce5640a0d9c6ca8bbd90afb854014296ecaa0e3a558ac716e6fe4?s=96&d=mm&r=g","contentUrl":"https:\/\/secure.gravatar.com\/avatar\/37f9d9ffa29ce5640a0d9c6ca8bbd90afb854014296ecaa0e3a558ac716e6fe4?s=96&d=mm&r=g","caption":"Daniel Perrin"},"sameAs":["https:\/\/elukelele.com\/fr"],"url":"https:\/\/elukelele.com\/fr\/author\/daniel-perrin\/"}]}},"_links":{"self":[{"href":"https:\/\/elukelele.com\/fr\/wp-json\/wp\/v2\/posts\/45418","targetHints":{"allow":["GET"]}}],"collection":[{"href":"https:\/\/elukelele.com\/fr\/wp-json\/wp\/v2\/posts"}],"about":[{"href":"https:\/\/elukelele.com\/fr\/wp-json\/wp\/v2\/types\/post"}],"author":[{"embeddable":true,"href":"https:\/\/elukelele.com\/fr\/wp-json\/wp\/v2\/users\/4"}],"replies":[{"embeddable":true,"href":"https:\/\/elukelele.com\/fr\/wp-json\/wp\/v2\/comments?post=45418"}],"version-history":[{"count":1,"href":"https:\/\/elukelele.com\/fr\/wp-json\/wp\/v2\/posts\/45418\/revisions"}],"predecessor-version":[{"id":45453,"href":"https:\/\/elukelele.com\/fr\/wp-json\/wp\/v2\/posts\/45418\/revisions\/45453"}],"wp:featuredmedia":[{"embeddable":true,"href":"https:\/\/elukelele.com\/fr\/wp-json\/wp\/v2\/media\/45452"}],"wp:attachment":[{"href":"https:\/\/elukelele.com\/fr\/wp-json\/wp\/v2\/media?parent=45418"}],"wp:term":[{"taxonomy":"category","embeddable":true,"href":"https:\/\/elukelele.com\/fr\/wp-json\/wp\/v2\/categories?post=45418"},{"taxonomy":"post_tag","embeddable":true,"href":"https:\/\/elukelele.com\/fr\/wp-json\/wp\/v2\/tags?post=45418"}],"curies":[{"name":"wp","href":"https:\/\/api.w.org\/{rel}","templated":true}]}}