{"id":45416,"date":"2025-11-23T05:34:00","date_gmt":"2025-11-23T05:34:00","guid":{"rendered":"https:\/\/elukelele.com\/fr\/?p=45416"},"modified":"2025-11-22T11:23:55","modified_gmt":"2025-11-22T11:23:55","slug":"selon-le-coiffeur-de-kate-moss-cette-coupe-iconique-des-annees-90-sera-la-tendance-de-2026","status":"publish","type":"post","link":"https:\/\/elukelele.com\/fr\/divertissement\/selon-le-coiffeur-de-kate-moss-cette-coupe-iconique-des-annees-90-sera-la-tendance-de-2026\/","title":{"rendered":"Selon le coiffeur de Kate Moss, cette coupe iconique des ann\u00e9es 90 sera la tendance de 2026"},"content":{"rendered":"<p>Les cycles de la mode et de la beaut\u00e9 sont un ph\u00e9nom\u00e8ne bien connu, et il semblerait que les ann\u00e9es 90, d\u00e9cennie de l&rsquo;insouciance et du style affirm\u00e9, soient de nouveau sous les feux de la rampe. Si les podiums et les rues nous ont d\u00e9j\u00e0 offert de multiples clins d&rsquo;\u0153il \u00e0 cette \u00e9poque, une annonce r\u00e9cente dans le monde de la coiffure sugg\u00e8re un retour en force particuli\u00e8rement notable pour 2026. Un expert capillaire de renom, celui-l\u00e0 m\u00eame qui a sublim\u00e9 les chevelures des ic\u00f4nes des nineties comme Kate Moss, pr\u00e9dit qu&rsquo;une coupe embl\u00e9matique de cette p\u00e9riode refera surface pour d\u00e9finir les tendances de demain.<\/p>\n<h2>Le Retour En Force d&rsquo;une D\u00e9cennie Capillaire Inoubliable<\/h2>\n<p>La mode est un \u00e9ternel recommencement, et la coiffure ne fait pas exception. Apr\u00e8s une p\u00e9riode domin\u00e9e par les coupes structur\u00e9es et les styles minimalistes, un vent de nostalgie souffle sur l&rsquo;industrie de la beaut\u00e9, ramenant avec lui l&rsquo;esth\u00e9tique audacieuse et le volume caract\u00e9ristique des ann\u00e9es 90. Cette d\u00e9cennie, souvent associ\u00e9e \u00e0 l&rsquo;\u00e9mergence des supermodels et \u00e0 une certaine libert\u00e9 d&rsquo;expression, continue d&rsquo;influencer les cr\u00e9ateurs et les stylistes capillaires du monde entier. La pr\u00e9diction selon laquelle une coupe sp\u00e9cifique de cette \u00e9poque deviendra la tendance majeure de 2026 confirme cette r\u00e9surgence, invitant \u00e0 red\u00e9couvrir des styles qui alliaient \u00e0 merveille structure et mouvement naturel.<\/p>\n<h2>Sam McKnight : L&rsquo;Expert Derri\u00e8re la Tendance 2026<\/h2>\n<p>La source de cette pr\u00e9diction n&rsquo;est autre que Sam McKnight, une figure l\u00e9gendaire de la coiffure, dont le travail a marqu\u00e9 l&rsquo;\u00e8re des supermodels. Connu pour sa collaboration \u00e9troite avec des ic\u00f4nes telles que Kate Moss, dont il est le coiffeur attitr\u00e9, McKnight poss\u00e8de une perspective unique sur l&rsquo;\u00e9volution des tendances capillaires. Son expertise, forg\u00e9e au fil de d\u00e9cennies pass\u00e9es \u00e0 travailler sur les plus grands d\u00e9fil\u00e9s et les couvertures de magazines, le positionne comme un v\u00e9ritable visionnaire.<\/p>\n<h3>L&rsquo;Esprit D\u00e9sinvolte des Ann\u00e9es 90 R\u00e9invent\u00e9<\/h3>\n<p>Selon Sam McKnight, l&rsquo;ann\u00e9e 2026 verra la renaissance d&rsquo;un esprit capillaire \u00ab\u00a0audacieux, ludique et sans complexes\u00a0\u00bb. Il ne s&rsquo;agit pas d&rsquo;une simple reproduction du pass\u00e9, mais d&rsquo;une r\u00e9interpr\u00e9tation moderne, o\u00f9 la d\u00e9sinvolture des ann\u00e9es 90 rencontre une sophistication contemporaine. McKnight \u00e9voque des \u00ab\u00a0coupes nettes qui c\u00e9l\u00e8brent \u00e0 la fois la structure et le naturel\u00a0\u00bb, sugg\u00e9rant un \u00e9quilibre entre une forme d\u00e9finie et une texture qui respire la libert\u00e9.<\/p>\n<h3>Quelles Coupes et Techniques Seront \u00e0 l&rsquo;Honneur ?<\/h3>\n<p>Les d\u00e9tails pr\u00e9cis de cette coupe embl\u00e9matique des ann\u00e9es 90, qui s&rsquo;appr\u00eate \u00e0 dominer 2026, tournent autour de la \u00ab\u00a0volumisation\u00a0\u00bb et de la \u00ab\u00a0texture\u00a0\u00bb. McKnight mentionne sp\u00e9cifiquement un retour en force de certaines techniques :<\/p>\n<ul>\n<li><strong>Le Brushing XXL :<\/strong> Un volume spectaculaire, souvent obtenu par un brushing a\u00e9rien et travaill\u00e9, qui conf\u00e8re une allure glamour et pleine de corps.<\/li>\n<li><strong>La Renaissance de la Permanente :<\/strong> Bien loin des boucles serr\u00e9es d&rsquo;antan, la permanente moderne promet des ondulations souples et naturelles, ajoutant du mouvement et du corps \u00e0 la chevelure.<\/li>\n<li><strong>La Coiffure Cr\u00eap\u00e9e \u00e0 la Racine :<\/strong> Une technique qui vise \u00e0 cr\u00e9er du volume \u00e0 la base des cheveux, offrant une base solide pour des coiffures amples et a\u00e9riennes.<\/li>\n<\/ul>\n<p>Ces \u00e9l\u00e9ments combin\u00e9s sugg\u00e8rent une approche de la coiffure qui privil\u00e9gie le mouvement, le corps et une certaine opulence, tout en conservant une facilit\u00e9 d&rsquo;entretien qui sied \u00e0 la vie moderne.<\/p>\n<h2>Pourquoi ce Comeback en 2026 ?<\/h2>\n<p>Plusieurs facteurs peuvent expliquer le retour annonc\u00e9 de cette coupe iconique des ann\u00e9es 90. D&rsquo;une part, la nostalgie joue un r\u00f4le majeur dans les tendances actuelles, les consommateurs \u00e9tant souvent en qu\u00eate de confort et de familiarit\u00e9 dans un monde en constante \u00e9volution. Les ann\u00e9es 90 repr\u00e9sentent une p\u00e9riode de mode distincte et reconnaissable, offrant un r\u00e9pertoire riche \u00e0 puiser. D&rsquo;autre part, l&rsquo;esth\u00e9tique des ann\u00e9es 90, avec son m\u00e9lange de d\u00e9contraction et d&rsquo;assurance, r\u00e9sonne avec un d\u00e9sir contemporain d&rsquo;authenticit\u00e9 et d&rsquo;expression personnelle. Une coupe volumineuse et textur\u00e9e peut offrir une polyvalence qui permet de passer d&rsquo;un look d\u00e9contract\u00e9 \u00e0 une apparence plus sophistiqu\u00e9e, r\u00e9pondant ainsi aux besoins vari\u00e9s des individus.<\/p>\n<h2>Conclusion<\/h2>\n<p>L&rsquo;annonce de Sam McKnight quant \u00e0 une coupe embl\u00e9matique des ann\u00e9es 90 devenant la tendance majeure de 2026 est un indicateur clair que l&rsquo;influence de cette d\u00e9cennie est loin de s&rsquo;estomper. En r\u00e9inventant les codes du volume, de la texture et de la d\u00e9sinvolture, les coiffures de demain promettent d&rsquo;\u00eatre \u00e0 la fois audacieuses et \u00e9l\u00e9gantes, invitant chacun \u00e0 embrasser un style capillaire plein de personnalit\u00e9 et de mouvement.<\/p>\n","protected":false},"excerpt":{"rendered":"<p>Les cycles de la mode et de la beaut\u00e9 sont un ph\u00e9nom\u00e8ne bien connu, et il semblerait que les ann\u00e9es 90, d\u00e9cennie de l&rsquo;insouciance et du style affirm\u00e9, soient de nouveau sous les feux de la rampe. Si les podiums et les rues nous ont d\u00e9j\u00e0 offert de multiples clins d&rsquo;\u0153il \u00e0 cette \u00e9poque, une [&hellip;]<\/p>\n","protected":false},"author":4,"featured_media":45415,"comment_status":"open","ping_status":"open","sticky":false,"template":"","format":"standard","meta":{"_yoast_wpseo_title":"Selon le coiffeur de Kate Moss, cette coupe iconique des ann\u00e9es 90 sera la tendance de 2026","_yoast_wpseo_metadesc":"","_yoast_wpseo_focuskw":""},"categories":[5],"tags":[],"class_list":["post-45416","post","type-post","status-publish","format-standard","has-post-thumbnail","hentry","category-divertissement"],"yoast_head":"<!-- This site is optimized with the Yoast SEO plugin v26.3 - https:\/\/yoast.com\/wordpress\/plugins\/seo\/ -->\n<title>Selon le coiffeur de Kate Moss, cette coupe iconique des ann\u00e9es 90 sera la tendance de 2026<\/title>\n<meta name=\"robots\" content=\"index, follow, max-snippet:-1, max-image-preview:large, max-video-preview:-1\" \/>\n<link rel=\"canonical\" href=\"https:\/\/elukelele.com\/fr\/divertissement\/selon-le-coiffeur-de-kate-moss-cette-coupe-iconique-des-annees-90-sera-la-tendance-de-2026\/\" \/>\n<meta property=\"og:locale\" content=\"fr_FR\" \/>\n<meta property=\"og:type\" content=\"article\" \/>\n<meta property=\"og:title\" content=\"Selon le coiffeur de Kate Moss, cette coupe iconique des ann\u00e9es 90 sera la tendance de 2026\" \/>\n<meta property=\"og:description\" content=\"Les cycles de la mode et de la beaut\u00e9 sont un ph\u00e9nom\u00e8ne bien connu, et il semblerait que les ann\u00e9es 90, d\u00e9cennie de l&rsquo;insouciance et du style affirm\u00e9, soient de nouveau sous les feux de la rampe. Si les podiums et les rues nous ont d\u00e9j\u00e0 offert de multiples clins d&rsquo;\u0153il \u00e0 cette \u00e9poque, une [&hellip;]\" \/>\n<meta property=\"og:url\" content=\"https:\/\/elukelele.com\/fr\/divertissement\/selon-le-coiffeur-de-kate-moss-cette-coupe-iconique-des-annees-90-sera-la-tendance-de-2026\/\" \/>\n<meta property=\"og:site_name\" content=\"El Ukelele\" \/>\n<meta property=\"article:published_time\" content=\"2025-11-23T05:34:00+00:00\" \/>\n<meta property=\"og:image\" content=\"https:\/\/elukelele.com\/fr\/wp-content\/uploads\/2025\/11\/framed_only-393.png\" \/>\n\t<meta property=\"og:image:width\" content=\"1200\" \/>\n\t<meta property=\"og:image:height\" content=\"628\" \/>\n\t<meta property=\"og:image:type\" content=\"image\/png\" \/>\n<meta name=\"author\" content=\"Daniel Perrin\" \/>\n<meta name=\"twitter:card\" content=\"summary_large_image\" \/>\n<meta name=\"twitter:label1\" content=\"\u00c9crit par\" \/>\n\t<meta name=\"twitter:data1\" content=\"Daniel Perrin\" \/>\n\t<meta name=\"twitter:label2\" content=\"Dur\u00e9e de lecture estim\u00e9e\" \/>\n\t<meta name=\"twitter:data2\" content=\"4 minutes\" \/>\n<script type=\"application\/ld+json\" class=\"yoast-schema-graph\">{\"@context\":\"https:\/\/schema.org\",\"@graph\":[{\"@type\":\"WebPage\",\"@id\":\"https:\/\/elukelele.com\/fr\/divertissement\/selon-le-coiffeur-de-kate-moss-cette-coupe-iconique-des-annees-90-sera-la-tendance-de-2026\/\",\"url\":\"https:\/\/elukelele.com\/fr\/divertissement\/selon-le-coiffeur-de-kate-moss-cette-coupe-iconique-des-annees-90-sera-la-tendance-de-2026\/\",\"name\":\"Selon le coiffeur de Kate Moss, cette coupe iconique des ann\u00e9es 90 sera la tendance de 2026\",\"isPartOf\":{\"@id\":\"https:\/\/elukelele.com\/fr\/#website\"},\"primaryImageOfPage\":{\"@id\":\"https:\/\/elukelele.com\/fr\/divertissement\/selon-le-coiffeur-de-kate-moss-cette-coupe-iconique-des-annees-90-sera-la-tendance-de-2026\/#primaryimage\"},\"image\":{\"@id\":\"https:\/\/elukelele.com\/fr\/divertissement\/selon-le-coiffeur-de-kate-moss-cette-coupe-iconique-des-annees-90-sera-la-tendance-de-2026\/#primaryimage\"},\"thumbnailUrl\":\"https:\/\/elukelele.com\/fr\/wp-content\/uploads\/2025\/11\/framed_only-393.png\",\"datePublished\":\"2025-11-23T05:34:00+00:00\",\"author\":{\"@id\":\"https:\/\/elukelele.com\/fr\/#\/schema\/person\/ccfb3d2be2ec7fa389608eb6da0b38d6\"},\"breadcrumb\":{\"@id\":\"https:\/\/elukelele.com\/fr\/divertissement\/selon-le-coiffeur-de-kate-moss-cette-coupe-iconique-des-annees-90-sera-la-tendance-de-2026\/#breadcrumb\"},\"inLanguage\":\"fr-FR\",\"potentialAction\":[{\"@type\":\"ReadAction\",\"target\":[\"https:\/\/elukelele.com\/fr\/divertissement\/selon-le-coiffeur-de-kate-moss-cette-coupe-iconique-des-annees-90-sera-la-tendance-de-2026\/\"]}]},{\"@type\":\"ImageObject\",\"inLanguage\":\"fr-FR\",\"@id\":\"https:\/\/elukelele.com\/fr\/divertissement\/selon-le-coiffeur-de-kate-moss-cette-coupe-iconique-des-annees-90-sera-la-tendance-de-2026\/#primaryimage\",\"url\":\"https:\/\/elukelele.com\/fr\/wp-content\/uploads\/2025\/11\/framed_only-393.png\",\"contentUrl\":\"https:\/\/elukelele.com\/fr\/wp-content\/uploads\/2025\/11\/framed_only-393.png\",\"width\":1200,\"height\":628,\"caption\":\"Kate\"},{\"@type\":\"BreadcrumbList\",\"@id\":\"https:\/\/elukelele.com\/fr\/divertissement\/selon-le-coiffeur-de-kate-moss-cette-coupe-iconique-des-annees-90-sera-la-tendance-de-2026\/#breadcrumb\",\"itemListElement\":[{\"@type\":\"ListItem\",\"position\":1,\"name\":\"Home\",\"item\":\"https:\/\/elukelele.com\/fr\/\"},{\"@type\":\"ListItem\",\"position\":2,\"name\":\"Selon le coiffeur de Kate Moss, cette coupe iconique des ann\u00e9es 90 sera la tendance de 2026\"}]},{\"@type\":\"WebSite\",\"@id\":\"https:\/\/elukelele.com\/fr\/#website\",\"url\":\"https:\/\/elukelele.com\/fr\/\",\"name\":\"El Ukelele\",\"description\":\"Musique au-del\u00e0 de l&#039;indie\",\"potentialAction\":[{\"@type\":\"SearchAction\",\"target\":{\"@type\":\"EntryPoint\",\"urlTemplate\":\"https:\/\/elukelele.com\/fr\/?s={search_term_string}\"},\"query-input\":{\"@type\":\"PropertyValueSpecification\",\"valueRequired\":true,\"valueName\":\"search_term_string\"}}],\"inLanguage\":\"fr-FR\"},{\"@type\":\"Person\",\"@id\":\"https:\/\/elukelele.com\/fr\/#\/schema\/person\/ccfb3d2be2ec7fa389608eb6da0b38d6\",\"name\":\"Daniel Perrin\",\"image\":{\"@type\":\"ImageObject\",\"inLanguage\":\"fr-FR\",\"@id\":\"https:\/\/elukelele.com\/fr\/#\/schema\/person\/image\/\",\"url\":\"https:\/\/secure.gravatar.com\/avatar\/37f9d9ffa29ce5640a0d9c6ca8bbd90afb854014296ecaa0e3a558ac716e6fe4?s=96&d=mm&r=g\",\"contentUrl\":\"https:\/\/secure.gravatar.com\/avatar\/37f9d9ffa29ce5640a0d9c6ca8bbd90afb854014296ecaa0e3a558ac716e6fe4?s=96&d=mm&r=g\",\"caption\":\"Daniel Perrin\"},\"sameAs\":[\"https:\/\/elukelele.com\/fr\"],\"url\":\"https:\/\/elukelele.com\/fr\/author\/daniel-perrin\/\"}]}<\/script>\n<!-- \/ Yoast SEO plugin. -->","yoast_head_json":{"title":"Selon le coiffeur de Kate Moss, cette coupe iconique des ann\u00e9es 90 sera la tendance de 2026","robots":{"index":"index","follow":"follow","max-snippet":"max-snippet:-1","max-image-preview":"max-image-preview:large","max-video-preview":"max-video-preview:-1"},"canonical":"https:\/\/elukelele.com\/fr\/divertissement\/selon-le-coiffeur-de-kate-moss-cette-coupe-iconique-des-annees-90-sera-la-tendance-de-2026\/","og_locale":"fr_FR","og_type":"article","og_title":"Selon le coiffeur de Kate Moss, cette coupe iconique des ann\u00e9es 90 sera la tendance de 2026","og_description":"Les cycles de la mode et de la beaut\u00e9 sont un ph\u00e9nom\u00e8ne bien connu, et il semblerait que les ann\u00e9es 90, d\u00e9cennie de l&rsquo;insouciance et du style affirm\u00e9, soient de nouveau sous les feux de la rampe. Si les podiums et les rues nous ont d\u00e9j\u00e0 offert de multiples clins d&rsquo;\u0153il \u00e0 cette \u00e9poque, une [&hellip;]","og_url":"https:\/\/elukelele.com\/fr\/divertissement\/selon-le-coiffeur-de-kate-moss-cette-coupe-iconique-des-annees-90-sera-la-tendance-de-2026\/","og_site_name":"El Ukelele","article_published_time":"2025-11-23T05:34:00+00:00","og_image":[{"width":1200,"height":628,"url":"https:\/\/elukelele.com\/fr\/wp-content\/uploads\/2025\/11\/framed_only-393.png","type":"image\/png"}],"author":"Daniel Perrin","twitter_card":"summary_large_image","twitter_misc":{"\u00c9crit par":"Daniel Perrin","Dur\u00e9e de lecture estim\u00e9e":"4 minutes"},"schema":{"@context":"https:\/\/schema.org","@graph":[{"@type":"WebPage","@id":"https:\/\/elukelele.com\/fr\/divertissement\/selon-le-coiffeur-de-kate-moss-cette-coupe-iconique-des-annees-90-sera-la-tendance-de-2026\/","url":"https:\/\/elukelele.com\/fr\/divertissement\/selon-le-coiffeur-de-kate-moss-cette-coupe-iconique-des-annees-90-sera-la-tendance-de-2026\/","name":"Selon le coiffeur de Kate Moss, cette coupe iconique des ann\u00e9es 90 sera la tendance de 2026","isPartOf":{"@id":"https:\/\/elukelele.com\/fr\/#website"},"primaryImageOfPage":{"@id":"https:\/\/elukelele.com\/fr\/divertissement\/selon-le-coiffeur-de-kate-moss-cette-coupe-iconique-des-annees-90-sera-la-tendance-de-2026\/#primaryimage"},"image":{"@id":"https:\/\/elukelele.com\/fr\/divertissement\/selon-le-coiffeur-de-kate-moss-cette-coupe-iconique-des-annees-90-sera-la-tendance-de-2026\/#primaryimage"},"thumbnailUrl":"https:\/\/elukelele.com\/fr\/wp-content\/uploads\/2025\/11\/framed_only-393.png","datePublished":"2025-11-23T05:34:00+00:00","author":{"@id":"https:\/\/elukelele.com\/fr\/#\/schema\/person\/ccfb3d2be2ec7fa389608eb6da0b38d6"},"breadcrumb":{"@id":"https:\/\/elukelele.com\/fr\/divertissement\/selon-le-coiffeur-de-kate-moss-cette-coupe-iconique-des-annees-90-sera-la-tendance-de-2026\/#breadcrumb"},"inLanguage":"fr-FR","potentialAction":[{"@type":"ReadAction","target":["https:\/\/elukelele.com\/fr\/divertissement\/selon-le-coiffeur-de-kate-moss-cette-coupe-iconique-des-annees-90-sera-la-tendance-de-2026\/"]}]},{"@type":"ImageObject","inLanguage":"fr-FR","@id":"https:\/\/elukelele.com\/fr\/divertissement\/selon-le-coiffeur-de-kate-moss-cette-coupe-iconique-des-annees-90-sera-la-tendance-de-2026\/#primaryimage","url":"https:\/\/elukelele.com\/fr\/wp-content\/uploads\/2025\/11\/framed_only-393.png","contentUrl":"https:\/\/elukelele.com\/fr\/wp-content\/uploads\/2025\/11\/framed_only-393.png","width":1200,"height":628,"caption":"Kate"},{"@type":"BreadcrumbList","@id":"https:\/\/elukelele.com\/fr\/divertissement\/selon-le-coiffeur-de-kate-moss-cette-coupe-iconique-des-annees-90-sera-la-tendance-de-2026\/#breadcrumb","itemListElement":[{"@type":"ListItem","position":1,"name":"Home","item":"https:\/\/elukelele.com\/fr\/"},{"@type":"ListItem","position":2,"name":"Selon le coiffeur de Kate Moss, cette coupe iconique des ann\u00e9es 90 sera la tendance de 2026"}]},{"@type":"WebSite","@id":"https:\/\/elukelele.com\/fr\/#website","url":"https:\/\/elukelele.com\/fr\/","name":"El Ukelele","description":"Musique au-del\u00e0 de l&#039;indie","potentialAction":[{"@type":"SearchAction","target":{"@type":"EntryPoint","urlTemplate":"https:\/\/elukelele.com\/fr\/?s={search_term_string}"},"query-input":{"@type":"PropertyValueSpecification","valueRequired":true,"valueName":"search_term_string"}}],"inLanguage":"fr-FR"},{"@type":"Person","@id":"https:\/\/elukelele.com\/fr\/#\/schema\/person\/ccfb3d2be2ec7fa389608eb6da0b38d6","name":"Daniel Perrin","image":{"@type":"ImageObject","inLanguage":"fr-FR","@id":"https:\/\/elukelele.com\/fr\/#\/schema\/person\/image\/","url":"https:\/\/secure.gravatar.com\/avatar\/37f9d9ffa29ce5640a0d9c6ca8bbd90afb854014296ecaa0e3a558ac716e6fe4?s=96&d=mm&r=g","contentUrl":"https:\/\/secure.gravatar.com\/avatar\/37f9d9ffa29ce5640a0d9c6ca8bbd90afb854014296ecaa0e3a558ac716e6fe4?s=96&d=mm&r=g","caption":"Daniel Perrin"},"sameAs":["https:\/\/elukelele.com\/fr"],"url":"https:\/\/elukelele.com\/fr\/author\/daniel-perrin\/"}]}},"_links":{"self":[{"href":"https:\/\/elukelele.com\/fr\/wp-json\/wp\/v2\/posts\/45416","targetHints":{"allow":["GET"]}}],"collection":[{"href":"https:\/\/elukelele.com\/fr\/wp-json\/wp\/v2\/posts"}],"about":[{"href":"https:\/\/elukelele.com\/fr\/wp-json\/wp\/v2\/types\/post"}],"author":[{"embeddable":true,"href":"https:\/\/elukelele.com\/fr\/wp-json\/wp\/v2\/users\/4"}],"replies":[{"embeddable":true,"href":"https:\/\/elukelele.com\/fr\/wp-json\/wp\/v2\/comments?post=45416"}],"version-history":[{"count":2,"href":"https:\/\/elukelele.com\/fr\/wp-json\/wp\/v2\/posts\/45416\/revisions"}],"predecessor-version":[{"id":45456,"href":"https:\/\/elukelele.com\/fr\/wp-json\/wp\/v2\/posts\/45416\/revisions\/45456"}],"wp:featuredmedia":[{"embeddable":true,"href":"https:\/\/elukelele.com\/fr\/wp-json\/wp\/v2\/media\/45415"}],"wp:attachment":[{"href":"https:\/\/elukelele.com\/fr\/wp-json\/wp\/v2\/media?parent=45416"}],"wp:term":[{"taxonomy":"category","embeddable":true,"href":"https:\/\/elukelele.com\/fr\/wp-json\/wp\/v2\/categories?post=45416"},{"taxonomy":"post_tag","embeddable":true,"href":"https:\/\/elukelele.com\/fr\/wp-json\/wp\/v2\/tags?post=45416"}],"curies":[{"name":"wp","href":"https:\/\/api.w.org\/{rel}","templated":true}]}}