{"id":45343,"date":"2025-11-22T10:09:34","date_gmt":"2025-11-22T10:09:34","guid":{"rendered":"https:\/\/elukelele.com\/fr\/?p=45343"},"modified":"2025-11-22T10:09:34","modified_gmt":"2025-11-22T10:09:34","slug":"le-rappeur-zola-ecroue-pour-sequestration-et-violences-aggravees","status":"publish","type":"post","link":"https:\/\/elukelele.com\/fr\/divertissement\/le-rappeur-zola-ecroue-pour-sequestration-et-violences-aggravees\/","title":{"rendered":"Le rappeur Zola \u00e9crou\u00e9 pour s\u00e9questration et violences aggrav\u00e9es"},"content":{"rendered":"<p>Le rappeur fran\u00e7ais Zola, de son vrai nom Aur\u00e9lien N&rsquo;Zuzi Zola, se retrouve au c\u0153ur d&rsquo;une affaire judiciaire grave. Le parquet de Meaux a annonc\u00e9 sa mise en examen et son placement en d\u00e9tention provisoire pour des accusations de s\u00e9questration et de violences aggrav\u00e9es. Cette situation a fait grand bruit, l&rsquo;artiste \u00e9tant bien connu sur la sc\u00e8ne du rap hexagonal avec des millions d&rsquo;auditeurs mensuels sur les plateformes de streaming.<\/p>\n<h2>Les Faits \u00e0 l&rsquo;Origine de l&rsquo;Affaire<\/h2>\n<p>Les faits reproch\u00e9s au rappeur et \u00e0 trois autres individus remontent au jeudi 6 novembre 2025. Ce jour-l\u00e0, plusieurs jeunes hommes, d\u00e9sireux de rencontrer Zola pour une photo, se sont rendus \u00e0 son domicile situ\u00e9 au Pin, en Seine-et-Marne.<\/p>\n<p>La situation a rapidement d\u00e9g\u00e9n\u00e9r\u00e9. Un homme cagoul\u00e9 et arm\u00e9 aurait fait irruption, provoquant la fuite de la majorit\u00e9 des admirateurs. Cependant, l&rsquo;un d&rsquo;eux, \u00e2g\u00e9 de 19 ans, n&rsquo;a pas r\u00e9ussi \u00e0 s&rsquo;\u00e9chapper et aurait \u00e9t\u00e9 imm\u00e9diatement pris pour cible par le rappeur Zola lui-m\u00eame.<\/p>\n<h2>La S\u00e9questration et les Violences Subies<\/h2>\n<p>La victime aurait \u00e9t\u00e9 emmen\u00e9e de force et s\u00e9questr\u00e9e dans la cave du domicile de l&rsquo;artiste. Pendant une p\u00e9riode estim\u00e9e \u00e0 deux heures, le jeune homme aurait subi un \u00ab\u00a0d\u00e9cha\u00eenement de violences\u00a0\u00bb, incluant des coups de poing et des coups de pied r\u00e9p\u00e9t\u00e9s, ainsi que des insultes et des menaces verbales.<\/p>\n<p>Les agresseurs seraient all\u00e9s plus loin en for\u00e7ant la victime \u00e0 se d\u00e9shabiller, avant d&rsquo;incendier ses v\u00eatements. Des menaces explicites auraient \u00e9t\u00e9 prof\u00e9r\u00e9es avec une arme de poing : le canon aurait \u00e9t\u00e9 introduit dans la bouche de la victime et l&rsquo;arme pos\u00e9e sur ses tempes.<\/p>\n<p>Apr\u00e8s cette agression, le t\u00e9l\u00e9phone portable de la victime lui aurait \u00e9t\u00e9 d\u00e9rob\u00e9 et sa voiture, stationn\u00e9e \u00e0 proximit\u00e9, aurait \u00e9t\u00e9 d\u00e9grad\u00e9e.<\/p>\n<h2>Des Allusions Ethniques R\u00e9v\u00e9l\u00e9es<\/h2>\n<p>Selon les d\u00e9clarations du procureur de la R\u00e9publique de Meaux, Jean-Baptiste Bladier, les agresseurs auraient fait plusieurs fois allusion \u00e0 l&rsquo;appartenance ethnique de la victime. Ils l&rsquo;auraient notamment enjoint de ne pas craindre pour sa vie, affirmant ne pas vouloir aller en prison \u00ab\u00a0pour un p&rsquo;tit blanc comme elle\u00a0\u00bb.<\/p>\n<h2>Les Cons\u00e9quences Judiciaires et M\u00e9dicales<\/h2>\n<p>Suite \u00e0 ces \u00e9v\u00e9nements, Zola, 26 ans, et trois autres individus, \u00e2g\u00e9s de 25 \u00e0 26 ans, ont \u00e9t\u00e9 interpell\u00e9s lors d&rsquo;une vaste op\u00e9ration de police et plac\u00e9s en garde \u00e0 vue. Ils sont poursuivis pour des chefs d&rsquo;accusation particuli\u00e8rement graves, notamment :<\/p>\n<ul>\n<li>S\u00e9questration ou d\u00e9tention arbitraire en bande organis\u00e9e.<\/li>\n<li>Vol en bande organis\u00e9e.<\/li>\n<li>D\u00e9tention non autoris\u00e9e d&rsquo;arme, de munitions ou de leurs \u00e9l\u00e9ments de cat\u00e9gorie B.<\/li>\n<li>D\u00e9gradation.<\/li>\n<li>Violences aggrav\u00e9es par plusieurs circonstances, telles que la menace ou l&rsquo;utilisation d&rsquo;une arme, la dissimulation du visage, la r\u00e9union et l&rsquo;appartenance de la victime \u00e0 une ethnie, une race, une nation ou une religion.<\/li>\n<\/ul>\n<p>Le rappeur Zola a \u00e9t\u00e9 mis en examen et plac\u00e9 en d\u00e9tention provisoire. Ayant demand\u00e9 un d\u00e9lai pour pr\u00e9parer sa d\u00e9fense, il a \u00e9t\u00e9 incarc\u00e9r\u00e9 pour quatre jours, et un nouveau d\u00e9bat contradictoire est pr\u00e9vu pour le mercredi 26 novembre.<\/p>\n<p>Quant \u00e0 la victime, elle souffrirait d&rsquo;une incapacit\u00e9 totale de travail (ITT) somatique de 6 jours et d&rsquo;une ITT psychologique de 35 jours, t\u00e9moignant de la gravit\u00e9 des violences subies.<\/p>\n<h2>Conclusion<\/h2>\n<p>L&rsquo;affaire concernant le rappeur Zola et les graves accusations de s\u00e9questration et de violences aggrav\u00e9es met en lumi\u00e8re les r\u00e9percussions potentielles pour les personnalit\u00e9s publiques impliqu\u00e9es dans des d\u00e9m\u00eal\u00e9s judiciaires. Alors que l&rsquo;enqu\u00eate se poursuit et que le processus judiciaire est en cours, ces \u00e9v\u00e9nements soulignent l&rsquo;importance de la pr\u00e9somption d&rsquo;innocence tout en insistant sur la gravit\u00e9 des faits reproch\u00e9s.<\/p>\n","protected":false},"excerpt":{"rendered":"<p>Le rappeur fran\u00e7ais Zola, de son vrai nom Aur\u00e9lien N&rsquo;Zuzi Zola, se retrouve au c\u0153ur d&rsquo;une affaire judiciaire grave. Le parquet de Meaux a annonc\u00e9 sa mise en examen et son placement en d\u00e9tention provisoire pour des accusations de s\u00e9questration et de violences aggrav\u00e9es. Cette situation a fait grand bruit, l&rsquo;artiste \u00e9tant bien connu sur [&hellip;]<\/p>\n","protected":false},"author":4,"featured_media":45342,"comment_status":"open","ping_status":"open","sticky":false,"template":"","format":"standard","meta":{"_yoast_wpseo_title":"Le rappeur Zola \u00e9crou\u00e9 pour s\u00e9questration et violences aggrav\u00e9es","_yoast_wpseo_metadesc":"","_yoast_wpseo_focuskw":"Zola"},"categories":[5],"tags":[],"class_list":["post-45343","post","type-post","status-publish","format-standard","has-post-thumbnail","hentry","category-divertissement"],"yoast_head":"<!-- This site is optimized with the Yoast SEO plugin v26.3 - https:\/\/yoast.com\/wordpress\/plugins\/seo\/ -->\n<title>Le rappeur Zola \u00e9crou\u00e9 pour s\u00e9questration et violences aggrav\u00e9es<\/title>\n<meta name=\"robots\" content=\"index, follow, max-snippet:-1, max-image-preview:large, max-video-preview:-1\" \/>\n<link rel=\"canonical\" href=\"https:\/\/elukelele.com\/fr\/divertissement\/le-rappeur-zola-ecroue-pour-sequestration-et-violences-aggravees\/\" \/>\n<meta property=\"og:locale\" content=\"fr_FR\" \/>\n<meta property=\"og:type\" content=\"article\" \/>\n<meta property=\"og:title\" content=\"Le rappeur Zola \u00e9crou\u00e9 pour s\u00e9questration et violences aggrav\u00e9es\" \/>\n<meta property=\"og:description\" content=\"Le rappeur fran\u00e7ais Zola, de son vrai nom Aur\u00e9lien N&rsquo;Zuzi Zola, se retrouve au c\u0153ur d&rsquo;une affaire judiciaire grave. Le parquet de Meaux a annonc\u00e9 sa mise en examen et son placement en d\u00e9tention provisoire pour des accusations de s\u00e9questration et de violences aggrav\u00e9es. Cette situation a fait grand bruit, l&rsquo;artiste \u00e9tant bien connu sur [&hellip;]\" \/>\n<meta property=\"og:url\" content=\"https:\/\/elukelele.com\/fr\/divertissement\/le-rappeur-zola-ecroue-pour-sequestration-et-violences-aggravees\/\" \/>\n<meta property=\"og:site_name\" content=\"El Ukelele\" \/>\n<meta property=\"article:published_time\" content=\"2025-11-22T10:09:34+00:00\" \/>\n<meta property=\"og:image\" content=\"https:\/\/elukelele.com\/fr\/wp-content\/uploads\/2025\/11\/framed_only-360.png\" \/>\n\t<meta property=\"og:image:width\" content=\"1200\" \/>\n\t<meta property=\"og:image:height\" content=\"628\" \/>\n\t<meta property=\"og:image:type\" content=\"image\/png\" \/>\n<meta name=\"author\" content=\"Daniel Perrin\" \/>\n<meta name=\"twitter:card\" content=\"summary_large_image\" \/>\n<meta name=\"twitter:label1\" content=\"\u00c9crit par\" \/>\n\t<meta name=\"twitter:data1\" content=\"Daniel Perrin\" \/>\n\t<meta name=\"twitter:label2\" content=\"Dur\u00e9e de lecture estim\u00e9e\" \/>\n\t<meta name=\"twitter:data2\" content=\"4 minutes\" \/>\n<script type=\"application\/ld+json\" class=\"yoast-schema-graph\">{\"@context\":\"https:\/\/schema.org\",\"@graph\":[{\"@type\":\"WebPage\",\"@id\":\"https:\/\/elukelele.com\/fr\/divertissement\/le-rappeur-zola-ecroue-pour-sequestration-et-violences-aggravees\/\",\"url\":\"https:\/\/elukelele.com\/fr\/divertissement\/le-rappeur-zola-ecroue-pour-sequestration-et-violences-aggravees\/\",\"name\":\"Le rappeur Zola \u00e9crou\u00e9 pour s\u00e9questration et violences aggrav\u00e9es\",\"isPartOf\":{\"@id\":\"https:\/\/elukelele.com\/fr\/#website\"},\"primaryImageOfPage\":{\"@id\":\"https:\/\/elukelele.com\/fr\/divertissement\/le-rappeur-zola-ecroue-pour-sequestration-et-violences-aggravees\/#primaryimage\"},\"image\":{\"@id\":\"https:\/\/elukelele.com\/fr\/divertissement\/le-rappeur-zola-ecroue-pour-sequestration-et-violences-aggravees\/#primaryimage\"},\"thumbnailUrl\":\"https:\/\/elukelele.com\/fr\/wp-content\/uploads\/2025\/11\/framed_only-360.png\",\"datePublished\":\"2025-11-22T10:09:34+00:00\",\"author\":{\"@id\":\"https:\/\/elukelele.com\/fr\/#\/schema\/person\/ccfb3d2be2ec7fa389608eb6da0b38d6\"},\"breadcrumb\":{\"@id\":\"https:\/\/elukelele.com\/fr\/divertissement\/le-rappeur-zola-ecroue-pour-sequestration-et-violences-aggravees\/#breadcrumb\"},\"inLanguage\":\"fr-FR\",\"potentialAction\":[{\"@type\":\"ReadAction\",\"target\":[\"https:\/\/elukelele.com\/fr\/divertissement\/le-rappeur-zola-ecroue-pour-sequestration-et-violences-aggravees\/\"]}]},{\"@type\":\"ImageObject\",\"inLanguage\":\"fr-FR\",\"@id\":\"https:\/\/elukelele.com\/fr\/divertissement\/le-rappeur-zola-ecroue-pour-sequestration-et-violences-aggravees\/#primaryimage\",\"url\":\"https:\/\/elukelele.com\/fr\/wp-content\/uploads\/2025\/11\/framed_only-360.png\",\"contentUrl\":\"https:\/\/elukelele.com\/fr\/wp-content\/uploads\/2025\/11\/framed_only-360.png\",\"width\":1200,\"height\":628,\"caption\":\"Zola\"},{\"@type\":\"BreadcrumbList\",\"@id\":\"https:\/\/elukelele.com\/fr\/divertissement\/le-rappeur-zola-ecroue-pour-sequestration-et-violences-aggravees\/#breadcrumb\",\"itemListElement\":[{\"@type\":\"ListItem\",\"position\":1,\"name\":\"Home\",\"item\":\"https:\/\/elukelele.com\/fr\/\"},{\"@type\":\"ListItem\",\"position\":2,\"name\":\"Le rappeur Zola \u00e9crou\u00e9 pour s\u00e9questration et violences aggrav\u00e9es\"}]},{\"@type\":\"WebSite\",\"@id\":\"https:\/\/elukelele.com\/fr\/#website\",\"url\":\"https:\/\/elukelele.com\/fr\/\",\"name\":\"El Ukelele\",\"description\":\"Musique au-del\u00e0 de l&#039;indie\",\"potentialAction\":[{\"@type\":\"SearchAction\",\"target\":{\"@type\":\"EntryPoint\",\"urlTemplate\":\"https:\/\/elukelele.com\/fr\/?s={search_term_string}\"},\"query-input\":{\"@type\":\"PropertyValueSpecification\",\"valueRequired\":true,\"valueName\":\"search_term_string\"}}],\"inLanguage\":\"fr-FR\"},{\"@type\":\"Person\",\"@id\":\"https:\/\/elukelele.com\/fr\/#\/schema\/person\/ccfb3d2be2ec7fa389608eb6da0b38d6\",\"name\":\"Daniel Perrin\",\"image\":{\"@type\":\"ImageObject\",\"inLanguage\":\"fr-FR\",\"@id\":\"https:\/\/elukelele.com\/fr\/#\/schema\/person\/image\/\",\"url\":\"https:\/\/secure.gravatar.com\/avatar\/37f9d9ffa29ce5640a0d9c6ca8bbd90afb854014296ecaa0e3a558ac716e6fe4?s=96&d=mm&r=g\",\"contentUrl\":\"https:\/\/secure.gravatar.com\/avatar\/37f9d9ffa29ce5640a0d9c6ca8bbd90afb854014296ecaa0e3a558ac716e6fe4?s=96&d=mm&r=g\",\"caption\":\"Daniel Perrin\"},\"sameAs\":[\"https:\/\/elukelele.com\/fr\"],\"url\":\"https:\/\/elukelele.com\/fr\/author\/daniel-perrin\/\"}]}<\/script>\n<!-- \/ Yoast SEO plugin. -->","yoast_head_json":{"title":"Le rappeur Zola \u00e9crou\u00e9 pour s\u00e9questration et violences aggrav\u00e9es","robots":{"index":"index","follow":"follow","max-snippet":"max-snippet:-1","max-image-preview":"max-image-preview:large","max-video-preview":"max-video-preview:-1"},"canonical":"https:\/\/elukelele.com\/fr\/divertissement\/le-rappeur-zola-ecroue-pour-sequestration-et-violences-aggravees\/","og_locale":"fr_FR","og_type":"article","og_title":"Le rappeur Zola \u00e9crou\u00e9 pour s\u00e9questration et violences aggrav\u00e9es","og_description":"Le rappeur fran\u00e7ais Zola, de son vrai nom Aur\u00e9lien N&rsquo;Zuzi Zola, se retrouve au c\u0153ur d&rsquo;une affaire judiciaire grave. Le parquet de Meaux a annonc\u00e9 sa mise en examen et son placement en d\u00e9tention provisoire pour des accusations de s\u00e9questration et de violences aggrav\u00e9es. Cette situation a fait grand bruit, l&rsquo;artiste \u00e9tant bien connu sur [&hellip;]","og_url":"https:\/\/elukelele.com\/fr\/divertissement\/le-rappeur-zola-ecroue-pour-sequestration-et-violences-aggravees\/","og_site_name":"El Ukelele","article_published_time":"2025-11-22T10:09:34+00:00","og_image":[{"width":1200,"height":628,"url":"https:\/\/elukelele.com\/fr\/wp-content\/uploads\/2025\/11\/framed_only-360.png","type":"image\/png"}],"author":"Daniel Perrin","twitter_card":"summary_large_image","twitter_misc":{"\u00c9crit par":"Daniel Perrin","Dur\u00e9e de lecture estim\u00e9e":"4 minutes"},"schema":{"@context":"https:\/\/schema.org","@graph":[{"@type":"WebPage","@id":"https:\/\/elukelele.com\/fr\/divertissement\/le-rappeur-zola-ecroue-pour-sequestration-et-violences-aggravees\/","url":"https:\/\/elukelele.com\/fr\/divertissement\/le-rappeur-zola-ecroue-pour-sequestration-et-violences-aggravees\/","name":"Le rappeur Zola \u00e9crou\u00e9 pour s\u00e9questration et violences aggrav\u00e9es","isPartOf":{"@id":"https:\/\/elukelele.com\/fr\/#website"},"primaryImageOfPage":{"@id":"https:\/\/elukelele.com\/fr\/divertissement\/le-rappeur-zola-ecroue-pour-sequestration-et-violences-aggravees\/#primaryimage"},"image":{"@id":"https:\/\/elukelele.com\/fr\/divertissement\/le-rappeur-zola-ecroue-pour-sequestration-et-violences-aggravees\/#primaryimage"},"thumbnailUrl":"https:\/\/elukelele.com\/fr\/wp-content\/uploads\/2025\/11\/framed_only-360.png","datePublished":"2025-11-22T10:09:34+00:00","author":{"@id":"https:\/\/elukelele.com\/fr\/#\/schema\/person\/ccfb3d2be2ec7fa389608eb6da0b38d6"},"breadcrumb":{"@id":"https:\/\/elukelele.com\/fr\/divertissement\/le-rappeur-zola-ecroue-pour-sequestration-et-violences-aggravees\/#breadcrumb"},"inLanguage":"fr-FR","potentialAction":[{"@type":"ReadAction","target":["https:\/\/elukelele.com\/fr\/divertissement\/le-rappeur-zola-ecroue-pour-sequestration-et-violences-aggravees\/"]}]},{"@type":"ImageObject","inLanguage":"fr-FR","@id":"https:\/\/elukelele.com\/fr\/divertissement\/le-rappeur-zola-ecroue-pour-sequestration-et-violences-aggravees\/#primaryimage","url":"https:\/\/elukelele.com\/fr\/wp-content\/uploads\/2025\/11\/framed_only-360.png","contentUrl":"https:\/\/elukelele.com\/fr\/wp-content\/uploads\/2025\/11\/framed_only-360.png","width":1200,"height":628,"caption":"Zola"},{"@type":"BreadcrumbList","@id":"https:\/\/elukelele.com\/fr\/divertissement\/le-rappeur-zola-ecroue-pour-sequestration-et-violences-aggravees\/#breadcrumb","itemListElement":[{"@type":"ListItem","position":1,"name":"Home","item":"https:\/\/elukelele.com\/fr\/"},{"@type":"ListItem","position":2,"name":"Le rappeur Zola \u00e9crou\u00e9 pour s\u00e9questration et violences aggrav\u00e9es"}]},{"@type":"WebSite","@id":"https:\/\/elukelele.com\/fr\/#website","url":"https:\/\/elukelele.com\/fr\/","name":"El Ukelele","description":"Musique au-del\u00e0 de l&#039;indie","potentialAction":[{"@type":"SearchAction","target":{"@type":"EntryPoint","urlTemplate":"https:\/\/elukelele.com\/fr\/?s={search_term_string}"},"query-input":{"@type":"PropertyValueSpecification","valueRequired":true,"valueName":"search_term_string"}}],"inLanguage":"fr-FR"},{"@type":"Person","@id":"https:\/\/elukelele.com\/fr\/#\/schema\/person\/ccfb3d2be2ec7fa389608eb6da0b38d6","name":"Daniel Perrin","image":{"@type":"ImageObject","inLanguage":"fr-FR","@id":"https:\/\/elukelele.com\/fr\/#\/schema\/person\/image\/","url":"https:\/\/secure.gravatar.com\/avatar\/37f9d9ffa29ce5640a0d9c6ca8bbd90afb854014296ecaa0e3a558ac716e6fe4?s=96&d=mm&r=g","contentUrl":"https:\/\/secure.gravatar.com\/avatar\/37f9d9ffa29ce5640a0d9c6ca8bbd90afb854014296ecaa0e3a558ac716e6fe4?s=96&d=mm&r=g","caption":"Daniel Perrin"},"sameAs":["https:\/\/elukelele.com\/fr"],"url":"https:\/\/elukelele.com\/fr\/author\/daniel-perrin\/"}]}},"_links":{"self":[{"href":"https:\/\/elukelele.com\/fr\/wp-json\/wp\/v2\/posts\/45343","targetHints":{"allow":["GET"]}}],"collection":[{"href":"https:\/\/elukelele.com\/fr\/wp-json\/wp\/v2\/posts"}],"about":[{"href":"https:\/\/elukelele.com\/fr\/wp-json\/wp\/v2\/types\/post"}],"author":[{"embeddable":true,"href":"https:\/\/elukelele.com\/fr\/wp-json\/wp\/v2\/users\/4"}],"replies":[{"embeddable":true,"href":"https:\/\/elukelele.com\/fr\/wp-json\/wp\/v2\/comments?post=45343"}],"version-history":[{"count":1,"href":"https:\/\/elukelele.com\/fr\/wp-json\/wp\/v2\/posts\/45343\/revisions"}],"predecessor-version":[{"id":45401,"href":"https:\/\/elukelele.com\/fr\/wp-json\/wp\/v2\/posts\/45343\/revisions\/45401"}],"wp:featuredmedia":[{"embeddable":true,"href":"https:\/\/elukelele.com\/fr\/wp-json\/wp\/v2\/media\/45342"}],"wp:attachment":[{"href":"https:\/\/elukelele.com\/fr\/wp-json\/wp\/v2\/media?parent=45343"}],"wp:term":[{"taxonomy":"category","embeddable":true,"href":"https:\/\/elukelele.com\/fr\/wp-json\/wp\/v2\/categories?post=45343"},{"taxonomy":"post_tag","embeddable":true,"href":"https:\/\/elukelele.com\/fr\/wp-json\/wp\/v2\/tags?post=45343"}],"curies":[{"name":"wp","href":"https:\/\/api.w.org\/{rel}","templated":true}]}}