{"id":45262,"date":"2025-11-25T06:43:23","date_gmt":"2025-11-25T06:43:23","guid":{"rendered":"https:\/\/elukelele.com\/fr\/?p=45262"},"modified":"2025-11-25T06:43:24","modified_gmt":"2025-11-25T06:43:24","slug":"astrid-et-raphaelle-sara-mortensen-et-lola-dewaere-parlent-de-la-saison-6","status":"publish","type":"post","link":"https:\/\/elukelele.com\/fr\/divertissement\/astrid-et-raphaelle-sara-mortensen-et-lola-dewaere-parlent-de-la-saison-6\/","title":{"rendered":"Astrid et Rapha\u00eblle : Sara Mortensen et Lola Dewaere parlent de la saison 6"},"content":{"rendered":"<p>Le tournage d&rsquo;une s\u00e9rie t\u00e9l\u00e9vis\u00e9e est une entreprise complexe qui demande non seulement du talent artistique, mais aussi une dynamique de groupe harmonieuse, surtout lorsque la r\u00e9ussite repose sur l&rsquo;interaction de ses acteurs principaux. C&rsquo;est pr\u00e9cis\u00e9ment le cas d&rsquo;<em>Astrid et Rapha\u00eblle<\/em>, la s\u00e9rie polici\u00e8re \u00e0 succ\u00e8s de France 2, port\u00e9e par le duo Sara Mortensen et Lola Dewaere. Alors que l&rsquo;attente monte pour la diffusion de la saison 6, les projecteurs se tournent vers les coulisses, o\u00f9 les actrices elles-m\u00eames ont r\u00e9cemment \u00e9voqu\u00e9 leur exp\u00e9rience, notamment les suppos\u00e9es \u00ab\u00a0tensions\u00a0\u00bb ou, plus justement, la nature de leur relation en dehors des cam\u00e9ras.<\/p>\n<h2>L&rsquo;Alchimie \u00e0 l&rsquo;\u00c9cran : Un Duo Indispensable<\/h2>\n<p>Depuis ses d\u00e9buts, <em>Astrid et Rapha\u00eblle<\/em> a conquis le public gr\u00e2ce \u00e0 ses enqu\u00eates originales et, surtout, \u00e0 la complicit\u00e9 unique entre la m\u00e9thodique Astrid Nielsen (Sara Mortensen) et l&rsquo;imp\u00e9tueuse Rapha\u00eblle Coste (Lola Dewaere). Cette alchimie est non seulement cr\u00e9dible, mais elle est devenue l&rsquo;un des piliers fondamentaux de la s\u00e9rie, enrichissant chaque \u00e9pisode de moments tant dramatiques que touchants ou amusants.<\/p>\n<p>Les deux actrices ont souvent soulign\u00e9 l&rsquo;importance de cette connexion professionnelle. Sur le plateau, l&rsquo;entente est d\u00e9crite comme fluide et naturelle. Elles se soutiennent mutuellement, n&rsquo;h\u00e9sitant pas \u00e0 s&rsquo;entraider, m\u00eame pour de petits gestes comme ajuster une coiffure. Cette synergie permet une grande libert\u00e9 d&rsquo;interpr\u00e9tation. Elles ont r\u00e9v\u00e9l\u00e9 qu&rsquo;elles improvisent fr\u00e9quemment, ce qui apporte une authenticit\u00e9 et une spontan\u00e9it\u00e9 appr\u00e9ci\u00e9es par les t\u00e9l\u00e9spectateurs et essentielles \u00e0 la richesse de leurs personnages respectifs. La force de leur collaboration est ainsi palpable \u00e0 l&rsquo;\u00e9cran, o\u00f9 leurs performances se nourrissent mutuellement.<\/p>\n<h2>Entre Plateaux et Vie Priv\u00e9e : Des Agendas Charg\u00e9s<\/h2>\n<p>Malgr\u00e9 cette forte complicit\u00e9 professionnelle, la question de leur relation en dehors des plateaux de tournage est souvent pos\u00e9e. Les actrices ont \u00e9t\u00e9 franches sur le sujet, dissipant l&rsquo;id\u00e9e de r\u00e9elles \u00ab\u00a0tensions en coulisses\u00a0\u00bb au profit d&rsquo;une r\u00e9alit\u00e9 plus pragmatique : celle d&rsquo;agendas extr\u00eamement charg\u00e9s. Le tournage d&rsquo;une saison comme <em>Astrid et Rapha\u00eblle<\/em> repr\u00e9sente plusieurs mois de travail intensif, souvent suivis par des p\u00e9riodes de promotion tout aussi denses.<\/p>\n<p>Sara Mortensen et Lola Dewaere ont expliqu\u00e9 que, bien qu&rsquo;elles s&rsquo;appr\u00e9cient sinc\u00e8rement et maintiennent le contact par messages, le temps manque cruellement pour se voir en dehors de leurs obligations professionnelles. Un tournage de six mois, combin\u00e9 \u00e0 un mois de promotion, laisse peu de place aux activit\u00e9s personnelles, et encore moins aux rendez-vous amicaux entre coll\u00e8gues. Il s&rsquo;agit donc moins d&rsquo;une distance affective que d&rsquo;une contrainte logistique inh\u00e9rente \u00e0 leur m\u00e9tier.<\/p>\n<h2>Perspectives pour la Saison 6 et au-del\u00e0<\/h2>\n<p>Cette distinction entre complicit\u00e9 \u00e0 l&rsquo;\u00e9cran et distance forc\u00e9e dans la vie priv\u00e9e ne semble en rien nuire \u00e0 la qualit\u00e9 de leur travail ni \u00e0 l&rsquo;attente du public. Au contraire, le fait que leur alchimie professionnelle perdure et soit si efficace, malgr\u00e9 des vies personnelles bien remplies, t\u00e9moigne de leur professionnalisme et de leur engagement envers la s\u00e9rie. L&rsquo;annonce de la saison 6 d&rsquo;<em>Astrid et Rapha\u00eblle<\/em> confirme que cette collaboration fructueuse est loin d&rsquo;\u00eatre termin\u00e9e.<\/p>\n<p>Les fans peuvent donc s&rsquo;attendre \u00e0 retrouver un duo toujours aussi captivant, avec des performances toujours aussi justes et une dynamique inchang\u00e9e. L&rsquo;exp\u00e9rience de Sara Mortensen et Lola Dewaere sur le tournage de la saison 6 promet de continuer \u00e0 divertir et \u00e0 \u00e9mouvoir, prouvant que la magie op\u00e8re avant tout devant les cam\u00e9ras, o\u00f9 leur talent combin\u00e9 fait toute la diff\u00e9rence.<\/p>\n<h2>Conclusion<\/h2>\n<p>En somme, les \u00ab\u00a0tensions en coulisses\u00a0\u00bb autour de Sara Mortensen et Lola Dewaere sur le tournage d&rsquo;<em>Astrid et Rapha\u00eblle<\/em> saison 6, si tant est qu&rsquo;il y en ait, rel\u00e8vent davantage d&rsquo;une r\u00e9alit\u00e9 logistique que d&rsquo;un d\u00e9saccord personnel. Les actrices confirment une complicit\u00e9 professionnelle solide et indispensable \u00e0 la s\u00e9rie, tout en reconnaissant que leurs emplois du temps serr\u00e9s limitent leurs interactions en dehors des plateaux. Ce t\u00e9moignage apporte un \u00e9clairage int\u00e9ressant sur les coulisses de la production t\u00e9l\u00e9visuelle, o\u00f9 l&rsquo;efficacit\u00e9 et l&rsquo;harmonie professionnelles priment, assurant ainsi la p\u00e9rennit\u00e9 et le succ\u00e8s d&rsquo;une s\u00e9rie appr\u00e9ci\u00e9e de tous.<\/p>\n","protected":false},"excerpt":{"rendered":"<p>Le tournage d&rsquo;une s\u00e9rie t\u00e9l\u00e9vis\u00e9e est une entreprise complexe qui demande non seulement du talent artistique, mais aussi une dynamique de groupe harmonieuse, surtout lorsque la r\u00e9ussite repose sur l&rsquo;interaction de ses acteurs principaux. C&rsquo;est pr\u00e9cis\u00e9ment le cas d&rsquo;Astrid et Rapha\u00eblle, la s\u00e9rie polici\u00e8re \u00e0 succ\u00e8s de France 2, port\u00e9e par le duo Sara Mortensen [&hellip;]<\/p>\n","protected":false},"author":4,"featured_media":45261,"comment_status":"open","ping_status":"open","sticky":false,"template":"","format":"standard","meta":{"_yoast_wpseo_title":"Astrid et Rapha\u00eblle : Coulisses et tensions saison 6","_yoast_wpseo_metadesc":"D\u00e9couvrez les coulisses d'Astrid et Rapha\u00eblle saison 6 ! Sara Mortensen et Lola Dewaere partagent leurs exp\u00e9riences et r\u00e9v\u00e8lent les dynamiques de leur duo \u00e0 suc","_yoast_wpseo_focuskw":"Astrid"},"categories":[5],"tags":[],"class_list":["post-45262","post","type-post","status-publish","format-standard","has-post-thumbnail","hentry","category-divertissement"],"yoast_head":"<!-- This site is optimized with the Yoast SEO plugin v26.3 - https:\/\/yoast.com\/wordpress\/plugins\/seo\/ -->\n<title>Astrid et Rapha\u00eblle : Coulisses et tensions saison 6<\/title>\n<meta name=\"description\" content=\"D\u00e9couvrez les coulisses d&#039;Astrid et Rapha\u00eblle saison 6 ! Sara Mortensen et Lola Dewaere partagent leurs exp\u00e9riences et r\u00e9v\u00e8lent les dynamiques de leur duo \u00e0 suc\" \/>\n<meta name=\"robots\" content=\"index, follow, max-snippet:-1, max-image-preview:large, max-video-preview:-1\" \/>\n<link rel=\"canonical\" href=\"https:\/\/elukelele.com\/fr\/divertissement\/astrid-et-raphaelle-sara-mortensen-et-lola-dewaere-parlent-de-la-saison-6\/\" \/>\n<meta property=\"og:locale\" content=\"fr_FR\" \/>\n<meta property=\"og:type\" content=\"article\" \/>\n<meta property=\"og:title\" content=\"Astrid et Rapha\u00eblle : Coulisses et tensions saison 6\" \/>\n<meta property=\"og:description\" content=\"D\u00e9couvrez les coulisses d&#039;Astrid et Rapha\u00eblle saison 6 ! Sara Mortensen et Lola Dewaere partagent leurs exp\u00e9riences et r\u00e9v\u00e8lent les dynamiques de leur duo \u00e0 suc\" \/>\n<meta property=\"og:url\" content=\"https:\/\/elukelele.com\/fr\/divertissement\/astrid-et-raphaelle-sara-mortensen-et-lola-dewaere-parlent-de-la-saison-6\/\" \/>\n<meta property=\"og:site_name\" content=\"El Ukelele\" \/>\n<meta property=\"article:published_time\" content=\"2025-11-25T06:43:23+00:00\" \/>\n<meta property=\"article:modified_time\" content=\"2025-11-25T06:43:24+00:00\" \/>\n<meta property=\"og:image\" content=\"https:\/\/elukelele.com\/fr\/wp-content\/uploads\/2025\/11\/framed_only-319.png\" \/>\n\t<meta property=\"og:image:width\" content=\"1200\" \/>\n\t<meta property=\"og:image:height\" content=\"628\" \/>\n\t<meta property=\"og:image:type\" content=\"image\/png\" \/>\n<meta name=\"author\" content=\"Daniel Perrin\" \/>\n<meta name=\"twitter:card\" content=\"summary_large_image\" \/>\n<meta name=\"twitter:label1\" content=\"\u00c9crit par\" \/>\n\t<meta name=\"twitter:data1\" content=\"Daniel Perrin\" \/>\n\t<meta name=\"twitter:label2\" content=\"Dur\u00e9e de lecture estim\u00e9e\" \/>\n\t<meta name=\"twitter:data2\" content=\"4 minutes\" \/>\n<script type=\"application\/ld+json\" class=\"yoast-schema-graph\">{\"@context\":\"https:\/\/schema.org\",\"@graph\":[{\"@type\":\"WebPage\",\"@id\":\"https:\/\/elukelele.com\/fr\/divertissement\/astrid-et-raphaelle-sara-mortensen-et-lola-dewaere-parlent-de-la-saison-6\/\",\"url\":\"https:\/\/elukelele.com\/fr\/divertissement\/astrid-et-raphaelle-sara-mortensen-et-lola-dewaere-parlent-de-la-saison-6\/\",\"name\":\"Astrid et Rapha\u00eblle : Coulisses et tensions saison 6\",\"isPartOf\":{\"@id\":\"https:\/\/elukelele.com\/fr\/#website\"},\"primaryImageOfPage\":{\"@id\":\"https:\/\/elukelele.com\/fr\/divertissement\/astrid-et-raphaelle-sara-mortensen-et-lola-dewaere-parlent-de-la-saison-6\/#primaryimage\"},\"image\":{\"@id\":\"https:\/\/elukelele.com\/fr\/divertissement\/astrid-et-raphaelle-sara-mortensen-et-lola-dewaere-parlent-de-la-saison-6\/#primaryimage\"},\"thumbnailUrl\":\"https:\/\/elukelele.com\/fr\/wp-content\/uploads\/2025\/11\/framed_only-319.png\",\"datePublished\":\"2025-11-25T06:43:23+00:00\",\"dateModified\":\"2025-11-25T06:43:24+00:00\",\"author\":{\"@id\":\"https:\/\/elukelele.com\/fr\/#\/schema\/person\/ccfb3d2be2ec7fa389608eb6da0b38d6\"},\"description\":\"D\u00e9couvrez les coulisses d'Astrid et Rapha\u00eblle saison 6 ! Sara Mortensen et Lola Dewaere partagent leurs exp\u00e9riences et r\u00e9v\u00e8lent les dynamiques de leur duo \u00e0 suc\",\"breadcrumb\":{\"@id\":\"https:\/\/elukelele.com\/fr\/divertissement\/astrid-et-raphaelle-sara-mortensen-et-lola-dewaere-parlent-de-la-saison-6\/#breadcrumb\"},\"inLanguage\":\"fr-FR\",\"potentialAction\":[{\"@type\":\"ReadAction\",\"target\":[\"https:\/\/elukelele.com\/fr\/divertissement\/astrid-et-raphaelle-sara-mortensen-et-lola-dewaere-parlent-de-la-saison-6\/\"]}]},{\"@type\":\"ImageObject\",\"inLanguage\":\"fr-FR\",\"@id\":\"https:\/\/elukelele.com\/fr\/divertissement\/astrid-et-raphaelle-sara-mortensen-et-lola-dewaere-parlent-de-la-saison-6\/#primaryimage\",\"url\":\"https:\/\/elukelele.com\/fr\/wp-content\/uploads\/2025\/11\/framed_only-319.png\",\"contentUrl\":\"https:\/\/elukelele.com\/fr\/wp-content\/uploads\/2025\/11\/framed_only-319.png\",\"width\":1200,\"height\":628,\"caption\":\"Astrid\"},{\"@type\":\"BreadcrumbList\",\"@id\":\"https:\/\/elukelele.com\/fr\/divertissement\/astrid-et-raphaelle-sara-mortensen-et-lola-dewaere-parlent-de-la-saison-6\/#breadcrumb\",\"itemListElement\":[{\"@type\":\"ListItem\",\"position\":1,\"name\":\"Home\",\"item\":\"https:\/\/elukelele.com\/fr\/\"},{\"@type\":\"ListItem\",\"position\":2,\"name\":\"Astrid et Rapha\u00eblle : Sara Mortensen et Lola Dewaere parlent de la saison 6\"}]},{\"@type\":\"WebSite\",\"@id\":\"https:\/\/elukelele.com\/fr\/#website\",\"url\":\"https:\/\/elukelele.com\/fr\/\",\"name\":\"El Ukelele\",\"description\":\"Musique au-del\u00e0 de l&#039;indie\",\"potentialAction\":[{\"@type\":\"SearchAction\",\"target\":{\"@type\":\"EntryPoint\",\"urlTemplate\":\"https:\/\/elukelele.com\/fr\/?s={search_term_string}\"},\"query-input\":{\"@type\":\"PropertyValueSpecification\",\"valueRequired\":true,\"valueName\":\"search_term_string\"}}],\"inLanguage\":\"fr-FR\"},{\"@type\":\"Person\",\"@id\":\"https:\/\/elukelele.com\/fr\/#\/schema\/person\/ccfb3d2be2ec7fa389608eb6da0b38d6\",\"name\":\"Daniel Perrin\",\"image\":{\"@type\":\"ImageObject\",\"inLanguage\":\"fr-FR\",\"@id\":\"https:\/\/elukelele.com\/fr\/#\/schema\/person\/image\/\",\"url\":\"https:\/\/secure.gravatar.com\/avatar\/37f9d9ffa29ce5640a0d9c6ca8bbd90afb854014296ecaa0e3a558ac716e6fe4?s=96&d=mm&r=g\",\"contentUrl\":\"https:\/\/secure.gravatar.com\/avatar\/37f9d9ffa29ce5640a0d9c6ca8bbd90afb854014296ecaa0e3a558ac716e6fe4?s=96&d=mm&r=g\",\"caption\":\"Daniel Perrin\"},\"sameAs\":[\"https:\/\/elukelele.com\/fr\"],\"url\":\"https:\/\/elukelele.com\/fr\/author\/daniel-perrin\/\"}]}<\/script>\n<!-- \/ Yoast SEO plugin. -->","yoast_head_json":{"title":"Astrid et Rapha\u00eblle : Coulisses et tensions saison 6","description":"D\u00e9couvrez les coulisses d'Astrid et Rapha\u00eblle saison 6 ! Sara Mortensen et Lola Dewaere partagent leurs exp\u00e9riences et r\u00e9v\u00e8lent les dynamiques de leur duo \u00e0 suc","robots":{"index":"index","follow":"follow","max-snippet":"max-snippet:-1","max-image-preview":"max-image-preview:large","max-video-preview":"max-video-preview:-1"},"canonical":"https:\/\/elukelele.com\/fr\/divertissement\/astrid-et-raphaelle-sara-mortensen-et-lola-dewaere-parlent-de-la-saison-6\/","og_locale":"fr_FR","og_type":"article","og_title":"Astrid et Rapha\u00eblle : Coulisses et tensions saison 6","og_description":"D\u00e9couvrez les coulisses d'Astrid et Rapha\u00eblle saison 6 ! Sara Mortensen et Lola Dewaere partagent leurs exp\u00e9riences et r\u00e9v\u00e8lent les dynamiques de leur duo \u00e0 suc","og_url":"https:\/\/elukelele.com\/fr\/divertissement\/astrid-et-raphaelle-sara-mortensen-et-lola-dewaere-parlent-de-la-saison-6\/","og_site_name":"El Ukelele","article_published_time":"2025-11-25T06:43:23+00:00","article_modified_time":"2025-11-25T06:43:24+00:00","og_image":[{"width":1200,"height":628,"url":"https:\/\/elukelele.com\/fr\/wp-content\/uploads\/2025\/11\/framed_only-319.png","type":"image\/png"}],"author":"Daniel Perrin","twitter_card":"summary_large_image","twitter_misc":{"\u00c9crit par":"Daniel Perrin","Dur\u00e9e de lecture estim\u00e9e":"4 minutes"},"schema":{"@context":"https:\/\/schema.org","@graph":[{"@type":"WebPage","@id":"https:\/\/elukelele.com\/fr\/divertissement\/astrid-et-raphaelle-sara-mortensen-et-lola-dewaere-parlent-de-la-saison-6\/","url":"https:\/\/elukelele.com\/fr\/divertissement\/astrid-et-raphaelle-sara-mortensen-et-lola-dewaere-parlent-de-la-saison-6\/","name":"Astrid et Rapha\u00eblle : Coulisses et tensions saison 6","isPartOf":{"@id":"https:\/\/elukelele.com\/fr\/#website"},"primaryImageOfPage":{"@id":"https:\/\/elukelele.com\/fr\/divertissement\/astrid-et-raphaelle-sara-mortensen-et-lola-dewaere-parlent-de-la-saison-6\/#primaryimage"},"image":{"@id":"https:\/\/elukelele.com\/fr\/divertissement\/astrid-et-raphaelle-sara-mortensen-et-lola-dewaere-parlent-de-la-saison-6\/#primaryimage"},"thumbnailUrl":"https:\/\/elukelele.com\/fr\/wp-content\/uploads\/2025\/11\/framed_only-319.png","datePublished":"2025-11-25T06:43:23+00:00","dateModified":"2025-11-25T06:43:24+00:00","author":{"@id":"https:\/\/elukelele.com\/fr\/#\/schema\/person\/ccfb3d2be2ec7fa389608eb6da0b38d6"},"description":"D\u00e9couvrez les coulisses d'Astrid et Rapha\u00eblle saison 6 ! Sara Mortensen et Lola Dewaere partagent leurs exp\u00e9riences et r\u00e9v\u00e8lent les dynamiques de leur duo \u00e0 suc","breadcrumb":{"@id":"https:\/\/elukelele.com\/fr\/divertissement\/astrid-et-raphaelle-sara-mortensen-et-lola-dewaere-parlent-de-la-saison-6\/#breadcrumb"},"inLanguage":"fr-FR","potentialAction":[{"@type":"ReadAction","target":["https:\/\/elukelele.com\/fr\/divertissement\/astrid-et-raphaelle-sara-mortensen-et-lola-dewaere-parlent-de-la-saison-6\/"]}]},{"@type":"ImageObject","inLanguage":"fr-FR","@id":"https:\/\/elukelele.com\/fr\/divertissement\/astrid-et-raphaelle-sara-mortensen-et-lola-dewaere-parlent-de-la-saison-6\/#primaryimage","url":"https:\/\/elukelele.com\/fr\/wp-content\/uploads\/2025\/11\/framed_only-319.png","contentUrl":"https:\/\/elukelele.com\/fr\/wp-content\/uploads\/2025\/11\/framed_only-319.png","width":1200,"height":628,"caption":"Astrid"},{"@type":"BreadcrumbList","@id":"https:\/\/elukelele.com\/fr\/divertissement\/astrid-et-raphaelle-sara-mortensen-et-lola-dewaere-parlent-de-la-saison-6\/#breadcrumb","itemListElement":[{"@type":"ListItem","position":1,"name":"Home","item":"https:\/\/elukelele.com\/fr\/"},{"@type":"ListItem","position":2,"name":"Astrid et Rapha\u00eblle : Sara Mortensen et Lola Dewaere parlent de la saison 6"}]},{"@type":"WebSite","@id":"https:\/\/elukelele.com\/fr\/#website","url":"https:\/\/elukelele.com\/fr\/","name":"El Ukelele","description":"Musique au-del\u00e0 de l&#039;indie","potentialAction":[{"@type":"SearchAction","target":{"@type":"EntryPoint","urlTemplate":"https:\/\/elukelele.com\/fr\/?s={search_term_string}"},"query-input":{"@type":"PropertyValueSpecification","valueRequired":true,"valueName":"search_term_string"}}],"inLanguage":"fr-FR"},{"@type":"Person","@id":"https:\/\/elukelele.com\/fr\/#\/schema\/person\/ccfb3d2be2ec7fa389608eb6da0b38d6","name":"Daniel Perrin","image":{"@type":"ImageObject","inLanguage":"fr-FR","@id":"https:\/\/elukelele.com\/fr\/#\/schema\/person\/image\/","url":"https:\/\/secure.gravatar.com\/avatar\/37f9d9ffa29ce5640a0d9c6ca8bbd90afb854014296ecaa0e3a558ac716e6fe4?s=96&d=mm&r=g","contentUrl":"https:\/\/secure.gravatar.com\/avatar\/37f9d9ffa29ce5640a0d9c6ca8bbd90afb854014296ecaa0e3a558ac716e6fe4?s=96&d=mm&r=g","caption":"Daniel Perrin"},"sameAs":["https:\/\/elukelele.com\/fr"],"url":"https:\/\/elukelele.com\/fr\/author\/daniel-perrin\/"}]}},"_links":{"self":[{"href":"https:\/\/elukelele.com\/fr\/wp-json\/wp\/v2\/posts\/45262","targetHints":{"allow":["GET"]}}],"collection":[{"href":"https:\/\/elukelele.com\/fr\/wp-json\/wp\/v2\/posts"}],"about":[{"href":"https:\/\/elukelele.com\/fr\/wp-json\/wp\/v2\/types\/post"}],"author":[{"embeddable":true,"href":"https:\/\/elukelele.com\/fr\/wp-json\/wp\/v2\/users\/4"}],"replies":[{"embeddable":true,"href":"https:\/\/elukelele.com\/fr\/wp-json\/wp\/v2\/comments?post=45262"}],"version-history":[{"count":1,"href":"https:\/\/elukelele.com\/fr\/wp-json\/wp\/v2\/posts\/45262\/revisions"}],"predecessor-version":[{"id":45668,"href":"https:\/\/elukelele.com\/fr\/wp-json\/wp\/v2\/posts\/45262\/revisions\/45668"}],"wp:featuredmedia":[{"embeddable":true,"href":"https:\/\/elukelele.com\/fr\/wp-json\/wp\/v2\/media\/45261"}],"wp:attachment":[{"href":"https:\/\/elukelele.com\/fr\/wp-json\/wp\/v2\/media?parent=45262"}],"wp:term":[{"taxonomy":"category","embeddable":true,"href":"https:\/\/elukelele.com\/fr\/wp-json\/wp\/v2\/categories?post=45262"},{"taxonomy":"post_tag","embeddable":true,"href":"https:\/\/elukelele.com\/fr\/wp-json\/wp\/v2\/tags?post=45262"}],"curies":[{"name":"wp","href":"https:\/\/api.w.org\/{rel}","templated":true}]}}