{"id":45233,"date":"2025-11-22T04:44:02","date_gmt":"2025-11-22T04:44:02","guid":{"rendered":"https:\/\/elukelele.com\/fr\/?p=45233"},"modified":"2025-11-22T04:44:03","modified_gmt":"2025-11-22T04:44:03","slug":"arthur-et-mareva-galanter-vont-adopter-a-la-demande-de-leur-fille-claire-chazal-pas-peu-fiere-de-recueillir-ce-scoop-sur-son-canape","status":"publish","type":"post","link":"https:\/\/elukelele.com\/fr\/divertissement\/arthur-et-mareva-galanter-vont-adopter-a-la-demande-de-leur-fille-claire-chazal-pas-peu-fiere-de-recueillir-ce-scoop-sur-son-canape\/","title":{"rendered":"Arthur et Mareva Galanter vont adopter \u00e0 la demande de leur fille\u00a0: Claire Chazal pas peu fi\u00e8re de recueillir ce scoop sur son canap\u00e9"},"content":{"rendered":"<p>\n    La r\u00e9cente interview d&rsquo;Arthur par Claire Chazal sur sa cha\u00eene YouTube, initialement ax\u00e9e sur la promotion de son nouveau livre, a pris un tournant inattendu en r\u00e9v\u00e9lant une nouvelle touchante concernant sa vie familiale. L&rsquo;animateur et producteur a partag\u00e9 une information intime : l&rsquo;arriv\u00e9e prochaine d&rsquo;un nouveau membre dans sa famille avec Mareva Galanter. Cette r\u00e9v\u00e9lation, d&rsquo;autant plus significative qu&rsquo;elle est survenue \u00e0 la demande de leur fille, Manava, marque un nouveau chapitre dans la vie du couple.\n<\/p>\n<h2 class=\"wp-block-heading\">Arthur, un nouveau livre et une vie transform\u00e9e<\/h2>\n<p>\n    La vie d&rsquo;Arthur a connu une transformation notable depuis l&rsquo;attaque terroriste du Hamas contre Isra\u00ebl le 7 octobre 2023. L&rsquo;animateur de \u00ab\u00a0Vendredi tout est permis\u00a0\u00bb a choisi d&rsquo;utiliser sa notori\u00e9t\u00e9 pour militer en faveur de la paix, un engagement qui lui a valu d&rsquo;\u00eatre la cible de cyberharc\u00e8lement et de menaces de mort. C&rsquo;est dans ce contexte qu&rsquo;il a publi\u00e9 son premier livre, \u00ab\u00a0J&rsquo;ai perdu un B\u00e9douin dans Paris\u00a0\u00bb (\u00e9ditions Grasset), afin de s&rsquo;exprimer sur les \u00e9v\u00e9nements qui ont marqu\u00e9 sa vie.\n<\/p>\n<p>\n    Lors de son entretien avec Claire Chazal, une ancienne cons\u0153ur, diffus\u00e9 sur sa cha\u00eene YouTube le 20 novembre, Arthur a non seulement discut\u00e9 de son ouvrage, mais il a \u00e9galement fait des confidences sur ses projets futurs. Il a r\u00e9v\u00e9l\u00e9 qu&rsquo;un deuxi\u00e8me livre \u00e9tait en pr\u00e9paration, dont il a d\u00e9j\u00e0 \u00e9crit une quarantaine de pages. D\u00e9crivant ce nouvel opus comme un \u00ab\u00a0roman d&rsquo;amour\u00a0\u00bb mettant en sc\u00e8ne un des personnages de son premier livre, il esp\u00e8re une publication pour l&rsquo;\u00e9t\u00e9.\n<\/p>\n<h2 class=\"wp-block-heading\">Une adoption canine \u00e0 la demande de Manava, leur fille<\/h2>\n<p>\n    La surprise de l&rsquo;interview est survenue lorsque la conversation a abord\u00e9 le sujet des animaux de compagnie. Claire Chazal, qui a elle-m\u00eame deux chats nomm\u00e9s Fenouil et Milou, a encourag\u00e9 Arthur \u00e0 partager ses propres exp\u00e9riences. C&rsquo;est alors qu&rsquo;Arthur a annonc\u00e9 la prochaine adoption d&rsquo;un chien, une d\u00e9cision prise \u00e0 l&rsquo;initiative de leur fille, Manava. L&rsquo;animateur a plaisant\u00e9 en affirmant qu&rsquo;il n&rsquo;avait \u00ab\u00a0pas eu son mot \u00e0 dire\u00a0\u00bb dans cette affaire, soulignant ainsi la volont\u00e9 de sa fille.\n<\/p>\n<p>\n    Sa principale pr\u00e9occupation, exprim\u00e9e avec humour, \u00e9tait d&rsquo;\u00e9viter que le futur compagnon \u00e0 quatre pattes ne \u00ab\u00a0pisse pas sur le canap\u00e9\u00a0\u00bb. Un autre d\u00e9fi attend la famille : trouver un nom pour l&rsquo;animal, qui devra commencer par la lettre &lsquo;A&rsquo; conform\u00e9ment \u00e0 l&rsquo;ann\u00e9e de naissance. Claire Chazal a sugg\u00e9r\u00e9 \u00ab\u00a0Aaron,\u00a0\u00bb mais Arthur a rapidement \u00e9cart\u00e9 cette id\u00e9e, expliquant que c&rsquo;est le pr\u00e9nom de son fils et que cela pourrait cr\u00e9er des \u00ab\u00a0histoires\u00a0\u00bb au sein de la famille. Cette anecdote illustre la dynamique familiale et les petites n\u00e9gociations quotidiennes, m\u00eame pour les personnalit\u00e9s publiques.\n<\/p>\n<h2 class=\"wp-block-heading\">Conclusion<\/h2>\n<p>\n    Cet \u00e9change sinc\u00e8re sur la plateforme de Claire Chazal a offert un aper\u00e7u de la vie d&rsquo;Arthur au-del\u00e0 des projecteurs. De son engagement pour des causes importantes \u00e0 ses projets litt\u00e9raires, en passant par l&rsquo;acceptation joyeuse d&rsquo;une demande de sa fille pour un animal de compagnie, Arthur continue de se montrer sous un jour authentique et humain. L&rsquo;arriv\u00e9e de ce nouveau membre canin promet d&rsquo;apporter de la joie et de nouvelles aventures \u00e0 Arthur, Mareva Galanter et leur fille Manava.<\/p>\n","protected":false},"excerpt":{"rendered":"<p>La r\u00e9cente interview d&rsquo;Arthur par Claire Chazal sur sa cha\u00eene YouTube, initialement ax\u00e9e sur la promotion de son nouveau livre, a pris un tournant inattendu en r\u00e9v\u00e9lant une nouvelle touchante concernant sa vie familiale. L&rsquo;animateur et producteur a partag\u00e9 une information intime : l&rsquo;arriv\u00e9e prochaine d&rsquo;un nouveau membre dans sa famille avec Mareva Galanter. Cette [&hellip;]<\/p>\n","protected":false},"author":4,"featured_media":45232,"comment_status":"open","ping_status":"open","sticky":false,"template":"","format":"standard","meta":{"_yoast_wpseo_title":"Arthur et Mareva Galanter vont adopter \u00e0 la demande de leur fille","_yoast_wpseo_metadesc":"","_yoast_wpseo_focuskw":"Arthur"},"categories":[5],"tags":[],"class_list":["post-45233","post","type-post","status-publish","format-standard","has-post-thumbnail","hentry","category-divertissement"],"yoast_head":"<!-- This site is optimized with the Yoast SEO plugin v26.3 - https:\/\/yoast.com\/wordpress\/plugins\/seo\/ -->\n<title>Arthur et Mareva Galanter vont adopter \u00e0 la demande de leur fille<\/title>\n<meta name=\"robots\" content=\"index, follow, max-snippet:-1, max-image-preview:large, max-video-preview:-1\" \/>\n<link rel=\"canonical\" href=\"https:\/\/elukelele.com\/fr\/divertissement\/arthur-et-mareva-galanter-vont-adopter-a-la-demande-de-leur-fille-claire-chazal-pas-peu-fiere-de-recueillir-ce-scoop-sur-son-canape\/\" \/>\n<meta property=\"og:locale\" content=\"fr_FR\" \/>\n<meta property=\"og:type\" content=\"article\" \/>\n<meta property=\"og:title\" content=\"Arthur et Mareva Galanter vont adopter \u00e0 la demande de leur fille\" \/>\n<meta property=\"og:description\" content=\"La r\u00e9cente interview d&rsquo;Arthur par Claire Chazal sur sa cha\u00eene YouTube, initialement ax\u00e9e sur la promotion de son nouveau livre, a pris un tournant inattendu en r\u00e9v\u00e9lant une nouvelle touchante concernant sa vie familiale. L&rsquo;animateur et producteur a partag\u00e9 une information intime : l&rsquo;arriv\u00e9e prochaine d&rsquo;un nouveau membre dans sa famille avec Mareva Galanter. Cette [&hellip;]\" \/>\n<meta property=\"og:url\" content=\"https:\/\/elukelele.com\/fr\/divertissement\/arthur-et-mareva-galanter-vont-adopter-a-la-demande-de-leur-fille-claire-chazal-pas-peu-fiere-de-recueillir-ce-scoop-sur-son-canape\/\" \/>\n<meta property=\"og:site_name\" content=\"El Ukelele\" \/>\n<meta property=\"article:published_time\" content=\"2025-11-22T04:44:02+00:00\" \/>\n<meta property=\"article:modified_time\" content=\"2025-11-22T04:44:03+00:00\" \/>\n<meta property=\"og:image\" content=\"https:\/\/elukelele.com\/fr\/wp-content\/uploads\/2025\/11\/framed_only-311.png\" \/>\n\t<meta property=\"og:image:width\" content=\"1200\" \/>\n\t<meta property=\"og:image:height\" content=\"628\" \/>\n\t<meta property=\"og:image:type\" content=\"image\/png\" \/>\n<meta name=\"author\" content=\"Daniel Perrin\" \/>\n<meta name=\"twitter:card\" content=\"summary_large_image\" \/>\n<meta name=\"twitter:label1\" content=\"\u00c9crit par\" \/>\n\t<meta name=\"twitter:data1\" content=\"Daniel Perrin\" \/>\n\t<meta name=\"twitter:label2\" content=\"Dur\u00e9e de lecture estim\u00e9e\" \/>\n\t<meta name=\"twitter:data2\" content=\"3 minutes\" \/>\n<script type=\"application\/ld+json\" class=\"yoast-schema-graph\">{\"@context\":\"https:\/\/schema.org\",\"@graph\":[{\"@type\":\"WebPage\",\"@id\":\"https:\/\/elukelele.com\/fr\/divertissement\/arthur-et-mareva-galanter-vont-adopter-a-la-demande-de-leur-fille-claire-chazal-pas-peu-fiere-de-recueillir-ce-scoop-sur-son-canape\/\",\"url\":\"https:\/\/elukelele.com\/fr\/divertissement\/arthur-et-mareva-galanter-vont-adopter-a-la-demande-de-leur-fille-claire-chazal-pas-peu-fiere-de-recueillir-ce-scoop-sur-son-canape\/\",\"name\":\"Arthur et Mareva Galanter vont adopter \u00e0 la demande de leur fille\",\"isPartOf\":{\"@id\":\"https:\/\/elukelele.com\/fr\/#website\"},\"primaryImageOfPage\":{\"@id\":\"https:\/\/elukelele.com\/fr\/divertissement\/arthur-et-mareva-galanter-vont-adopter-a-la-demande-de-leur-fille-claire-chazal-pas-peu-fiere-de-recueillir-ce-scoop-sur-son-canape\/#primaryimage\"},\"image\":{\"@id\":\"https:\/\/elukelele.com\/fr\/divertissement\/arthur-et-mareva-galanter-vont-adopter-a-la-demande-de-leur-fille-claire-chazal-pas-peu-fiere-de-recueillir-ce-scoop-sur-son-canape\/#primaryimage\"},\"thumbnailUrl\":\"https:\/\/elukelele.com\/fr\/wp-content\/uploads\/2025\/11\/framed_only-311.png\",\"datePublished\":\"2025-11-22T04:44:02+00:00\",\"dateModified\":\"2025-11-22T04:44:03+00:00\",\"author\":{\"@id\":\"https:\/\/elukelele.com\/fr\/#\/schema\/person\/ccfb3d2be2ec7fa389608eb6da0b38d6\"},\"breadcrumb\":{\"@id\":\"https:\/\/elukelele.com\/fr\/divertissement\/arthur-et-mareva-galanter-vont-adopter-a-la-demande-de-leur-fille-claire-chazal-pas-peu-fiere-de-recueillir-ce-scoop-sur-son-canape\/#breadcrumb\"},\"inLanguage\":\"fr-FR\",\"potentialAction\":[{\"@type\":\"ReadAction\",\"target\":[\"https:\/\/elukelele.com\/fr\/divertissement\/arthur-et-mareva-galanter-vont-adopter-a-la-demande-de-leur-fille-claire-chazal-pas-peu-fiere-de-recueillir-ce-scoop-sur-son-canape\/\"]}]},{\"@type\":\"ImageObject\",\"inLanguage\":\"fr-FR\",\"@id\":\"https:\/\/elukelele.com\/fr\/divertissement\/arthur-et-mareva-galanter-vont-adopter-a-la-demande-de-leur-fille-claire-chazal-pas-peu-fiere-de-recueillir-ce-scoop-sur-son-canape\/#primaryimage\",\"url\":\"https:\/\/elukelele.com\/fr\/wp-content\/uploads\/2025\/11\/framed_only-311.png\",\"contentUrl\":\"https:\/\/elukelele.com\/fr\/wp-content\/uploads\/2025\/11\/framed_only-311.png\",\"width\":1200,\"height\":628,\"caption\":\"Arthur et Mareva Galanter vont adopter \u00e0 la demande de leur fille\u00a0: Claire Chazal pas peu fi\u00e8re de recueillir ce scoop sur son canap\u00e9\"},{\"@type\":\"BreadcrumbList\",\"@id\":\"https:\/\/elukelele.com\/fr\/divertissement\/arthur-et-mareva-galanter-vont-adopter-a-la-demande-de-leur-fille-claire-chazal-pas-peu-fiere-de-recueillir-ce-scoop-sur-son-canape\/#breadcrumb\",\"itemListElement\":[{\"@type\":\"ListItem\",\"position\":1,\"name\":\"Home\",\"item\":\"https:\/\/elukelele.com\/fr\/\"},{\"@type\":\"ListItem\",\"position\":2,\"name\":\"Arthur et Mareva Galanter vont adopter \u00e0 la demande de leur fille\u00a0: Claire Chazal pas peu fi\u00e8re de recueillir ce scoop sur son canap\u00e9\"}]},{\"@type\":\"WebSite\",\"@id\":\"https:\/\/elukelele.com\/fr\/#website\",\"url\":\"https:\/\/elukelele.com\/fr\/\",\"name\":\"El Ukelele\",\"description\":\"Musique au-del\u00e0 de l&#039;indie\",\"potentialAction\":[{\"@type\":\"SearchAction\",\"target\":{\"@type\":\"EntryPoint\",\"urlTemplate\":\"https:\/\/elukelele.com\/fr\/?s={search_term_string}\"},\"query-input\":{\"@type\":\"PropertyValueSpecification\",\"valueRequired\":true,\"valueName\":\"search_term_string\"}}],\"inLanguage\":\"fr-FR\"},{\"@type\":\"Person\",\"@id\":\"https:\/\/elukelele.com\/fr\/#\/schema\/person\/ccfb3d2be2ec7fa389608eb6da0b38d6\",\"name\":\"Daniel Perrin\",\"image\":{\"@type\":\"ImageObject\",\"inLanguage\":\"fr-FR\",\"@id\":\"https:\/\/elukelele.com\/fr\/#\/schema\/person\/image\/\",\"url\":\"https:\/\/secure.gravatar.com\/avatar\/37f9d9ffa29ce5640a0d9c6ca8bbd90afb854014296ecaa0e3a558ac716e6fe4?s=96&d=mm&r=g\",\"contentUrl\":\"https:\/\/secure.gravatar.com\/avatar\/37f9d9ffa29ce5640a0d9c6ca8bbd90afb854014296ecaa0e3a558ac716e6fe4?s=96&d=mm&r=g\",\"caption\":\"Daniel Perrin\"},\"sameAs\":[\"https:\/\/elukelele.com\/fr\"],\"url\":\"https:\/\/elukelele.com\/fr\/author\/daniel-perrin\/\"}]}<\/script>\n<!-- \/ Yoast SEO plugin. -->","yoast_head_json":{"title":"Arthur et Mareva Galanter vont adopter \u00e0 la demande de leur fille","robots":{"index":"index","follow":"follow","max-snippet":"max-snippet:-1","max-image-preview":"max-image-preview:large","max-video-preview":"max-video-preview:-1"},"canonical":"https:\/\/elukelele.com\/fr\/divertissement\/arthur-et-mareva-galanter-vont-adopter-a-la-demande-de-leur-fille-claire-chazal-pas-peu-fiere-de-recueillir-ce-scoop-sur-son-canape\/","og_locale":"fr_FR","og_type":"article","og_title":"Arthur et Mareva Galanter vont adopter \u00e0 la demande de leur fille","og_description":"La r\u00e9cente interview d&rsquo;Arthur par Claire Chazal sur sa cha\u00eene YouTube, initialement ax\u00e9e sur la promotion de son nouveau livre, a pris un tournant inattendu en r\u00e9v\u00e9lant une nouvelle touchante concernant sa vie familiale. L&rsquo;animateur et producteur a partag\u00e9 une information intime : l&rsquo;arriv\u00e9e prochaine d&rsquo;un nouveau membre dans sa famille avec Mareva Galanter. Cette [&hellip;]","og_url":"https:\/\/elukelele.com\/fr\/divertissement\/arthur-et-mareva-galanter-vont-adopter-a-la-demande-de-leur-fille-claire-chazal-pas-peu-fiere-de-recueillir-ce-scoop-sur-son-canape\/","og_site_name":"El Ukelele","article_published_time":"2025-11-22T04:44:02+00:00","article_modified_time":"2025-11-22T04:44:03+00:00","og_image":[{"width":1200,"height":628,"url":"https:\/\/elukelele.com\/fr\/wp-content\/uploads\/2025\/11\/framed_only-311.png","type":"image\/png"}],"author":"Daniel Perrin","twitter_card":"summary_large_image","twitter_misc":{"\u00c9crit par":"Daniel Perrin","Dur\u00e9e de lecture estim\u00e9e":"3 minutes"},"schema":{"@context":"https:\/\/schema.org","@graph":[{"@type":"WebPage","@id":"https:\/\/elukelele.com\/fr\/divertissement\/arthur-et-mareva-galanter-vont-adopter-a-la-demande-de-leur-fille-claire-chazal-pas-peu-fiere-de-recueillir-ce-scoop-sur-son-canape\/","url":"https:\/\/elukelele.com\/fr\/divertissement\/arthur-et-mareva-galanter-vont-adopter-a-la-demande-de-leur-fille-claire-chazal-pas-peu-fiere-de-recueillir-ce-scoop-sur-son-canape\/","name":"Arthur et Mareva Galanter vont adopter \u00e0 la demande de leur fille","isPartOf":{"@id":"https:\/\/elukelele.com\/fr\/#website"},"primaryImageOfPage":{"@id":"https:\/\/elukelele.com\/fr\/divertissement\/arthur-et-mareva-galanter-vont-adopter-a-la-demande-de-leur-fille-claire-chazal-pas-peu-fiere-de-recueillir-ce-scoop-sur-son-canape\/#primaryimage"},"image":{"@id":"https:\/\/elukelele.com\/fr\/divertissement\/arthur-et-mareva-galanter-vont-adopter-a-la-demande-de-leur-fille-claire-chazal-pas-peu-fiere-de-recueillir-ce-scoop-sur-son-canape\/#primaryimage"},"thumbnailUrl":"https:\/\/elukelele.com\/fr\/wp-content\/uploads\/2025\/11\/framed_only-311.png","datePublished":"2025-11-22T04:44:02+00:00","dateModified":"2025-11-22T04:44:03+00:00","author":{"@id":"https:\/\/elukelele.com\/fr\/#\/schema\/person\/ccfb3d2be2ec7fa389608eb6da0b38d6"},"breadcrumb":{"@id":"https:\/\/elukelele.com\/fr\/divertissement\/arthur-et-mareva-galanter-vont-adopter-a-la-demande-de-leur-fille-claire-chazal-pas-peu-fiere-de-recueillir-ce-scoop-sur-son-canape\/#breadcrumb"},"inLanguage":"fr-FR","potentialAction":[{"@type":"ReadAction","target":["https:\/\/elukelele.com\/fr\/divertissement\/arthur-et-mareva-galanter-vont-adopter-a-la-demande-de-leur-fille-claire-chazal-pas-peu-fiere-de-recueillir-ce-scoop-sur-son-canape\/"]}]},{"@type":"ImageObject","inLanguage":"fr-FR","@id":"https:\/\/elukelele.com\/fr\/divertissement\/arthur-et-mareva-galanter-vont-adopter-a-la-demande-de-leur-fille-claire-chazal-pas-peu-fiere-de-recueillir-ce-scoop-sur-son-canape\/#primaryimage","url":"https:\/\/elukelele.com\/fr\/wp-content\/uploads\/2025\/11\/framed_only-311.png","contentUrl":"https:\/\/elukelele.com\/fr\/wp-content\/uploads\/2025\/11\/framed_only-311.png","width":1200,"height":628,"caption":"Arthur et Mareva Galanter vont adopter \u00e0 la demande de leur fille\u00a0: Claire Chazal pas peu fi\u00e8re de recueillir ce scoop sur son canap\u00e9"},{"@type":"BreadcrumbList","@id":"https:\/\/elukelele.com\/fr\/divertissement\/arthur-et-mareva-galanter-vont-adopter-a-la-demande-de-leur-fille-claire-chazal-pas-peu-fiere-de-recueillir-ce-scoop-sur-son-canape\/#breadcrumb","itemListElement":[{"@type":"ListItem","position":1,"name":"Home","item":"https:\/\/elukelele.com\/fr\/"},{"@type":"ListItem","position":2,"name":"Arthur et Mareva Galanter vont adopter \u00e0 la demande de leur fille\u00a0: Claire Chazal pas peu fi\u00e8re de recueillir ce scoop sur son canap\u00e9"}]},{"@type":"WebSite","@id":"https:\/\/elukelele.com\/fr\/#website","url":"https:\/\/elukelele.com\/fr\/","name":"El Ukelele","description":"Musique au-del\u00e0 de l&#039;indie","potentialAction":[{"@type":"SearchAction","target":{"@type":"EntryPoint","urlTemplate":"https:\/\/elukelele.com\/fr\/?s={search_term_string}"},"query-input":{"@type":"PropertyValueSpecification","valueRequired":true,"valueName":"search_term_string"}}],"inLanguage":"fr-FR"},{"@type":"Person","@id":"https:\/\/elukelele.com\/fr\/#\/schema\/person\/ccfb3d2be2ec7fa389608eb6da0b38d6","name":"Daniel Perrin","image":{"@type":"ImageObject","inLanguage":"fr-FR","@id":"https:\/\/elukelele.com\/fr\/#\/schema\/person\/image\/","url":"https:\/\/secure.gravatar.com\/avatar\/37f9d9ffa29ce5640a0d9c6ca8bbd90afb854014296ecaa0e3a558ac716e6fe4?s=96&d=mm&r=g","contentUrl":"https:\/\/secure.gravatar.com\/avatar\/37f9d9ffa29ce5640a0d9c6ca8bbd90afb854014296ecaa0e3a558ac716e6fe4?s=96&d=mm&r=g","caption":"Daniel Perrin"},"sameAs":["https:\/\/elukelele.com\/fr"],"url":"https:\/\/elukelele.com\/fr\/author\/daniel-perrin\/"}]}},"_links":{"self":[{"href":"https:\/\/elukelele.com\/fr\/wp-json\/wp\/v2\/posts\/45233","targetHints":{"allow":["GET"]}}],"collection":[{"href":"https:\/\/elukelele.com\/fr\/wp-json\/wp\/v2\/posts"}],"about":[{"href":"https:\/\/elukelele.com\/fr\/wp-json\/wp\/v2\/types\/post"}],"author":[{"embeddable":true,"href":"https:\/\/elukelele.com\/fr\/wp-json\/wp\/v2\/users\/4"}],"replies":[{"embeddable":true,"href":"https:\/\/elukelele.com\/fr\/wp-json\/wp\/v2\/comments?post=45233"}],"version-history":[{"count":1,"href":"https:\/\/elukelele.com\/fr\/wp-json\/wp\/v2\/posts\/45233\/revisions"}],"predecessor-version":[{"id":45255,"href":"https:\/\/elukelele.com\/fr\/wp-json\/wp\/v2\/posts\/45233\/revisions\/45255"}],"wp:featuredmedia":[{"embeddable":true,"href":"https:\/\/elukelele.com\/fr\/wp-json\/wp\/v2\/media\/45232"}],"wp:attachment":[{"href":"https:\/\/elukelele.com\/fr\/wp-json\/wp\/v2\/media?parent=45233"}],"wp:term":[{"taxonomy":"category","embeddable":true,"href":"https:\/\/elukelele.com\/fr\/wp-json\/wp\/v2\/categories?post=45233"},{"taxonomy":"post_tag","embeddable":true,"href":"https:\/\/elukelele.com\/fr\/wp-json\/wp\/v2\/tags?post=45233"}],"curies":[{"name":"wp","href":"https:\/\/api.w.org\/{rel}","templated":true}]}}