{"id":45191,"date":"2025-11-22T04:29:25","date_gmt":"2025-11-22T04:29:25","guid":{"rendered":"https:\/\/elukelele.com\/fr\/?p=45191"},"modified":"2025-11-22T04:29:26","modified_gmt":"2025-11-22T04:29:26","slug":"daniel-guichard-cette-chanson-quil-a-piquee-a-mireille-mathieu-a-lance-sa-carriere","status":"publish","type":"post","link":"https:\/\/elukelele.com\/fr\/divertissement\/daniel-guichard-cette-chanson-quil-a-piquee-a-mireille-mathieu-a-lance-sa-carriere\/","title":{"rendered":"Daniel Guichard : cette chanson qu\u2019il a piqu\u00e9e \u00e0 Mireille Mathieu a lanc\u00e9 sa carri\u00e8re"},"content":{"rendered":"<p>Le nom de Daniel Guichard r\u00e9sonne avec une constance particuli\u00e8re dans le paysage de la chanson fran\u00e7aise. Admir\u00e9 par un public fid\u00e8le depuis plus d&rsquo;un demi-si\u00e8cle, cet artiste singulier, qui a c\u00e9l\u00e9br\u00e9 ses 77 ans le 21 novembre 2025, est reconnu pour sa voix grave et pure, sa capacit\u00e9 \u00e0 incarner chaque mot de ses chansons, ainsi que pour son franc-parler. Des titres embl\u00e9matiques comme <em>La Tendresse<\/em>, <em>Mon vieux<\/em>, <em>Chanson pour Anna<\/em>, ou encore <em>Faut pas pleurer comme \u00e7a<\/em>, ont forg\u00e9 sa l\u00e9gende et l&rsquo;ont ancr\u00e9 dans le panth\u00e9on des chanteurs populaires, capables de toucher toutes les g\u00e9n\u00e9rations. Daniel Guichard demeure une figure active de la sc\u00e8ne musicale, multipliant les concerts, les retours \u00e0 l&rsquo;Olympia et les interviews o\u00f9 il n&rsquo;h\u00e9site jamais \u00e0 exprimer ses opinions.<\/p>\n<h2>La Tendresse : Le Refus de Mireille Mathieu et l&rsquo;Opportunit\u00e9 pour Guichard<\/h2>\n<p>L&rsquo;histoire de la chanson qui a v\u00e9ritablement propuls\u00e9 la carri\u00e8re de Daniel Guichard est celle d&rsquo;un heureux concours de circonstances. En 1972, le titre <em>La Tendresse<\/em>, dont la musique est compos\u00e9e par Patricia Carli et les paroles originales par Jacques Ferri\u00e8re, \u00e9tait initialement destin\u00e9 \u00e0 la c\u00e9l\u00e8bre chanteuse Mireille Mathieu. Cependant, Johnny Stark, son impresario de l&rsquo;\u00e9poque, a d\u00e9clin\u00e9 la proposition. C&rsquo;est alors que Daniel Guichard, un jeune artiste dont la notori\u00e9t\u00e9 n&rsquo;\u00e9tait pas encore \u00e9tablie aupr\u00e8s du grand public, a eu l&rsquo;opportunit\u00e9 de r\u00e9cup\u00e9rer ce morceau.<\/p>\n<p>Guichard a alors entrepris de retravailler le texte de Jacques Ferri\u00e8re, l&rsquo;adaptant pour qu&rsquo;il r\u00e9sonne avec sa propre sensibilit\u00e9 et son style. Cette r\u00e9interpr\u00e9tation a donn\u00e9 un \u00e9lan nouveau \u00e0 la chanson, qui est rapidement devenue un succ\u00e8s monumental. <em>La Tendresse<\/em> a instantan\u00e9ment impos\u00e9 Daniel Guichard comme un chanteur capable d&rsquo;\u00e9mouvoir son audience avec une authenticit\u00e9 d\u00e9sarmante, campant le r\u00f4le d&rsquo;un artiste \u00ab\u00a0viril mais charmeur\u00a0\u00bb. La m\u00eame ann\u00e9e, ce succ\u00e8s lui a ouvert les portes de la mythique sc\u00e8ne de l&rsquo;Olympia, marquant une \u00e9tape d\u00e9cisive dans sa carri\u00e8re et confirmant son statut parmi les grandes voix de la chanson fran\u00e7aise. Ce morceau, initialement rejet\u00e9 par une autre artiste, est ainsi devenu le premier grand standard de Daniel Guichard et un classique incontournable des ann\u00e9es 1970, illustrant comment le destin peut parfois \u00e9crire les plus belles histoires.<\/p>\n<h2>L&rsquo;Encha\u00eenement des Succ\u00e8s apr\u00e8s \u00ab\u00a0La Tendresse\u00a0\u00bb<\/h2>\n<p>Apr\u00e8s l&rsquo;\u00e9clat de <em>La Tendresse<\/em>, Daniel Guichard a solidifi\u00e9 sa carri\u00e8re avec une s\u00e9rie de succ\u00e8s qui ont marqu\u00e9 l&rsquo;\u00e9poque. Il a notamment sorti <em>Faut pas pleurer comme \u00e7a<\/em>, une chanson \u00e0 la musique sign\u00e9e par Christophe, et <em>Chanson pour Anna<\/em>, un titre engag\u00e9 d\u00e9di\u00e9 \u00e0 Anne Frank. En 1974, il a offert au public l&rsquo;inoubliable <em>Mon vieux<\/em>. Pour cette chanson, Daniel Guichard a pris la libert\u00e9 de modifier le texte original de Michelle Senlis, transformant l&rsquo;\u0153uvre en un hommage profond\u00e9ment personnel et autobiographique \u00e0 son propre p\u00e8re. Ce choix artistique, bien qu&rsquo;il ait pu lui attirer quelques d\u00e9sagr\u00e9ments, a grandement contribu\u00e9 \u00e0 \u00e9tablir une connexion durable et profonde avec son public.<\/p>\n<p>Poursuivant sur cette lanc\u00e9e, il a continu\u00e9 \u00e0 cultiver son identit\u00e9 artistique et son ind\u00e9pendance. Daniel Guichard ne s&rsquo;est pas content\u00e9 d&rsquo;\u00eatre un simple interpr\u00e8te ; anim\u00e9 par un d\u00e9sir d&rsquo;autonomie, il a fond\u00e9 son propre label, Kuklos, dont la distribution \u00e9tait assur\u00e9e par Barclay. Cette d\u00e9marche lui a permis de contr\u00f4ler davantage sa production musicale et de diffuser des titres qui refl\u00e9taient pleinement son univers.<\/p>\n<h2>Un Artiste Engag\u00e9 et Ind\u00e9pendant<\/h2>\n<p>Les ann\u00e9es 1970 et 1980 ont vu Daniel Guichard explorer diverses facettes de l&rsquo;industrie musicale, toujours avec une volont\u00e9 farouche d&rsquo;ind\u00e9pendance. D\u00e8s 1974, il a affirm\u00e9 son identit\u00e9 \u00ab\u00a0parigote\u00a0\u00bb en sortant un album enti\u00e8rement d\u00e9di\u00e9 \u00e0 \u00c9dith Piaf, avant de remplir l&rsquo;Olympia en 1975 puis en 1976. Durant cette p\u00e9riode, il a encha\u00een\u00e9 les tubes populaires tels que <em>Je t\u2019aime, tu vois<\/em>, <em>C\u2019est pas facile d\u2019aimer<\/em>, <em>Pour ne plus penser \u00e0 toi<\/em>, et <em>Le C\u0153ur \u00e0 l\u2019envers<\/em>. Mais son engagement ne s&rsquo;est pas limit\u00e9 \u00e0 l&rsquo;interpr\u00e9tation. Dans les ann\u00e9es 1980, il a fait preuve d&rsquo;une ouverture d&rsquo;esprit remarquable en se lan\u00e7ant dans la distribution musicale. Son label Kuklos a ainsi distribu\u00e9 des artistes aux styles vari\u00e9s, allant du groupe punk-rock La Souris D\u00e9glingu\u00e9e \u00e0 des figures \u00e9tablies comme Alain Barri\u00e8re ou Salvatore Adamo.<\/p>\n<p>Son attachement \u00e0 la chanson fran\u00e7aise et son esprit pionnier se sont \u00e9galement manifest\u00e9s par sa participation \u00e0 l&rsquo;aventure des radios libres. Daniel Guichard a cr\u00e9\u00e9 Radio Bocal, une v\u00e9ritable radio pirate d\u00e9di\u00e9e \u00e0 100 % aux chansons fran\u00e7aises, qu&rsquo;il diffusait depuis son propre jardin. Cette initiative, bien que lui ayant valu des critiques pour son c\u00f4t\u00e9 jug\u00e9 \u00ab\u00a0trop franchouillard\u00a0\u00bb, t\u00e9moignait de son amour profond pour le patrimoine musical fran\u00e7ais. Daniel Guichard s&rsquo;est ainsi positionn\u00e9 comme un acteur complet de la musique, non seulement chanteur mais aussi producteur, distributeur et d\u00e9fenseur de la diversit\u00e9 musicale.<\/p>\n<h2>Les Ann\u00e9es 80 et au-del\u00e0 : Fid\u00e9lit\u00e9 et R\u00e9silience<\/h2>\n<p>Dans les ann\u00e9es 1980, Daniel Guichard a continu\u00e9 \u00e0 enrichir sa discographie. En 1983, il a renou\u00e9 avec le succ\u00e8s gr\u00e2ce \u00e0 des titres comme <em>Le Gitan<\/em>, une chanson inspir\u00e9e par sa rencontre avec le boxeur Pierre-Franck Winterstein, ainsi qu&rsquo;avec <em>Doucement<\/em> et <em>Le Nez au mur<\/em>. Parall\u00e8lement, il a enregistr\u00e9 des reprises des grands noms de la chanson fran\u00e7aise tels que Maurice Chevalier et Charles Trenet, confirmant son profond respect pour le r\u00e9pertoire musical fran\u00e7ais.<\/p>\n<p>L&rsquo;artiste, parfois d\u00e9crit comme ombrageux, a \u00e9galement montr\u00e9 une grande g\u00e9n\u00e9rosit\u00e9 et un c\u0153ur tourn\u00e9 vers les autres. Il a organis\u00e9 des tourn\u00e9es caritatives au profit de la recherche contre le cancer, auxquelles ont particip\u00e9 des artistes comme Salvatore Adamo et Richard Cocciante.<\/p>\n<p>Les p\u00e9riodes de moindre exposition m\u00e9diatique de Daniel Guichard sont souvent qualifi\u00e9es de \u00ab\u00a0travers\u00e9es du d\u00e9sert\u00a0\u00bb, une expression qu&rsquo;il rectifie lui-m\u00eame, soulignant qu&rsquo;il n&rsquo;a en r\u00e9alit\u00e9 jamais cess\u00e9 de se produire sur sc\u00e8ne. Lorsqu&rsquo;il s&rsquo;\u00e9loigne des projecteurs, c&rsquo;est g\u00e9n\u00e9ralement pour se consacrer \u00e0 la cr\u00e9ation, \u00e0 la pr\u00e9paration de nouveaux albums ou \u00e0 l&rsquo;organisation de nouvelles tourn\u00e9es. En t\u00e9moigne son retour en 2012, apr\u00e8s vingt ans sans nouvel opus, avec l&rsquo;album <em>Notre histoire<\/em>, suivi de nouveaux passages triomphants \u00e0 l&rsquo;Olympia en 2012 et 2018.<\/p>\n<p>Daniel Guichard est \u00e9galement connu pour sa loyaut\u00e9 en amiti\u00e9. On se souvient notamment de son soutien ind\u00e9fectible \u00e0 Renaud, \u00e0 qui il a offert \u00e9coute et r\u00e9confort lors d&rsquo;une p\u00e9riode difficile marqu\u00e9e par des probl\u00e8mes d&rsquo;alcool, partageant avec lui son propre combat contre cette addiction. Cette marque de confiance a jou\u00e9 un r\u00f4le d\u00e9terminant dans le r\u00e9tablissement de Renaud. Aujourd&rsquo;hui encore, entre deux prises de position \u00e9nergiques contre les pratiques de l&rsquo;industrie musicale, Daniel Guichard continue de chanter avec la m\u00eame passion. Il reste un artiste inflexible, entier et essentiel \u00e0 la sc\u00e8ne musicale fran\u00e7aise.<\/p>\n<h2>FAQ sur Daniel Guichard et \u00ab\u00a0La Tendresse\u00a0\u00bb<\/h2>\n<h3>Qui a \u00e9crit la chanson \u00ab\u00a0La Tendresse\u00a0\u00bb ?<\/h3>\n<p>La musique de <em>La Tendresse<\/em> a \u00e9t\u00e9 compos\u00e9e par Patricia Carli, et les paroles originales par Jacques Ferri\u00e8re.<\/p>\n<h3>Pourquoi Mireille Mathieu n&rsquo;a-t-elle pas chant\u00e9 \u00ab\u00a0La Tendresse\u00a0\u00bb ?<\/h3>\n<p>En 1972, l&rsquo;impresario de Mireille Mathieu, Johnny Stark, a refus\u00e9 la chanson, ouvrant ainsi la voie \u00e0 Daniel Guichard.<\/p>\n<h3>Quand Daniel Guichard a-t-il sorti \u00ab\u00a0La Tendresse\u00a0\u00bb ?<\/h3>\n<p>Daniel Guichard a sorti <em>La Tendresse<\/em> en 1972, et cette chanson est devenue un succ\u00e8s monumental qui a lanc\u00e9 sa carri\u00e8re.<\/p>\n<h3>Quels sont les autres grands succ\u00e8s de Daniel Guichard ?<\/h3>\n<p>Parmi ses autres titres embl\u00e9matiques, on compte <em>Mon vieux<\/em>, <em>Chanson pour Anna<\/em>, <em>Faut pas pleurer comme \u00e7a<\/em>, et <em>Le Gitan<\/em>.<\/p>\n<h3>Daniel Guichard continue-t-il de se produire ?<\/h3>\n<p>Oui, Daniel Guichard est toujours actif sur sc\u00e8ne, multipliant les concerts et les tourn\u00e9es, et il se produit r\u00e9guli\u00e8rement, notamment \u00e0 l&rsquo;Olympia.<\/p>\n<h2>Conclusion<\/h2>\n<p>L&rsquo;histoire de Daniel Guichard est indissociable de celle de <em>La Tendresse<\/em>, une chanson qui, par un heureux concours de circonstances, a non seulement lanc\u00e9 sa carri\u00e8re mais a aussi forg\u00e9 son image d&rsquo;artiste authentique et populaire. Le refus de Mireille Mathieu de l&rsquo;interpr\u00e9ter a offert \u00e0 Guichard l&rsquo;opportunit\u00e9 de s&rsquo;approprier ce titre et d&rsquo;en faire un hymne intemporel. Au-del\u00e0 de ce succ\u00e8s fondateur, Daniel Guichard a construit une carri\u00e8re marqu\u00e9e par l&rsquo;ind\u00e9pendance artistique, l&rsquo;engagement et une fid\u00e9lit\u00e9 in\u00e9branlable \u00e0 son public et \u00e0 la chanson fran\u00e7aise. Que ce soit \u00e0 travers ses propres compositions, ses reprises, ses initiatives dans la distribution musicale ou son soutien \u00e0 d&rsquo;autres artistes, Daniel Guichard a prouv\u00e9 qu&rsquo;il est bien plus qu&rsquo;un chanteur de succ\u00e8s : il est une figure embl\u00e9matique, un pilier de la vari\u00e9t\u00e9 fran\u00e7aise, dont la voix et la personnalit\u00e9 continuent de r\u00e9sonner avec force et sinc\u00e9rit\u00e9.<\/p>\n","protected":false},"excerpt":{"rendered":"<p>Le nom de Daniel Guichard r\u00e9sonne avec une constance particuli\u00e8re dans le paysage de la chanson fran\u00e7aise. Admir\u00e9 par un public fid\u00e8le depuis plus d&rsquo;un demi-si\u00e8cle, cet artiste singulier, qui a c\u00e9l\u00e9br\u00e9 ses 77 ans le 21 novembre 2025, est reconnu pour sa voix grave et pure, sa capacit\u00e9 \u00e0 incarner chaque mot de ses [&hellip;]<\/p>\n","protected":false},"author":4,"featured_media":45190,"comment_status":"open","ping_status":"open","sticky":false,"template":"","format":"standard","meta":{"_yoast_wpseo_title":"Daniel Guichard : cette chanson qu\u2019il a piqu\u00e9e \u00e0 Mireille Mathieu a lanc\u00e9 sa carri\u00e8re","_yoast_wpseo_metadesc":"","_yoast_wpseo_focuskw":"Daniel"},"categories":[5],"tags":[],"class_list":["post-45191","post","type-post","status-publish","format-standard","has-post-thumbnail","hentry","category-divertissement"],"yoast_head":"<!-- This site is optimized with the Yoast SEO plugin v26.3 - https:\/\/yoast.com\/wordpress\/plugins\/seo\/ -->\n<title>Daniel Guichard : cette chanson qu\u2019il a piqu\u00e9e \u00e0 Mireille Mathieu a lanc\u00e9 sa carri\u00e8re<\/title>\n<meta name=\"robots\" content=\"index, follow, max-snippet:-1, max-image-preview:large, max-video-preview:-1\" \/>\n<link rel=\"canonical\" href=\"https:\/\/elukelele.com\/fr\/divertissement\/daniel-guichard-cette-chanson-quil-a-piquee-a-mireille-mathieu-a-lance-sa-carriere\/\" \/>\n<meta property=\"og:locale\" content=\"fr_FR\" \/>\n<meta property=\"og:type\" content=\"article\" \/>\n<meta property=\"og:title\" content=\"Daniel Guichard : cette chanson qu\u2019il a piqu\u00e9e \u00e0 Mireille Mathieu a lanc\u00e9 sa carri\u00e8re\" \/>\n<meta property=\"og:description\" content=\"Le nom de Daniel Guichard r\u00e9sonne avec une constance particuli\u00e8re dans le paysage de la chanson fran\u00e7aise. Admir\u00e9 par un public fid\u00e8le depuis plus d&rsquo;un demi-si\u00e8cle, cet artiste singulier, qui a c\u00e9l\u00e9br\u00e9 ses 77 ans le 21 novembre 2025, est reconnu pour sa voix grave et pure, sa capacit\u00e9 \u00e0 incarner chaque mot de ses [&hellip;]\" \/>\n<meta property=\"og:url\" content=\"https:\/\/elukelele.com\/fr\/divertissement\/daniel-guichard-cette-chanson-quil-a-piquee-a-mireille-mathieu-a-lance-sa-carriere\/\" \/>\n<meta property=\"og:site_name\" content=\"El Ukelele\" \/>\n<meta property=\"article:published_time\" content=\"2025-11-22T04:29:25+00:00\" \/>\n<meta property=\"article:modified_time\" content=\"2025-11-22T04:29:26+00:00\" \/>\n<meta property=\"og:image\" content=\"https:\/\/elukelele.com\/fr\/wp-content\/uploads\/2025\/11\/framed_only-290.png\" \/>\n\t<meta property=\"og:image:width\" content=\"1200\" \/>\n\t<meta property=\"og:image:height\" content=\"628\" \/>\n\t<meta property=\"og:image:type\" content=\"image\/png\" \/>\n<meta name=\"author\" content=\"Daniel Perrin\" \/>\n<meta name=\"twitter:card\" content=\"summary_large_image\" \/>\n<meta name=\"twitter:label1\" content=\"\u00c9crit par\" \/>\n\t<meta name=\"twitter:data1\" content=\"Daniel Perrin\" \/>\n\t<meta name=\"twitter:label2\" content=\"Dur\u00e9e de lecture estim\u00e9e\" \/>\n\t<meta name=\"twitter:data2\" content=\"8 minutes\" \/>\n<script type=\"application\/ld+json\" class=\"yoast-schema-graph\">{\"@context\":\"https:\/\/schema.org\",\"@graph\":[{\"@type\":\"WebPage\",\"@id\":\"https:\/\/elukelele.com\/fr\/divertissement\/daniel-guichard-cette-chanson-quil-a-piquee-a-mireille-mathieu-a-lance-sa-carriere\/\",\"url\":\"https:\/\/elukelele.com\/fr\/divertissement\/daniel-guichard-cette-chanson-quil-a-piquee-a-mireille-mathieu-a-lance-sa-carriere\/\",\"name\":\"Daniel Guichard : cette chanson qu\u2019il a piqu\u00e9e \u00e0 Mireille Mathieu a lanc\u00e9 sa carri\u00e8re\",\"isPartOf\":{\"@id\":\"https:\/\/elukelele.com\/fr\/#website\"},\"primaryImageOfPage\":{\"@id\":\"https:\/\/elukelele.com\/fr\/divertissement\/daniel-guichard-cette-chanson-quil-a-piquee-a-mireille-mathieu-a-lance-sa-carriere\/#primaryimage\"},\"image\":{\"@id\":\"https:\/\/elukelele.com\/fr\/divertissement\/daniel-guichard-cette-chanson-quil-a-piquee-a-mireille-mathieu-a-lance-sa-carriere\/#primaryimage\"},\"thumbnailUrl\":\"https:\/\/elukelele.com\/fr\/wp-content\/uploads\/2025\/11\/framed_only-290.png\",\"datePublished\":\"2025-11-22T04:29:25+00:00\",\"dateModified\":\"2025-11-22T04:29:26+00:00\",\"author\":{\"@id\":\"https:\/\/elukelele.com\/fr\/#\/schema\/person\/ccfb3d2be2ec7fa389608eb6da0b38d6\"},\"breadcrumb\":{\"@id\":\"https:\/\/elukelele.com\/fr\/divertissement\/daniel-guichard-cette-chanson-quil-a-piquee-a-mireille-mathieu-a-lance-sa-carriere\/#breadcrumb\"},\"inLanguage\":\"fr-FR\",\"potentialAction\":[{\"@type\":\"ReadAction\",\"target\":[\"https:\/\/elukelele.com\/fr\/divertissement\/daniel-guichard-cette-chanson-quil-a-piquee-a-mireille-mathieu-a-lance-sa-carriere\/\"]}]},{\"@type\":\"ImageObject\",\"inLanguage\":\"fr-FR\",\"@id\":\"https:\/\/elukelele.com\/fr\/divertissement\/daniel-guichard-cette-chanson-quil-a-piquee-a-mireille-mathieu-a-lance-sa-carriere\/#primaryimage\",\"url\":\"https:\/\/elukelele.com\/fr\/wp-content\/uploads\/2025\/11\/framed_only-290.png\",\"contentUrl\":\"https:\/\/elukelele.com\/fr\/wp-content\/uploads\/2025\/11\/framed_only-290.png\",\"width\":1200,\"height\":628,\"caption\":\"Daniel\"},{\"@type\":\"BreadcrumbList\",\"@id\":\"https:\/\/elukelele.com\/fr\/divertissement\/daniel-guichard-cette-chanson-quil-a-piquee-a-mireille-mathieu-a-lance-sa-carriere\/#breadcrumb\",\"itemListElement\":[{\"@type\":\"ListItem\",\"position\":1,\"name\":\"Home\",\"item\":\"https:\/\/elukelele.com\/fr\/\"},{\"@type\":\"ListItem\",\"position\":2,\"name\":\"Daniel Guichard : cette chanson qu\u2019il a piqu\u00e9e \u00e0 Mireille Mathieu a lanc\u00e9 sa carri\u00e8re\"}]},{\"@type\":\"WebSite\",\"@id\":\"https:\/\/elukelele.com\/fr\/#website\",\"url\":\"https:\/\/elukelele.com\/fr\/\",\"name\":\"El Ukelele\",\"description\":\"Musique au-del\u00e0 de l&#039;indie\",\"potentialAction\":[{\"@type\":\"SearchAction\",\"target\":{\"@type\":\"EntryPoint\",\"urlTemplate\":\"https:\/\/elukelele.com\/fr\/?s={search_term_string}\"},\"query-input\":{\"@type\":\"PropertyValueSpecification\",\"valueRequired\":true,\"valueName\":\"search_term_string\"}}],\"inLanguage\":\"fr-FR\"},{\"@type\":\"Person\",\"@id\":\"https:\/\/elukelele.com\/fr\/#\/schema\/person\/ccfb3d2be2ec7fa389608eb6da0b38d6\",\"name\":\"Daniel Perrin\",\"image\":{\"@type\":\"ImageObject\",\"inLanguage\":\"fr-FR\",\"@id\":\"https:\/\/elukelele.com\/fr\/#\/schema\/person\/image\/\",\"url\":\"https:\/\/secure.gravatar.com\/avatar\/37f9d9ffa29ce5640a0d9c6ca8bbd90afb854014296ecaa0e3a558ac716e6fe4?s=96&d=mm&r=g\",\"contentUrl\":\"https:\/\/secure.gravatar.com\/avatar\/37f9d9ffa29ce5640a0d9c6ca8bbd90afb854014296ecaa0e3a558ac716e6fe4?s=96&d=mm&r=g\",\"caption\":\"Daniel Perrin\"},\"sameAs\":[\"https:\/\/elukelele.com\/fr\"],\"url\":\"https:\/\/elukelele.com\/fr\/author\/daniel-perrin\/\"}]}<\/script>\n<!-- \/ Yoast SEO plugin. -->","yoast_head_json":{"title":"Daniel Guichard : cette chanson qu\u2019il a piqu\u00e9e \u00e0 Mireille Mathieu a lanc\u00e9 sa carri\u00e8re","robots":{"index":"index","follow":"follow","max-snippet":"max-snippet:-1","max-image-preview":"max-image-preview:large","max-video-preview":"max-video-preview:-1"},"canonical":"https:\/\/elukelele.com\/fr\/divertissement\/daniel-guichard-cette-chanson-quil-a-piquee-a-mireille-mathieu-a-lance-sa-carriere\/","og_locale":"fr_FR","og_type":"article","og_title":"Daniel Guichard : cette chanson qu\u2019il a piqu\u00e9e \u00e0 Mireille Mathieu a lanc\u00e9 sa carri\u00e8re","og_description":"Le nom de Daniel Guichard r\u00e9sonne avec une constance particuli\u00e8re dans le paysage de la chanson fran\u00e7aise. Admir\u00e9 par un public fid\u00e8le depuis plus d&rsquo;un demi-si\u00e8cle, cet artiste singulier, qui a c\u00e9l\u00e9br\u00e9 ses 77 ans le 21 novembre 2025, est reconnu pour sa voix grave et pure, sa capacit\u00e9 \u00e0 incarner chaque mot de ses [&hellip;]","og_url":"https:\/\/elukelele.com\/fr\/divertissement\/daniel-guichard-cette-chanson-quil-a-piquee-a-mireille-mathieu-a-lance-sa-carriere\/","og_site_name":"El Ukelele","article_published_time":"2025-11-22T04:29:25+00:00","article_modified_time":"2025-11-22T04:29:26+00:00","og_image":[{"width":1200,"height":628,"url":"https:\/\/elukelele.com\/fr\/wp-content\/uploads\/2025\/11\/framed_only-290.png","type":"image\/png"}],"author":"Daniel Perrin","twitter_card":"summary_large_image","twitter_misc":{"\u00c9crit par":"Daniel Perrin","Dur\u00e9e de lecture estim\u00e9e":"8 minutes"},"schema":{"@context":"https:\/\/schema.org","@graph":[{"@type":"WebPage","@id":"https:\/\/elukelele.com\/fr\/divertissement\/daniel-guichard-cette-chanson-quil-a-piquee-a-mireille-mathieu-a-lance-sa-carriere\/","url":"https:\/\/elukelele.com\/fr\/divertissement\/daniel-guichard-cette-chanson-quil-a-piquee-a-mireille-mathieu-a-lance-sa-carriere\/","name":"Daniel Guichard : cette chanson qu\u2019il a piqu\u00e9e \u00e0 Mireille Mathieu a lanc\u00e9 sa carri\u00e8re","isPartOf":{"@id":"https:\/\/elukelele.com\/fr\/#website"},"primaryImageOfPage":{"@id":"https:\/\/elukelele.com\/fr\/divertissement\/daniel-guichard-cette-chanson-quil-a-piquee-a-mireille-mathieu-a-lance-sa-carriere\/#primaryimage"},"image":{"@id":"https:\/\/elukelele.com\/fr\/divertissement\/daniel-guichard-cette-chanson-quil-a-piquee-a-mireille-mathieu-a-lance-sa-carriere\/#primaryimage"},"thumbnailUrl":"https:\/\/elukelele.com\/fr\/wp-content\/uploads\/2025\/11\/framed_only-290.png","datePublished":"2025-11-22T04:29:25+00:00","dateModified":"2025-11-22T04:29:26+00:00","author":{"@id":"https:\/\/elukelele.com\/fr\/#\/schema\/person\/ccfb3d2be2ec7fa389608eb6da0b38d6"},"breadcrumb":{"@id":"https:\/\/elukelele.com\/fr\/divertissement\/daniel-guichard-cette-chanson-quil-a-piquee-a-mireille-mathieu-a-lance-sa-carriere\/#breadcrumb"},"inLanguage":"fr-FR","potentialAction":[{"@type":"ReadAction","target":["https:\/\/elukelele.com\/fr\/divertissement\/daniel-guichard-cette-chanson-quil-a-piquee-a-mireille-mathieu-a-lance-sa-carriere\/"]}]},{"@type":"ImageObject","inLanguage":"fr-FR","@id":"https:\/\/elukelele.com\/fr\/divertissement\/daniel-guichard-cette-chanson-quil-a-piquee-a-mireille-mathieu-a-lance-sa-carriere\/#primaryimage","url":"https:\/\/elukelele.com\/fr\/wp-content\/uploads\/2025\/11\/framed_only-290.png","contentUrl":"https:\/\/elukelele.com\/fr\/wp-content\/uploads\/2025\/11\/framed_only-290.png","width":1200,"height":628,"caption":"Daniel"},{"@type":"BreadcrumbList","@id":"https:\/\/elukelele.com\/fr\/divertissement\/daniel-guichard-cette-chanson-quil-a-piquee-a-mireille-mathieu-a-lance-sa-carriere\/#breadcrumb","itemListElement":[{"@type":"ListItem","position":1,"name":"Home","item":"https:\/\/elukelele.com\/fr\/"},{"@type":"ListItem","position":2,"name":"Daniel Guichard : cette chanson qu\u2019il a piqu\u00e9e \u00e0 Mireille Mathieu a lanc\u00e9 sa carri\u00e8re"}]},{"@type":"WebSite","@id":"https:\/\/elukelele.com\/fr\/#website","url":"https:\/\/elukelele.com\/fr\/","name":"El Ukelele","description":"Musique au-del\u00e0 de l&#039;indie","potentialAction":[{"@type":"SearchAction","target":{"@type":"EntryPoint","urlTemplate":"https:\/\/elukelele.com\/fr\/?s={search_term_string}"},"query-input":{"@type":"PropertyValueSpecification","valueRequired":true,"valueName":"search_term_string"}}],"inLanguage":"fr-FR"},{"@type":"Person","@id":"https:\/\/elukelele.com\/fr\/#\/schema\/person\/ccfb3d2be2ec7fa389608eb6da0b38d6","name":"Daniel Perrin","image":{"@type":"ImageObject","inLanguage":"fr-FR","@id":"https:\/\/elukelele.com\/fr\/#\/schema\/person\/image\/","url":"https:\/\/secure.gravatar.com\/avatar\/37f9d9ffa29ce5640a0d9c6ca8bbd90afb854014296ecaa0e3a558ac716e6fe4?s=96&d=mm&r=g","contentUrl":"https:\/\/secure.gravatar.com\/avatar\/37f9d9ffa29ce5640a0d9c6ca8bbd90afb854014296ecaa0e3a558ac716e6fe4?s=96&d=mm&r=g","caption":"Daniel Perrin"},"sameAs":["https:\/\/elukelele.com\/fr"],"url":"https:\/\/elukelele.com\/fr\/author\/daniel-perrin\/"}]}},"_links":{"self":[{"href":"https:\/\/elukelele.com\/fr\/wp-json\/wp\/v2\/posts\/45191","targetHints":{"allow":["GET"]}}],"collection":[{"href":"https:\/\/elukelele.com\/fr\/wp-json\/wp\/v2\/posts"}],"about":[{"href":"https:\/\/elukelele.com\/fr\/wp-json\/wp\/v2\/types\/post"}],"author":[{"embeddable":true,"href":"https:\/\/elukelele.com\/fr\/wp-json\/wp\/v2\/users\/4"}],"replies":[{"embeddable":true,"href":"https:\/\/elukelele.com\/fr\/wp-json\/wp\/v2\/comments?post=45191"}],"version-history":[{"count":1,"href":"https:\/\/elukelele.com\/fr\/wp-json\/wp\/v2\/posts\/45191\/revisions"}],"predecessor-version":[{"id":45251,"href":"https:\/\/elukelele.com\/fr\/wp-json\/wp\/v2\/posts\/45191\/revisions\/45251"}],"wp:featuredmedia":[{"embeddable":true,"href":"https:\/\/elukelele.com\/fr\/wp-json\/wp\/v2\/media\/45190"}],"wp:attachment":[{"href":"https:\/\/elukelele.com\/fr\/wp-json\/wp\/v2\/media?parent=45191"}],"wp:term":[{"taxonomy":"category","embeddable":true,"href":"https:\/\/elukelele.com\/fr\/wp-json\/wp\/v2\/categories?post=45191"},{"taxonomy":"post_tag","embeddable":true,"href":"https:\/\/elukelele.com\/fr\/wp-json\/wp\/v2\/tags?post=45191"}],"curies":[{"name":"wp","href":"https:\/\/api.w.org\/{rel}","templated":true}]}}