{"id":45189,"date":"2025-11-22T04:28:01","date_gmt":"2025-11-22T04:28:01","guid":{"rendered":"https:\/\/elukelele.com\/fr\/?p=45189"},"modified":"2025-11-22T04:28:02","modified_gmt":"2025-11-22T04:28:02","slug":"fatima-bosch-mexique-sacree-miss-univers-2025-apres-la-polemique-eve-gilles-termine","status":"publish","type":"post","link":"https:\/\/elukelele.com\/fr\/divertissement\/fatima-bosch-mexique-sacree-miss-univers-2025-apres-la-polemique-eve-gilles-termine\/","title":{"rendered":"F\u00e1tima Bosch (Mexique) sacr\u00e9e Miss Univers 2025 apr\u00e8s la pol\u00e9mique, Eve Gilles termine\u2026"},"content":{"rendered":"<p>Le concours de Miss Univers 2025 s&rsquo;est achev\u00e9 ce 21 novembre en Tha\u00eflande, couronnant F\u00e1tima Bosch, Miss Mexique, au terme d&rsquo;une comp\u00e9tition marqu\u00e9e par des moments de tension et d&rsquo;\u00e9motion. La victoire de la jeune Mexicaine survient apr\u00e8s une pol\u00e9mique qui a agit\u00e9 les coulisses de l&rsquo;\u00e9v\u00e9nement. Du c\u00f4t\u00e9 des repr\u00e9sentantes fran\u00e7aises, Eve Gilles, Miss France 2024, a r\u00e9ussi \u00e0 se frayer un chemin dans le Top 30, tandis que d&rsquo;autres candidates francophones ont \u00e9galement fait parler d&rsquo;elles.<\/p>\n<p>La sc\u00e8ne de l&rsquo;Impact Arena de Pak Kret, en Tha\u00eflande, a \u00e9t\u00e9 le th\u00e9\u00e2tre du sacre de F\u00e1tima Bosch en tant que Miss Univers 2025. \u00c0 l&rsquo;\u00e2ge de 25 ans, Miss Mexique prend le relais de Victoria Kjaer Theilvig, Miss Danemark, la pr\u00e9c\u00e9dente tenante du titre. Elle s&rsquo;est impos\u00e9e face \u00e0 des concurrentes de taille, notamment les repr\u00e9sentantes de la Tha\u00eflande, du Venezuela, des Philippines et de la C\u00f4te d&rsquo;Ivoire.<\/p>\n<p>Le parcours de F\u00e1tima Bosch vers la couronne n&rsquo;a pas \u00e9t\u00e9 sans remous. Peu apr\u00e8s son arriv\u00e9e en Tha\u00eflande, une vive pol\u00e9mique l&rsquo;a mise sous les feux des projecteurs. Elle aurait \u00e9t\u00e9 prise \u00e0 partie et qualifi\u00e9e de \u00ab\u00a0d\u00e9bile\u00a0\u00bb par un organisateur du concours, Nawat Itsaragrisil (qui a depuis \u00e9t\u00e9 destitu\u00e9), pour ne pas avoir suffisamment promu la Tha\u00eflande sur ses r\u00e9seaux sociaux. Cet incident a suscit\u00e9 une vague de solidarit\u00e9 parmi les autres candidates, dont plusieurs auraient quitt\u00e9 la salle en signe de soutien \u00e0 Miss Mexique. Cet \u00e9v\u00e9nement, bien que controvers\u00e9, pourrait avoir contribu\u00e9 \u00e0 attirer l&rsquo;attention sur la candidate, sans qu&rsquo;il soit possible de d\u00e9terminer son impact exact sur le r\u00e9sultat final.<\/p>\n<p>Originaire de Teapa, dans la province de Tabasco au Mexique, F\u00e1tima Bosch mesure 1 m\u00e8tre 74 et est dipl\u00f4m\u00e9e en stylisme. Son charisme et sa d\u00e9termination ont visiblement conquis le jury et le public. Sa notori\u00e9t\u00e9 sur les r\u00e9seaux sociaux a \u00e9galement connu une ascension fulgurante, avec d\u00e9j\u00e0 deux millions d&rsquo;abonn\u00e9s au moment de son couronnement, un chiffre qui continue de cro\u00eetre rapidement.<\/p>\n<h2>Le Parcours d&rsquo;Eve Gilles (Miss France 2024) \u00e0 Miss Univers 2025<\/h2>\n<p>Miss France 2024, Eve Gilles, \u00e2g\u00e9e de 22 ans et originaire du Nord de la France, a repr\u00e9sent\u00e9 la France lors de cette \u00e9dition de Miss Univers. Elle s&rsquo;est pr\u00e9par\u00e9e intens\u00e9ment pour la comp\u00e9tition, cherchant \u00e0 mettre toutes les chances de son c\u00f4t\u00e9.<\/p>\n<p>Son costume national, inspir\u00e9 de Jeanne d&rsquo;Arc, a particuli\u00e8rement marqu\u00e9 les esprits et a \u00e9t\u00e9 largement comment\u00e9 sur les r\u00e9seaux sociaux. Malgr\u00e9 les espoirs de nombreux observateurs, Eve Gilles a atteint le Top 30 parmi les 127 candidates en lice, avant de quitter la comp\u00e9tition. Son parcours est salu\u00e9 comme une performance honorable, marquant une pr\u00e9sence notable de la France dans le concours.<\/p>\n<h2>Les Autres Repr\u00e9sentantes Fran\u00e7aises et le Bilan pour la France<\/h2>\n<p>Outre Eve Gilles, d&rsquo;autres jeunes femmes repr\u00e9sentant des territoires fran\u00e7ais ont \u00e9galement particip\u00e9 \u00e0 Miss Univers 2025. Oph\u00e9ly M\u00e9zino, Miss Guadeloupe, a r\u00e9alis\u00e9 la meilleure performance fran\u00e7aise en se classant dans le Top 12 du concours. En revanche, l&rsquo;aventure s&rsquo;est arr\u00eat\u00e9e avant le Top 30 pour Nourya Aboutoihi, Miss Mayotte, et C\u00e9lya Abatucci, Miss Martinique.<\/p>\n<p>La derni\u00e8re fois que la France a remport\u00e9 la couronne de Miss Univers remonte \u00e0 2016, avec le sacre d&rsquo;Iris Mittenaere. Cette \u00e9dition 2025 a d\u00e9montr\u00e9 la comp\u00e9titivit\u00e9 des candidates fran\u00e7aises, bien que la victoire finale ait \u00e9chapp\u00e9 \u00e0 la d\u00e9l\u00e9gation.<\/p>\n<h2>Conclusion<\/h2>\n<p>Le couronnement de F\u00e1tima Bosch en tant que Miss Univers 2025 marque une victoire significative pour le Mexique, non seulement en raison de la performance de sa repr\u00e9sentante mais aussi en lumi\u00e8re de la pol\u00e9mique qu&rsquo;elle a su surmonter. Pour la France, la participation d&rsquo;Eve Gilles et d&rsquo;Oph\u00e9ly M\u00e9zino a permis de maintenir une pr\u00e9sence remarqu\u00e9e sur la sc\u00e8ne internationale de la beaut\u00e9, soulignant le talent et l&rsquo;engagement de ces jeunes femmes.<\/p>\n","protected":false},"excerpt":{"rendered":"<p>Le concours de Miss Univers 2025 s&rsquo;est achev\u00e9 ce 21 novembre en Tha\u00eflande, couronnant F\u00e1tima Bosch, Miss Mexique, au terme d&rsquo;une comp\u00e9tition marqu\u00e9e par des moments de tension et d&rsquo;\u00e9motion. La victoire de la jeune Mexicaine survient apr\u00e8s une pol\u00e9mique qui a agit\u00e9 les coulisses de l&rsquo;\u00e9v\u00e9nement. Du c\u00f4t\u00e9 des repr\u00e9sentantes fran\u00e7aises, Eve Gilles, Miss [&hellip;]<\/p>\n","protected":false},"author":4,"featured_media":45188,"comment_status":"open","ping_status":"open","sticky":false,"template":"","format":"standard","meta":{"_yoast_wpseo_title":"F\u00e1tima Bosch (Mexique) sacr\u00e9e Miss Univers 2025 apr\u00e8s la pol\u00e9mique","_yoast_wpseo_metadesc":"","_yoast_wpseo_focuskw":"F\u00e1tima"},"categories":[5],"tags":[],"class_list":["post-45189","post","type-post","status-publish","format-standard","has-post-thumbnail","hentry","category-divertissement"],"yoast_head":"<!-- This site is optimized with the Yoast SEO plugin v26.3 - https:\/\/yoast.com\/wordpress\/plugins\/seo\/ -->\n<title>F\u00e1tima Bosch (Mexique) sacr\u00e9e Miss Univers 2025 apr\u00e8s la pol\u00e9mique<\/title>\n<meta name=\"robots\" content=\"index, follow, max-snippet:-1, max-image-preview:large, max-video-preview:-1\" \/>\n<link rel=\"canonical\" href=\"https:\/\/elukelele.com\/fr\/divertissement\/fatima-bosch-mexique-sacree-miss-univers-2025-apres-la-polemique-eve-gilles-termine\/\" \/>\n<meta property=\"og:locale\" content=\"fr_FR\" \/>\n<meta property=\"og:type\" content=\"article\" \/>\n<meta property=\"og:title\" content=\"F\u00e1tima Bosch (Mexique) sacr\u00e9e Miss Univers 2025 apr\u00e8s la pol\u00e9mique\" \/>\n<meta property=\"og:description\" content=\"Le concours de Miss Univers 2025 s&rsquo;est achev\u00e9 ce 21 novembre en Tha\u00eflande, couronnant F\u00e1tima Bosch, Miss Mexique, au terme d&rsquo;une comp\u00e9tition marqu\u00e9e par des moments de tension et d&rsquo;\u00e9motion. La victoire de la jeune Mexicaine survient apr\u00e8s une pol\u00e9mique qui a agit\u00e9 les coulisses de l&rsquo;\u00e9v\u00e9nement. Du c\u00f4t\u00e9 des repr\u00e9sentantes fran\u00e7aises, Eve Gilles, Miss [&hellip;]\" \/>\n<meta property=\"og:url\" content=\"https:\/\/elukelele.com\/fr\/divertissement\/fatima-bosch-mexique-sacree-miss-univers-2025-apres-la-polemique-eve-gilles-termine\/\" \/>\n<meta property=\"og:site_name\" content=\"El Ukelele\" \/>\n<meta property=\"article:published_time\" content=\"2025-11-22T04:28:01+00:00\" \/>\n<meta property=\"article:modified_time\" content=\"2025-11-22T04:28:02+00:00\" \/>\n<meta property=\"og:image\" content=\"https:\/\/elukelele.com\/fr\/wp-content\/uploads\/2025\/11\/framed_only-289.png\" \/>\n\t<meta property=\"og:image:width\" content=\"1200\" \/>\n\t<meta property=\"og:image:height\" content=\"628\" \/>\n\t<meta property=\"og:image:type\" content=\"image\/png\" \/>\n<meta name=\"author\" content=\"Daniel Perrin\" \/>\n<meta name=\"twitter:card\" content=\"summary_large_image\" \/>\n<meta name=\"twitter:label1\" content=\"\u00c9crit par\" \/>\n\t<meta name=\"twitter:data1\" content=\"Daniel Perrin\" \/>\n\t<meta name=\"twitter:label2\" content=\"Dur\u00e9e de lecture estim\u00e9e\" \/>\n\t<meta name=\"twitter:data2\" content=\"4 minutes\" \/>\n<script type=\"application\/ld+json\" class=\"yoast-schema-graph\">{\"@context\":\"https:\/\/schema.org\",\"@graph\":[{\"@type\":\"WebPage\",\"@id\":\"https:\/\/elukelele.com\/fr\/divertissement\/fatima-bosch-mexique-sacree-miss-univers-2025-apres-la-polemique-eve-gilles-termine\/\",\"url\":\"https:\/\/elukelele.com\/fr\/divertissement\/fatima-bosch-mexique-sacree-miss-univers-2025-apres-la-polemique-eve-gilles-termine\/\",\"name\":\"F\u00e1tima Bosch (Mexique) sacr\u00e9e Miss Univers 2025 apr\u00e8s la pol\u00e9mique\",\"isPartOf\":{\"@id\":\"https:\/\/elukelele.com\/fr\/#website\"},\"primaryImageOfPage\":{\"@id\":\"https:\/\/elukelele.com\/fr\/divertissement\/fatima-bosch-mexique-sacree-miss-univers-2025-apres-la-polemique-eve-gilles-termine\/#primaryimage\"},\"image\":{\"@id\":\"https:\/\/elukelele.com\/fr\/divertissement\/fatima-bosch-mexique-sacree-miss-univers-2025-apres-la-polemique-eve-gilles-termine\/#primaryimage\"},\"thumbnailUrl\":\"https:\/\/elukelele.com\/fr\/wp-content\/uploads\/2025\/11\/framed_only-289.png\",\"datePublished\":\"2025-11-22T04:28:01+00:00\",\"dateModified\":\"2025-11-22T04:28:02+00:00\",\"author\":{\"@id\":\"https:\/\/elukelele.com\/fr\/#\/schema\/person\/ccfb3d2be2ec7fa389608eb6da0b38d6\"},\"breadcrumb\":{\"@id\":\"https:\/\/elukelele.com\/fr\/divertissement\/fatima-bosch-mexique-sacree-miss-univers-2025-apres-la-polemique-eve-gilles-termine\/#breadcrumb\"},\"inLanguage\":\"fr-FR\",\"potentialAction\":[{\"@type\":\"ReadAction\",\"target\":[\"https:\/\/elukelele.com\/fr\/divertissement\/fatima-bosch-mexique-sacree-miss-univers-2025-apres-la-polemique-eve-gilles-termine\/\"]}]},{\"@type\":\"ImageObject\",\"inLanguage\":\"fr-FR\",\"@id\":\"https:\/\/elukelele.com\/fr\/divertissement\/fatima-bosch-mexique-sacree-miss-univers-2025-apres-la-polemique-eve-gilles-termine\/#primaryimage\",\"url\":\"https:\/\/elukelele.com\/fr\/wp-content\/uploads\/2025\/11\/framed_only-289.png\",\"contentUrl\":\"https:\/\/elukelele.com\/fr\/wp-content\/uploads\/2025\/11\/framed_only-289.png\",\"width\":1200,\"height\":628,\"caption\":\"F\u00e1tima\"},{\"@type\":\"BreadcrumbList\",\"@id\":\"https:\/\/elukelele.com\/fr\/divertissement\/fatima-bosch-mexique-sacree-miss-univers-2025-apres-la-polemique-eve-gilles-termine\/#breadcrumb\",\"itemListElement\":[{\"@type\":\"ListItem\",\"position\":1,\"name\":\"Home\",\"item\":\"https:\/\/elukelele.com\/fr\/\"},{\"@type\":\"ListItem\",\"position\":2,\"name\":\"F\u00e1tima Bosch (Mexique) sacr\u00e9e Miss Univers 2025 apr\u00e8s la pol\u00e9mique, Eve Gilles termine\u2026\"}]},{\"@type\":\"WebSite\",\"@id\":\"https:\/\/elukelele.com\/fr\/#website\",\"url\":\"https:\/\/elukelele.com\/fr\/\",\"name\":\"El Ukelele\",\"description\":\"Musique au-del\u00e0 de l&#039;indie\",\"potentialAction\":[{\"@type\":\"SearchAction\",\"target\":{\"@type\":\"EntryPoint\",\"urlTemplate\":\"https:\/\/elukelele.com\/fr\/?s={search_term_string}\"},\"query-input\":{\"@type\":\"PropertyValueSpecification\",\"valueRequired\":true,\"valueName\":\"search_term_string\"}}],\"inLanguage\":\"fr-FR\"},{\"@type\":\"Person\",\"@id\":\"https:\/\/elukelele.com\/fr\/#\/schema\/person\/ccfb3d2be2ec7fa389608eb6da0b38d6\",\"name\":\"Daniel Perrin\",\"image\":{\"@type\":\"ImageObject\",\"inLanguage\":\"fr-FR\",\"@id\":\"https:\/\/elukelele.com\/fr\/#\/schema\/person\/image\/\",\"url\":\"https:\/\/secure.gravatar.com\/avatar\/37f9d9ffa29ce5640a0d9c6ca8bbd90afb854014296ecaa0e3a558ac716e6fe4?s=96&d=mm&r=g\",\"contentUrl\":\"https:\/\/secure.gravatar.com\/avatar\/37f9d9ffa29ce5640a0d9c6ca8bbd90afb854014296ecaa0e3a558ac716e6fe4?s=96&d=mm&r=g\",\"caption\":\"Daniel Perrin\"},\"sameAs\":[\"https:\/\/elukelele.com\/fr\"],\"url\":\"https:\/\/elukelele.com\/fr\/author\/daniel-perrin\/\"}]}<\/script>\n<!-- \/ Yoast SEO plugin. -->","yoast_head_json":{"title":"F\u00e1tima Bosch (Mexique) sacr\u00e9e Miss Univers 2025 apr\u00e8s la pol\u00e9mique","robots":{"index":"index","follow":"follow","max-snippet":"max-snippet:-1","max-image-preview":"max-image-preview:large","max-video-preview":"max-video-preview:-1"},"canonical":"https:\/\/elukelele.com\/fr\/divertissement\/fatima-bosch-mexique-sacree-miss-univers-2025-apres-la-polemique-eve-gilles-termine\/","og_locale":"fr_FR","og_type":"article","og_title":"F\u00e1tima Bosch (Mexique) sacr\u00e9e Miss Univers 2025 apr\u00e8s la pol\u00e9mique","og_description":"Le concours de Miss Univers 2025 s&rsquo;est achev\u00e9 ce 21 novembre en Tha\u00eflande, couronnant F\u00e1tima Bosch, Miss Mexique, au terme d&rsquo;une comp\u00e9tition marqu\u00e9e par des moments de tension et d&rsquo;\u00e9motion. La victoire de la jeune Mexicaine survient apr\u00e8s une pol\u00e9mique qui a agit\u00e9 les coulisses de l&rsquo;\u00e9v\u00e9nement. Du c\u00f4t\u00e9 des repr\u00e9sentantes fran\u00e7aises, Eve Gilles, Miss [&hellip;]","og_url":"https:\/\/elukelele.com\/fr\/divertissement\/fatima-bosch-mexique-sacree-miss-univers-2025-apres-la-polemique-eve-gilles-termine\/","og_site_name":"El Ukelele","article_published_time":"2025-11-22T04:28:01+00:00","article_modified_time":"2025-11-22T04:28:02+00:00","og_image":[{"width":1200,"height":628,"url":"https:\/\/elukelele.com\/fr\/wp-content\/uploads\/2025\/11\/framed_only-289.png","type":"image\/png"}],"author":"Daniel Perrin","twitter_card":"summary_large_image","twitter_misc":{"\u00c9crit par":"Daniel Perrin","Dur\u00e9e de lecture estim\u00e9e":"4 minutes"},"schema":{"@context":"https:\/\/schema.org","@graph":[{"@type":"WebPage","@id":"https:\/\/elukelele.com\/fr\/divertissement\/fatima-bosch-mexique-sacree-miss-univers-2025-apres-la-polemique-eve-gilles-termine\/","url":"https:\/\/elukelele.com\/fr\/divertissement\/fatima-bosch-mexique-sacree-miss-univers-2025-apres-la-polemique-eve-gilles-termine\/","name":"F\u00e1tima Bosch (Mexique) sacr\u00e9e Miss Univers 2025 apr\u00e8s la pol\u00e9mique","isPartOf":{"@id":"https:\/\/elukelele.com\/fr\/#website"},"primaryImageOfPage":{"@id":"https:\/\/elukelele.com\/fr\/divertissement\/fatima-bosch-mexique-sacree-miss-univers-2025-apres-la-polemique-eve-gilles-termine\/#primaryimage"},"image":{"@id":"https:\/\/elukelele.com\/fr\/divertissement\/fatima-bosch-mexique-sacree-miss-univers-2025-apres-la-polemique-eve-gilles-termine\/#primaryimage"},"thumbnailUrl":"https:\/\/elukelele.com\/fr\/wp-content\/uploads\/2025\/11\/framed_only-289.png","datePublished":"2025-11-22T04:28:01+00:00","dateModified":"2025-11-22T04:28:02+00:00","author":{"@id":"https:\/\/elukelele.com\/fr\/#\/schema\/person\/ccfb3d2be2ec7fa389608eb6da0b38d6"},"breadcrumb":{"@id":"https:\/\/elukelele.com\/fr\/divertissement\/fatima-bosch-mexique-sacree-miss-univers-2025-apres-la-polemique-eve-gilles-termine\/#breadcrumb"},"inLanguage":"fr-FR","potentialAction":[{"@type":"ReadAction","target":["https:\/\/elukelele.com\/fr\/divertissement\/fatima-bosch-mexique-sacree-miss-univers-2025-apres-la-polemique-eve-gilles-termine\/"]}]},{"@type":"ImageObject","inLanguage":"fr-FR","@id":"https:\/\/elukelele.com\/fr\/divertissement\/fatima-bosch-mexique-sacree-miss-univers-2025-apres-la-polemique-eve-gilles-termine\/#primaryimage","url":"https:\/\/elukelele.com\/fr\/wp-content\/uploads\/2025\/11\/framed_only-289.png","contentUrl":"https:\/\/elukelele.com\/fr\/wp-content\/uploads\/2025\/11\/framed_only-289.png","width":1200,"height":628,"caption":"F\u00e1tima"},{"@type":"BreadcrumbList","@id":"https:\/\/elukelele.com\/fr\/divertissement\/fatima-bosch-mexique-sacree-miss-univers-2025-apres-la-polemique-eve-gilles-termine\/#breadcrumb","itemListElement":[{"@type":"ListItem","position":1,"name":"Home","item":"https:\/\/elukelele.com\/fr\/"},{"@type":"ListItem","position":2,"name":"F\u00e1tima Bosch (Mexique) sacr\u00e9e Miss Univers 2025 apr\u00e8s la pol\u00e9mique, Eve Gilles termine\u2026"}]},{"@type":"WebSite","@id":"https:\/\/elukelele.com\/fr\/#website","url":"https:\/\/elukelele.com\/fr\/","name":"El Ukelele","description":"Musique au-del\u00e0 de l&#039;indie","potentialAction":[{"@type":"SearchAction","target":{"@type":"EntryPoint","urlTemplate":"https:\/\/elukelele.com\/fr\/?s={search_term_string}"},"query-input":{"@type":"PropertyValueSpecification","valueRequired":true,"valueName":"search_term_string"}}],"inLanguage":"fr-FR"},{"@type":"Person","@id":"https:\/\/elukelele.com\/fr\/#\/schema\/person\/ccfb3d2be2ec7fa389608eb6da0b38d6","name":"Daniel Perrin","image":{"@type":"ImageObject","inLanguage":"fr-FR","@id":"https:\/\/elukelele.com\/fr\/#\/schema\/person\/image\/","url":"https:\/\/secure.gravatar.com\/avatar\/37f9d9ffa29ce5640a0d9c6ca8bbd90afb854014296ecaa0e3a558ac716e6fe4?s=96&d=mm&r=g","contentUrl":"https:\/\/secure.gravatar.com\/avatar\/37f9d9ffa29ce5640a0d9c6ca8bbd90afb854014296ecaa0e3a558ac716e6fe4?s=96&d=mm&r=g","caption":"Daniel Perrin"},"sameAs":["https:\/\/elukelele.com\/fr"],"url":"https:\/\/elukelele.com\/fr\/author\/daniel-perrin\/"}]}},"_links":{"self":[{"href":"https:\/\/elukelele.com\/fr\/wp-json\/wp\/v2\/posts\/45189","targetHints":{"allow":["GET"]}}],"collection":[{"href":"https:\/\/elukelele.com\/fr\/wp-json\/wp\/v2\/posts"}],"about":[{"href":"https:\/\/elukelele.com\/fr\/wp-json\/wp\/v2\/types\/post"}],"author":[{"embeddable":true,"href":"https:\/\/elukelele.com\/fr\/wp-json\/wp\/v2\/users\/4"}],"replies":[{"embeddable":true,"href":"https:\/\/elukelele.com\/fr\/wp-json\/wp\/v2\/comments?post=45189"}],"version-history":[{"count":1,"href":"https:\/\/elukelele.com\/fr\/wp-json\/wp\/v2\/posts\/45189\/revisions"}],"predecessor-version":[{"id":45250,"href":"https:\/\/elukelele.com\/fr\/wp-json\/wp\/v2\/posts\/45189\/revisions\/45250"}],"wp:featuredmedia":[{"embeddable":true,"href":"https:\/\/elukelele.com\/fr\/wp-json\/wp\/v2\/media\/45188"}],"wp:attachment":[{"href":"https:\/\/elukelele.com\/fr\/wp-json\/wp\/v2\/media?parent=45189"}],"wp:term":[{"taxonomy":"category","embeddable":true,"href":"https:\/\/elukelele.com\/fr\/wp-json\/wp\/v2\/categories?post=45189"},{"taxonomy":"post_tag","embeddable":true,"href":"https:\/\/elukelele.com\/fr\/wp-json\/wp\/v2\/tags?post=45189"}],"curies":[{"name":"wp","href":"https:\/\/api.w.org\/{rel}","templated":true}]}}