{"id":45167,"date":"2025-11-22T04:10:32","date_gmt":"2025-11-22T04:10:32","guid":{"rendered":"https:\/\/elukelele.com\/fr\/?p=45167"},"modified":"2025-11-22T04:10:33","modified_gmt":"2025-11-22T04:10:33","slug":"camille-cottin-sous-le-choc-la-question-inattendue-de-yann-barthes-qui-a-fait-monter-la-temperature-dans-quotidien","status":"publish","type":"post","link":"https:\/\/elukelele.com\/fr\/divertissement\/camille-cottin-sous-le-choc-la-question-inattendue-de-yann-barthes-qui-a-fait-monter-la-temperature-dans-quotidien\/","title":{"rendered":"Camille Cottin sous le choc : la question inattendue de Yann Barth\u00e8s qui a fait monter la temp\u00e9rature dans &#8220;Quotidien&#8221; !"},"content":{"rendered":"<p>Le passage de c\u00e9l\u00e9brit\u00e9s dans des \u00e9missions t\u00e9l\u00e9vis\u00e9es est souvent l&rsquo;occasion d&rsquo;\u00e9changes m\u00e9morables, et celui de Camille Cottin dans \u00ab\u00a0Quotidien\u00a0\u00bb n&rsquo;a pas fait exception. Invit\u00e9e sur le plateau de Yann Barth\u00e8s pour la promotion de son nouveau film, l&rsquo;actrice s&rsquo;est retrouv\u00e9e face \u00e0 une question pour le moins inattendue, qui a visiblement secou\u00e9 l&rsquo;assembl\u00e9e et \u00ab\u00a0fait monter la temp\u00e9rature\u00a0\u00bb. Ce moment, entre surprise et humour, a marqu\u00e9 les esprits et a \u00e9t\u00e9 largement comment\u00e9.<\/p>\n<h2>Un Contexte Filmique Charg\u00e9 d&rsquo;\u00c9motion<\/h2>\n<p>Camille Cottin \u00e9tait pr\u00e9sente aux c\u00f4t\u00e9s de Nathan Ambrosioni, le r\u00e9alisateur de leur prochain long-m\u00e9trage, intitul\u00e9 \u00ab\u00a0Les enfants vont bien\u00a0\u00bb. Le film, dont la sortie est pr\u00e9vue pour le 3 d\u00e9cembre 2025, explore un th\u00e8me \u00e0 la fois d\u00e9licat et poignant : la disparition volontaire. Dans cette \u0153uvre cin\u00e9matographique, Camille Cottin incarne Jeanne, la s\u0153ur de Suzanne (jou\u00e9e par Juliette Armanet), qui dispara\u00eet subitement en lui laissant ses deux jeunes enfants. Le r\u00e9cit plonge au c\u0153ur des fractures familiales et du vertige du vide laiss\u00e9 par un d\u00e9part inexpliqu\u00e9, obligeant Jeanne \u00e0 faire face \u00e0 l&rsquo;incompr\u00e9hension et \u00e0 une maternit\u00e9 forc\u00e9e.<\/p>\n<h2>La Question Inattendue de Yann Barth\u00e8s<\/h2>\n<p>C&rsquo;est pr\u00e9cis\u00e9ment cette th\u00e9matique centrale du film qui a inspir\u00e9 Yann Barth\u00e8s pour sa question surprenante. Au cours de l&rsquo;entretien, l&rsquo;animateur a interpell\u00e9 Camille Cottin avec audace : \u00ab\u00a0Cela vous fait-il fantasmer, Camille, les disparitions volontaires ?\u00a0\u00bb Cette interrogation directe et personnelle, en lien avec le sujet du film mais formul\u00e9e de mani\u00e8re provocatrice, a cr\u00e9\u00e9 un moment de flottement notable sur le plateau. L&rsquo;actrice, connue pour son franc-parler et son sens de la r\u00e9partie, est apparue un instant \u00ab\u00a0d\u00e9boussol\u00e9e\u00a0\u00bb et \u00ab\u00a0sous le choc\u00a0\u00bb face \u00e0 une telle question.<\/p>\n<h2>Entre R\u00e9action Spontan\u00e9e et Humour Ma\u00eetris\u00e9<\/h2>\n<p>Apr\u00e8s une br\u00e8ve h\u00e9sitation, signe de sa surprise, Camille Cottin a choisi de prendre la question avec humour, d\u00e9montrant une fois de plus sa capacit\u00e9 \u00e0 jongler entre gravit\u00e9 et l\u00e9g\u00e8ret\u00e9. Elle a r\u00e9pondu en envisageant l&rsquo;id\u00e9e de s&rsquo;\u00e9chapper des angoisses quotidiennes, mais a rapidement nuanc\u00e9 son propos en reconnaissant les r\u00e9alit\u00e9s et les contraintes de la vie. L&rsquo;\u00e9change a pris une tournure encore plus l\u00e9g\u00e8re lorsque Nathan Ambrosioni, le r\u00e9alisateur, a partag\u00e9 une anecdote amusante concernant les r\u00e9flexions de Camille sur une fuite hypoth\u00e9tique : \u00ab\u00a0Je partirais, mais avec ma famille. En fait, \u00e7a ne serait plus une disparition !\u00a0\u00bb Cette r\u00e9plique a provoqu\u00e9 des rires sur le plateau, d\u00e9tendant l&rsquo;atmosph\u00e8re apr\u00e8s la question incisive de Yann Barth\u00e8s.<\/p>\n<h2>Une Complicit\u00e9 Salu\u00e9e<\/h2>\n<p>L&rsquo;interaction entre Camille Cottin, Nathan Ambrosioni et Yann Barth\u00e8s a mis en \u00e9vidence une complicit\u00e9 palpable, rendant l&rsquo;entretien dynamique et chaleureux. Le professionnalisme de Camille Cottin, capable de transformer un moment potentiellement g\u00eanant en un \u00e9change divertissant et r\u00e9fl\u00e9chi, a \u00e9t\u00e9 salu\u00e9 par le public et les observateurs. Ce passage dans \u00ab\u00a0Quotidien\u00a0\u00bb a non seulement offert une belle visibilit\u00e9 au film \u00ab\u00a0Les enfants vont bien\u00a0\u00bb, mais a \u00e9galement rappel\u00e9 le talent de l&rsquo;actrice \u00e0 captiver son auditoire, qu&rsquo;il s&rsquo;agisse de ses r\u00f4les \u00e0 l&rsquo;\u00e9cran ou de ses apparitions m\u00e9diatiques.<\/p>\n<h2>Conclusion<\/h2>\n<p>Le passage de Camille Cottin dans \u00ab\u00a0Quotidien\u00a0\u00bb a \u00e9t\u00e9 un exemple \u00e9loquent de la mani\u00e8re dont une interview peut m\u00ealer promotion artistique et moments de t\u00e9l\u00e9vision impr\u00e9vus. La question inattendue de Yann Barth\u00e8s, bien que d\u00e9routante, a permis \u00e0 l&rsquo;actrice de montrer son agilit\u00e9 d&rsquo;esprit et son humour, tout en soulignant la profondeur des th\u00e8mes abord\u00e9s dans \u00ab\u00a0Les enfants vont bien\u00a0\u00bb. Le film, qui promet d&rsquo;\u00eatre une \u0153uvre marquante sur la disparition et la r\u00e9silience familiale, est attendu avec impatience par le public.<\/p>\n","protected":false},"excerpt":{"rendered":"<p>Le passage de c\u00e9l\u00e9brit\u00e9s dans des \u00e9missions t\u00e9l\u00e9vis\u00e9es est souvent l&rsquo;occasion d&rsquo;\u00e9changes m\u00e9morables, et celui de Camille Cottin dans \u00ab\u00a0Quotidien\u00a0\u00bb n&rsquo;a pas fait exception. Invit\u00e9e sur le plateau de Yann Barth\u00e8s pour la promotion de son nouveau film, l&rsquo;actrice s&rsquo;est retrouv\u00e9e face \u00e0 une question pour le moins inattendue, qui a visiblement secou\u00e9 l&rsquo;assembl\u00e9e et [&hellip;]<\/p>\n","protected":false},"author":4,"featured_media":45166,"comment_status":"open","ping_status":"open","sticky":false,"template":"","format":"standard","meta":{"_yoast_wpseo_title":"Camille Cottin sous le choc : la question inattendue de Yann Barth\u00e8s qui a fait monter la temp\u00e9rature dans \u201cQuotidien\u201d !","_yoast_wpseo_metadesc":"","_yoast_wpseo_focuskw":"Camille"},"categories":[5],"tags":[],"class_list":["post-45167","post","type-post","status-publish","format-standard","has-post-thumbnail","hentry","category-divertissement"],"yoast_head":"<!-- This site is optimized with the Yoast SEO plugin v26.3 - https:\/\/yoast.com\/wordpress\/plugins\/seo\/ -->\n<title>Camille Cottin sous le choc : la question inattendue de Yann Barth\u00e8s qui a fait monter la temp\u00e9rature dans \u201cQuotidien\u201d !<\/title>\n<meta name=\"robots\" content=\"index, follow, max-snippet:-1, max-image-preview:large, max-video-preview:-1\" \/>\n<link rel=\"canonical\" href=\"https:\/\/elukelele.com\/fr\/divertissement\/camille-cottin-sous-le-choc-la-question-inattendue-de-yann-barthes-qui-a-fait-monter-la-temperature-dans-quotidien\/\" \/>\n<meta property=\"og:locale\" content=\"fr_FR\" \/>\n<meta property=\"og:type\" content=\"article\" \/>\n<meta property=\"og:title\" content=\"Camille Cottin sous le choc : la question inattendue de Yann Barth\u00e8s qui a fait monter la temp\u00e9rature dans \u201cQuotidien\u201d !\" \/>\n<meta property=\"og:description\" content=\"Le passage de c\u00e9l\u00e9brit\u00e9s dans des \u00e9missions t\u00e9l\u00e9vis\u00e9es est souvent l&rsquo;occasion d&rsquo;\u00e9changes m\u00e9morables, et celui de Camille Cottin dans \u00ab\u00a0Quotidien\u00a0\u00bb n&rsquo;a pas fait exception. Invit\u00e9e sur le plateau de Yann Barth\u00e8s pour la promotion de son nouveau film, l&rsquo;actrice s&rsquo;est retrouv\u00e9e face \u00e0 une question pour le moins inattendue, qui a visiblement secou\u00e9 l&rsquo;assembl\u00e9e et [&hellip;]\" \/>\n<meta property=\"og:url\" content=\"https:\/\/elukelele.com\/fr\/divertissement\/camille-cottin-sous-le-choc-la-question-inattendue-de-yann-barthes-qui-a-fait-monter-la-temperature-dans-quotidien\/\" \/>\n<meta property=\"og:site_name\" content=\"El Ukelele\" \/>\n<meta property=\"article:published_time\" content=\"2025-11-22T04:10:32+00:00\" \/>\n<meta property=\"article:modified_time\" content=\"2025-11-22T04:10:33+00:00\" \/>\n<meta property=\"og:image\" content=\"https:\/\/elukelele.com\/fr\/wp-content\/uploads\/2025\/11\/framed_only-278.png\" \/>\n\t<meta property=\"og:image:width\" content=\"1200\" \/>\n\t<meta property=\"og:image:height\" content=\"628\" \/>\n\t<meta property=\"og:image:type\" content=\"image\/png\" \/>\n<meta name=\"author\" content=\"Daniel Perrin\" \/>\n<meta name=\"twitter:card\" content=\"summary_large_image\" \/>\n<meta name=\"twitter:label1\" content=\"\u00c9crit par\" \/>\n\t<meta name=\"twitter:data1\" content=\"Daniel Perrin\" \/>\n\t<meta name=\"twitter:label2\" content=\"Dur\u00e9e de lecture estim\u00e9e\" \/>\n\t<meta name=\"twitter:data2\" content=\"4 minutes\" \/>\n<script type=\"application\/ld+json\" class=\"yoast-schema-graph\">{\"@context\":\"https:\/\/schema.org\",\"@graph\":[{\"@type\":\"WebPage\",\"@id\":\"https:\/\/elukelele.com\/fr\/divertissement\/camille-cottin-sous-le-choc-la-question-inattendue-de-yann-barthes-qui-a-fait-monter-la-temperature-dans-quotidien\/\",\"url\":\"https:\/\/elukelele.com\/fr\/divertissement\/camille-cottin-sous-le-choc-la-question-inattendue-de-yann-barthes-qui-a-fait-monter-la-temperature-dans-quotidien\/\",\"name\":\"Camille Cottin sous le choc : la question inattendue de Yann Barth\u00e8s qui a fait monter la temp\u00e9rature dans \u201cQuotidien\u201d !\",\"isPartOf\":{\"@id\":\"https:\/\/elukelele.com\/fr\/#website\"},\"primaryImageOfPage\":{\"@id\":\"https:\/\/elukelele.com\/fr\/divertissement\/camille-cottin-sous-le-choc-la-question-inattendue-de-yann-barthes-qui-a-fait-monter-la-temperature-dans-quotidien\/#primaryimage\"},\"image\":{\"@id\":\"https:\/\/elukelele.com\/fr\/divertissement\/camille-cottin-sous-le-choc-la-question-inattendue-de-yann-barthes-qui-a-fait-monter-la-temperature-dans-quotidien\/#primaryimage\"},\"thumbnailUrl\":\"https:\/\/elukelele.com\/fr\/wp-content\/uploads\/2025\/11\/framed_only-278.png\",\"datePublished\":\"2025-11-22T04:10:32+00:00\",\"dateModified\":\"2025-11-22T04:10:33+00:00\",\"author\":{\"@id\":\"https:\/\/elukelele.com\/fr\/#\/schema\/person\/ccfb3d2be2ec7fa389608eb6da0b38d6\"},\"breadcrumb\":{\"@id\":\"https:\/\/elukelele.com\/fr\/divertissement\/camille-cottin-sous-le-choc-la-question-inattendue-de-yann-barthes-qui-a-fait-monter-la-temperature-dans-quotidien\/#breadcrumb\"},\"inLanguage\":\"fr-FR\",\"potentialAction\":[{\"@type\":\"ReadAction\",\"target\":[\"https:\/\/elukelele.com\/fr\/divertissement\/camille-cottin-sous-le-choc-la-question-inattendue-de-yann-barthes-qui-a-fait-monter-la-temperature-dans-quotidien\/\"]}]},{\"@type\":\"ImageObject\",\"inLanguage\":\"fr-FR\",\"@id\":\"https:\/\/elukelele.com\/fr\/divertissement\/camille-cottin-sous-le-choc-la-question-inattendue-de-yann-barthes-qui-a-fait-monter-la-temperature-dans-quotidien\/#primaryimage\",\"url\":\"https:\/\/elukelele.com\/fr\/wp-content\/uploads\/2025\/11\/framed_only-278.png\",\"contentUrl\":\"https:\/\/elukelele.com\/fr\/wp-content\/uploads\/2025\/11\/framed_only-278.png\",\"width\":1200,\"height\":628,\"caption\":\"Camille\"},{\"@type\":\"BreadcrumbList\",\"@id\":\"https:\/\/elukelele.com\/fr\/divertissement\/camille-cottin-sous-le-choc-la-question-inattendue-de-yann-barthes-qui-a-fait-monter-la-temperature-dans-quotidien\/#breadcrumb\",\"itemListElement\":[{\"@type\":\"ListItem\",\"position\":1,\"name\":\"Home\",\"item\":\"https:\/\/elukelele.com\/fr\/\"},{\"@type\":\"ListItem\",\"position\":2,\"name\":\"Camille Cottin sous le choc : la question inattendue de Yann Barth\u00e8s qui a fait monter la temp\u00e9rature dans &#8220;Quotidien&#8221; !\"}]},{\"@type\":\"WebSite\",\"@id\":\"https:\/\/elukelele.com\/fr\/#website\",\"url\":\"https:\/\/elukelele.com\/fr\/\",\"name\":\"El Ukelele\",\"description\":\"Musique au-del\u00e0 de l&#039;indie\",\"potentialAction\":[{\"@type\":\"SearchAction\",\"target\":{\"@type\":\"EntryPoint\",\"urlTemplate\":\"https:\/\/elukelele.com\/fr\/?s={search_term_string}\"},\"query-input\":{\"@type\":\"PropertyValueSpecification\",\"valueRequired\":true,\"valueName\":\"search_term_string\"}}],\"inLanguage\":\"fr-FR\"},{\"@type\":\"Person\",\"@id\":\"https:\/\/elukelele.com\/fr\/#\/schema\/person\/ccfb3d2be2ec7fa389608eb6da0b38d6\",\"name\":\"Daniel Perrin\",\"image\":{\"@type\":\"ImageObject\",\"inLanguage\":\"fr-FR\",\"@id\":\"https:\/\/elukelele.com\/fr\/#\/schema\/person\/image\/\",\"url\":\"https:\/\/secure.gravatar.com\/avatar\/37f9d9ffa29ce5640a0d9c6ca8bbd90afb854014296ecaa0e3a558ac716e6fe4?s=96&d=mm&r=g\",\"contentUrl\":\"https:\/\/secure.gravatar.com\/avatar\/37f9d9ffa29ce5640a0d9c6ca8bbd90afb854014296ecaa0e3a558ac716e6fe4?s=96&d=mm&r=g\",\"caption\":\"Daniel Perrin\"},\"sameAs\":[\"https:\/\/elukelele.com\/fr\"],\"url\":\"https:\/\/elukelele.com\/fr\/author\/daniel-perrin\/\"}]}<\/script>\n<!-- \/ Yoast SEO plugin. -->","yoast_head_json":{"title":"Camille Cottin sous le choc : la question inattendue de Yann Barth\u00e8s qui a fait monter la temp\u00e9rature dans \u201cQuotidien\u201d !","robots":{"index":"index","follow":"follow","max-snippet":"max-snippet:-1","max-image-preview":"max-image-preview:large","max-video-preview":"max-video-preview:-1"},"canonical":"https:\/\/elukelele.com\/fr\/divertissement\/camille-cottin-sous-le-choc-la-question-inattendue-de-yann-barthes-qui-a-fait-monter-la-temperature-dans-quotidien\/","og_locale":"fr_FR","og_type":"article","og_title":"Camille Cottin sous le choc : la question inattendue de Yann Barth\u00e8s qui a fait monter la temp\u00e9rature dans \u201cQuotidien\u201d !","og_description":"Le passage de c\u00e9l\u00e9brit\u00e9s dans des \u00e9missions t\u00e9l\u00e9vis\u00e9es est souvent l&rsquo;occasion d&rsquo;\u00e9changes m\u00e9morables, et celui de Camille Cottin dans \u00ab\u00a0Quotidien\u00a0\u00bb n&rsquo;a pas fait exception. Invit\u00e9e sur le plateau de Yann Barth\u00e8s pour la promotion de son nouveau film, l&rsquo;actrice s&rsquo;est retrouv\u00e9e face \u00e0 une question pour le moins inattendue, qui a visiblement secou\u00e9 l&rsquo;assembl\u00e9e et [&hellip;]","og_url":"https:\/\/elukelele.com\/fr\/divertissement\/camille-cottin-sous-le-choc-la-question-inattendue-de-yann-barthes-qui-a-fait-monter-la-temperature-dans-quotidien\/","og_site_name":"El Ukelele","article_published_time":"2025-11-22T04:10:32+00:00","article_modified_time":"2025-11-22T04:10:33+00:00","og_image":[{"width":1200,"height":628,"url":"https:\/\/elukelele.com\/fr\/wp-content\/uploads\/2025\/11\/framed_only-278.png","type":"image\/png"}],"author":"Daniel Perrin","twitter_card":"summary_large_image","twitter_misc":{"\u00c9crit par":"Daniel Perrin","Dur\u00e9e de lecture estim\u00e9e":"4 minutes"},"schema":{"@context":"https:\/\/schema.org","@graph":[{"@type":"WebPage","@id":"https:\/\/elukelele.com\/fr\/divertissement\/camille-cottin-sous-le-choc-la-question-inattendue-de-yann-barthes-qui-a-fait-monter-la-temperature-dans-quotidien\/","url":"https:\/\/elukelele.com\/fr\/divertissement\/camille-cottin-sous-le-choc-la-question-inattendue-de-yann-barthes-qui-a-fait-monter-la-temperature-dans-quotidien\/","name":"Camille Cottin sous le choc : la question inattendue de Yann Barth\u00e8s qui a fait monter la temp\u00e9rature dans \u201cQuotidien\u201d !","isPartOf":{"@id":"https:\/\/elukelele.com\/fr\/#website"},"primaryImageOfPage":{"@id":"https:\/\/elukelele.com\/fr\/divertissement\/camille-cottin-sous-le-choc-la-question-inattendue-de-yann-barthes-qui-a-fait-monter-la-temperature-dans-quotidien\/#primaryimage"},"image":{"@id":"https:\/\/elukelele.com\/fr\/divertissement\/camille-cottin-sous-le-choc-la-question-inattendue-de-yann-barthes-qui-a-fait-monter-la-temperature-dans-quotidien\/#primaryimage"},"thumbnailUrl":"https:\/\/elukelele.com\/fr\/wp-content\/uploads\/2025\/11\/framed_only-278.png","datePublished":"2025-11-22T04:10:32+00:00","dateModified":"2025-11-22T04:10:33+00:00","author":{"@id":"https:\/\/elukelele.com\/fr\/#\/schema\/person\/ccfb3d2be2ec7fa389608eb6da0b38d6"},"breadcrumb":{"@id":"https:\/\/elukelele.com\/fr\/divertissement\/camille-cottin-sous-le-choc-la-question-inattendue-de-yann-barthes-qui-a-fait-monter-la-temperature-dans-quotidien\/#breadcrumb"},"inLanguage":"fr-FR","potentialAction":[{"@type":"ReadAction","target":["https:\/\/elukelele.com\/fr\/divertissement\/camille-cottin-sous-le-choc-la-question-inattendue-de-yann-barthes-qui-a-fait-monter-la-temperature-dans-quotidien\/"]}]},{"@type":"ImageObject","inLanguage":"fr-FR","@id":"https:\/\/elukelele.com\/fr\/divertissement\/camille-cottin-sous-le-choc-la-question-inattendue-de-yann-barthes-qui-a-fait-monter-la-temperature-dans-quotidien\/#primaryimage","url":"https:\/\/elukelele.com\/fr\/wp-content\/uploads\/2025\/11\/framed_only-278.png","contentUrl":"https:\/\/elukelele.com\/fr\/wp-content\/uploads\/2025\/11\/framed_only-278.png","width":1200,"height":628,"caption":"Camille"},{"@type":"BreadcrumbList","@id":"https:\/\/elukelele.com\/fr\/divertissement\/camille-cottin-sous-le-choc-la-question-inattendue-de-yann-barthes-qui-a-fait-monter-la-temperature-dans-quotidien\/#breadcrumb","itemListElement":[{"@type":"ListItem","position":1,"name":"Home","item":"https:\/\/elukelele.com\/fr\/"},{"@type":"ListItem","position":2,"name":"Camille Cottin sous le choc : la question inattendue de Yann Barth\u00e8s qui a fait monter la temp\u00e9rature dans &#8220;Quotidien&#8221; !"}]},{"@type":"WebSite","@id":"https:\/\/elukelele.com\/fr\/#website","url":"https:\/\/elukelele.com\/fr\/","name":"El Ukelele","description":"Musique au-del\u00e0 de l&#039;indie","potentialAction":[{"@type":"SearchAction","target":{"@type":"EntryPoint","urlTemplate":"https:\/\/elukelele.com\/fr\/?s={search_term_string}"},"query-input":{"@type":"PropertyValueSpecification","valueRequired":true,"valueName":"search_term_string"}}],"inLanguage":"fr-FR"},{"@type":"Person","@id":"https:\/\/elukelele.com\/fr\/#\/schema\/person\/ccfb3d2be2ec7fa389608eb6da0b38d6","name":"Daniel Perrin","image":{"@type":"ImageObject","inLanguage":"fr-FR","@id":"https:\/\/elukelele.com\/fr\/#\/schema\/person\/image\/","url":"https:\/\/secure.gravatar.com\/avatar\/37f9d9ffa29ce5640a0d9c6ca8bbd90afb854014296ecaa0e3a558ac716e6fe4?s=96&d=mm&r=g","contentUrl":"https:\/\/secure.gravatar.com\/avatar\/37f9d9ffa29ce5640a0d9c6ca8bbd90afb854014296ecaa0e3a558ac716e6fe4?s=96&d=mm&r=g","caption":"Daniel Perrin"},"sameAs":["https:\/\/elukelele.com\/fr"],"url":"https:\/\/elukelele.com\/fr\/author\/daniel-perrin\/"}]}},"_links":{"self":[{"href":"https:\/\/elukelele.com\/fr\/wp-json\/wp\/v2\/posts\/45167","targetHints":{"allow":["GET"]}}],"collection":[{"href":"https:\/\/elukelele.com\/fr\/wp-json\/wp\/v2\/posts"}],"about":[{"href":"https:\/\/elukelele.com\/fr\/wp-json\/wp\/v2\/types\/post"}],"author":[{"embeddable":true,"href":"https:\/\/elukelele.com\/fr\/wp-json\/wp\/v2\/users\/4"}],"replies":[{"embeddable":true,"href":"https:\/\/elukelele.com\/fr\/wp-json\/wp\/v2\/comments?post=45167"}],"version-history":[{"count":2,"href":"https:\/\/elukelele.com\/fr\/wp-json\/wp\/v2\/posts\/45167\/revisions"}],"predecessor-version":[{"id":45245,"href":"https:\/\/elukelele.com\/fr\/wp-json\/wp\/v2\/posts\/45167\/revisions\/45245"}],"wp:featuredmedia":[{"embeddable":true,"href":"https:\/\/elukelele.com\/fr\/wp-json\/wp\/v2\/media\/45166"}],"wp:attachment":[{"href":"https:\/\/elukelele.com\/fr\/wp-json\/wp\/v2\/media?parent=45167"}],"wp:term":[{"taxonomy":"category","embeddable":true,"href":"https:\/\/elukelele.com\/fr\/wp-json\/wp\/v2\/categories?post=45167"},{"taxonomy":"post_tag","embeddable":true,"href":"https:\/\/elukelele.com\/fr\/wp-json\/wp\/v2\/tags?post=45167"}],"curies":[{"name":"wp","href":"https:\/\/api.w.org\/{rel}","templated":true}]}}