{"id":45151,"date":"2025-11-22T04:18:24","date_gmt":"2025-11-22T04:18:24","guid":{"rendered":"https:\/\/elukelele.com\/fr\/?p=45151"},"modified":"2025-11-22T04:18:45","modified_gmt":"2025-11-22T04:18:45","slug":"apres-universal-une-autre-major-entre-de-plain-pied-dans-lere-de-la-musique-generee-par-ia-warner-a-signe-un-accord-avec-udio-start-up-controversee-jusqua-present","status":"publish","type":"post","link":"https:\/\/elukelele.com\/fr\/technologie\/apres-universal-une-autre-major-entre-de-plain-pied-dans-lere-de-la-musique-generee-par-ia-warner-a-signe-un-accord-avec-udio-start-up-controversee-jusqua-present\/","title":{"rendered":"Apr\u00e8s Universal, une autre major entre de plain-pied dans l\u2019\u00e8re de la musique g\u00e9n\u00e9r\u00e9e par IA"},"content":{"rendered":"<article class=\"content content_article\">\n<div id=\"content_progress\">\n<header id=\"content_header\" class=\"content_header\">\n<div class=\"contain_title_btn\">\n<p id=\"contain_title\" class=\"content_title\"><span style=\"font-size: 16px;\">L&rsquo;industrie musicale est en pleine mutation, et l&rsquo;intelligence artificielle (IA) est au c\u0153ur de cette transformation. Apr\u00e8s Universal Music Group, une autre major de la musique, Warner Music Group, vient de marquer un pas d\u00e9cisif dans l&rsquo;\u00e8re de la musique g\u00e9n\u00e9r\u00e9e par IA. Le g\u00e9ant a sign\u00e9 un accord de licence avec Udio, une start-up qui, jusqu&rsquo;\u00e0 pr\u00e9sent, avait \u00e9t\u00e9 l&rsquo;objet de vives controverses. Ce partenariat signale une acceptation croissante de l&rsquo;IA au sein des plus grandes maisons de disques, tout en soulevant des questions essentielles sur l&rsquo;avenir de la cr\u00e9ation musicale, les droits d&rsquo;auteur et la r\u00e9mun\u00e9ration des artistes.<\/span><\/p>\n<\/div>\n<\/header>\n<div class=\"content_body\">\n<div class=\"content_body_wrapper\">\n<h2 id=\"un-tournant-majeur-dans-lindustrie-musicale\" class=\"subheading\">Un Tournant Majeur dans l&rsquo;Industrie Musicale<\/h2>\n<p>L&rsquo;annonce de l&rsquo;accord entre Warner Music Group et Udio fait suite \u00e0 un partenariat similaire entre Universal Music Group et la m\u00eame plateforme, r\u00e9v\u00e9lant une tendance claire : les grandes maisons de disques int\u00e8grent d\u00e9sormais activement les technologies d&rsquo;IA g\u00e9n\u00e9rative dans leurs strat\u00e9gies. Cette d\u00e9marche repr\u00e9sente un virage significatif pour une industrie longtemps prudente, voire hostile, face \u00e0 l&rsquo;\u00e9mergence de l&rsquo;IA musicale. L&rsquo;objectif est clair : exploiter le potentiel cr\u00e9atif et commercial de l&rsquo;IA tout en \u00e9tablissant un cadre l\u00e9gal et \u00e9thique.<\/p>\n<h2 id=\"udio-et-la-controverse-autour-de-lia-generative\" class=\"subheading\">Udio et la Controverse Autour de l&rsquo;IA G\u00e9n\u00e9rative<\/h2>\n<p>Lanc\u00e9e en avril 2024, Udio s&rsquo;est rapidement impos\u00e9e comme une plateforme notable dans le domaine de la musique g\u00e9n\u00e9r\u00e9e par intelligence artificielle. Cependant, son ascension n&rsquo;a pas \u00e9t\u00e9 sans heurts. La start-up, tout comme sa concurrente Suno, a \u00e9t\u00e9 point\u00e9e du doigt par une partie de l&rsquo;industrie musicale pour avoir construit son logiciel en utilisant des \u0153uvres musicales sans autorisation ni r\u00e9mun\u00e9ration pr\u00e9alable. Ces accusations ont conduit \u00e0 de nombreuses proc\u00e9dures judiciaires pour violation de la propri\u00e9t\u00e9 intellectuelle.<\/p>\n<p>Les artistes et les maisons de disques craignaient que l&rsquo;IA ne pille leur catalogue pour cr\u00e9er de nouvelles musiques sans compenser les ayants droit, mena\u00e7ant ainsi la valeur de leur travail. C&rsquo;est dans ce contexte tendu que l&rsquo;accord avec Warner Music Group prend toute son importance, marquant une tentative d&rsquo;apaisement et de r\u00e9gularisation dans un paysage technologique et juridique en constante \u00e9volution.<\/p>\n<h2 id=\"les-details-de-laccord-et-ses-implications\" class=\"subheading\">Les D\u00e9tails de l&rsquo;Accord et ses Implications<\/h2>\n<p>L&rsquo;accord entre Warner Music Group et Udio est strat\u00e9gique. Il vise \u00e0 mettre fin aux poursuites judiciaires et \u00e0 \u00e9tablir une collaboration qui b\u00e9n\u00e9ficiera aux deux parties. Dans le cadre de ce partenariat, Udio se pr\u00e9pare \u00e0 lancer, en 2026, une nouvelle plateforme. Cette derni\u00e8re permettra aux utilisateurs de cr\u00e9er :<\/p>\n<ul>\n<li>Des remixes de morceaux existants.<\/li>\n<li>Des reprises utilisant des compositions sous licence.<\/li>\n<li>De nouvelles chansons en s&rsquo;inspirant de la voix ou des compositions d&rsquo;artistes affili\u00e9s \u00e0 Warner et Universal.<\/li>\n<\/ul>\n<p>Un aspect crucial de cet accord est l&rsquo;engagement d&rsquo;Udio \u00e0 mettre en place des mesures rigoureuses pour prot\u00e9ger les droits des artistes et des compositeurs. Les artistes de Warner qui souhaitent participer \u00e0 cette plateforme seront autoris\u00e9s \u00e0 le faire, et leur travail sera d\u00fbment r\u00e9mun\u00e9r\u00e9 et r\u00e9f\u00e9renc\u00e9 pour toute utilisation dans des cr\u00e9ations assist\u00e9es par IA. Ce mod\u00e8le vise \u00e0 cr\u00e9er de nouvelles sources de revenus pour les cr\u00e9ateurs, tout en assurant que leur \u0153uvre reste prot\u00e9g\u00e9e et valoris\u00e9e dans l&rsquo;\u00e8re num\u00e9rique.<\/p>\n<h2 id=\"lavenir-de-la-musique-assistee-par-ia\" class=\"subheading\">L&rsquo;Avenir de la Musique Assist\u00e9e par IA<\/h2>\n<p>Ces partenariats entre les majors de la musique et les plateformes d&rsquo;IA g\u00e9n\u00e9rative comme Udio ouvrent de nouvelles perspectives pour l&rsquo;industrie. Ils pourraient transformer la mani\u00e8re dont la musique est produite, consomm\u00e9e et mon\u00e9tis\u00e9e. En offrant des outils cr\u00e9atifs bas\u00e9s sur l&rsquo;IA, les labels cherchent \u00e0 :<\/p>\n<ul>\n<li>Stimuler l&rsquo;exp\u00e9rimentation musicale et la collaboration.<\/li>\n<li>Atteindre de nouveaux publics avec des contenus personnalis\u00e9s.<\/li>\n<li>D\u00e9velopper des mod\u00e8les \u00e9conomiques innovants pour la distribution de musique.<\/li>\n<\/ul>\n<p>L&rsquo;enjeu est de taille : il s&rsquo;agit de trouver un \u00e9quilibre entre l&rsquo;innovation technologique et la pr\u00e9servation des droits d&rsquo;auteur, garantissant que les cr\u00e9ateurs soient \u00e9quitablement r\u00e9compens\u00e9s pour leur contribution dans un paysage musical en constante \u00e9volution. Avec Universal et Warner ayant r\u00e9gl\u00e9 leurs litiges avec Udio, Sony Music reste la seule des trois grandes maisons de disques \u00e0 ne pas encore avoir officialis\u00e9 un accord similaire.<\/p>\n<h2 id=\"faq\" class=\"subheading\">FAQ<\/h2>\n<h3>Qu&rsquo;est-ce que Udio ?<\/h3>\n<p>Udio est une start-up sp\u00e9cialis\u00e9e dans la cr\u00e9ation de musique g\u00e9n\u00e9r\u00e9e par intelligence artificielle, permettant aux utilisateurs de composer, remixer ou reprendre des morceaux.<\/p>\n<h3>Pourquoi Udio \u00e9tait-elle controvers\u00e9e ?<\/h3>\n<p>Udio a fait face \u00e0 des accusations d&rsquo;avoir utilis\u00e9 des morceaux prot\u00e9g\u00e9s par le droit d&rsquo;auteur sans autorisation ni r\u00e9mun\u00e9ration pour entra\u00eener son IA, ce qui a men\u00e9 \u00e0 des poursuites judiciaires.<\/p>\n<h3>Quel est l&rsquo;objectif de l&rsquo;accord entre Warner Music Group et Udio ?<\/h3>\n<p>L&rsquo;accord vise \u00e0 l\u00e9galiser l&rsquo;utilisation de la musique du catalogue de Warner par l&rsquo;IA d&rsquo;Udio, \u00e0 mettre fin aux litiges et \u00e0 cr\u00e9er une nouvelle plateforme o\u00f9 les artistes pourront \u00eatre r\u00e9mun\u00e9r\u00e9s pour l&rsquo;utilisation de leurs \u0153uvres dans des cr\u00e9ations IA.<\/p>\n<h3>Quand la nouvelle plateforme Udio sera-t-elle lanc\u00e9e ?<\/h3>\n<p>Udio pr\u00e9voit de lancer sa nouvelle plateforme en 2026.<\/p>\n<h2 id=\"conclusion\" class=\"subheading\">Conclusion<\/h2>\n<p>L&rsquo;accord entre Warner Music Group et Udio, faisant suite \u00e0 celui d&rsquo;Universal, repr\u00e9sente une \u00e9tape charni\u00e8re dans l&rsquo;int\u00e9gration de l&rsquo;intelligence artificielle au c\u0153ur de l&rsquo;industrie musicale. Il t\u00e9moigne d&rsquo;une volont\u00e9 des majors de collaborer avec les d\u00e9veloppeurs d&rsquo;IA pour explorer de nouvelles avenues cr\u00e9atives et commerciales, tout en cherchant \u00e0 \u00e9tablir un cadre protecteur pour les artistes. Si les d\u00e9fis li\u00e9s aux droits d&rsquo;auteur et \u00e0 la juste r\u00e9mun\u00e9ration demeurent, ces partenariats indiquent une direction claire : l&rsquo;IA est appel\u00e9e \u00e0 jouer un r\u00f4le croissant dans la fa\u00e7on dont nous cr\u00e9ons, produisons et exp\u00e9rimentons la musique de demain.<\/p>\n<\/div>\n<\/div>\n<\/div>\n<\/article>\n","protected":false},"excerpt":{"rendered":"<p>L&rsquo;industrie musicale est en pleine mutation, et l&rsquo;intelligence artificielle (IA) est au c\u0153ur de cette transformation. Apr\u00e8s Universal Music Group, une autre major de la musique, Warner Music Group, vient de marquer un pas d\u00e9cisif dans l&rsquo;\u00e8re de la musique g\u00e9n\u00e9r\u00e9e par IA. Le g\u00e9ant a sign\u00e9 un accord de licence avec Udio, une start-up [&hellip;]<\/p>\n","protected":false},"author":4,"featured_media":45150,"comment_status":"open","ping_status":"open","sticky":false,"template":"","format":"standard","meta":{"_yoast_wpseo_title":"Apr\u00e8s Universal, une autre major entre de plain-pied dans l\u2019\u00e8re de la musique g\u00e9n\u00e9r\u00e9e par IA.","_yoast_wpseo_metadesc":"","_yoast_wpseo_focuskw":"Apr\u00e8s"},"categories":[7],"tags":[],"class_list":["post-45151","post","type-post","status-publish","format-standard","has-post-thumbnail","hentry","category-technologie"],"yoast_head":"<!-- This site is optimized with the Yoast SEO plugin v26.3 - https:\/\/yoast.com\/wordpress\/plugins\/seo\/ -->\n<title>Apr\u00e8s Universal, une autre major entre de plain-pied dans l\u2019\u00e8re de la musique g\u00e9n\u00e9r\u00e9e par IA.<\/title>\n<meta name=\"robots\" content=\"index, follow, max-snippet:-1, max-image-preview:large, max-video-preview:-1\" \/>\n<link rel=\"canonical\" href=\"https:\/\/elukelele.com\/fr\/technologie\/apres-universal-une-autre-major-entre-de-plain-pied-dans-lere-de-la-musique-generee-par-ia-warner-a-signe-un-accord-avec-udio-start-up-controversee-jusqua-present\/\" \/>\n<meta property=\"og:locale\" content=\"fr_FR\" \/>\n<meta property=\"og:type\" content=\"article\" \/>\n<meta property=\"og:title\" content=\"Apr\u00e8s Universal, une autre major entre de plain-pied dans l\u2019\u00e8re de la musique g\u00e9n\u00e9r\u00e9e par IA.\" \/>\n<meta property=\"og:description\" content=\"L&rsquo;industrie musicale est en pleine mutation, et l&rsquo;intelligence artificielle (IA) est au c\u0153ur de cette transformation. Apr\u00e8s Universal Music Group, une autre major de la musique, Warner Music Group, vient de marquer un pas d\u00e9cisif dans l&rsquo;\u00e8re de la musique g\u00e9n\u00e9r\u00e9e par IA. Le g\u00e9ant a sign\u00e9 un accord de licence avec Udio, une start-up [&hellip;]\" \/>\n<meta property=\"og:url\" content=\"https:\/\/elukelele.com\/fr\/technologie\/apres-universal-une-autre-major-entre-de-plain-pied-dans-lere-de-la-musique-generee-par-ia-warner-a-signe-un-accord-avec-udio-start-up-controversee-jusqua-present\/\" \/>\n<meta property=\"og:site_name\" content=\"El Ukelele\" \/>\n<meta property=\"article:published_time\" content=\"2025-11-22T04:18:24+00:00\" \/>\n<meta property=\"article:modified_time\" content=\"2025-11-22T04:18:45+00:00\" \/>\n<meta property=\"og:image\" content=\"https:\/\/elukelele.com\/fr\/wp-content\/uploads\/2025\/11\/framed_only-272.png\" \/>\n\t<meta property=\"og:image:width\" content=\"1200\" \/>\n\t<meta property=\"og:image:height\" content=\"628\" \/>\n\t<meta property=\"og:image:type\" content=\"image\/png\" \/>\n<meta name=\"author\" content=\"Daniel Perrin\" \/>\n<meta name=\"twitter:card\" content=\"summary_large_image\" \/>\n<meta name=\"twitter:label1\" content=\"\u00c9crit par\" \/>\n\t<meta name=\"twitter:data1\" content=\"Daniel Perrin\" \/>\n\t<meta name=\"twitter:label2\" content=\"Dur\u00e9e de lecture estim\u00e9e\" \/>\n\t<meta name=\"twitter:data2\" content=\"5 minutes\" \/>\n<script type=\"application\/ld+json\" class=\"yoast-schema-graph\">{\"@context\":\"https:\/\/schema.org\",\"@graph\":[{\"@type\":\"WebPage\",\"@id\":\"https:\/\/elukelele.com\/fr\/technologie\/apres-universal-une-autre-major-entre-de-plain-pied-dans-lere-de-la-musique-generee-par-ia-warner-a-signe-un-accord-avec-udio-start-up-controversee-jusqua-present\/\",\"url\":\"https:\/\/elukelele.com\/fr\/technologie\/apres-universal-une-autre-major-entre-de-plain-pied-dans-lere-de-la-musique-generee-par-ia-warner-a-signe-un-accord-avec-udio-start-up-controversee-jusqua-present\/\",\"name\":\"Apr\u00e8s Universal, une autre major entre de plain-pied dans l\u2019\u00e8re de la musique g\u00e9n\u00e9r\u00e9e par IA.\",\"isPartOf\":{\"@id\":\"https:\/\/elukelele.com\/fr\/#website\"},\"primaryImageOfPage\":{\"@id\":\"https:\/\/elukelele.com\/fr\/technologie\/apres-universal-une-autre-major-entre-de-plain-pied-dans-lere-de-la-musique-generee-par-ia-warner-a-signe-un-accord-avec-udio-start-up-controversee-jusqua-present\/#primaryimage\"},\"image\":{\"@id\":\"https:\/\/elukelele.com\/fr\/technologie\/apres-universal-une-autre-major-entre-de-plain-pied-dans-lere-de-la-musique-generee-par-ia-warner-a-signe-un-accord-avec-udio-start-up-controversee-jusqua-present\/#primaryimage\"},\"thumbnailUrl\":\"https:\/\/elukelele.com\/fr\/wp-content\/uploads\/2025\/11\/framed_only-272.png\",\"datePublished\":\"2025-11-22T04:18:24+00:00\",\"dateModified\":\"2025-11-22T04:18:45+00:00\",\"author\":{\"@id\":\"https:\/\/elukelele.com\/fr\/#\/schema\/person\/ccfb3d2be2ec7fa389608eb6da0b38d6\"},\"breadcrumb\":{\"@id\":\"https:\/\/elukelele.com\/fr\/technologie\/apres-universal-une-autre-major-entre-de-plain-pied-dans-lere-de-la-musique-generee-par-ia-warner-a-signe-un-accord-avec-udio-start-up-controversee-jusqua-present\/#breadcrumb\"},\"inLanguage\":\"fr-FR\",\"potentialAction\":[{\"@type\":\"ReadAction\",\"target\":[\"https:\/\/elukelele.com\/fr\/technologie\/apres-universal-une-autre-major-entre-de-plain-pied-dans-lere-de-la-musique-generee-par-ia-warner-a-signe-un-accord-avec-udio-start-up-controversee-jusqua-present\/\"]}]},{\"@type\":\"ImageObject\",\"inLanguage\":\"fr-FR\",\"@id\":\"https:\/\/elukelele.com\/fr\/technologie\/apres-universal-une-autre-major-entre-de-plain-pied-dans-lere-de-la-musique-generee-par-ia-warner-a-signe-un-accord-avec-udio-start-up-controversee-jusqua-present\/#primaryimage\",\"url\":\"https:\/\/elukelele.com\/fr\/wp-content\/uploads\/2025\/11\/framed_only-272.png\",\"contentUrl\":\"https:\/\/elukelele.com\/fr\/wp-content\/uploads\/2025\/11\/framed_only-272.png\",\"width\":1200,\"height\":628,\"caption\":\"Apr\u00e8s\"},{\"@type\":\"BreadcrumbList\",\"@id\":\"https:\/\/elukelele.com\/fr\/technologie\/apres-universal-une-autre-major-entre-de-plain-pied-dans-lere-de-la-musique-generee-par-ia-warner-a-signe-un-accord-avec-udio-start-up-controversee-jusqua-present\/#breadcrumb\",\"itemListElement\":[{\"@type\":\"ListItem\",\"position\":1,\"name\":\"Home\",\"item\":\"https:\/\/elukelele.com\/fr\/\"},{\"@type\":\"ListItem\",\"position\":2,\"name\":\"Apr\u00e8s Universal, une autre major entre de plain-pied dans l\u2019\u00e8re de la musique g\u00e9n\u00e9r\u00e9e par IA\"}]},{\"@type\":\"WebSite\",\"@id\":\"https:\/\/elukelele.com\/fr\/#website\",\"url\":\"https:\/\/elukelele.com\/fr\/\",\"name\":\"El Ukelele\",\"description\":\"Musique au-del\u00e0 de l&#039;indie\",\"potentialAction\":[{\"@type\":\"SearchAction\",\"target\":{\"@type\":\"EntryPoint\",\"urlTemplate\":\"https:\/\/elukelele.com\/fr\/?s={search_term_string}\"},\"query-input\":{\"@type\":\"PropertyValueSpecification\",\"valueRequired\":true,\"valueName\":\"search_term_string\"}}],\"inLanguage\":\"fr-FR\"},{\"@type\":\"Person\",\"@id\":\"https:\/\/elukelele.com\/fr\/#\/schema\/person\/ccfb3d2be2ec7fa389608eb6da0b38d6\",\"name\":\"Daniel Perrin\",\"image\":{\"@type\":\"ImageObject\",\"inLanguage\":\"fr-FR\",\"@id\":\"https:\/\/elukelele.com\/fr\/#\/schema\/person\/image\/\",\"url\":\"https:\/\/secure.gravatar.com\/avatar\/37f9d9ffa29ce5640a0d9c6ca8bbd90afb854014296ecaa0e3a558ac716e6fe4?s=96&d=mm&r=g\",\"contentUrl\":\"https:\/\/secure.gravatar.com\/avatar\/37f9d9ffa29ce5640a0d9c6ca8bbd90afb854014296ecaa0e3a558ac716e6fe4?s=96&d=mm&r=g\",\"caption\":\"Daniel Perrin\"},\"sameAs\":[\"https:\/\/elukelele.com\/fr\"],\"url\":\"https:\/\/elukelele.com\/fr\/author\/daniel-perrin\/\"}]}<\/script>\n<!-- \/ Yoast SEO plugin. -->","yoast_head_json":{"title":"Apr\u00e8s Universal, une autre major entre de plain-pied dans l\u2019\u00e8re de la musique g\u00e9n\u00e9r\u00e9e par IA.","robots":{"index":"index","follow":"follow","max-snippet":"max-snippet:-1","max-image-preview":"max-image-preview:large","max-video-preview":"max-video-preview:-1"},"canonical":"https:\/\/elukelele.com\/fr\/technologie\/apres-universal-une-autre-major-entre-de-plain-pied-dans-lere-de-la-musique-generee-par-ia-warner-a-signe-un-accord-avec-udio-start-up-controversee-jusqua-present\/","og_locale":"fr_FR","og_type":"article","og_title":"Apr\u00e8s Universal, une autre major entre de plain-pied dans l\u2019\u00e8re de la musique g\u00e9n\u00e9r\u00e9e par IA.","og_description":"L&rsquo;industrie musicale est en pleine mutation, et l&rsquo;intelligence artificielle (IA) est au c\u0153ur de cette transformation. Apr\u00e8s Universal Music Group, une autre major de la musique, Warner Music Group, vient de marquer un pas d\u00e9cisif dans l&rsquo;\u00e8re de la musique g\u00e9n\u00e9r\u00e9e par IA. Le g\u00e9ant a sign\u00e9 un accord de licence avec Udio, une start-up [&hellip;]","og_url":"https:\/\/elukelele.com\/fr\/technologie\/apres-universal-une-autre-major-entre-de-plain-pied-dans-lere-de-la-musique-generee-par-ia-warner-a-signe-un-accord-avec-udio-start-up-controversee-jusqua-present\/","og_site_name":"El Ukelele","article_published_time":"2025-11-22T04:18:24+00:00","article_modified_time":"2025-11-22T04:18:45+00:00","og_image":[{"width":1200,"height":628,"url":"https:\/\/elukelele.com\/fr\/wp-content\/uploads\/2025\/11\/framed_only-272.png","type":"image\/png"}],"author":"Daniel Perrin","twitter_card":"summary_large_image","twitter_misc":{"\u00c9crit par":"Daniel Perrin","Dur\u00e9e de lecture estim\u00e9e":"5 minutes"},"schema":{"@context":"https:\/\/schema.org","@graph":[{"@type":"WebPage","@id":"https:\/\/elukelele.com\/fr\/technologie\/apres-universal-une-autre-major-entre-de-plain-pied-dans-lere-de-la-musique-generee-par-ia-warner-a-signe-un-accord-avec-udio-start-up-controversee-jusqua-present\/","url":"https:\/\/elukelele.com\/fr\/technologie\/apres-universal-une-autre-major-entre-de-plain-pied-dans-lere-de-la-musique-generee-par-ia-warner-a-signe-un-accord-avec-udio-start-up-controversee-jusqua-present\/","name":"Apr\u00e8s Universal, une autre major entre de plain-pied dans l\u2019\u00e8re de la musique g\u00e9n\u00e9r\u00e9e par IA.","isPartOf":{"@id":"https:\/\/elukelele.com\/fr\/#website"},"primaryImageOfPage":{"@id":"https:\/\/elukelele.com\/fr\/technologie\/apres-universal-une-autre-major-entre-de-plain-pied-dans-lere-de-la-musique-generee-par-ia-warner-a-signe-un-accord-avec-udio-start-up-controversee-jusqua-present\/#primaryimage"},"image":{"@id":"https:\/\/elukelele.com\/fr\/technologie\/apres-universal-une-autre-major-entre-de-plain-pied-dans-lere-de-la-musique-generee-par-ia-warner-a-signe-un-accord-avec-udio-start-up-controversee-jusqua-present\/#primaryimage"},"thumbnailUrl":"https:\/\/elukelele.com\/fr\/wp-content\/uploads\/2025\/11\/framed_only-272.png","datePublished":"2025-11-22T04:18:24+00:00","dateModified":"2025-11-22T04:18:45+00:00","author":{"@id":"https:\/\/elukelele.com\/fr\/#\/schema\/person\/ccfb3d2be2ec7fa389608eb6da0b38d6"},"breadcrumb":{"@id":"https:\/\/elukelele.com\/fr\/technologie\/apres-universal-une-autre-major-entre-de-plain-pied-dans-lere-de-la-musique-generee-par-ia-warner-a-signe-un-accord-avec-udio-start-up-controversee-jusqua-present\/#breadcrumb"},"inLanguage":"fr-FR","potentialAction":[{"@type":"ReadAction","target":["https:\/\/elukelele.com\/fr\/technologie\/apres-universal-une-autre-major-entre-de-plain-pied-dans-lere-de-la-musique-generee-par-ia-warner-a-signe-un-accord-avec-udio-start-up-controversee-jusqua-present\/"]}]},{"@type":"ImageObject","inLanguage":"fr-FR","@id":"https:\/\/elukelele.com\/fr\/technologie\/apres-universal-une-autre-major-entre-de-plain-pied-dans-lere-de-la-musique-generee-par-ia-warner-a-signe-un-accord-avec-udio-start-up-controversee-jusqua-present\/#primaryimage","url":"https:\/\/elukelele.com\/fr\/wp-content\/uploads\/2025\/11\/framed_only-272.png","contentUrl":"https:\/\/elukelele.com\/fr\/wp-content\/uploads\/2025\/11\/framed_only-272.png","width":1200,"height":628,"caption":"Apr\u00e8s"},{"@type":"BreadcrumbList","@id":"https:\/\/elukelele.com\/fr\/technologie\/apres-universal-une-autre-major-entre-de-plain-pied-dans-lere-de-la-musique-generee-par-ia-warner-a-signe-un-accord-avec-udio-start-up-controversee-jusqua-present\/#breadcrumb","itemListElement":[{"@type":"ListItem","position":1,"name":"Home","item":"https:\/\/elukelele.com\/fr\/"},{"@type":"ListItem","position":2,"name":"Apr\u00e8s Universal, une autre major entre de plain-pied dans l\u2019\u00e8re de la musique g\u00e9n\u00e9r\u00e9e par IA"}]},{"@type":"WebSite","@id":"https:\/\/elukelele.com\/fr\/#website","url":"https:\/\/elukelele.com\/fr\/","name":"El Ukelele","description":"Musique au-del\u00e0 de l&#039;indie","potentialAction":[{"@type":"SearchAction","target":{"@type":"EntryPoint","urlTemplate":"https:\/\/elukelele.com\/fr\/?s={search_term_string}"},"query-input":{"@type":"PropertyValueSpecification","valueRequired":true,"valueName":"search_term_string"}}],"inLanguage":"fr-FR"},{"@type":"Person","@id":"https:\/\/elukelele.com\/fr\/#\/schema\/person\/ccfb3d2be2ec7fa389608eb6da0b38d6","name":"Daniel Perrin","image":{"@type":"ImageObject","inLanguage":"fr-FR","@id":"https:\/\/elukelele.com\/fr\/#\/schema\/person\/image\/","url":"https:\/\/secure.gravatar.com\/avatar\/37f9d9ffa29ce5640a0d9c6ca8bbd90afb854014296ecaa0e3a558ac716e6fe4?s=96&d=mm&r=g","contentUrl":"https:\/\/secure.gravatar.com\/avatar\/37f9d9ffa29ce5640a0d9c6ca8bbd90afb854014296ecaa0e3a558ac716e6fe4?s=96&d=mm&r=g","caption":"Daniel Perrin"},"sameAs":["https:\/\/elukelele.com\/fr"],"url":"https:\/\/elukelele.com\/fr\/author\/daniel-perrin\/"}]}},"_links":{"self":[{"href":"https:\/\/elukelele.com\/fr\/wp-json\/wp\/v2\/posts\/45151","targetHints":{"allow":["GET"]}}],"collection":[{"href":"https:\/\/elukelele.com\/fr\/wp-json\/wp\/v2\/posts"}],"about":[{"href":"https:\/\/elukelele.com\/fr\/wp-json\/wp\/v2\/types\/post"}],"author":[{"embeddable":true,"href":"https:\/\/elukelele.com\/fr\/wp-json\/wp\/v2\/users\/4"}],"replies":[{"embeddable":true,"href":"https:\/\/elukelele.com\/fr\/wp-json\/wp\/v2\/comments?post=45151"}],"version-history":[{"count":2,"href":"https:\/\/elukelele.com\/fr\/wp-json\/wp\/v2\/posts\/45151\/revisions"}],"predecessor-version":[{"id":45248,"href":"https:\/\/elukelele.com\/fr\/wp-json\/wp\/v2\/posts\/45151\/revisions\/45248"}],"wp:featuredmedia":[{"embeddable":true,"href":"https:\/\/elukelele.com\/fr\/wp-json\/wp\/v2\/media\/45150"}],"wp:attachment":[{"href":"https:\/\/elukelele.com\/fr\/wp-json\/wp\/v2\/media?parent=45151"}],"wp:term":[{"taxonomy":"category","embeddable":true,"href":"https:\/\/elukelele.com\/fr\/wp-json\/wp\/v2\/categories?post=45151"},{"taxonomy":"post_tag","embeddable":true,"href":"https:\/\/elukelele.com\/fr\/wp-json\/wp\/v2\/tags?post=45151"}],"curies":[{"name":"wp","href":"https:\/\/api.w.org\/{rel}","templated":true}]}}