{"id":45149,"date":"2025-11-20T12:27:38","date_gmt":"2025-11-20T12:27:38","guid":{"rendered":"https:\/\/elukelele.com\/fr\/?p=45149"},"modified":"2025-11-20T12:27:39","modified_gmt":"2025-11-20T12:27:39","slug":"daniel-radcliffe-revele-avoir-ecrit-au-jeune-acteur-qui-va-incarner-harry-potter-dans-la-serie-hbo","status":"publish","type":"post","link":"https:\/\/elukelele.com\/fr\/technologie\/daniel-radcliffe-revele-avoir-ecrit-au-jeune-acteur-qui-va-incarner-harry-potter-dans-la-serie-hbo\/","title":{"rendered":"Daniel Radcliffe r\u00e9v\u00e8le avoir \u00e9crit au jeune acteur qui va incarner Harry Potter dans la s\u00e9rie HBO"},"content":{"rendered":"<p>Le monde des sorciers s&rsquo;appr\u00eate \u00e0 accueillir une nouvelle g\u00e9n\u00e9ration, et l&rsquo;un de ses plus illustres pr\u00e9d\u00e9cesseurs a d\u00e9j\u00e0 tendu la main. Daniel Radcliffe, l&rsquo;acteur embl\u00e9matique qui a incarn\u00e9 Harry Potter pendant une d\u00e9cennie sur grand \u00e9cran, a r\u00e9cemment r\u00e9v\u00e9l\u00e9 avoir \u00e9crit au jeune Dominic McLaughlin, l&rsquo;acteur choisi pour reprendre le r\u00f4le du c\u00e9l\u00e8bre sorcier dans la tr\u00e8s attendue s\u00e9rie HBO. Ce geste symbolique marque un passage de flambeau empreint de bienveillance et d&rsquo;encouragement, soulignant la lourde mais passionnante t\u00e2che qui attend le nouvel apprenti sorcier.<\/p>\n<h2>Un Soutien Empathique de l&rsquo;Ancien Harry Potter<\/h2>\n<p>Lors d&rsquo;une interview accord\u00e9e \u00e0 <em>Good Morning America<\/em>, Daniel Radcliffe a partag\u00e9 son initiative d&rsquo;avoir contact\u00e9 Dominic McLaughlin, le jeune acteur qui endossera la robe de sorcier. \u00ab\u00a0Je ne dirais pas que tous ceux qui vont jouer Harry doivent me contacter, mais j&rsquo;ai \u00e9crit \u00e0 Dominic. Je lui ai envoy\u00e9 une lettre, et il m&rsquo;a r\u00e9pondu par un message tr\u00e8s gentil\u00a0\u00bb, a-t-il confi\u00e9.<\/p>\n<p>L&rsquo;intention de Radcliffe derri\u00e8re cette lettre \u00e9tait claire : offrir un soutien sans imposer sa pr\u00e9sence. Il a expliqu\u00e9 : \u00ab\u00a0Je ne veux pas \u00eatre un spectre dans la vie de ces enfants, mais je voulais juste lui \u00e9crire pour lui dire : &lsquo;j&rsquo;esp\u00e8re que tu passeras un excellent moment, encore meilleur que celui que j&rsquo;ai v\u00e9cu'\u00a0\u00bb. Ce message t\u00e9moigne d&rsquo;une compr\u00e9hension profonde des d\u00e9fis et des joies que repr\u00e9sente un r\u00f4le aussi iconique, souhaitant au jeune acteur une exp\u00e9rience aussi enrichissante, voire plus, que la sienne.<\/p>\n<h2>La Nouvelle G\u00e9n\u00e9ration \u00e0 Poudlard<\/h2>\n<p>Dominic McLaughlin, \u00e2g\u00e9 de 11 ans \u2013 le m\u00eame \u00e2ge que Daniel Radcliffe lorsqu&rsquo;il a d\u00e9but\u00e9 dans la saga cin\u00e9matographique \u2013 a \u00e9t\u00e9 choisi parmi plus de 32 000 candidatures pour incarner Harry Potter dans la s\u00e9rie de HBO. Il ne sera pas seul dans cette aventure. Il sera rejoint par Arabella Stanton dans le r\u00f4le d&rsquo;Hermione Granger et Alastair Stout pour interpr\u00e9ter Ron Weasley.<\/p>\n<p>La vision de cette nouvelle distribution a provoqu\u00e9 une vague de nostalgie chez Daniel Radcliffe. \u00ab\u00a0Quand je regarde ces photos de lui et des autres enfants et j&rsquo;ai juste envie de les serrer dans mes bras\u00a0\u00bb, a-t-il exprim\u00e9. Il a \u00e9galement ajout\u00e9 : \u00ab\u00a0Ils ont l&rsquo;air si jeunes. Je les regarde et je me dis : &lsquo;C&rsquo;est fou, je faisais \u00e7a \u00e0 leur \u00e2ge&rsquo;. Mais c&rsquo;est aussi incroyablement mignon, et j&rsquo;esp\u00e8re qu&rsquo;ils passent un bon moment\u00a0\u00bb. Cette r\u00e9action souligne l&#8217;empathie et les souvenirs que ce nouveau projet \u00e9veille chez l&rsquo;acteur qui a d\u00e9fini le personnage pour toute une g\u00e9n\u00e9ration.<\/p>\n<h2>L&rsquo;Avenir de la S\u00e9rie HBO et l&rsquo;Absence de Cam\u00e9o de Radcliffe<\/h2>\n<p>Malgr\u00e9 l&rsquo;affection qu&rsquo;il porte \u00e0 la franchise, Daniel Radcliffe a \u00e9t\u00e9 cat\u00e9gorique quant \u00e0 son absence dans la future s\u00e9rie en tant que cam\u00e9o. L&rsquo;acteur de 36 ans estime que son temps \u00e0 Poudlard est r\u00e9volu et que le projet n\u00e9cessite une approche nouvelle. \u00ab\u00a0Je crois qu\u2019ils (HBO, ndlr) souhaitent, \u00e0 juste titre, une rupture nette. Et je ne sais pas si notre participation serait judicieuse\u00a0\u00bb, a-t-il affirm\u00e9. Cette d\u00e9cision vise \u00e0 permettre \u00e0 la nouvelle s\u00e9rie de forger sa propre identit\u00e9 et de laisser la place aux nouveaux talents sans l&rsquo;ombre des pr\u00e9c\u00e9dentes incarnations.<\/p>\n<h2>Une Adaptation Fid\u00e8le et le R\u00f4le de J.K. Rowling<\/h2>\n<p>Le tournage de la s\u00e9rie <em>Harry Potter<\/em> a d\u00e9but\u00e9 en ao\u00fbt aux studios Warner Bros. de Leavesden, un lieu charg\u00e9 d&rsquo;histoire pour la saga, puisque c&rsquo;est l\u00e0 que les films originaux ont \u00e9t\u00e9 tourn\u00e9s. Le projet ambitionne d&rsquo;adapter les sept romans de J.K. Rowling \u00ab\u00a0au plus pr\u00e8s\u00a0\u00bb, promettant une fid\u00e9lit\u00e9 accrue aux d\u00e9tails des livres. La productrice Francesca Gardiner a exprim\u00e9 le d\u00e9sir de \u00ab\u00a0montrer davantage la vie quotidienne de Poudlard\u00a0\u00bb.<\/p>\n<p>Con\u00e7ue avec le soutien de J.K. Rowling, la s\u00e9rie intervient dans un contexte o\u00f9 l&rsquo;auteure fait face \u00e0 des accusations de transphobie. La cha\u00eene am\u00e9ricaine HBO pr\u00e9voit un lancement en 2027, trente ans apr\u00e8s la parution du premier roman de la saga, marquant une nouvelle \u00e8re pour l&rsquo;univers magique qui a captiv\u00e9 des millions de lecteurs et de spectateurs \u00e0 travers le monde.<\/p>\n<h2>Conclusion<\/h2>\n<p>Le geste de Daniel Radcliffe envers Dominic McLaughlin est un moment poignant dans l&rsquo;histoire de la franchise Harry Potter. Il symbolise non seulement un passage de relais entre g\u00e9n\u00e9rations d&rsquo;acteurs mais aussi la p\u00e9rennit\u00e9 de l&rsquo;h\u00e9ritage d&rsquo;une saga litt\u00e9raire et cin\u00e9matographique mondiale. Alors que la s\u00e9rie HBO se pr\u00e9pare \u00e0 rouvrir les portes de Poudlard, l&rsquo;encouragement de l&rsquo;ancien Harry Potter offre un pr\u00e9lude chaleureux \u00e0 cette nouvelle interpr\u00e9tation du monde des sorciers, promettant une exp\u00e9rience immersive et respectueuse de l&rsquo;\u0153uvre originale pour les fans et les nouveaux venus.<\/p>\n","protected":false},"excerpt":{"rendered":"<p>Le monde des sorciers s&rsquo;appr\u00eate \u00e0 accueillir une nouvelle g\u00e9n\u00e9ration, et l&rsquo;un de ses plus illustres pr\u00e9d\u00e9cesseurs a d\u00e9j\u00e0 tendu la main. Daniel Radcliffe, l&rsquo;acteur embl\u00e9matique qui a incarn\u00e9 Harry Potter pendant une d\u00e9cennie sur grand \u00e9cran, a r\u00e9cemment r\u00e9v\u00e9l\u00e9 avoir \u00e9crit au jeune Dominic McLaughlin, l&rsquo;acteur choisi pour reprendre le r\u00f4le du c\u00e9l\u00e8bre sorcier [&hellip;]<\/p>\n","protected":false},"author":4,"featured_media":45148,"comment_status":"open","ping_status":"open","sticky":false,"template":"","format":"standard","meta":{"_yoast_wpseo_title":"Daniel Radcliffe r\u00e9v\u00e8le avoir \u00e9crit au jeune acteur qui va incarner Harry Potter dans la s\u00e9rie HBO","_yoast_wpseo_metadesc":"","_yoast_wpseo_focuskw":"Daniel"},"categories":[7],"tags":[],"class_list":["post-45149","post","type-post","status-publish","format-standard","has-post-thumbnail","hentry","category-technologie"],"yoast_head":"<!-- This site is optimized with the Yoast SEO plugin v26.3 - https:\/\/yoast.com\/wordpress\/plugins\/seo\/ -->\n<title>Daniel Radcliffe r\u00e9v\u00e8le avoir \u00e9crit au jeune acteur qui va incarner Harry Potter dans la s\u00e9rie HBO<\/title>\n<meta name=\"robots\" content=\"index, follow, max-snippet:-1, max-image-preview:large, max-video-preview:-1\" \/>\n<link rel=\"canonical\" href=\"https:\/\/elukelele.com\/fr\/technologie\/daniel-radcliffe-revele-avoir-ecrit-au-jeune-acteur-qui-va-incarner-harry-potter-dans-la-serie-hbo\/\" \/>\n<meta property=\"og:locale\" content=\"fr_FR\" \/>\n<meta property=\"og:type\" content=\"article\" \/>\n<meta property=\"og:title\" content=\"Daniel Radcliffe r\u00e9v\u00e8le avoir \u00e9crit au jeune acteur qui va incarner Harry Potter dans la s\u00e9rie HBO\" \/>\n<meta property=\"og:description\" content=\"Le monde des sorciers s&rsquo;appr\u00eate \u00e0 accueillir une nouvelle g\u00e9n\u00e9ration, et l&rsquo;un de ses plus illustres pr\u00e9d\u00e9cesseurs a d\u00e9j\u00e0 tendu la main. Daniel Radcliffe, l&rsquo;acteur embl\u00e9matique qui a incarn\u00e9 Harry Potter pendant une d\u00e9cennie sur grand \u00e9cran, a r\u00e9cemment r\u00e9v\u00e9l\u00e9 avoir \u00e9crit au jeune Dominic McLaughlin, l&rsquo;acteur choisi pour reprendre le r\u00f4le du c\u00e9l\u00e8bre sorcier [&hellip;]\" \/>\n<meta property=\"og:url\" content=\"https:\/\/elukelele.com\/fr\/technologie\/daniel-radcliffe-revele-avoir-ecrit-au-jeune-acteur-qui-va-incarner-harry-potter-dans-la-serie-hbo\/\" \/>\n<meta property=\"og:site_name\" content=\"El Ukelele\" \/>\n<meta property=\"article:published_time\" content=\"2025-11-20T12:27:38+00:00\" \/>\n<meta property=\"article:modified_time\" content=\"2025-11-20T12:27:39+00:00\" \/>\n<meta property=\"og:image\" content=\"https:\/\/elukelele.com\/fr\/wp-content\/uploads\/2025\/11\/framed_only-271.png\" \/>\n\t<meta property=\"og:image:width\" content=\"1200\" \/>\n\t<meta property=\"og:image:height\" content=\"628\" \/>\n\t<meta property=\"og:image:type\" content=\"image\/png\" \/>\n<meta name=\"author\" content=\"Daniel Perrin\" \/>\n<meta name=\"twitter:card\" content=\"summary_large_image\" \/>\n<meta name=\"twitter:label1\" content=\"\u00c9crit par\" \/>\n\t<meta name=\"twitter:data1\" content=\"Daniel Perrin\" \/>\n\t<meta name=\"twitter:label2\" content=\"Dur\u00e9e de lecture estim\u00e9e\" \/>\n\t<meta name=\"twitter:data2\" content=\"5 minutes\" \/>\n<script type=\"application\/ld+json\" class=\"yoast-schema-graph\">{\"@context\":\"https:\/\/schema.org\",\"@graph\":[{\"@type\":\"WebPage\",\"@id\":\"https:\/\/elukelele.com\/fr\/technologie\/daniel-radcliffe-revele-avoir-ecrit-au-jeune-acteur-qui-va-incarner-harry-potter-dans-la-serie-hbo\/\",\"url\":\"https:\/\/elukelele.com\/fr\/technologie\/daniel-radcliffe-revele-avoir-ecrit-au-jeune-acteur-qui-va-incarner-harry-potter-dans-la-serie-hbo\/\",\"name\":\"Daniel Radcliffe r\u00e9v\u00e8le avoir \u00e9crit au jeune acteur qui va incarner Harry Potter dans la s\u00e9rie HBO\",\"isPartOf\":{\"@id\":\"https:\/\/elukelele.com\/fr\/#website\"},\"primaryImageOfPage\":{\"@id\":\"https:\/\/elukelele.com\/fr\/technologie\/daniel-radcliffe-revele-avoir-ecrit-au-jeune-acteur-qui-va-incarner-harry-potter-dans-la-serie-hbo\/#primaryimage\"},\"image\":{\"@id\":\"https:\/\/elukelele.com\/fr\/technologie\/daniel-radcliffe-revele-avoir-ecrit-au-jeune-acteur-qui-va-incarner-harry-potter-dans-la-serie-hbo\/#primaryimage\"},\"thumbnailUrl\":\"https:\/\/elukelele.com\/fr\/wp-content\/uploads\/2025\/11\/framed_only-271.png\",\"datePublished\":\"2025-11-20T12:27:38+00:00\",\"dateModified\":\"2025-11-20T12:27:39+00:00\",\"author\":{\"@id\":\"https:\/\/elukelele.com\/fr\/#\/schema\/person\/ccfb3d2be2ec7fa389608eb6da0b38d6\"},\"breadcrumb\":{\"@id\":\"https:\/\/elukelele.com\/fr\/technologie\/daniel-radcliffe-revele-avoir-ecrit-au-jeune-acteur-qui-va-incarner-harry-potter-dans-la-serie-hbo\/#breadcrumb\"},\"inLanguage\":\"fr-FR\",\"potentialAction\":[{\"@type\":\"ReadAction\",\"target\":[\"https:\/\/elukelele.com\/fr\/technologie\/daniel-radcliffe-revele-avoir-ecrit-au-jeune-acteur-qui-va-incarner-harry-potter-dans-la-serie-hbo\/\"]}]},{\"@type\":\"ImageObject\",\"inLanguage\":\"fr-FR\",\"@id\":\"https:\/\/elukelele.com\/fr\/technologie\/daniel-radcliffe-revele-avoir-ecrit-au-jeune-acteur-qui-va-incarner-harry-potter-dans-la-serie-hbo\/#primaryimage\",\"url\":\"https:\/\/elukelele.com\/fr\/wp-content\/uploads\/2025\/11\/framed_only-271.png\",\"contentUrl\":\"https:\/\/elukelele.com\/fr\/wp-content\/uploads\/2025\/11\/framed_only-271.png\",\"width\":1200,\"height\":628,\"caption\":\"Daniel\"},{\"@type\":\"BreadcrumbList\",\"@id\":\"https:\/\/elukelele.com\/fr\/technologie\/daniel-radcliffe-revele-avoir-ecrit-au-jeune-acteur-qui-va-incarner-harry-potter-dans-la-serie-hbo\/#breadcrumb\",\"itemListElement\":[{\"@type\":\"ListItem\",\"position\":1,\"name\":\"Home\",\"item\":\"https:\/\/elukelele.com\/fr\/\"},{\"@type\":\"ListItem\",\"position\":2,\"name\":\"Daniel Radcliffe r\u00e9v\u00e8le avoir \u00e9crit au jeune acteur qui va incarner Harry Potter dans la s\u00e9rie HBO\"}]},{\"@type\":\"WebSite\",\"@id\":\"https:\/\/elukelele.com\/fr\/#website\",\"url\":\"https:\/\/elukelele.com\/fr\/\",\"name\":\"El Ukelele\",\"description\":\"Musique au-del\u00e0 de l&#039;indie\",\"potentialAction\":[{\"@type\":\"SearchAction\",\"target\":{\"@type\":\"EntryPoint\",\"urlTemplate\":\"https:\/\/elukelele.com\/fr\/?s={search_term_string}\"},\"query-input\":{\"@type\":\"PropertyValueSpecification\",\"valueRequired\":true,\"valueName\":\"search_term_string\"}}],\"inLanguage\":\"fr-FR\"},{\"@type\":\"Person\",\"@id\":\"https:\/\/elukelele.com\/fr\/#\/schema\/person\/ccfb3d2be2ec7fa389608eb6da0b38d6\",\"name\":\"Daniel Perrin\",\"image\":{\"@type\":\"ImageObject\",\"inLanguage\":\"fr-FR\",\"@id\":\"https:\/\/elukelele.com\/fr\/#\/schema\/person\/image\/\",\"url\":\"https:\/\/secure.gravatar.com\/avatar\/37f9d9ffa29ce5640a0d9c6ca8bbd90afb854014296ecaa0e3a558ac716e6fe4?s=96&d=mm&r=g\",\"contentUrl\":\"https:\/\/secure.gravatar.com\/avatar\/37f9d9ffa29ce5640a0d9c6ca8bbd90afb854014296ecaa0e3a558ac716e6fe4?s=96&d=mm&r=g\",\"caption\":\"Daniel Perrin\"},\"sameAs\":[\"https:\/\/elukelele.com\/fr\"],\"url\":\"https:\/\/elukelele.com\/fr\/author\/daniel-perrin\/\"}]}<\/script>\n<!-- \/ Yoast SEO plugin. -->","yoast_head_json":{"title":"Daniel Radcliffe r\u00e9v\u00e8le avoir \u00e9crit au jeune acteur qui va incarner Harry Potter dans la s\u00e9rie HBO","robots":{"index":"index","follow":"follow","max-snippet":"max-snippet:-1","max-image-preview":"max-image-preview:large","max-video-preview":"max-video-preview:-1"},"canonical":"https:\/\/elukelele.com\/fr\/technologie\/daniel-radcliffe-revele-avoir-ecrit-au-jeune-acteur-qui-va-incarner-harry-potter-dans-la-serie-hbo\/","og_locale":"fr_FR","og_type":"article","og_title":"Daniel Radcliffe r\u00e9v\u00e8le avoir \u00e9crit au jeune acteur qui va incarner Harry Potter dans la s\u00e9rie HBO","og_description":"Le monde des sorciers s&rsquo;appr\u00eate \u00e0 accueillir une nouvelle g\u00e9n\u00e9ration, et l&rsquo;un de ses plus illustres pr\u00e9d\u00e9cesseurs a d\u00e9j\u00e0 tendu la main. Daniel Radcliffe, l&rsquo;acteur embl\u00e9matique qui a incarn\u00e9 Harry Potter pendant une d\u00e9cennie sur grand \u00e9cran, a r\u00e9cemment r\u00e9v\u00e9l\u00e9 avoir \u00e9crit au jeune Dominic McLaughlin, l&rsquo;acteur choisi pour reprendre le r\u00f4le du c\u00e9l\u00e8bre sorcier [&hellip;]","og_url":"https:\/\/elukelele.com\/fr\/technologie\/daniel-radcliffe-revele-avoir-ecrit-au-jeune-acteur-qui-va-incarner-harry-potter-dans-la-serie-hbo\/","og_site_name":"El Ukelele","article_published_time":"2025-11-20T12:27:38+00:00","article_modified_time":"2025-11-20T12:27:39+00:00","og_image":[{"width":1200,"height":628,"url":"https:\/\/elukelele.com\/fr\/wp-content\/uploads\/2025\/11\/framed_only-271.png","type":"image\/png"}],"author":"Daniel Perrin","twitter_card":"summary_large_image","twitter_misc":{"\u00c9crit par":"Daniel Perrin","Dur\u00e9e de lecture estim\u00e9e":"5 minutes"},"schema":{"@context":"https:\/\/schema.org","@graph":[{"@type":"WebPage","@id":"https:\/\/elukelele.com\/fr\/technologie\/daniel-radcliffe-revele-avoir-ecrit-au-jeune-acteur-qui-va-incarner-harry-potter-dans-la-serie-hbo\/","url":"https:\/\/elukelele.com\/fr\/technologie\/daniel-radcliffe-revele-avoir-ecrit-au-jeune-acteur-qui-va-incarner-harry-potter-dans-la-serie-hbo\/","name":"Daniel Radcliffe r\u00e9v\u00e8le avoir \u00e9crit au jeune acteur qui va incarner Harry Potter dans la s\u00e9rie HBO","isPartOf":{"@id":"https:\/\/elukelele.com\/fr\/#website"},"primaryImageOfPage":{"@id":"https:\/\/elukelele.com\/fr\/technologie\/daniel-radcliffe-revele-avoir-ecrit-au-jeune-acteur-qui-va-incarner-harry-potter-dans-la-serie-hbo\/#primaryimage"},"image":{"@id":"https:\/\/elukelele.com\/fr\/technologie\/daniel-radcliffe-revele-avoir-ecrit-au-jeune-acteur-qui-va-incarner-harry-potter-dans-la-serie-hbo\/#primaryimage"},"thumbnailUrl":"https:\/\/elukelele.com\/fr\/wp-content\/uploads\/2025\/11\/framed_only-271.png","datePublished":"2025-11-20T12:27:38+00:00","dateModified":"2025-11-20T12:27:39+00:00","author":{"@id":"https:\/\/elukelele.com\/fr\/#\/schema\/person\/ccfb3d2be2ec7fa389608eb6da0b38d6"},"breadcrumb":{"@id":"https:\/\/elukelele.com\/fr\/technologie\/daniel-radcliffe-revele-avoir-ecrit-au-jeune-acteur-qui-va-incarner-harry-potter-dans-la-serie-hbo\/#breadcrumb"},"inLanguage":"fr-FR","potentialAction":[{"@type":"ReadAction","target":["https:\/\/elukelele.com\/fr\/technologie\/daniel-radcliffe-revele-avoir-ecrit-au-jeune-acteur-qui-va-incarner-harry-potter-dans-la-serie-hbo\/"]}]},{"@type":"ImageObject","inLanguage":"fr-FR","@id":"https:\/\/elukelele.com\/fr\/technologie\/daniel-radcliffe-revele-avoir-ecrit-au-jeune-acteur-qui-va-incarner-harry-potter-dans-la-serie-hbo\/#primaryimage","url":"https:\/\/elukelele.com\/fr\/wp-content\/uploads\/2025\/11\/framed_only-271.png","contentUrl":"https:\/\/elukelele.com\/fr\/wp-content\/uploads\/2025\/11\/framed_only-271.png","width":1200,"height":628,"caption":"Daniel"},{"@type":"BreadcrumbList","@id":"https:\/\/elukelele.com\/fr\/technologie\/daniel-radcliffe-revele-avoir-ecrit-au-jeune-acteur-qui-va-incarner-harry-potter-dans-la-serie-hbo\/#breadcrumb","itemListElement":[{"@type":"ListItem","position":1,"name":"Home","item":"https:\/\/elukelele.com\/fr\/"},{"@type":"ListItem","position":2,"name":"Daniel Radcliffe r\u00e9v\u00e8le avoir \u00e9crit au jeune acteur qui va incarner Harry Potter dans la s\u00e9rie HBO"}]},{"@type":"WebSite","@id":"https:\/\/elukelele.com\/fr\/#website","url":"https:\/\/elukelele.com\/fr\/","name":"El Ukelele","description":"Musique au-del\u00e0 de l&#039;indie","potentialAction":[{"@type":"SearchAction","target":{"@type":"EntryPoint","urlTemplate":"https:\/\/elukelele.com\/fr\/?s={search_term_string}"},"query-input":{"@type":"PropertyValueSpecification","valueRequired":true,"valueName":"search_term_string"}}],"inLanguage":"fr-FR"},{"@type":"Person","@id":"https:\/\/elukelele.com\/fr\/#\/schema\/person\/ccfb3d2be2ec7fa389608eb6da0b38d6","name":"Daniel Perrin","image":{"@type":"ImageObject","inLanguage":"fr-FR","@id":"https:\/\/elukelele.com\/fr\/#\/schema\/person\/image\/","url":"https:\/\/secure.gravatar.com\/avatar\/37f9d9ffa29ce5640a0d9c6ca8bbd90afb854014296ecaa0e3a558ac716e6fe4?s=96&d=mm&r=g","contentUrl":"https:\/\/secure.gravatar.com\/avatar\/37f9d9ffa29ce5640a0d9c6ca8bbd90afb854014296ecaa0e3a558ac716e6fe4?s=96&d=mm&r=g","caption":"Daniel Perrin"},"sameAs":["https:\/\/elukelele.com\/fr"],"url":"https:\/\/elukelele.com\/fr\/author\/daniel-perrin\/"}]}},"_links":{"self":[{"href":"https:\/\/elukelele.com\/fr\/wp-json\/wp\/v2\/posts\/45149","targetHints":{"allow":["GET"]}}],"collection":[{"href":"https:\/\/elukelele.com\/fr\/wp-json\/wp\/v2\/posts"}],"about":[{"href":"https:\/\/elukelele.com\/fr\/wp-json\/wp\/v2\/types\/post"}],"author":[{"embeddable":true,"href":"https:\/\/elukelele.com\/fr\/wp-json\/wp\/v2\/users\/4"}],"replies":[{"embeddable":true,"href":"https:\/\/elukelele.com\/fr\/wp-json\/wp\/v2\/comments?post=45149"}],"version-history":[{"count":1,"href":"https:\/\/elukelele.com\/fr\/wp-json\/wp\/v2\/posts\/45149\/revisions"}],"predecessor-version":[{"id":45162,"href":"https:\/\/elukelele.com\/fr\/wp-json\/wp\/v2\/posts\/45149\/revisions\/45162"}],"wp:featuredmedia":[{"embeddable":true,"href":"https:\/\/elukelele.com\/fr\/wp-json\/wp\/v2\/media\/45148"}],"wp:attachment":[{"href":"https:\/\/elukelele.com\/fr\/wp-json\/wp\/v2\/media?parent=45149"}],"wp:term":[{"taxonomy":"category","embeddable":true,"href":"https:\/\/elukelele.com\/fr\/wp-json\/wp\/v2\/categories?post=45149"},{"taxonomy":"post_tag","embeddable":true,"href":"https:\/\/elukelele.com\/fr\/wp-json\/wp\/v2\/tags?post=45149"}],"curies":[{"name":"wp","href":"https:\/\/api.w.org\/{rel}","templated":true}]}}