{"id":44962,"date":"2025-11-20T17:35:13","date_gmt":"2025-11-20T17:35:13","guid":{"rendered":"https:\/\/elukelele.com\/fr\/?p=44962"},"modified":"2025-11-20T17:35:53","modified_gmt":"2025-11-20T17:35:53","slug":"cyril-hanouna-met-fin-a-lambiance-sur-le-plateau-la-pression-quotidienne-revelee","status":"publish","type":"post","link":"https:\/\/elukelele.com\/fr\/divertissement\/cyril-hanouna-met-fin-a-lambiance-sur-le-plateau-la-pression-quotidienne-revelee\/","title":{"rendered":"Cyril Hanouna met fin \u00e0 l&#8217;ambiance sur le plateau : la pression quotidienne r\u00e9v\u00e9l\u00e9e !"},"content":{"rendered":"<p>Le monde de la t\u00e9l\u00e9vision, souvent per\u00e7u comme un univers de divertissement l\u00e9ger et sans contraintes, a r\u00e9cemment \u00e9t\u00e9 le th\u00e9\u00e2tre d&rsquo;une s\u00e9quence r\u00e9v\u00e9latrice. Mercredi novembre 2025, l&rsquo;\u00e9mission \u00ab\u00a0TBT9\u00a0\u00bb diffus\u00e9e sur W9, anim\u00e9e par Cyril Hanouna, a vu son ambiance habituelle brusquement interrompue par des confidences inattendues d&rsquo;un de ses chroniqueurs. Cette altercation a mis en lumi\u00e8re la pression quotidienne qui peut r\u00e9gner sur un plateau de t\u00e9l\u00e9vision, souvent masqu\u00e9e par les sourires et les \u00e9clats de rire.<\/p>\n<h2>Un \u00e9change houleux r\u00e9v\u00e8le la pression quotidienne sur le plateau<\/h2>\n<p>L&rsquo;incident a d\u00e9but\u00e9 alors que Cyril Hanouna abordait un sujet personnel li\u00e9 \u00e0 une r\u00e9cente intervention chirurgicale. Cherchant \u00e0 sonder l&rsquo;\u00e9quipe sur leur propre niveau d&rsquo;anxi\u00e9t\u00e9, la question a d\u00e9clench\u00e9 une r\u00e9ponse franche de Jordan De Luxe. Ce dernier n&rsquo;a pas h\u00e9sit\u00e9 \u00e0 exprimer le stress ressenti au quotidien sur le plateau. \u00ab\u00a0Oui. \u00c0 cause de vous ! On est angoiss\u00e9 tous les jours,\u00a0\u00bb a-t-il lanc\u00e9, pointant du doigt l&rsquo;animateur comme source de cette appr\u00e9hension permanente. Cette d\u00e9claration a cr\u00e9\u00e9 un malaise palpable, transformant une discussion intime en un moment de tension inattendue.<\/p>\n<h2>Les confidences des chroniqueurs et l&rsquo;\u00e9cho de l&rsquo;anxi\u00e9t\u00e9<\/h2>\n<p>La prise de parole de Jordan De Luxe a encourag\u00e9 d&rsquo;autres membres de l&rsquo;\u00e9quipe \u00e0 s&rsquo;exprimer sur les d\u00e9fis personnels et professionnels qu&rsquo;ils rencontrent. Danielle Moreau, par exemple, a r\u00e9v\u00e9l\u00e9 qu&rsquo;elle vivait avec une pathologie cardiaque, un t\u00e9moignage qui a soulign\u00e9 la vuln\u00e9rabilit\u00e9 des chroniqueurs malgr\u00e9 leur exposition m\u00e9diatique. Si certains ont tent\u00e9 d&rsquo;all\u00e9ger l&rsquo;atmosph\u00e8re en plaisantant sur le stress ou en \u00e9voquant la crainte des \u00ab\u00a0journ\u00e9es ennuyeuses\u00a0\u00bb, le fond de la discussion a mis en \u00e9vidence une r\u00e9alit\u00e9 plus complexe et moins insouciante que l&rsquo;image v\u00e9hicul\u00e9e \u00e0 l&rsquo;\u00e9cran. Ces r\u00e9v\u00e9lations sugg\u00e8rent une atmosph\u00e8re de travail parfois lourde, \u00e9loign\u00e9e de la l\u00e9g\u00e8ret\u00e9 que le public per\u00e7oit habituellement.<\/p>\n<h2>L&rsquo;escalade de la tension et le d\u00e9part de Jordan De Luxe<\/h2>\n<p>L&rsquo;\u00e9change a culmin\u00e9 lorsque Jordan De Luxe a r\u00e9it\u00e9r\u00e9 ses accusations, affirmant que chaque jour sur le plateau repr\u00e9sentait un v\u00e9ritable d\u00e9fi. Face \u00e0 cette critique directe et r\u00e9p\u00e9t\u00e9e, Cyril Hanouna, visiblement \u00e9mu, a demand\u00e9 \u00e0 son chroniqueur de quitter le plateau. Cette d\u00e9cision en direct a scell\u00e9 le moment, laissant transpara\u00eetre une dynamique de groupe sous haute pression. L&rsquo;ambiance surr\u00e9aliste qui a suivi a confirm\u00e9 que l&rsquo;environnement de travail, derri\u00e8re les cam\u00e9ras, \u00e9tait \u00ab\u00a0bien moins d\u00e9tendue qu&rsquo;elle ne para\u00eet \u00e0 l&rsquo;\u00e9cran.\u00a0\u00bb Cet incident a mis en exergue les enjeux de bien-\u00eatre pour les personnalit\u00e9s \u00e9voluant dans le rythme soutenu des \u00e9missions quotidiennes.<\/p>\n<h2>Points \u00e0 retenir<\/h2>\n<ul>\n<li>Un \u00e9change tendu entre Cyril Hanouna et Jordan De Luxe a eu lieu le mercredi 19 novembre 2025 sur le plateau de \u00ab\u00a0TBT9\u00a0\u00bb sur W9.<\/li>\n<li>Jordan De Luxe a exprim\u00e9 ressentir une \u00ab\u00a0angoisse quotidienne\u00a0\u00bb \u00e0 cause de la pression exerc\u00e9e par l&rsquo;animateur.<\/li>\n<li>D&rsquo;autres chroniqueurs ont \u00e9galement fait part de leurs propres anxi\u00e9t\u00e9s et probl\u00e8mes de sant\u00e9, dont une pathologie cardiaque \u00e9voqu\u00e9e par Danielle Moreau.<\/li>\n<li>L&rsquo;incident a conduit Cyril Hanouna \u00e0 demander \u00e0 Jordan De Luxe de quitter le plateau, r\u00e9v\u00e9lant une ambiance de travail plus complexe et tendue que celle habituellement per\u00e7ue.<\/li>\n<li>Cette s\u00e9quence soul\u00e8ve des questions sur la gestion de la pression et le bien-\u00eatre des \u00e9quipes dans les \u00e9missions de t\u00e9l\u00e9vision en direct.<\/li>\n<\/ul>\n<h2>Conclusion<\/h2>\n<p>La sc\u00e8ne qui s&rsquo;est d\u00e9roul\u00e9e sur \u00ab\u00a0TBT9\u00a0\u00bb entre Cyril Hanouna et Jordan De Luxe offre une rare incursion dans les coulisses de la production t\u00e9l\u00e9visuelle en direct. Elle rappelle que derri\u00e8re les divertissements et les personnalit\u00e9s p\u00e9tillantes se cachent souvent des individus confront\u00e9s \u00e0 une pression intense. L&rsquo;incident du 19 novembre 2025 est un rappel pertinent des r\u00e9alit\u00e9s du travail m\u00e9diatique, invitant \u00e0 une r\u00e9flexion sur l&rsquo;\u00e9quilibre entre les exigences du spectacle et le bien-\u00eatre de ceux qui le cr\u00e9ent.<\/p>\n","protected":false},"excerpt":{"rendered":"<p>Le monde de la t\u00e9l\u00e9vision, souvent per\u00e7u comme un univers de divertissement l\u00e9ger et sans contraintes, a r\u00e9cemment \u00e9t\u00e9 le th\u00e9\u00e2tre d&rsquo;une s\u00e9quence r\u00e9v\u00e9latrice. Mercredi novembre 2025, l&rsquo;\u00e9mission \u00ab\u00a0TBT9\u00a0\u00bb diffus\u00e9e sur W9, anim\u00e9e par Cyril Hanouna, a vu son ambiance habituelle brusquement interrompue par des confidences inattendues d&rsquo;un de ses chroniqueurs. Cette altercation a mis [&hellip;]<\/p>\n","protected":false},"author":4,"featured_media":44961,"comment_status":"open","ping_status":"open","sticky":false,"template":"","format":"standard","meta":{"_yoast_wpseo_title":"Cyril Hanouna met fin \u00e0 l\u2019ambiance sur le plateau : la pression quotidienne r\u00e9v\u00e9l\u00e9e !","_yoast_wpseo_metadesc":"","_yoast_wpseo_focuskw":"Cyril"},"categories":[5],"tags":[],"class_list":["post-44962","post","type-post","status-publish","format-standard","has-post-thumbnail","hentry","category-divertissement"],"yoast_head":"<!-- This site is optimized with the Yoast SEO plugin v26.3 - https:\/\/yoast.com\/wordpress\/plugins\/seo\/ -->\n<title>Cyril Hanouna met fin \u00e0 l\u2019ambiance sur le plateau : la pression quotidienne r\u00e9v\u00e9l\u00e9e !<\/title>\n<meta name=\"robots\" content=\"index, follow, max-snippet:-1, max-image-preview:large, max-video-preview:-1\" \/>\n<link rel=\"canonical\" href=\"https:\/\/elukelele.com\/fr\/divertissement\/cyril-hanouna-met-fin-a-lambiance-sur-le-plateau-la-pression-quotidienne-revelee\/\" \/>\n<meta property=\"og:locale\" content=\"fr_FR\" \/>\n<meta property=\"og:type\" content=\"article\" \/>\n<meta property=\"og:title\" content=\"Cyril Hanouna met fin \u00e0 l\u2019ambiance sur le plateau : la pression quotidienne r\u00e9v\u00e9l\u00e9e !\" \/>\n<meta property=\"og:description\" content=\"Le monde de la t\u00e9l\u00e9vision, souvent per\u00e7u comme un univers de divertissement l\u00e9ger et sans contraintes, a r\u00e9cemment \u00e9t\u00e9 le th\u00e9\u00e2tre d&rsquo;une s\u00e9quence r\u00e9v\u00e9latrice. Mercredi novembre 2025, l&rsquo;\u00e9mission \u00ab\u00a0TBT9\u00a0\u00bb diffus\u00e9e sur W9, anim\u00e9e par Cyril Hanouna, a vu son ambiance habituelle brusquement interrompue par des confidences inattendues d&rsquo;un de ses chroniqueurs. Cette altercation a mis [&hellip;]\" \/>\n<meta property=\"og:url\" content=\"https:\/\/elukelele.com\/fr\/divertissement\/cyril-hanouna-met-fin-a-lambiance-sur-le-plateau-la-pression-quotidienne-revelee\/\" \/>\n<meta property=\"og:site_name\" content=\"El Ukelele\" \/>\n<meta property=\"article:published_time\" content=\"2025-11-20T17:35:13+00:00\" \/>\n<meta property=\"article:modified_time\" content=\"2025-11-20T17:35:53+00:00\" \/>\n<meta property=\"og:image\" content=\"https:\/\/elukelele.com\/fr\/wp-content\/uploads\/2025\/11\/framed_only-179.png\" \/>\n\t<meta property=\"og:image:width\" content=\"1200\" \/>\n\t<meta property=\"og:image:height\" content=\"628\" \/>\n\t<meta property=\"og:image:type\" content=\"image\/png\" \/>\n<meta name=\"author\" content=\"Daniel Perrin\" \/>\n<meta name=\"twitter:card\" content=\"summary_large_image\" \/>\n<meta name=\"twitter:label1\" content=\"\u00c9crit par\" \/>\n\t<meta name=\"twitter:data1\" content=\"Daniel Perrin\" \/>\n\t<meta name=\"twitter:label2\" content=\"Dur\u00e9e de lecture estim\u00e9e\" \/>\n\t<meta name=\"twitter:data2\" content=\"4 minutes\" \/>\n<script type=\"application\/ld+json\" class=\"yoast-schema-graph\">{\"@context\":\"https:\/\/schema.org\",\"@graph\":[{\"@type\":\"WebPage\",\"@id\":\"https:\/\/elukelele.com\/fr\/divertissement\/cyril-hanouna-met-fin-a-lambiance-sur-le-plateau-la-pression-quotidienne-revelee\/\",\"url\":\"https:\/\/elukelele.com\/fr\/divertissement\/cyril-hanouna-met-fin-a-lambiance-sur-le-plateau-la-pression-quotidienne-revelee\/\",\"name\":\"Cyril Hanouna met fin \u00e0 l\u2019ambiance sur le plateau : la pression quotidienne r\u00e9v\u00e9l\u00e9e !\",\"isPartOf\":{\"@id\":\"https:\/\/elukelele.com\/fr\/#website\"},\"primaryImageOfPage\":{\"@id\":\"https:\/\/elukelele.com\/fr\/divertissement\/cyril-hanouna-met-fin-a-lambiance-sur-le-plateau-la-pression-quotidienne-revelee\/#primaryimage\"},\"image\":{\"@id\":\"https:\/\/elukelele.com\/fr\/divertissement\/cyril-hanouna-met-fin-a-lambiance-sur-le-plateau-la-pression-quotidienne-revelee\/#primaryimage\"},\"thumbnailUrl\":\"https:\/\/elukelele.com\/fr\/wp-content\/uploads\/2025\/11\/framed_only-179.png\",\"datePublished\":\"2025-11-20T17:35:13+00:00\",\"dateModified\":\"2025-11-20T17:35:53+00:00\",\"author\":{\"@id\":\"https:\/\/elukelele.com\/fr\/#\/schema\/person\/ccfb3d2be2ec7fa389608eb6da0b38d6\"},\"breadcrumb\":{\"@id\":\"https:\/\/elukelele.com\/fr\/divertissement\/cyril-hanouna-met-fin-a-lambiance-sur-le-plateau-la-pression-quotidienne-revelee\/#breadcrumb\"},\"inLanguage\":\"fr-FR\",\"potentialAction\":[{\"@type\":\"ReadAction\",\"target\":[\"https:\/\/elukelele.com\/fr\/divertissement\/cyril-hanouna-met-fin-a-lambiance-sur-le-plateau-la-pression-quotidienne-revelee\/\"]}]},{\"@type\":\"ImageObject\",\"inLanguage\":\"fr-FR\",\"@id\":\"https:\/\/elukelele.com\/fr\/divertissement\/cyril-hanouna-met-fin-a-lambiance-sur-le-plateau-la-pression-quotidienne-revelee\/#primaryimage\",\"url\":\"https:\/\/elukelele.com\/fr\/wp-content\/uploads\/2025\/11\/framed_only-179.png\",\"contentUrl\":\"https:\/\/elukelele.com\/fr\/wp-content\/uploads\/2025\/11\/framed_only-179.png\",\"width\":1200,\"height\":628,\"caption\":\"Cyril\"},{\"@type\":\"BreadcrumbList\",\"@id\":\"https:\/\/elukelele.com\/fr\/divertissement\/cyril-hanouna-met-fin-a-lambiance-sur-le-plateau-la-pression-quotidienne-revelee\/#breadcrumb\",\"itemListElement\":[{\"@type\":\"ListItem\",\"position\":1,\"name\":\"Home\",\"item\":\"https:\/\/elukelele.com\/fr\/\"},{\"@type\":\"ListItem\",\"position\":2,\"name\":\"Cyril Hanouna met fin \u00e0 l&#8217;ambiance sur le plateau : la pression quotidienne r\u00e9v\u00e9l\u00e9e !\"}]},{\"@type\":\"WebSite\",\"@id\":\"https:\/\/elukelele.com\/fr\/#website\",\"url\":\"https:\/\/elukelele.com\/fr\/\",\"name\":\"El Ukelele\",\"description\":\"Musique au-del\u00e0 de l&#039;indie\",\"potentialAction\":[{\"@type\":\"SearchAction\",\"target\":{\"@type\":\"EntryPoint\",\"urlTemplate\":\"https:\/\/elukelele.com\/fr\/?s={search_term_string}\"},\"query-input\":{\"@type\":\"PropertyValueSpecification\",\"valueRequired\":true,\"valueName\":\"search_term_string\"}}],\"inLanguage\":\"fr-FR\"},{\"@type\":\"Person\",\"@id\":\"https:\/\/elukelele.com\/fr\/#\/schema\/person\/ccfb3d2be2ec7fa389608eb6da0b38d6\",\"name\":\"Daniel Perrin\",\"image\":{\"@type\":\"ImageObject\",\"inLanguage\":\"fr-FR\",\"@id\":\"https:\/\/elukelele.com\/fr\/#\/schema\/person\/image\/\",\"url\":\"https:\/\/secure.gravatar.com\/avatar\/37f9d9ffa29ce5640a0d9c6ca8bbd90afb854014296ecaa0e3a558ac716e6fe4?s=96&d=mm&r=g\",\"contentUrl\":\"https:\/\/secure.gravatar.com\/avatar\/37f9d9ffa29ce5640a0d9c6ca8bbd90afb854014296ecaa0e3a558ac716e6fe4?s=96&d=mm&r=g\",\"caption\":\"Daniel Perrin\"},\"sameAs\":[\"https:\/\/elukelele.com\/fr\"],\"url\":\"https:\/\/elukelele.com\/fr\/author\/daniel-perrin\/\"}]}<\/script>\n<!-- \/ Yoast SEO plugin. -->","yoast_head_json":{"title":"Cyril Hanouna met fin \u00e0 l\u2019ambiance sur le plateau : la pression quotidienne r\u00e9v\u00e9l\u00e9e !","robots":{"index":"index","follow":"follow","max-snippet":"max-snippet:-1","max-image-preview":"max-image-preview:large","max-video-preview":"max-video-preview:-1"},"canonical":"https:\/\/elukelele.com\/fr\/divertissement\/cyril-hanouna-met-fin-a-lambiance-sur-le-plateau-la-pression-quotidienne-revelee\/","og_locale":"fr_FR","og_type":"article","og_title":"Cyril Hanouna met fin \u00e0 l\u2019ambiance sur le plateau : la pression quotidienne r\u00e9v\u00e9l\u00e9e !","og_description":"Le monde de la t\u00e9l\u00e9vision, souvent per\u00e7u comme un univers de divertissement l\u00e9ger et sans contraintes, a r\u00e9cemment \u00e9t\u00e9 le th\u00e9\u00e2tre d&rsquo;une s\u00e9quence r\u00e9v\u00e9latrice. Mercredi novembre 2025, l&rsquo;\u00e9mission \u00ab\u00a0TBT9\u00a0\u00bb diffus\u00e9e sur W9, anim\u00e9e par Cyril Hanouna, a vu son ambiance habituelle brusquement interrompue par des confidences inattendues d&rsquo;un de ses chroniqueurs. Cette altercation a mis [&hellip;]","og_url":"https:\/\/elukelele.com\/fr\/divertissement\/cyril-hanouna-met-fin-a-lambiance-sur-le-plateau-la-pression-quotidienne-revelee\/","og_site_name":"El Ukelele","article_published_time":"2025-11-20T17:35:13+00:00","article_modified_time":"2025-11-20T17:35:53+00:00","og_image":[{"width":1200,"height":628,"url":"https:\/\/elukelele.com\/fr\/wp-content\/uploads\/2025\/11\/framed_only-179.png","type":"image\/png"}],"author":"Daniel Perrin","twitter_card":"summary_large_image","twitter_misc":{"\u00c9crit par":"Daniel Perrin","Dur\u00e9e de lecture estim\u00e9e":"4 minutes"},"schema":{"@context":"https:\/\/schema.org","@graph":[{"@type":"WebPage","@id":"https:\/\/elukelele.com\/fr\/divertissement\/cyril-hanouna-met-fin-a-lambiance-sur-le-plateau-la-pression-quotidienne-revelee\/","url":"https:\/\/elukelele.com\/fr\/divertissement\/cyril-hanouna-met-fin-a-lambiance-sur-le-plateau-la-pression-quotidienne-revelee\/","name":"Cyril Hanouna met fin \u00e0 l\u2019ambiance sur le plateau : la pression quotidienne r\u00e9v\u00e9l\u00e9e !","isPartOf":{"@id":"https:\/\/elukelele.com\/fr\/#website"},"primaryImageOfPage":{"@id":"https:\/\/elukelele.com\/fr\/divertissement\/cyril-hanouna-met-fin-a-lambiance-sur-le-plateau-la-pression-quotidienne-revelee\/#primaryimage"},"image":{"@id":"https:\/\/elukelele.com\/fr\/divertissement\/cyril-hanouna-met-fin-a-lambiance-sur-le-plateau-la-pression-quotidienne-revelee\/#primaryimage"},"thumbnailUrl":"https:\/\/elukelele.com\/fr\/wp-content\/uploads\/2025\/11\/framed_only-179.png","datePublished":"2025-11-20T17:35:13+00:00","dateModified":"2025-11-20T17:35:53+00:00","author":{"@id":"https:\/\/elukelele.com\/fr\/#\/schema\/person\/ccfb3d2be2ec7fa389608eb6da0b38d6"},"breadcrumb":{"@id":"https:\/\/elukelele.com\/fr\/divertissement\/cyril-hanouna-met-fin-a-lambiance-sur-le-plateau-la-pression-quotidienne-revelee\/#breadcrumb"},"inLanguage":"fr-FR","potentialAction":[{"@type":"ReadAction","target":["https:\/\/elukelele.com\/fr\/divertissement\/cyril-hanouna-met-fin-a-lambiance-sur-le-plateau-la-pression-quotidienne-revelee\/"]}]},{"@type":"ImageObject","inLanguage":"fr-FR","@id":"https:\/\/elukelele.com\/fr\/divertissement\/cyril-hanouna-met-fin-a-lambiance-sur-le-plateau-la-pression-quotidienne-revelee\/#primaryimage","url":"https:\/\/elukelele.com\/fr\/wp-content\/uploads\/2025\/11\/framed_only-179.png","contentUrl":"https:\/\/elukelele.com\/fr\/wp-content\/uploads\/2025\/11\/framed_only-179.png","width":1200,"height":628,"caption":"Cyril"},{"@type":"BreadcrumbList","@id":"https:\/\/elukelele.com\/fr\/divertissement\/cyril-hanouna-met-fin-a-lambiance-sur-le-plateau-la-pression-quotidienne-revelee\/#breadcrumb","itemListElement":[{"@type":"ListItem","position":1,"name":"Home","item":"https:\/\/elukelele.com\/fr\/"},{"@type":"ListItem","position":2,"name":"Cyril Hanouna met fin \u00e0 l&#8217;ambiance sur le plateau : la pression quotidienne r\u00e9v\u00e9l\u00e9e !"}]},{"@type":"WebSite","@id":"https:\/\/elukelele.com\/fr\/#website","url":"https:\/\/elukelele.com\/fr\/","name":"El Ukelele","description":"Musique au-del\u00e0 de l&#039;indie","potentialAction":[{"@type":"SearchAction","target":{"@type":"EntryPoint","urlTemplate":"https:\/\/elukelele.com\/fr\/?s={search_term_string}"},"query-input":{"@type":"PropertyValueSpecification","valueRequired":true,"valueName":"search_term_string"}}],"inLanguage":"fr-FR"},{"@type":"Person","@id":"https:\/\/elukelele.com\/fr\/#\/schema\/person\/ccfb3d2be2ec7fa389608eb6da0b38d6","name":"Daniel Perrin","image":{"@type":"ImageObject","inLanguage":"fr-FR","@id":"https:\/\/elukelele.com\/fr\/#\/schema\/person\/image\/","url":"https:\/\/secure.gravatar.com\/avatar\/37f9d9ffa29ce5640a0d9c6ca8bbd90afb854014296ecaa0e3a558ac716e6fe4?s=96&d=mm&r=g","contentUrl":"https:\/\/secure.gravatar.com\/avatar\/37f9d9ffa29ce5640a0d9c6ca8bbd90afb854014296ecaa0e3a558ac716e6fe4?s=96&d=mm&r=g","caption":"Daniel Perrin"},"sameAs":["https:\/\/elukelele.com\/fr"],"url":"https:\/\/elukelele.com\/fr\/author\/daniel-perrin\/"}]}},"_links":{"self":[{"href":"https:\/\/elukelele.com\/fr\/wp-json\/wp\/v2\/posts\/44962","targetHints":{"allow":["GET"]}}],"collection":[{"href":"https:\/\/elukelele.com\/fr\/wp-json\/wp\/v2\/posts"}],"about":[{"href":"https:\/\/elukelele.com\/fr\/wp-json\/wp\/v2\/types\/post"}],"author":[{"embeddable":true,"href":"https:\/\/elukelele.com\/fr\/wp-json\/wp\/v2\/users\/4"}],"replies":[{"embeddable":true,"href":"https:\/\/elukelele.com\/fr\/wp-json\/wp\/v2\/comments?post=44962"}],"version-history":[{"count":2,"href":"https:\/\/elukelele.com\/fr\/wp-json\/wp\/v2\/posts\/44962\/revisions"}],"predecessor-version":[{"id":45165,"href":"https:\/\/elukelele.com\/fr\/wp-json\/wp\/v2\/posts\/44962\/revisions\/45165"}],"wp:featuredmedia":[{"embeddable":true,"href":"https:\/\/elukelele.com\/fr\/wp-json\/wp\/v2\/media\/44961"}],"wp:attachment":[{"href":"https:\/\/elukelele.com\/fr\/wp-json\/wp\/v2\/media?parent=44962"}],"wp:term":[{"taxonomy":"category","embeddable":true,"href":"https:\/\/elukelele.com\/fr\/wp-json\/wp\/v2\/categories?post=44962"},{"taxonomy":"post_tag","embeddable":true,"href":"https:\/\/elukelele.com\/fr\/wp-json\/wp\/v2\/tags?post=44962"}],"curies":[{"name":"wp","href":"https:\/\/api.w.org\/{rel}","templated":true}]}}