{"id":44934,"date":"2025-11-19T09:23:33","date_gmt":"2025-11-19T09:23:33","guid":{"rendered":"https:\/\/elukelele.com\/fr\/?p=44934"},"modified":"2025-11-19T09:23:34","modified_gmt":"2025-11-19T09:23:34","slug":"affaire-conclue-ce-retour-qui-ne-va-pas-passer-inapercu-sur-france-2","status":"publish","type":"post","link":"https:\/\/elukelele.com\/fr\/divertissement\/affaire-conclue-ce-retour-qui-ne-va-pas-passer-inapercu-sur-france-2\/","title":{"rendered":"Affaire conclue\u00a0: ce retour qui ne va pas passer inaper\u00e7u sur France 2"},"content":{"rendered":"<p>L&rsquo;\u00e9mission \u00ab\u00a0Affaire conclue\u00a0\u00bb, rendez-vous incontournable des apr\u00e8s-midis de France 2, se pr\u00e9pare \u00e0 un \u00e9v\u00e9nement qui s&rsquo;annonce m\u00e9morable pour ses fid\u00e8les t\u00e9l\u00e9spectateurs. Anim\u00e9e actuellement par Julia Vignali, le programme s&rsquo;appr\u00eate \u00e0 c\u00e9l\u00e9brer un cap significatif avec sa 3000\u00e8me \u00e9mission, marquant l&rsquo;occasion d&rsquo;un retour tr\u00e8s attendu et qui ne manquera pas de faire parler sur la cha\u00eene publique.<\/p>\n<h2>\u00ab\u00a0Affaire Conclue\u00a0\u00bb et la Dynamique des Audiences R\u00e9centes<\/h2>\n<p>Ces derni\u00e8res semaines, \u00ab\u00a0Affaire conclue\u00a0\u00bb, le programme de ventes aux ench\u00e8res quotidien de France 2, a navigu\u00e9 dans un paysage audiovisuel particuli\u00e8rement comp\u00e9titif. Face \u00e0 la diffusion des traditionnels t\u00e9l\u00e9films de No\u00ebl et le lancement de la quotidienne de la \u00ab\u00a0Star Academy\u00a0\u00bb sur TF1, l&rsquo;\u00e9mission, d\u00e9sormais pr\u00e9sent\u00e9e par Julia Vignali, a connu des d\u00e9fis en termes d&rsquo;audience.<\/p>\n<p>\u00c0 titre d&rsquo;exemple, le lundi 17 novembre 2025, le premier num\u00e9ro, diffus\u00e9 entre 16h19 et 17h05, a r\u00e9uni environ 1,01 million de t\u00e9l\u00e9spectateurs, atteignant 17,5% de part de march\u00e9 aupr\u00e8s de l&rsquo;ensemble du public. Bien que positionnant France 2 en t\u00eate des audiences sur ce cr\u00e9neau, l&rsquo;\u00e9mission a enregistr\u00e9 une baisse de 2,1 points de part d&rsquo;audience par rapport \u00e0 l&rsquo;ann\u00e9e pr\u00e9c\u00e9dente.<\/p>\n<p>Le second num\u00e9ro, propos\u00e9 entre 17h16 et 18h00, a rassembl\u00e9 1,40 million de personnes, repr\u00e9sentant 17,2% du public. \u00ab\u00a0Affaire conclue\u00a0\u00bb a ainsi maintenu son leadership, malgr\u00e9 une diminution de 1,2 point de part d&rsquo;audience sur un an.<\/p>\n<h2>Un \u00c9v\u00e9nement Marquant : La 3000\u00e8me \u00c9mission<\/h2>\n<p>Cependant, le mardi 18 novembre 2025, l&rsquo;\u00e9mission est mise en lumi\u00e8re par un \u00e9v\u00e9nement sp\u00e9cial : la c\u00e9l\u00e9bration de son 3000\u00e8me num\u00e9ro. Pour cette occasion singuli\u00e8re, France 2 a pr\u00e9par\u00e9 une \u00e9dition sp\u00e9ciale qui devrait insuffler une nouvelle dynamique et attirer l&rsquo;attention des t\u00e9l\u00e9spectateurs.<\/p>\n<p>Cette c\u00e9l\u00e9bration promet un contenu enrichi, incluant des moments d&rsquo;archives in\u00e9dits, des retours sur les s\u00e9quences cultes qui ont jalonn\u00e9 l&rsquo;histoire du programme, et diverses surprises pens\u00e9es pour les fans. Des figures embl\u00e9matiques de l&rsquo;\u00e9mission, telles que Caroline Margeridon et Harold Hessel, seront \u00e9galement de la partie pour partager ce moment privil\u00e9gi\u00e9.<\/p>\n<h2>Le Retour Attendu de Sophie Davant<\/h2>\n<p>L&rsquo;annonce la plus marquante de cette 3000\u00e8me \u00e9mission est sans aucun doute le retour de Sophie Davant, l&rsquo;animatrice historique d&rsquo;\u201cAffaire conclue\u201d de 2017 \u00e0 2023. Elle reprendra les commandes pour cette \u00e9dition anniversaire, aux c\u00f4t\u00e9s de l&rsquo;actuelle pr\u00e9sentatrice, Julia Vignali.<\/p>\n<p>Sophie Davant a exprim\u00e9 son enthousiasme face \u00e0 ce retour, d\u00e9clarant : \u00ab Je co-pr\u00e9senterai l\u2019\u00e9mission aupr\u00e8s de Julia Vignali. Comme j\u2019ai fait un peu plus de saisons qu\u2019elle pour le moment, ils ont fait appel \u00e0 moi. Je trouve \u00e7a assez sympa \u00bb. Elle a \u00e9galement partag\u00e9 son \u00e9motion \u00e0 l&rsquo;id\u00e9e de retrouver l&rsquo;\u00e9quipe de l&rsquo;\u00e9mission, soulignant que ce num\u00e9ro sp\u00e9cial serait l&rsquo;occasion de revivre \u00ab\u00a0les plus belles ventes, les plus beaux fous rires\u00a0\u00bb et d&rsquo;expertiser de nouveaux objets.<\/p>\n<h2>Conclusion<\/h2>\n<p>Le retour de Sophie Davant pour la 3000\u00e8me \u00e9mission d'\u00a0\u00bbAffaire conclue\u00a0\u00bb sur France 2 repr\u00e9sente un moment fort pour le programme et ses aficionados. Cet \u00e9v\u00e9nement sp\u00e9cial, riche en \u00e9motions et en souvenirs, promet de raviver la flamme des d\u00e9buts tout en c\u00e9l\u00e9brant la continuit\u00e9 et le succ\u00e8s de l&rsquo;\u00e9mission. Ce mardi 18 novembre 2025, les t\u00e9l\u00e9spectateurs sont invit\u00e9s \u00e0 un voyage dans le temps, jalonn\u00e9 de surprises et de retrouvailles, qui marquera sans aucun doute une page importante dans l&rsquo;histoire d&rsquo;\u201cAffaire conclue\u201d.<\/p>\n","protected":false},"excerpt":{"rendered":"<p>L&rsquo;\u00e9mission \u00ab\u00a0Affaire conclue\u00a0\u00bb, rendez-vous incontournable des apr\u00e8s-midis de France 2, se pr\u00e9pare \u00e0 un \u00e9v\u00e9nement qui s&rsquo;annonce m\u00e9morable pour ses fid\u00e8les t\u00e9l\u00e9spectateurs. Anim\u00e9e actuellement par Julia Vignali, le programme s&rsquo;appr\u00eate \u00e0 c\u00e9l\u00e9brer un cap significatif avec sa 3000\u00e8me \u00e9mission, marquant l&rsquo;occasion d&rsquo;un retour tr\u00e8s attendu et qui ne manquera pas de faire parler sur la [&hellip;]<\/p>\n","protected":false},"author":4,"featured_media":44933,"comment_status":"open","ping_status":"open","sticky":false,"template":"","format":"standard","meta":{"_yoast_wpseo_title":"Affaire conclue\u00a0: ce retour qui ne va pas passer inaper\u00e7u sur France 2","_yoast_wpseo_metadesc":"","_yoast_wpseo_focuskw":"France 2"},"categories":[5],"tags":[],"class_list":["post-44934","post","type-post","status-publish","format-standard","has-post-thumbnail","hentry","category-divertissement"],"yoast_head":"<!-- This site is optimized with the Yoast SEO plugin v26.3 - https:\/\/yoast.com\/wordpress\/plugins\/seo\/ -->\n<title>Affaire conclue\u00a0: ce retour qui ne va pas passer inaper\u00e7u sur France 2<\/title>\n<meta name=\"robots\" content=\"index, follow, max-snippet:-1, max-image-preview:large, max-video-preview:-1\" \/>\n<link rel=\"canonical\" href=\"https:\/\/elukelele.com\/fr\/divertissement\/affaire-conclue-ce-retour-qui-ne-va-pas-passer-inapercu-sur-france-2\/\" \/>\n<meta property=\"og:locale\" content=\"fr_FR\" \/>\n<meta property=\"og:type\" content=\"article\" \/>\n<meta property=\"og:title\" content=\"Affaire conclue\u00a0: ce retour qui ne va pas passer inaper\u00e7u sur France 2\" \/>\n<meta property=\"og:description\" content=\"L&rsquo;\u00e9mission \u00ab\u00a0Affaire conclue\u00a0\u00bb, rendez-vous incontournable des apr\u00e8s-midis de France 2, se pr\u00e9pare \u00e0 un \u00e9v\u00e9nement qui s&rsquo;annonce m\u00e9morable pour ses fid\u00e8les t\u00e9l\u00e9spectateurs. Anim\u00e9e actuellement par Julia Vignali, le programme s&rsquo;appr\u00eate \u00e0 c\u00e9l\u00e9brer un cap significatif avec sa 3000\u00e8me \u00e9mission, marquant l&rsquo;occasion d&rsquo;un retour tr\u00e8s attendu et qui ne manquera pas de faire parler sur la [&hellip;]\" \/>\n<meta property=\"og:url\" content=\"https:\/\/elukelele.com\/fr\/divertissement\/affaire-conclue-ce-retour-qui-ne-va-pas-passer-inapercu-sur-france-2\/\" \/>\n<meta property=\"og:site_name\" content=\"El Ukelele\" \/>\n<meta property=\"article:published_time\" content=\"2025-11-19T09:23:33+00:00\" \/>\n<meta property=\"article:modified_time\" content=\"2025-11-19T09:23:34+00:00\" \/>\n<meta property=\"og:image\" content=\"https:\/\/elukelele.com\/fr\/wp-content\/uploads\/2025\/11\/framed_only-177.png\" \/>\n\t<meta property=\"og:image:width\" content=\"1200\" \/>\n\t<meta property=\"og:image:height\" content=\"628\" \/>\n\t<meta property=\"og:image:type\" content=\"image\/png\" \/>\n<meta name=\"author\" content=\"Daniel Perrin\" \/>\n<meta name=\"twitter:card\" content=\"summary_large_image\" \/>\n<meta name=\"twitter:label1\" content=\"\u00c9crit par\" \/>\n\t<meta name=\"twitter:data1\" content=\"Daniel Perrin\" \/>\n\t<meta name=\"twitter:label2\" content=\"Dur\u00e9e de lecture estim\u00e9e\" \/>\n\t<meta name=\"twitter:data2\" content=\"3 minutes\" \/>\n<script type=\"application\/ld+json\" class=\"yoast-schema-graph\">{\"@context\":\"https:\/\/schema.org\",\"@graph\":[{\"@type\":\"WebPage\",\"@id\":\"https:\/\/elukelele.com\/fr\/divertissement\/affaire-conclue-ce-retour-qui-ne-va-pas-passer-inapercu-sur-france-2\/\",\"url\":\"https:\/\/elukelele.com\/fr\/divertissement\/affaire-conclue-ce-retour-qui-ne-va-pas-passer-inapercu-sur-france-2\/\",\"name\":\"Affaire conclue\u00a0: ce retour qui ne va pas passer inaper\u00e7u sur France 2\",\"isPartOf\":{\"@id\":\"https:\/\/elukelele.com\/fr\/#website\"},\"primaryImageOfPage\":{\"@id\":\"https:\/\/elukelele.com\/fr\/divertissement\/affaire-conclue-ce-retour-qui-ne-va-pas-passer-inapercu-sur-france-2\/#primaryimage\"},\"image\":{\"@id\":\"https:\/\/elukelele.com\/fr\/divertissement\/affaire-conclue-ce-retour-qui-ne-va-pas-passer-inapercu-sur-france-2\/#primaryimage\"},\"thumbnailUrl\":\"https:\/\/elukelele.com\/fr\/wp-content\/uploads\/2025\/11\/framed_only-177.png\",\"datePublished\":\"2025-11-19T09:23:33+00:00\",\"dateModified\":\"2025-11-19T09:23:34+00:00\",\"author\":{\"@id\":\"https:\/\/elukelele.com\/fr\/#\/schema\/person\/ccfb3d2be2ec7fa389608eb6da0b38d6\"},\"breadcrumb\":{\"@id\":\"https:\/\/elukelele.com\/fr\/divertissement\/affaire-conclue-ce-retour-qui-ne-va-pas-passer-inapercu-sur-france-2\/#breadcrumb\"},\"inLanguage\":\"fr-FR\",\"potentialAction\":[{\"@type\":\"ReadAction\",\"target\":[\"https:\/\/elukelele.com\/fr\/divertissement\/affaire-conclue-ce-retour-qui-ne-va-pas-passer-inapercu-sur-france-2\/\"]}]},{\"@type\":\"ImageObject\",\"inLanguage\":\"fr-FR\",\"@id\":\"https:\/\/elukelele.com\/fr\/divertissement\/affaire-conclue-ce-retour-qui-ne-va-pas-passer-inapercu-sur-france-2\/#primaryimage\",\"url\":\"https:\/\/elukelele.com\/fr\/wp-content\/uploads\/2025\/11\/framed_only-177.png\",\"contentUrl\":\"https:\/\/elukelele.com\/fr\/wp-content\/uploads\/2025\/11\/framed_only-177.png\",\"width\":1200,\"height\":628,\"caption\":\"France 2\"},{\"@type\":\"BreadcrumbList\",\"@id\":\"https:\/\/elukelele.com\/fr\/divertissement\/affaire-conclue-ce-retour-qui-ne-va-pas-passer-inapercu-sur-france-2\/#breadcrumb\",\"itemListElement\":[{\"@type\":\"ListItem\",\"position\":1,\"name\":\"Home\",\"item\":\"https:\/\/elukelele.com\/fr\/\"},{\"@type\":\"ListItem\",\"position\":2,\"name\":\"Affaire conclue\u00a0: ce retour qui ne va pas passer inaper\u00e7u sur France 2\"}]},{\"@type\":\"WebSite\",\"@id\":\"https:\/\/elukelele.com\/fr\/#website\",\"url\":\"https:\/\/elukelele.com\/fr\/\",\"name\":\"El Ukelele\",\"description\":\"Musique au-del\u00e0 de l&#039;indie\",\"potentialAction\":[{\"@type\":\"SearchAction\",\"target\":{\"@type\":\"EntryPoint\",\"urlTemplate\":\"https:\/\/elukelele.com\/fr\/?s={search_term_string}\"},\"query-input\":{\"@type\":\"PropertyValueSpecification\",\"valueRequired\":true,\"valueName\":\"search_term_string\"}}],\"inLanguage\":\"fr-FR\"},{\"@type\":\"Person\",\"@id\":\"https:\/\/elukelele.com\/fr\/#\/schema\/person\/ccfb3d2be2ec7fa389608eb6da0b38d6\",\"name\":\"Daniel Perrin\",\"image\":{\"@type\":\"ImageObject\",\"inLanguage\":\"fr-FR\",\"@id\":\"https:\/\/elukelele.com\/fr\/#\/schema\/person\/image\/\",\"url\":\"https:\/\/secure.gravatar.com\/avatar\/37f9d9ffa29ce5640a0d9c6ca8bbd90afb854014296ecaa0e3a558ac716e6fe4?s=96&d=mm&r=g\",\"contentUrl\":\"https:\/\/secure.gravatar.com\/avatar\/37f9d9ffa29ce5640a0d9c6ca8bbd90afb854014296ecaa0e3a558ac716e6fe4?s=96&d=mm&r=g\",\"caption\":\"Daniel Perrin\"},\"sameAs\":[\"https:\/\/elukelele.com\/fr\"],\"url\":\"https:\/\/elukelele.com\/fr\/author\/daniel-perrin\/\"}]}<\/script>\n<!-- \/ Yoast SEO plugin. -->","yoast_head_json":{"title":"Affaire conclue\u00a0: ce retour qui ne va pas passer inaper\u00e7u sur France 2","robots":{"index":"index","follow":"follow","max-snippet":"max-snippet:-1","max-image-preview":"max-image-preview:large","max-video-preview":"max-video-preview:-1"},"canonical":"https:\/\/elukelele.com\/fr\/divertissement\/affaire-conclue-ce-retour-qui-ne-va-pas-passer-inapercu-sur-france-2\/","og_locale":"fr_FR","og_type":"article","og_title":"Affaire conclue\u00a0: ce retour qui ne va pas passer inaper\u00e7u sur France 2","og_description":"L&rsquo;\u00e9mission \u00ab\u00a0Affaire conclue\u00a0\u00bb, rendez-vous incontournable des apr\u00e8s-midis de France 2, se pr\u00e9pare \u00e0 un \u00e9v\u00e9nement qui s&rsquo;annonce m\u00e9morable pour ses fid\u00e8les t\u00e9l\u00e9spectateurs. Anim\u00e9e actuellement par Julia Vignali, le programme s&rsquo;appr\u00eate \u00e0 c\u00e9l\u00e9brer un cap significatif avec sa 3000\u00e8me \u00e9mission, marquant l&rsquo;occasion d&rsquo;un retour tr\u00e8s attendu et qui ne manquera pas de faire parler sur la [&hellip;]","og_url":"https:\/\/elukelele.com\/fr\/divertissement\/affaire-conclue-ce-retour-qui-ne-va-pas-passer-inapercu-sur-france-2\/","og_site_name":"El Ukelele","article_published_time":"2025-11-19T09:23:33+00:00","article_modified_time":"2025-11-19T09:23:34+00:00","og_image":[{"width":1200,"height":628,"url":"https:\/\/elukelele.com\/fr\/wp-content\/uploads\/2025\/11\/framed_only-177.png","type":"image\/png"}],"author":"Daniel Perrin","twitter_card":"summary_large_image","twitter_misc":{"\u00c9crit par":"Daniel Perrin","Dur\u00e9e de lecture estim\u00e9e":"3 minutes"},"schema":{"@context":"https:\/\/schema.org","@graph":[{"@type":"WebPage","@id":"https:\/\/elukelele.com\/fr\/divertissement\/affaire-conclue-ce-retour-qui-ne-va-pas-passer-inapercu-sur-france-2\/","url":"https:\/\/elukelele.com\/fr\/divertissement\/affaire-conclue-ce-retour-qui-ne-va-pas-passer-inapercu-sur-france-2\/","name":"Affaire conclue\u00a0: ce retour qui ne va pas passer inaper\u00e7u sur France 2","isPartOf":{"@id":"https:\/\/elukelele.com\/fr\/#website"},"primaryImageOfPage":{"@id":"https:\/\/elukelele.com\/fr\/divertissement\/affaire-conclue-ce-retour-qui-ne-va-pas-passer-inapercu-sur-france-2\/#primaryimage"},"image":{"@id":"https:\/\/elukelele.com\/fr\/divertissement\/affaire-conclue-ce-retour-qui-ne-va-pas-passer-inapercu-sur-france-2\/#primaryimage"},"thumbnailUrl":"https:\/\/elukelele.com\/fr\/wp-content\/uploads\/2025\/11\/framed_only-177.png","datePublished":"2025-11-19T09:23:33+00:00","dateModified":"2025-11-19T09:23:34+00:00","author":{"@id":"https:\/\/elukelele.com\/fr\/#\/schema\/person\/ccfb3d2be2ec7fa389608eb6da0b38d6"},"breadcrumb":{"@id":"https:\/\/elukelele.com\/fr\/divertissement\/affaire-conclue-ce-retour-qui-ne-va-pas-passer-inapercu-sur-france-2\/#breadcrumb"},"inLanguage":"fr-FR","potentialAction":[{"@type":"ReadAction","target":["https:\/\/elukelele.com\/fr\/divertissement\/affaire-conclue-ce-retour-qui-ne-va-pas-passer-inapercu-sur-france-2\/"]}]},{"@type":"ImageObject","inLanguage":"fr-FR","@id":"https:\/\/elukelele.com\/fr\/divertissement\/affaire-conclue-ce-retour-qui-ne-va-pas-passer-inapercu-sur-france-2\/#primaryimage","url":"https:\/\/elukelele.com\/fr\/wp-content\/uploads\/2025\/11\/framed_only-177.png","contentUrl":"https:\/\/elukelele.com\/fr\/wp-content\/uploads\/2025\/11\/framed_only-177.png","width":1200,"height":628,"caption":"France 2"},{"@type":"BreadcrumbList","@id":"https:\/\/elukelele.com\/fr\/divertissement\/affaire-conclue-ce-retour-qui-ne-va-pas-passer-inapercu-sur-france-2\/#breadcrumb","itemListElement":[{"@type":"ListItem","position":1,"name":"Home","item":"https:\/\/elukelele.com\/fr\/"},{"@type":"ListItem","position":2,"name":"Affaire conclue\u00a0: ce retour qui ne va pas passer inaper\u00e7u sur France 2"}]},{"@type":"WebSite","@id":"https:\/\/elukelele.com\/fr\/#website","url":"https:\/\/elukelele.com\/fr\/","name":"El Ukelele","description":"Musique au-del\u00e0 de l&#039;indie","potentialAction":[{"@type":"SearchAction","target":{"@type":"EntryPoint","urlTemplate":"https:\/\/elukelele.com\/fr\/?s={search_term_string}"},"query-input":{"@type":"PropertyValueSpecification","valueRequired":true,"valueName":"search_term_string"}}],"inLanguage":"fr-FR"},{"@type":"Person","@id":"https:\/\/elukelele.com\/fr\/#\/schema\/person\/ccfb3d2be2ec7fa389608eb6da0b38d6","name":"Daniel Perrin","image":{"@type":"ImageObject","inLanguage":"fr-FR","@id":"https:\/\/elukelele.com\/fr\/#\/schema\/person\/image\/","url":"https:\/\/secure.gravatar.com\/avatar\/37f9d9ffa29ce5640a0d9c6ca8bbd90afb854014296ecaa0e3a558ac716e6fe4?s=96&d=mm&r=g","contentUrl":"https:\/\/secure.gravatar.com\/avatar\/37f9d9ffa29ce5640a0d9c6ca8bbd90afb854014296ecaa0e3a558ac716e6fe4?s=96&d=mm&r=g","caption":"Daniel Perrin"},"sameAs":["https:\/\/elukelele.com\/fr"],"url":"https:\/\/elukelele.com\/fr\/author\/daniel-perrin\/"}]}},"_links":{"self":[{"href":"https:\/\/elukelele.com\/fr\/wp-json\/wp\/v2\/posts\/44934","targetHints":{"allow":["GET"]}}],"collection":[{"href":"https:\/\/elukelele.com\/fr\/wp-json\/wp\/v2\/posts"}],"about":[{"href":"https:\/\/elukelele.com\/fr\/wp-json\/wp\/v2\/types\/post"}],"author":[{"embeddable":true,"href":"https:\/\/elukelele.com\/fr\/wp-json\/wp\/v2\/users\/4"}],"replies":[{"embeddable":true,"href":"https:\/\/elukelele.com\/fr\/wp-json\/wp\/v2\/comments?post=44934"}],"version-history":[{"count":1,"href":"https:\/\/elukelele.com\/fr\/wp-json\/wp\/v2\/posts\/44934\/revisions"}],"predecessor-version":[{"id":44960,"href":"https:\/\/elukelele.com\/fr\/wp-json\/wp\/v2\/posts\/44934\/revisions\/44960"}],"wp:featuredmedia":[{"embeddable":true,"href":"https:\/\/elukelele.com\/fr\/wp-json\/wp\/v2\/media\/44933"}],"wp:attachment":[{"href":"https:\/\/elukelele.com\/fr\/wp-json\/wp\/v2\/media?parent=44934"}],"wp:term":[{"taxonomy":"category","embeddable":true,"href":"https:\/\/elukelele.com\/fr\/wp-json\/wp\/v2\/categories?post=44934"},{"taxonomy":"post_tag","embeddable":true,"href":"https:\/\/elukelele.com\/fr\/wp-json\/wp\/v2\/tags?post=44934"}],"curies":[{"name":"wp","href":"https:\/\/api.w.org\/{rel}","templated":true}]}}