{"id":44923,"date":"2025-11-19T09:16:09","date_gmt":"2025-11-19T09:16:09","guid":{"rendered":"https:\/\/elukelele.com\/fr\/?p=44923"},"modified":"2025-11-19T09:16:09","modified_gmt":"2025-11-19T09:16:09","slug":"christine-kelly-explique-les-raisons-de-labsence-de-mathieu-bock-cote-nouveau-succes","status":"publish","type":"post","link":"https:\/\/elukelele.com\/fr\/divertissement\/christine-kelly-explique-les-raisons-de-labsence-de-mathieu-bock-cote-nouveau-succes\/","title":{"rendered":"Christine Kelly explique les raisons de l\u2019absence de Mathieu Bock-C\u00f4t\u00e9, nouveau succ\u00e8s"},"content":{"rendered":"<p>L&rsquo;\u00e9mission \u00ab\u00a0Face \u00e0 l&rsquo;info\u00a0\u00bb sur CNews continue de capter l&rsquo;attention des t\u00e9l\u00e9spectateurs, notamment gr\u00e2ce \u00e0 la dynamique insuffl\u00e9e par son animatrice Christine Kelly. R\u00e9cemment, l&rsquo;absence d&rsquo;une figure embl\u00e9matique du programme, Mathieu Bock-C\u00f4t\u00e9, a suscit\u00e9 des interrogations parmi les fid\u00e8les de la cha\u00eene. Christine Kelly a lev\u00e9 le voile sur les raisons de cette absence, tandis que l&rsquo;\u00e9mission confirmait son statut de succ\u00e8s d&rsquo;audience pour CNews.<\/p>\n<h2>Christine Kelly \u00c9voque l&rsquo;Absence de Mathieu Bock-C\u00f4t\u00e9<\/h2>\n<p>Lors de l&rsquo;\u00e9mission du lundi 17 novembre 2025, Christine Kelly a abord\u00e9 de mani\u00e8re directe l&rsquo;absence de Mathieu Bock-C\u00f4t\u00e9, chroniqueur appr\u00e9ci\u00e9 de \u00ab\u00a0Face \u00e0 l&rsquo;info\u00a0\u00bb. L&rsquo;animatrice a partag\u00e9 avec le public une explication chaleureuse et transparente. Elle a notamment fait r\u00e9f\u00e9rence \u00e0 une photographie envoy\u00e9e par Mathieu Bock-C\u00f4t\u00e9, le montrant dans un paysage enneig\u00e9, sugg\u00e9rant ainsi une p\u00e9riode de repos ou de vacances.<\/p>\n<p>Avec humour et affection, Christine Kelly a d\u00e9clar\u00e9 : \u00ab Ouf&#8230; Mathieu n\u2019est pas l\u00e0 ce soir. Je rigole, on l\u2019aime et il nous manque. On l\u2019embrasse tr\u00e8s fort. Il n\u2019est pas l\u00e0 cette semaine. Il sera remplac\u00e9 par Erik Tegn\u00e9r \u00bb. Cette intervention a permis de rassurer les t\u00e9l\u00e9spectateurs et d&rsquo;expliquer l&rsquo;organisation de l&rsquo;\u00e9quipe durant cette p\u00e9riode, avec Erik Tegn\u00e9r assurant l&rsquo;int\u00e9rim.<\/p>\n<h2>Les Th\u00e8mes Abord\u00e9s et le Succ\u00e8s d&rsquo;Audience Confirm\u00e9<\/h2>\n<p>Malgr\u00e9 l&rsquo;absence temporaire de Mathieu Bock-C\u00f4t\u00e9, l&rsquo;\u00e9mission \u00ab\u00a0Face \u00e0 l&rsquo;info\u00a0\u00bb a maintenu sa ligne \u00e9ditoriale ax\u00e9e sur l&rsquo;analyse de l&rsquo;actualit\u00e9 politique et soci\u00e9tale. Le 17 novembre 2025, plusieurs sujets ont \u00e9t\u00e9 trait\u00e9s, parmi lesquels les d\u00e9clarations d&rsquo;Alain Souchon concernant le Rassemblement national, et la controverse entourant les Girondins de Bordeaux et \u00c9ric Zemmour, suite \u00e0 une photo de ce dernier portant le maillot du club.<\/p>\n<p>Le programme a une nouvelle fois d\u00e9montr\u00e9 sa capacit\u00e9 \u00e0 attirer un large public. Le num\u00e9ro du 17 novembre 2025 a r\u00e9uni 770 000 t\u00e9l\u00e9spectateurs en moyenne, ce qui repr\u00e9sente une part de march\u00e9 de 4,6% aupr\u00e8s de l&rsquo;ensemble du public \u00e2g\u00e9 de quatre ans et plus. Ces chiffres ont positionn\u00e9 CNews comme la premi\u00e8re cha\u00eene d\u2019information sur cette tranche horaire, y compris sur des cibles strat\u00e9giques comme les CSP+ et les 25-49 ans.<\/p>\n<p>Un pic d&rsquo;audience a m\u00eame \u00e9t\u00e9 enregistr\u00e9 entre 19h56 et 20h03, durant l&rsquo;intervention de Pierre-Alain Greco de SOS Calvaires, f\u00e9d\u00e9rant alors 921 000 personnes. Ces performances soulignent la forte adh\u00e9sion du public \u00e0 \u00ab\u00a0Face \u00e0 l&rsquo;info\u00a0\u00bb et \u00e0 son format, confirmant un nouveau succ\u00e8s pour CNews.<\/p>\n<h2>Conclusion<\/h2>\n<p>\u00ab\u00a0Face \u00e0 l&rsquo;info\u00a0\u00bb, anim\u00e9 par Christine Kelly, continue d&rsquo;\u00eatre un rendez-vous incontournable pour les amateurs de d\u00e9bats et d&rsquo;analyses politiques sur CNews. L&rsquo;explication de l&rsquo;absence de Mathieu Bock-C\u00f4t\u00e9, donn\u00e9e par Christine Kelly, a montr\u00e9 la transparence de l&rsquo;\u00e9quipe envers son public. Le succ\u00e8s d&rsquo;audience persistant, m\u00eame en l&rsquo;absence de l&rsquo;un de ses chroniqueurs phares, t\u00e9moigne de la solidit\u00e9 du programme et de son attrait constant pour une part significative des t\u00e9l\u00e9spectateurs fran\u00e7ais. L&rsquo;\u00e9mission est diffus\u00e9e du lundi au jeudi \u00e0 19 heures sur CNews.<\/p>\n","protected":false},"excerpt":{"rendered":"<p>L&rsquo;\u00e9mission \u00ab\u00a0Face \u00e0 l&rsquo;info\u00a0\u00bb sur CNews continue de capter l&rsquo;attention des t\u00e9l\u00e9spectateurs, notamment gr\u00e2ce \u00e0 la dynamique insuffl\u00e9e par son animatrice Christine Kelly. R\u00e9cemment, l&rsquo;absence d&rsquo;une figure embl\u00e9matique du programme, Mathieu Bock-C\u00f4t\u00e9, a suscit\u00e9 des interrogations parmi les fid\u00e8les de la cha\u00eene. Christine Kelly a lev\u00e9 le voile sur les raisons de cette absence, tandis [&hellip;]<\/p>\n","protected":false},"author":4,"featured_media":44921,"comment_status":"open","ping_status":"open","sticky":false,"template":"","format":"standard","meta":{"_yoast_wpseo_title":"Christine Kelly explique les raisons de l\u2019absence de Mathieu Bock-C\u00f4t\u00e9, nouveau succ\u00e8s sur","_yoast_wpseo_metadesc":"","_yoast_wpseo_focuskw":"Christine"},"categories":[5],"tags":[],"class_list":["post-44923","post","type-post","status-publish","format-standard","has-post-thumbnail","hentry","category-divertissement"],"yoast_head":"<!-- This site is optimized with the Yoast SEO plugin v26.3 - https:\/\/yoast.com\/wordpress\/plugins\/seo\/ -->\n<title>Christine Kelly explique les raisons de l\u2019absence de Mathieu Bock-C\u00f4t\u00e9, nouveau succ\u00e8s sur<\/title>\n<meta name=\"robots\" content=\"index, follow, max-snippet:-1, max-image-preview:large, max-video-preview:-1\" \/>\n<link rel=\"canonical\" href=\"https:\/\/elukelele.com\/fr\/divertissement\/christine-kelly-explique-les-raisons-de-labsence-de-mathieu-bock-cote-nouveau-succes\/\" \/>\n<meta property=\"og:locale\" content=\"fr_FR\" \/>\n<meta property=\"og:type\" content=\"article\" \/>\n<meta property=\"og:title\" content=\"Christine Kelly explique les raisons de l\u2019absence de Mathieu Bock-C\u00f4t\u00e9, nouveau succ\u00e8s sur\" \/>\n<meta property=\"og:description\" content=\"L&rsquo;\u00e9mission \u00ab\u00a0Face \u00e0 l&rsquo;info\u00a0\u00bb sur CNews continue de capter l&rsquo;attention des t\u00e9l\u00e9spectateurs, notamment gr\u00e2ce \u00e0 la dynamique insuffl\u00e9e par son animatrice Christine Kelly. R\u00e9cemment, l&rsquo;absence d&rsquo;une figure embl\u00e9matique du programme, Mathieu Bock-C\u00f4t\u00e9, a suscit\u00e9 des interrogations parmi les fid\u00e8les de la cha\u00eene. Christine Kelly a lev\u00e9 le voile sur les raisons de cette absence, tandis [&hellip;]\" \/>\n<meta property=\"og:url\" content=\"https:\/\/elukelele.com\/fr\/divertissement\/christine-kelly-explique-les-raisons-de-labsence-de-mathieu-bock-cote-nouveau-succes\/\" \/>\n<meta property=\"og:site_name\" content=\"El Ukelele\" \/>\n<meta property=\"article:published_time\" content=\"2025-11-19T09:16:09+00:00\" \/>\n<meta property=\"og:image\" content=\"https:\/\/elukelele.com\/fr\/wp-content\/uploads\/2025\/11\/framed_only-171.png\" \/>\n\t<meta property=\"og:image:width\" content=\"1200\" \/>\n\t<meta property=\"og:image:height\" content=\"628\" \/>\n\t<meta property=\"og:image:type\" content=\"image\/png\" \/>\n<meta name=\"author\" content=\"Daniel Perrin\" \/>\n<meta name=\"twitter:card\" content=\"summary_large_image\" \/>\n<meta name=\"twitter:label1\" content=\"\u00c9crit par\" \/>\n\t<meta name=\"twitter:data1\" content=\"Daniel Perrin\" \/>\n\t<meta name=\"twitter:label2\" content=\"Dur\u00e9e de lecture estim\u00e9e\" \/>\n\t<meta name=\"twitter:data2\" content=\"3 minutes\" \/>\n<script type=\"application\/ld+json\" class=\"yoast-schema-graph\">{\"@context\":\"https:\/\/schema.org\",\"@graph\":[{\"@type\":\"WebPage\",\"@id\":\"https:\/\/elukelele.com\/fr\/divertissement\/christine-kelly-explique-les-raisons-de-labsence-de-mathieu-bock-cote-nouveau-succes\/\",\"url\":\"https:\/\/elukelele.com\/fr\/divertissement\/christine-kelly-explique-les-raisons-de-labsence-de-mathieu-bock-cote-nouveau-succes\/\",\"name\":\"Christine Kelly explique les raisons de l\u2019absence de Mathieu Bock-C\u00f4t\u00e9, nouveau succ\u00e8s sur\",\"isPartOf\":{\"@id\":\"https:\/\/elukelele.com\/fr\/#website\"},\"primaryImageOfPage\":{\"@id\":\"https:\/\/elukelele.com\/fr\/divertissement\/christine-kelly-explique-les-raisons-de-labsence-de-mathieu-bock-cote-nouveau-succes\/#primaryimage\"},\"image\":{\"@id\":\"https:\/\/elukelele.com\/fr\/divertissement\/christine-kelly-explique-les-raisons-de-labsence-de-mathieu-bock-cote-nouveau-succes\/#primaryimage\"},\"thumbnailUrl\":\"https:\/\/elukelele.com\/fr\/wp-content\/uploads\/2025\/11\/framed_only-171.png\",\"datePublished\":\"2025-11-19T09:16:09+00:00\",\"author\":{\"@id\":\"https:\/\/elukelele.com\/fr\/#\/schema\/person\/ccfb3d2be2ec7fa389608eb6da0b38d6\"},\"breadcrumb\":{\"@id\":\"https:\/\/elukelele.com\/fr\/divertissement\/christine-kelly-explique-les-raisons-de-labsence-de-mathieu-bock-cote-nouveau-succes\/#breadcrumb\"},\"inLanguage\":\"fr-FR\",\"potentialAction\":[{\"@type\":\"ReadAction\",\"target\":[\"https:\/\/elukelele.com\/fr\/divertissement\/christine-kelly-explique-les-raisons-de-labsence-de-mathieu-bock-cote-nouveau-succes\/\"]}]},{\"@type\":\"ImageObject\",\"inLanguage\":\"fr-FR\",\"@id\":\"https:\/\/elukelele.com\/fr\/divertissement\/christine-kelly-explique-les-raisons-de-labsence-de-mathieu-bock-cote-nouveau-succes\/#primaryimage\",\"url\":\"https:\/\/elukelele.com\/fr\/wp-content\/uploads\/2025\/11\/framed_only-171.png\",\"contentUrl\":\"https:\/\/elukelele.com\/fr\/wp-content\/uploads\/2025\/11\/framed_only-171.png\",\"width\":1200,\"height\":628,\"caption\":\"Christine\"},{\"@type\":\"BreadcrumbList\",\"@id\":\"https:\/\/elukelele.com\/fr\/divertissement\/christine-kelly-explique-les-raisons-de-labsence-de-mathieu-bock-cote-nouveau-succes\/#breadcrumb\",\"itemListElement\":[{\"@type\":\"ListItem\",\"position\":1,\"name\":\"Home\",\"item\":\"https:\/\/elukelele.com\/fr\/\"},{\"@type\":\"ListItem\",\"position\":2,\"name\":\"Christine Kelly explique les raisons de l\u2019absence de Mathieu Bock-C\u00f4t\u00e9, nouveau succ\u00e8s\"}]},{\"@type\":\"WebSite\",\"@id\":\"https:\/\/elukelele.com\/fr\/#website\",\"url\":\"https:\/\/elukelele.com\/fr\/\",\"name\":\"El Ukelele\",\"description\":\"Musique au-del\u00e0 de l&#039;indie\",\"potentialAction\":[{\"@type\":\"SearchAction\",\"target\":{\"@type\":\"EntryPoint\",\"urlTemplate\":\"https:\/\/elukelele.com\/fr\/?s={search_term_string}\"},\"query-input\":{\"@type\":\"PropertyValueSpecification\",\"valueRequired\":true,\"valueName\":\"search_term_string\"}}],\"inLanguage\":\"fr-FR\"},{\"@type\":\"Person\",\"@id\":\"https:\/\/elukelele.com\/fr\/#\/schema\/person\/ccfb3d2be2ec7fa389608eb6da0b38d6\",\"name\":\"Daniel Perrin\",\"image\":{\"@type\":\"ImageObject\",\"inLanguage\":\"fr-FR\",\"@id\":\"https:\/\/elukelele.com\/fr\/#\/schema\/person\/image\/\",\"url\":\"https:\/\/secure.gravatar.com\/avatar\/37f9d9ffa29ce5640a0d9c6ca8bbd90afb854014296ecaa0e3a558ac716e6fe4?s=96&d=mm&r=g\",\"contentUrl\":\"https:\/\/secure.gravatar.com\/avatar\/37f9d9ffa29ce5640a0d9c6ca8bbd90afb854014296ecaa0e3a558ac716e6fe4?s=96&d=mm&r=g\",\"caption\":\"Daniel Perrin\"},\"sameAs\":[\"https:\/\/elukelele.com\/fr\"],\"url\":\"https:\/\/elukelele.com\/fr\/author\/daniel-perrin\/\"}]}<\/script>\n<!-- \/ Yoast SEO plugin. -->","yoast_head_json":{"title":"Christine Kelly explique les raisons de l\u2019absence de Mathieu Bock-C\u00f4t\u00e9, nouveau succ\u00e8s sur","robots":{"index":"index","follow":"follow","max-snippet":"max-snippet:-1","max-image-preview":"max-image-preview:large","max-video-preview":"max-video-preview:-1"},"canonical":"https:\/\/elukelele.com\/fr\/divertissement\/christine-kelly-explique-les-raisons-de-labsence-de-mathieu-bock-cote-nouveau-succes\/","og_locale":"fr_FR","og_type":"article","og_title":"Christine Kelly explique les raisons de l\u2019absence de Mathieu Bock-C\u00f4t\u00e9, nouveau succ\u00e8s sur","og_description":"L&rsquo;\u00e9mission \u00ab\u00a0Face \u00e0 l&rsquo;info\u00a0\u00bb sur CNews continue de capter l&rsquo;attention des t\u00e9l\u00e9spectateurs, notamment gr\u00e2ce \u00e0 la dynamique insuffl\u00e9e par son animatrice Christine Kelly. R\u00e9cemment, l&rsquo;absence d&rsquo;une figure embl\u00e9matique du programme, Mathieu Bock-C\u00f4t\u00e9, a suscit\u00e9 des interrogations parmi les fid\u00e8les de la cha\u00eene. Christine Kelly a lev\u00e9 le voile sur les raisons de cette absence, tandis [&hellip;]","og_url":"https:\/\/elukelele.com\/fr\/divertissement\/christine-kelly-explique-les-raisons-de-labsence-de-mathieu-bock-cote-nouveau-succes\/","og_site_name":"El Ukelele","article_published_time":"2025-11-19T09:16:09+00:00","og_image":[{"width":1200,"height":628,"url":"https:\/\/elukelele.com\/fr\/wp-content\/uploads\/2025\/11\/framed_only-171.png","type":"image\/png"}],"author":"Daniel Perrin","twitter_card":"summary_large_image","twitter_misc":{"\u00c9crit par":"Daniel Perrin","Dur\u00e9e de lecture estim\u00e9e":"3 minutes"},"schema":{"@context":"https:\/\/schema.org","@graph":[{"@type":"WebPage","@id":"https:\/\/elukelele.com\/fr\/divertissement\/christine-kelly-explique-les-raisons-de-labsence-de-mathieu-bock-cote-nouveau-succes\/","url":"https:\/\/elukelele.com\/fr\/divertissement\/christine-kelly-explique-les-raisons-de-labsence-de-mathieu-bock-cote-nouveau-succes\/","name":"Christine Kelly explique les raisons de l\u2019absence de Mathieu Bock-C\u00f4t\u00e9, nouveau succ\u00e8s sur","isPartOf":{"@id":"https:\/\/elukelele.com\/fr\/#website"},"primaryImageOfPage":{"@id":"https:\/\/elukelele.com\/fr\/divertissement\/christine-kelly-explique-les-raisons-de-labsence-de-mathieu-bock-cote-nouveau-succes\/#primaryimage"},"image":{"@id":"https:\/\/elukelele.com\/fr\/divertissement\/christine-kelly-explique-les-raisons-de-labsence-de-mathieu-bock-cote-nouveau-succes\/#primaryimage"},"thumbnailUrl":"https:\/\/elukelele.com\/fr\/wp-content\/uploads\/2025\/11\/framed_only-171.png","datePublished":"2025-11-19T09:16:09+00:00","author":{"@id":"https:\/\/elukelele.com\/fr\/#\/schema\/person\/ccfb3d2be2ec7fa389608eb6da0b38d6"},"breadcrumb":{"@id":"https:\/\/elukelele.com\/fr\/divertissement\/christine-kelly-explique-les-raisons-de-labsence-de-mathieu-bock-cote-nouveau-succes\/#breadcrumb"},"inLanguage":"fr-FR","potentialAction":[{"@type":"ReadAction","target":["https:\/\/elukelele.com\/fr\/divertissement\/christine-kelly-explique-les-raisons-de-labsence-de-mathieu-bock-cote-nouveau-succes\/"]}]},{"@type":"ImageObject","inLanguage":"fr-FR","@id":"https:\/\/elukelele.com\/fr\/divertissement\/christine-kelly-explique-les-raisons-de-labsence-de-mathieu-bock-cote-nouveau-succes\/#primaryimage","url":"https:\/\/elukelele.com\/fr\/wp-content\/uploads\/2025\/11\/framed_only-171.png","contentUrl":"https:\/\/elukelele.com\/fr\/wp-content\/uploads\/2025\/11\/framed_only-171.png","width":1200,"height":628,"caption":"Christine"},{"@type":"BreadcrumbList","@id":"https:\/\/elukelele.com\/fr\/divertissement\/christine-kelly-explique-les-raisons-de-labsence-de-mathieu-bock-cote-nouveau-succes\/#breadcrumb","itemListElement":[{"@type":"ListItem","position":1,"name":"Home","item":"https:\/\/elukelele.com\/fr\/"},{"@type":"ListItem","position":2,"name":"Christine Kelly explique les raisons de l\u2019absence de Mathieu Bock-C\u00f4t\u00e9, nouveau succ\u00e8s"}]},{"@type":"WebSite","@id":"https:\/\/elukelele.com\/fr\/#website","url":"https:\/\/elukelele.com\/fr\/","name":"El Ukelele","description":"Musique au-del\u00e0 de l&#039;indie","potentialAction":[{"@type":"SearchAction","target":{"@type":"EntryPoint","urlTemplate":"https:\/\/elukelele.com\/fr\/?s={search_term_string}"},"query-input":{"@type":"PropertyValueSpecification","valueRequired":true,"valueName":"search_term_string"}}],"inLanguage":"fr-FR"},{"@type":"Person","@id":"https:\/\/elukelele.com\/fr\/#\/schema\/person\/ccfb3d2be2ec7fa389608eb6da0b38d6","name":"Daniel Perrin","image":{"@type":"ImageObject","inLanguage":"fr-FR","@id":"https:\/\/elukelele.com\/fr\/#\/schema\/person\/image\/","url":"https:\/\/secure.gravatar.com\/avatar\/37f9d9ffa29ce5640a0d9c6ca8bbd90afb854014296ecaa0e3a558ac716e6fe4?s=96&d=mm&r=g","contentUrl":"https:\/\/secure.gravatar.com\/avatar\/37f9d9ffa29ce5640a0d9c6ca8bbd90afb854014296ecaa0e3a558ac716e6fe4?s=96&d=mm&r=g","caption":"Daniel Perrin"},"sameAs":["https:\/\/elukelele.com\/fr"],"url":"https:\/\/elukelele.com\/fr\/author\/daniel-perrin\/"}]}},"_links":{"self":[{"href":"https:\/\/elukelele.com\/fr\/wp-json\/wp\/v2\/posts\/44923","targetHints":{"allow":["GET"]}}],"collection":[{"href":"https:\/\/elukelele.com\/fr\/wp-json\/wp\/v2\/posts"}],"about":[{"href":"https:\/\/elukelele.com\/fr\/wp-json\/wp\/v2\/types\/post"}],"author":[{"embeddable":true,"href":"https:\/\/elukelele.com\/fr\/wp-json\/wp\/v2\/users\/4"}],"replies":[{"embeddable":true,"href":"https:\/\/elukelele.com\/fr\/wp-json\/wp\/v2\/comments?post=44923"}],"version-history":[{"count":1,"href":"https:\/\/elukelele.com\/fr\/wp-json\/wp\/v2\/posts\/44923\/revisions"}],"predecessor-version":[{"id":44958,"href":"https:\/\/elukelele.com\/fr\/wp-json\/wp\/v2\/posts\/44923\/revisions\/44958"}],"wp:featuredmedia":[{"embeddable":true,"href":"https:\/\/elukelele.com\/fr\/wp-json\/wp\/v2\/media\/44921"}],"wp:attachment":[{"href":"https:\/\/elukelele.com\/fr\/wp-json\/wp\/v2\/media?parent=44923"}],"wp:term":[{"taxonomy":"category","embeddable":true,"href":"https:\/\/elukelele.com\/fr\/wp-json\/wp\/v2\/categories?post=44923"},{"taxonomy":"post_tag","embeddable":true,"href":"https:\/\/elukelele.com\/fr\/wp-json\/wp\/v2\/tags?post=44923"}],"curies":[{"name":"wp","href":"https:\/\/api.w.org\/{rel}","templated":true}]}}