{"id":44914,"date":"2025-11-19T08:56:49","date_gmt":"2025-11-19T08:56:49","guid":{"rendered":"https:\/\/elukelele.com\/fr\/?p=44914"},"modified":"2025-11-19T08:57:01","modified_gmt":"2025-11-19T08:57:01","slug":"ici-tout-commence-le-mariage-de-carla-et-berenice-annule-sur-tf1-spoiler","status":"publish","type":"post","link":"https:\/\/elukelele.com\/fr\/divertissement\/ici-tout-commence-le-mariage-de-carla-et-berenice-annule-sur-tf1-spoiler\/","title":{"rendered":"Ici tout commence\u00a0: le mariage de Carla et B\u00e9r\u00e9nice annul\u00e9 sur TF1\u00a0? (spoiler)"},"content":{"rendered":"<p>Les fans d&rsquo;<em>Ici tout commence<\/em>, le feuilleton quotidien de TF1, sont actuellement plong\u00e9s dans les pr\u00e9paratifs du mariage de Carla et B\u00e9r\u00e9nice. Le couple, form\u00e9 au sein de l&rsquo;Institut Auguste Armand, est d\u00e9termin\u00e9 \u00e0 c\u00e9l\u00e9brer son union rapidement. Cependant, des rebondissements inattendus, notamment un refus cat\u00e9gorique de Teyssier, menacent de compromettre leurs plans. Cet article explore les d\u00e9tails de cette intrigue palpitante et d\u00e9voile si le mariage tant attendu aura finalement lieu, malgr\u00e9 les obstacles.<\/p>\n<h2>Les pr\u00e9paratifs du mariage de Carla et B\u00e9r\u00e9nice<\/h2>\n<p>L&rsquo;amour est au rendez-vous pour Carla (Aaricia Lemaire) et B\u00e9r\u00e9nice (B\u00e9r\u00e9nice Tannenberg) dans <em>Ici tout commence<\/em>. Les deux jeunes femmes sont impatientes de concr\u00e9tiser leur relation par un mariage. Apr\u00e8s avoir \u00e9voqu\u00e9 leurs envies respectives, l&rsquo;id\u00e9e d&rsquo;un mariage rapide, d\u00e8s l&rsquo;hiver, prend forme. Elles se projettent avec enthousiasme vers une c\u00e9l\u00e9bration sp\u00e9ciale pour No\u00ebl.<\/p>\n<p>Leurs discussions s&rsquo;intensifient autour des pr\u00e9paratifs, des mignardises aux t\u00e9moins. B\u00e9r\u00e9nice envisage de demander \u00e0 Constance (Sabine Perraud) d&rsquo;\u00eatre sa t\u00e9moin, tandis que Carla est partag\u00e9e entre Zo\u00e9 (Ma\u00efa Bringue) et Coline (Talina Boyaci). Pour d\u00e9partager ses deux pr\u00e9tendantes, Carla organise m\u00eame une s\u00e9rie d&rsquo;\u00e9preuves, dont Zo\u00e9 sort finalement victorieuse.<\/p>\n<h2>Le refus choc de Teyssier menace le mariage<\/h2>\n<p>L&rsquo;une des \u00e9tapes cruciales pour Carla et B\u00e9r\u00e9nice \u00e9tait d&rsquo;obtenir l&rsquo;autorisation de se marier au sein m\u00eame de l&rsquo;Institut Auguste Armand, un lieu symbolique pour leur histoire. B\u00e9r\u00e9nice se charge de cette d\u00e9marche et se rend dans le bureau d&rsquo;Emmanuel Teyssier (Benjamin Baroche), le directeur. Malheureusement, la r\u00e9ponse de Teyssier est un refus cat\u00e9gorique.<\/p>\n<p>Le directeur ne m\u00e2che pas ses mots, signifiant clairement qu&rsquo;il n&rsquo;autorisera pas la c\u00e9l\u00e9bration \u00e0 l&rsquo;Institut. Il met m\u00eame B\u00e9r\u00e9nice en garde de ne pas se plaindre aupr\u00e8s de Constance, sa femme, partie rejoindre Th\u00e9o (Khaled Alouach) \u00e0 Singapour. Ce refus repr\u00e9sente un v\u00e9ritable coup dur pour les jeunes femmes et bouscule tous leurs plans initiaux.<\/p>\n<h2>Une solution alternative et le choix des t\u00e9moins<\/h2>\n<p>Face \u00e0 la d\u00e9ception de Carla suite au refus de Teyssier, Coline intervient avec une proposition salvatrice. Elle sugg\u00e8re d&rsquo;autres lieux pour la c\u00e9r\u00e9monie, comme les marais salants ou une ferme. Cette id\u00e9e est bien accueillie par Ang\u00e8le, et Carla, rassur\u00e9e, d\u00e9cide finalement de choisir sa cousine Coline comme t\u00e9moin. Coline a su trouver les mots justes pour apaiser ses craintes et remotiver le couple.<\/p>\n<p>Gr\u00e2ce \u00e0 cette alternative et au soutien de leurs proches, le mariage de Carla et B\u00e9r\u00e9nice n&rsquo;est pas annul\u00e9. Il est d\u00e9sormais pr\u00e9vu de se d\u00e9rouler \u00e0 No\u00ebl, mais dans un cadre diff\u00e9rent de celui initialement esp\u00e9r\u00e9.<\/p>\n<p>Les \u00e9pisodes d&rsquo;<em>Ici tout commence<\/em> sont diffus\u00e9s du lundi au vendredi \u00e0 partir de 18h35 sur TF1.<\/p>\n","protected":false},"excerpt":{"rendered":"<p>Les fans d&rsquo;Ici tout commence, le feuilleton quotidien de TF1, sont actuellement plong\u00e9s dans les pr\u00e9paratifs du mariage de Carla et B\u00e9r\u00e9nice. Le couple, form\u00e9 au sein de l&rsquo;Institut Auguste Armand, est d\u00e9termin\u00e9 \u00e0 c\u00e9l\u00e9brer son union rapidement. Cependant, des rebondissements inattendus, notamment un refus cat\u00e9gorique de Teyssier, menacent de compromettre leurs plans. Cet article [&hellip;]<\/p>\n","protected":false},"author":4,"featured_media":44953,"comment_status":"open","ping_status":"open","sticky":false,"template":"","format":"standard","meta":{"_yoast_wpseo_title":"Ici tout commence\u00a0: le mariage de Carla et B\u00e9r\u00e9nice annul\u00e9 sur TF1?","_yoast_wpseo_metadesc":"","_yoast_wpseo_focuskw":"Carla"},"categories":[5],"tags":[],"class_list":["post-44914","post","type-post","status-publish","format-standard","has-post-thumbnail","hentry","category-divertissement"],"yoast_head":"<!-- This site is optimized with the Yoast SEO plugin v26.3 - https:\/\/yoast.com\/wordpress\/plugins\/seo\/ -->\n<title>Ici tout commence\u00a0: le mariage de Carla et B\u00e9r\u00e9nice annul\u00e9 sur TF1?<\/title>\n<meta name=\"robots\" content=\"index, follow, max-snippet:-1, max-image-preview:large, max-video-preview:-1\" \/>\n<link rel=\"canonical\" href=\"https:\/\/elukelele.com\/fr\/divertissement\/ici-tout-commence-le-mariage-de-carla-et-berenice-annule-sur-tf1-spoiler\/\" \/>\n<meta property=\"og:locale\" content=\"fr_FR\" \/>\n<meta property=\"og:type\" content=\"article\" \/>\n<meta property=\"og:title\" content=\"Ici tout commence\u00a0: le mariage de Carla et B\u00e9r\u00e9nice annul\u00e9 sur TF1?\" \/>\n<meta property=\"og:description\" content=\"Les fans d&rsquo;Ici tout commence, le feuilleton quotidien de TF1, sont actuellement plong\u00e9s dans les pr\u00e9paratifs du mariage de Carla et B\u00e9r\u00e9nice. Le couple, form\u00e9 au sein de l&rsquo;Institut Auguste Armand, est d\u00e9termin\u00e9 \u00e0 c\u00e9l\u00e9brer son union rapidement. Cependant, des rebondissements inattendus, notamment un refus cat\u00e9gorique de Teyssier, menacent de compromettre leurs plans. Cet article [&hellip;]\" \/>\n<meta property=\"og:url\" content=\"https:\/\/elukelele.com\/fr\/divertissement\/ici-tout-commence-le-mariage-de-carla-et-berenice-annule-sur-tf1-spoiler\/\" \/>\n<meta property=\"og:site_name\" content=\"El Ukelele\" \/>\n<meta property=\"article:published_time\" content=\"2025-11-19T08:56:49+00:00\" \/>\n<meta property=\"article:modified_time\" content=\"2025-11-19T08:57:01+00:00\" \/>\n<meta property=\"og:image\" content=\"https:\/\/elukelele.com\/fr\/wp-content\/uploads\/2025\/11\/Carla.webp\" \/>\n\t<meta property=\"og:image:width\" content=\"1200\" \/>\n\t<meta property=\"og:image:height\" content=\"628\" \/>\n\t<meta property=\"og:image:type\" content=\"image\/webp\" \/>\n<meta name=\"author\" content=\"Daniel Perrin\" \/>\n<meta name=\"twitter:card\" content=\"summary_large_image\" \/>\n<meta name=\"twitter:label1\" content=\"\u00c9crit par\" \/>\n\t<meta name=\"twitter:data1\" content=\"Daniel Perrin\" \/>\n\t<meta name=\"twitter:label2\" content=\"Dur\u00e9e de lecture estim\u00e9e\" \/>\n\t<meta name=\"twitter:data2\" content=\"3 minutes\" \/>\n<script type=\"application\/ld+json\" class=\"yoast-schema-graph\">{\"@context\":\"https:\/\/schema.org\",\"@graph\":[{\"@type\":\"WebPage\",\"@id\":\"https:\/\/elukelele.com\/fr\/divertissement\/ici-tout-commence-le-mariage-de-carla-et-berenice-annule-sur-tf1-spoiler\/\",\"url\":\"https:\/\/elukelele.com\/fr\/divertissement\/ici-tout-commence-le-mariage-de-carla-et-berenice-annule-sur-tf1-spoiler\/\",\"name\":\"Ici tout commence\u00a0: le mariage de Carla et B\u00e9r\u00e9nice annul\u00e9 sur TF1?\",\"isPartOf\":{\"@id\":\"https:\/\/elukelele.com\/fr\/#website\"},\"primaryImageOfPage\":{\"@id\":\"https:\/\/elukelele.com\/fr\/divertissement\/ici-tout-commence-le-mariage-de-carla-et-berenice-annule-sur-tf1-spoiler\/#primaryimage\"},\"image\":{\"@id\":\"https:\/\/elukelele.com\/fr\/divertissement\/ici-tout-commence-le-mariage-de-carla-et-berenice-annule-sur-tf1-spoiler\/#primaryimage\"},\"thumbnailUrl\":\"https:\/\/elukelele.com\/fr\/wp-content\/uploads\/2025\/11\/Carla.webp\",\"datePublished\":\"2025-11-19T08:56:49+00:00\",\"dateModified\":\"2025-11-19T08:57:01+00:00\",\"author\":{\"@id\":\"https:\/\/elukelele.com\/fr\/#\/schema\/person\/ccfb3d2be2ec7fa389608eb6da0b38d6\"},\"breadcrumb\":{\"@id\":\"https:\/\/elukelele.com\/fr\/divertissement\/ici-tout-commence-le-mariage-de-carla-et-berenice-annule-sur-tf1-spoiler\/#breadcrumb\"},\"inLanguage\":\"fr-FR\",\"potentialAction\":[{\"@type\":\"ReadAction\",\"target\":[\"https:\/\/elukelele.com\/fr\/divertissement\/ici-tout-commence-le-mariage-de-carla-et-berenice-annule-sur-tf1-spoiler\/\"]}]},{\"@type\":\"ImageObject\",\"inLanguage\":\"fr-FR\",\"@id\":\"https:\/\/elukelele.com\/fr\/divertissement\/ici-tout-commence-le-mariage-de-carla-et-berenice-annule-sur-tf1-spoiler\/#primaryimage\",\"url\":\"https:\/\/elukelele.com\/fr\/wp-content\/uploads\/2025\/11\/Carla.webp\",\"contentUrl\":\"https:\/\/elukelele.com\/fr\/wp-content\/uploads\/2025\/11\/Carla.webp\",\"width\":1200,\"height\":628,\"caption\":\"Carla\"},{\"@type\":\"BreadcrumbList\",\"@id\":\"https:\/\/elukelele.com\/fr\/divertissement\/ici-tout-commence-le-mariage-de-carla-et-berenice-annule-sur-tf1-spoiler\/#breadcrumb\",\"itemListElement\":[{\"@type\":\"ListItem\",\"position\":1,\"name\":\"Home\",\"item\":\"https:\/\/elukelele.com\/fr\/\"},{\"@type\":\"ListItem\",\"position\":2,\"name\":\"Ici tout commence\u00a0: le mariage de Carla et B\u00e9r\u00e9nice annul\u00e9 sur TF1\u00a0? (spoiler)\"}]},{\"@type\":\"WebSite\",\"@id\":\"https:\/\/elukelele.com\/fr\/#website\",\"url\":\"https:\/\/elukelele.com\/fr\/\",\"name\":\"El Ukelele\",\"description\":\"Musique au-del\u00e0 de l&#039;indie\",\"potentialAction\":[{\"@type\":\"SearchAction\",\"target\":{\"@type\":\"EntryPoint\",\"urlTemplate\":\"https:\/\/elukelele.com\/fr\/?s={search_term_string}\"},\"query-input\":{\"@type\":\"PropertyValueSpecification\",\"valueRequired\":true,\"valueName\":\"search_term_string\"}}],\"inLanguage\":\"fr-FR\"},{\"@type\":\"Person\",\"@id\":\"https:\/\/elukelele.com\/fr\/#\/schema\/person\/ccfb3d2be2ec7fa389608eb6da0b38d6\",\"name\":\"Daniel Perrin\",\"image\":{\"@type\":\"ImageObject\",\"inLanguage\":\"fr-FR\",\"@id\":\"https:\/\/elukelele.com\/fr\/#\/schema\/person\/image\/\",\"url\":\"https:\/\/secure.gravatar.com\/avatar\/37f9d9ffa29ce5640a0d9c6ca8bbd90afb854014296ecaa0e3a558ac716e6fe4?s=96&d=mm&r=g\",\"contentUrl\":\"https:\/\/secure.gravatar.com\/avatar\/37f9d9ffa29ce5640a0d9c6ca8bbd90afb854014296ecaa0e3a558ac716e6fe4?s=96&d=mm&r=g\",\"caption\":\"Daniel Perrin\"},\"sameAs\":[\"https:\/\/elukelele.com\/fr\"],\"url\":\"https:\/\/elukelele.com\/fr\/author\/daniel-perrin\/\"}]}<\/script>\n<!-- \/ Yoast SEO plugin. -->","yoast_head_json":{"title":"Ici tout commence\u00a0: le mariage de Carla et B\u00e9r\u00e9nice annul\u00e9 sur TF1?","robots":{"index":"index","follow":"follow","max-snippet":"max-snippet:-1","max-image-preview":"max-image-preview:large","max-video-preview":"max-video-preview:-1"},"canonical":"https:\/\/elukelele.com\/fr\/divertissement\/ici-tout-commence-le-mariage-de-carla-et-berenice-annule-sur-tf1-spoiler\/","og_locale":"fr_FR","og_type":"article","og_title":"Ici tout commence\u00a0: le mariage de Carla et B\u00e9r\u00e9nice annul\u00e9 sur TF1?","og_description":"Les fans d&rsquo;Ici tout commence, le feuilleton quotidien de TF1, sont actuellement plong\u00e9s dans les pr\u00e9paratifs du mariage de Carla et B\u00e9r\u00e9nice. Le couple, form\u00e9 au sein de l&rsquo;Institut Auguste Armand, est d\u00e9termin\u00e9 \u00e0 c\u00e9l\u00e9brer son union rapidement. Cependant, des rebondissements inattendus, notamment un refus cat\u00e9gorique de Teyssier, menacent de compromettre leurs plans. Cet article [&hellip;]","og_url":"https:\/\/elukelele.com\/fr\/divertissement\/ici-tout-commence-le-mariage-de-carla-et-berenice-annule-sur-tf1-spoiler\/","og_site_name":"El Ukelele","article_published_time":"2025-11-19T08:56:49+00:00","article_modified_time":"2025-11-19T08:57:01+00:00","og_image":[{"width":1200,"height":628,"url":"https:\/\/elukelele.com\/fr\/wp-content\/uploads\/2025\/11\/Carla.webp","type":"image\/webp"}],"author":"Daniel Perrin","twitter_card":"summary_large_image","twitter_misc":{"\u00c9crit par":"Daniel Perrin","Dur\u00e9e de lecture estim\u00e9e":"3 minutes"},"schema":{"@context":"https:\/\/schema.org","@graph":[{"@type":"WebPage","@id":"https:\/\/elukelele.com\/fr\/divertissement\/ici-tout-commence-le-mariage-de-carla-et-berenice-annule-sur-tf1-spoiler\/","url":"https:\/\/elukelele.com\/fr\/divertissement\/ici-tout-commence-le-mariage-de-carla-et-berenice-annule-sur-tf1-spoiler\/","name":"Ici tout commence\u00a0: le mariage de Carla et B\u00e9r\u00e9nice annul\u00e9 sur TF1?","isPartOf":{"@id":"https:\/\/elukelele.com\/fr\/#website"},"primaryImageOfPage":{"@id":"https:\/\/elukelele.com\/fr\/divertissement\/ici-tout-commence-le-mariage-de-carla-et-berenice-annule-sur-tf1-spoiler\/#primaryimage"},"image":{"@id":"https:\/\/elukelele.com\/fr\/divertissement\/ici-tout-commence-le-mariage-de-carla-et-berenice-annule-sur-tf1-spoiler\/#primaryimage"},"thumbnailUrl":"https:\/\/elukelele.com\/fr\/wp-content\/uploads\/2025\/11\/Carla.webp","datePublished":"2025-11-19T08:56:49+00:00","dateModified":"2025-11-19T08:57:01+00:00","author":{"@id":"https:\/\/elukelele.com\/fr\/#\/schema\/person\/ccfb3d2be2ec7fa389608eb6da0b38d6"},"breadcrumb":{"@id":"https:\/\/elukelele.com\/fr\/divertissement\/ici-tout-commence-le-mariage-de-carla-et-berenice-annule-sur-tf1-spoiler\/#breadcrumb"},"inLanguage":"fr-FR","potentialAction":[{"@type":"ReadAction","target":["https:\/\/elukelele.com\/fr\/divertissement\/ici-tout-commence-le-mariage-de-carla-et-berenice-annule-sur-tf1-spoiler\/"]}]},{"@type":"ImageObject","inLanguage":"fr-FR","@id":"https:\/\/elukelele.com\/fr\/divertissement\/ici-tout-commence-le-mariage-de-carla-et-berenice-annule-sur-tf1-spoiler\/#primaryimage","url":"https:\/\/elukelele.com\/fr\/wp-content\/uploads\/2025\/11\/Carla.webp","contentUrl":"https:\/\/elukelele.com\/fr\/wp-content\/uploads\/2025\/11\/Carla.webp","width":1200,"height":628,"caption":"Carla"},{"@type":"BreadcrumbList","@id":"https:\/\/elukelele.com\/fr\/divertissement\/ici-tout-commence-le-mariage-de-carla-et-berenice-annule-sur-tf1-spoiler\/#breadcrumb","itemListElement":[{"@type":"ListItem","position":1,"name":"Home","item":"https:\/\/elukelele.com\/fr\/"},{"@type":"ListItem","position":2,"name":"Ici tout commence\u00a0: le mariage de Carla et B\u00e9r\u00e9nice annul\u00e9 sur TF1\u00a0? (spoiler)"}]},{"@type":"WebSite","@id":"https:\/\/elukelele.com\/fr\/#website","url":"https:\/\/elukelele.com\/fr\/","name":"El Ukelele","description":"Musique au-del\u00e0 de l&#039;indie","potentialAction":[{"@type":"SearchAction","target":{"@type":"EntryPoint","urlTemplate":"https:\/\/elukelele.com\/fr\/?s={search_term_string}"},"query-input":{"@type":"PropertyValueSpecification","valueRequired":true,"valueName":"search_term_string"}}],"inLanguage":"fr-FR"},{"@type":"Person","@id":"https:\/\/elukelele.com\/fr\/#\/schema\/person\/ccfb3d2be2ec7fa389608eb6da0b38d6","name":"Daniel Perrin","image":{"@type":"ImageObject","inLanguage":"fr-FR","@id":"https:\/\/elukelele.com\/fr\/#\/schema\/person\/image\/","url":"https:\/\/secure.gravatar.com\/avatar\/37f9d9ffa29ce5640a0d9c6ca8bbd90afb854014296ecaa0e3a558ac716e6fe4?s=96&d=mm&r=g","contentUrl":"https:\/\/secure.gravatar.com\/avatar\/37f9d9ffa29ce5640a0d9c6ca8bbd90afb854014296ecaa0e3a558ac716e6fe4?s=96&d=mm&r=g","caption":"Daniel Perrin"},"sameAs":["https:\/\/elukelele.com\/fr"],"url":"https:\/\/elukelele.com\/fr\/author\/daniel-perrin\/"}]}},"_links":{"self":[{"href":"https:\/\/elukelele.com\/fr\/wp-json\/wp\/v2\/posts\/44914","targetHints":{"allow":["GET"]}}],"collection":[{"href":"https:\/\/elukelele.com\/fr\/wp-json\/wp\/v2\/posts"}],"about":[{"href":"https:\/\/elukelele.com\/fr\/wp-json\/wp\/v2\/types\/post"}],"author":[{"embeddable":true,"href":"https:\/\/elukelele.com\/fr\/wp-json\/wp\/v2\/users\/4"}],"replies":[{"embeddable":true,"href":"https:\/\/elukelele.com\/fr\/wp-json\/wp\/v2\/comments?post=44914"}],"version-history":[{"count":1,"href":"https:\/\/elukelele.com\/fr\/wp-json\/wp\/v2\/posts\/44914\/revisions"}],"predecessor-version":[{"id":44955,"href":"https:\/\/elukelele.com\/fr\/wp-json\/wp\/v2\/posts\/44914\/revisions\/44955"}],"wp:featuredmedia":[{"embeddable":true,"href":"https:\/\/elukelele.com\/fr\/wp-json\/wp\/v2\/media\/44953"}],"wp:attachment":[{"href":"https:\/\/elukelele.com\/fr\/wp-json\/wp\/v2\/media?parent=44914"}],"wp:term":[{"taxonomy":"category","embeddable":true,"href":"https:\/\/elukelele.com\/fr\/wp-json\/wp\/v2\/categories?post=44914"},{"taxonomy":"post_tag","embeddable":true,"href":"https:\/\/elukelele.com\/fr\/wp-json\/wp\/v2\/tags?post=44914"}],"curies":[{"name":"wp","href":"https:\/\/api.w.org\/{rel}","templated":true}]}}