{"id":44913,"date":"2025-11-19T08:28:20","date_gmt":"2025-11-19T08:28:20","guid":{"rendered":"https:\/\/elukelele.com\/fr\/?p=44913"},"modified":"2025-11-19T08:28:21","modified_gmt":"2025-11-19T08:28:21","slug":"elise-lucet-ne-reviendra-finalement-pas-sur-france-2-ce-jeudi-20-novembre-2025","status":"publish","type":"post","link":"https:\/\/elukelele.com\/fr\/divertissement\/elise-lucet-ne-reviendra-finalement-pas-sur-france-2-ce-jeudi-20-novembre-2025\/","title":{"rendered":"\u00c9lise Lucet ne reviendra finalement pas sur France 2 ce jeudi 20 novembre 2025"},"content":{"rendered":"<p>Le jeudi 20 novembre 2025 marquera une nouvelle absence pour \u00c9lise Lucet \u00e0 la t\u00eate de l&rsquo;\u00e9mission d&rsquo;investigation \u00ab\u00a0Envoy\u00e9 sp\u00e9cial\u00a0\u00bb sur France 2. Cette d\u00e9cision de programmation, qui n&rsquo;est pas la premi\u00e8re en cette p\u00e9riode, s&rsquo;inscrit dans un contexte de r\u00e9am\u00e9nagement des grilles de la cha\u00eene publique, visant notamment \u00e0 proposer des rendez-vous th\u00e9matiques forts en prime time. Les t\u00e9l\u00e9spectateurs habitu\u00e9s au magazine de reportages devront ainsi s&rsquo;attendre \u00e0 une soir\u00e9e diff\u00e9rente, centr\u00e9e sur un d\u00e9bat d&rsquo;actualit\u00e9 majeur pour la soci\u00e9t\u00e9 fran\u00e7aise.<\/p>\n<h2>\u00c9lise Lucet \u00e0 nouveau absente le 20 novembre sur France 2<\/h2>\n<p>Ce jeudi 20 novembre 2025, \u00c9lise Lucet ne pr\u00e9sentera pas \u00ab\u00a0Envoy\u00e9 sp\u00e9cial\u00a0\u00bb. France 2 a choisi de diffuser une nouvelle \u00e9dition de \u00ab\u00a0L&rsquo;\u00c9v\u00e8nement\u00a0\u00bb, son \u00e9mission politique et de d\u00e9cryptage, pr\u00e9sent\u00e9e par Caroline Roux. Ce rendez-vous, programm\u00e9 juste apr\u00e8s le journal de 20 heures, abordera un sujet d&rsquo;une grande importance nationale : l&rsquo;avenir du mod\u00e8le social fran\u00e7ais.<\/p>\n<p>La th\u00e9matique centrale de cette soir\u00e9e sera ax\u00e9e sur des questions cruciales telles que le financement des retraites, la p\u00e9rennit\u00e9 du syst\u00e8me de sant\u00e9 et l&rsquo;efficacit\u00e9 des aides sociales. Le d\u00e9bat cherchera \u00e0 explorer si le concept de \u00ab\u00a0g\u00e9n\u00e9rosit\u00e9\u00a0\u00bb du mod\u00e8le social, tel que parfois \u00e9voqu\u00e9 par le ministre du Travail, est remis en question et comment une refonte de ce syst\u00e8me pourrait \u00eatre envisag\u00e9e.<\/p>\n<p>Pour d\u00e9battre de ces enjeux, Caroline Roux accueillera un panel d&rsquo;invit\u00e9s politiques de premier plan. Parmi eux figureront Gabriel Attal, pr\u00e9sident du groupe Ensemble pour la R\u00e9publique \u00e0 l\u2019Assembl\u00e9e nationale, Laurent Wauquiez, pr\u00e9sident du groupe Droite R\u00e9publicaine, Sandrine Rousseau, d\u00e9put\u00e9e Les \u00c9cologistes de Paris, Jean-Philippe Tanguy, d\u00e9put\u00e9 RN de la Somme, et Cl\u00e9mence Guett\u00e9, vice-pr\u00e9sidente LFI de l\u2019Assembl\u00e9e nationale. Ces personnalit\u00e9s \u00e9changeront \u00e9galement avec des repr\u00e9sentants de la soci\u00e9t\u00e9 civile, enrichissant la discussion par des perspectives vari\u00e9es.<\/p>\n<h2>Un pr\u00e9c\u00e9dent remarqu\u00e9 le 13 novembre et l&rsquo;impact sur les audiences<\/h2>\n<p>Cette absence d&rsquo;\u00c9lise Lucet fait suite \u00e0 une d\u00e9cision similaire prise le jeudi 13 novembre 2025. Ce soir-l\u00e0, France 2 avait \u00e9galement d\u00e9programm\u00e9 \u00ab\u00a0Envoy\u00e9 sp\u00e9cial\u00a0\u00bb au profit du docu-fiction \u00ab\u00a013 novembre, le choix de Sonia\u00a0\u00bb. Cette diffusion avait attir\u00e9 entre 2,12 et 2,29 millions de t\u00e9l\u00e9spectateurs en moyenne sur la premi\u00e8re partie de soir\u00e9e, soit des parts de march\u00e9 de 10,7% et 12,2% aupr\u00e8s de l&rsquo;ensemble du public \u00e2g\u00e9 de quatre ans et plus.<\/p>\n<p>Les chiffres \u00e9taient rest\u00e9s stables sur la deuxi\u00e8me partie du programme, rassemblant entre 2,25 et 2,31 millions de personnes, avec des parts d&rsquo;audience de 12,6% et 15,5%. Ces performances se sont av\u00e9r\u00e9es significativement sup\u00e9rieures aux audiences r\u00e9centes d'\u00a0\u00bbEnvoy\u00e9 sp\u00e9cial\u00a0\u00bb. En effet, l&rsquo;\u00e9mission avait r\u00e9uni 1,10 million de t\u00e9l\u00e9spectateurs, soit 6,9% de part d&rsquo;audience, le 6 novembre 2025, se classant cinqui\u00e8me parmi les cha\u00eenes nationales.<\/p>\n<p>Une semaine auparavant, le 30 octobre 2025, le magazine d&rsquo;investigation avait attir\u00e9 1,29 million de personnes (7,8% de part d&rsquo;audience), \u00e9tant \u00e9galement distanc\u00e9 par plusieurs concurrents. Ces donn\u00e9es sugg\u00e8rent que les choix de programmation alternatifs de France 2 ont rencontr\u00e9 un succ\u00e8s d&rsquo;audience plus important que les num\u00e9ros habituels d'\u00a0\u00bbEnvoy\u00e9 sp\u00e9cial\u00a0\u00bb, indiquant une strat\u00e9gie potentiellement ax\u00e9e sur l&rsquo;optimisation des performances en prime time.<\/p>\n<h2>Analyse des choix de programmation de France 2<\/h2>\n<p>Les d\u00e9cisions de France 2 de remplacer \u00ab\u00a0Envoy\u00e9 sp\u00e9cial\u00a0\u00bb \u00e0 deux reprises en novembre 2025 semblent traduire une strat\u00e9gie de programmation r\u00e9active face aux dynamiques d&rsquo;audience. En privil\u00e9giant des \u00e9missions \u00e9v\u00e9nementielles comme \u00ab\u00a0L&rsquo;\u00c9v\u00e8nement\u00a0\u00bb ou des fictions th\u00e9matiques fortes, la cha\u00eene cherche \u00e0 capter un public plus large et \u00e0 diversifier son offre en prime time. Cette approche permet de cr\u00e9er des rendez-vous marquants et de r\u00e9pondre \u00e0 l&rsquo;actualit\u00e9 avec des formats adapt\u00e9s, tout en cherchant \u00e0 am\u00e9liorer ses parts de march\u00e9. L&rsquo;int\u00e9gration de d\u00e9bats politiques avec des figures influentes et des acteurs de la soci\u00e9t\u00e9 civile, comme ce sera le cas le 20 novembre, souligne \u00e9galement une volont\u00e9 de France 2 d&rsquo;ancrer ses programmes dans les pr\u00e9occupations contemporaines et d&rsquo;offrir une plateforme de discussion sur les grands enjeux nationaux.<\/p>\n<h2>Conclusion<\/h2>\n<p>L&rsquo;absence d&rsquo;\u00c9lise Lucet et d'\u00a0\u00bbEnvoy\u00e9 sp\u00e9cial\u00a0\u00bb ce jeudi 20 novembre 2025 sur France 2, au profit de \u00ab\u00a0L&rsquo;\u00c9v\u00e8nement\u00a0\u00bb, illustre les ajustements de programmation que les cha\u00eenes op\u00e8rent pour s&rsquo;adapter aux audiences et aux \u00e9v\u00e9nements. Si cette d\u00e9cision peut d\u00e9router les fid\u00e8les du magazine d&rsquo;investigation, elle met en lumi\u00e8re la volont\u00e9 de France 2 de proposer des soir\u00e9es th\u00e9matiques fortes et de maintenir un r\u00f4le central dans le d\u00e9bat public, notamment \u00e0 travers des \u00e9missions politiques \u00e9v\u00e9nementielles.<\/p>\n","protected":false},"excerpt":{"rendered":"<p>Le jeudi 20 novembre 2025 marquera une nouvelle absence pour \u00c9lise Lucet \u00e0 la t\u00eate de l&rsquo;\u00e9mission d&rsquo;investigation \u00ab\u00a0Envoy\u00e9 sp\u00e9cial\u00a0\u00bb sur France 2. Cette d\u00e9cision de programmation, qui n&rsquo;est pas la premi\u00e8re en cette p\u00e9riode, s&rsquo;inscrit dans un contexte de r\u00e9am\u00e9nagement des grilles de la cha\u00eene publique, visant notamment \u00e0 proposer des rendez-vous th\u00e9matiques forts [&hellip;]<\/p>\n","protected":false},"author":4,"featured_media":44911,"comment_status":"open","ping_status":"open","sticky":false,"template":"","format":"standard","meta":{"_yoast_wpseo_title":"\u00c9lise Lucet ne reviendra finalement pas sur France 2 ce jeudi 20 novembre 2025","_yoast_wpseo_metadesc":"","_yoast_wpseo_focuskw":"\u00c9lise Lucet"},"categories":[5],"tags":[],"class_list":["post-44913","post","type-post","status-publish","format-standard","has-post-thumbnail","hentry","category-divertissement"],"yoast_head":"<!-- This site is optimized with the Yoast SEO plugin v26.3 - https:\/\/yoast.com\/wordpress\/plugins\/seo\/ -->\n<title>\u00c9lise Lucet ne reviendra finalement pas sur France 2 ce jeudi 20 novembre 2025<\/title>\n<meta name=\"robots\" content=\"index, follow, max-snippet:-1, max-image-preview:large, max-video-preview:-1\" \/>\n<link rel=\"canonical\" href=\"https:\/\/elukelele.com\/fr\/divertissement\/elise-lucet-ne-reviendra-finalement-pas-sur-france-2-ce-jeudi-20-novembre-2025\/\" \/>\n<meta property=\"og:locale\" content=\"fr_FR\" \/>\n<meta property=\"og:type\" content=\"article\" \/>\n<meta property=\"og:title\" content=\"\u00c9lise Lucet ne reviendra finalement pas sur France 2 ce jeudi 20 novembre 2025\" \/>\n<meta property=\"og:description\" content=\"Le jeudi 20 novembre 2025 marquera une nouvelle absence pour \u00c9lise Lucet \u00e0 la t\u00eate de l&rsquo;\u00e9mission d&rsquo;investigation \u00ab\u00a0Envoy\u00e9 sp\u00e9cial\u00a0\u00bb sur France 2. Cette d\u00e9cision de programmation, qui n&rsquo;est pas la premi\u00e8re en cette p\u00e9riode, s&rsquo;inscrit dans un contexte de r\u00e9am\u00e9nagement des grilles de la cha\u00eene publique, visant notamment \u00e0 proposer des rendez-vous th\u00e9matiques forts [&hellip;]\" \/>\n<meta property=\"og:url\" content=\"https:\/\/elukelele.com\/fr\/divertissement\/elise-lucet-ne-reviendra-finalement-pas-sur-france-2-ce-jeudi-20-novembre-2025\/\" \/>\n<meta property=\"og:site_name\" content=\"El Ukelele\" \/>\n<meta property=\"article:published_time\" content=\"2025-11-19T08:28:20+00:00\" \/>\n<meta property=\"article:modified_time\" content=\"2025-11-19T08:28:21+00:00\" \/>\n<meta property=\"og:image\" content=\"https:\/\/elukelele.com\/fr\/wp-content\/uploads\/2025\/11\/framed_only-167.png\" \/>\n\t<meta property=\"og:image:width\" content=\"1200\" \/>\n\t<meta property=\"og:image:height\" content=\"628\" \/>\n\t<meta property=\"og:image:type\" content=\"image\/png\" \/>\n<meta name=\"author\" content=\"Daniel Perrin\" \/>\n<meta name=\"twitter:card\" content=\"summary_large_image\" \/>\n<meta name=\"twitter:label1\" content=\"\u00c9crit par\" \/>\n\t<meta name=\"twitter:data1\" content=\"Daniel Perrin\" \/>\n\t<meta name=\"twitter:label2\" content=\"Dur\u00e9e de lecture estim\u00e9e\" \/>\n\t<meta name=\"twitter:data2\" content=\"4 minutes\" \/>\n<script type=\"application\/ld+json\" class=\"yoast-schema-graph\">{\"@context\":\"https:\/\/schema.org\",\"@graph\":[{\"@type\":\"WebPage\",\"@id\":\"https:\/\/elukelele.com\/fr\/divertissement\/elise-lucet-ne-reviendra-finalement-pas-sur-france-2-ce-jeudi-20-novembre-2025\/\",\"url\":\"https:\/\/elukelele.com\/fr\/divertissement\/elise-lucet-ne-reviendra-finalement-pas-sur-france-2-ce-jeudi-20-novembre-2025\/\",\"name\":\"\u00c9lise Lucet ne reviendra finalement pas sur France 2 ce jeudi 20 novembre 2025\",\"isPartOf\":{\"@id\":\"https:\/\/elukelele.com\/fr\/#website\"},\"primaryImageOfPage\":{\"@id\":\"https:\/\/elukelele.com\/fr\/divertissement\/elise-lucet-ne-reviendra-finalement-pas-sur-france-2-ce-jeudi-20-novembre-2025\/#primaryimage\"},\"image\":{\"@id\":\"https:\/\/elukelele.com\/fr\/divertissement\/elise-lucet-ne-reviendra-finalement-pas-sur-france-2-ce-jeudi-20-novembre-2025\/#primaryimage\"},\"thumbnailUrl\":\"https:\/\/elukelele.com\/fr\/wp-content\/uploads\/2025\/11\/framed_only-167.png\",\"datePublished\":\"2025-11-19T08:28:20+00:00\",\"dateModified\":\"2025-11-19T08:28:21+00:00\",\"author\":{\"@id\":\"https:\/\/elukelele.com\/fr\/#\/schema\/person\/ccfb3d2be2ec7fa389608eb6da0b38d6\"},\"breadcrumb\":{\"@id\":\"https:\/\/elukelele.com\/fr\/divertissement\/elise-lucet-ne-reviendra-finalement-pas-sur-france-2-ce-jeudi-20-novembre-2025\/#breadcrumb\"},\"inLanguage\":\"fr-FR\",\"potentialAction\":[{\"@type\":\"ReadAction\",\"target\":[\"https:\/\/elukelele.com\/fr\/divertissement\/elise-lucet-ne-reviendra-finalement-pas-sur-france-2-ce-jeudi-20-novembre-2025\/\"]}]},{\"@type\":\"ImageObject\",\"inLanguage\":\"fr-FR\",\"@id\":\"https:\/\/elukelele.com\/fr\/divertissement\/elise-lucet-ne-reviendra-finalement-pas-sur-france-2-ce-jeudi-20-novembre-2025\/#primaryimage\",\"url\":\"https:\/\/elukelele.com\/fr\/wp-content\/uploads\/2025\/11\/framed_only-167.png\",\"contentUrl\":\"https:\/\/elukelele.com\/fr\/wp-content\/uploads\/2025\/11\/framed_only-167.png\",\"width\":1200,\"height\":628,\"caption\":\"\u00c9lise Lucet\"},{\"@type\":\"BreadcrumbList\",\"@id\":\"https:\/\/elukelele.com\/fr\/divertissement\/elise-lucet-ne-reviendra-finalement-pas-sur-france-2-ce-jeudi-20-novembre-2025\/#breadcrumb\",\"itemListElement\":[{\"@type\":\"ListItem\",\"position\":1,\"name\":\"Home\",\"item\":\"https:\/\/elukelele.com\/fr\/\"},{\"@type\":\"ListItem\",\"position\":2,\"name\":\"\u00c9lise Lucet ne reviendra finalement pas sur France 2 ce jeudi 20 novembre 2025\"}]},{\"@type\":\"WebSite\",\"@id\":\"https:\/\/elukelele.com\/fr\/#website\",\"url\":\"https:\/\/elukelele.com\/fr\/\",\"name\":\"El Ukelele\",\"description\":\"Musique au-del\u00e0 de l&#039;indie\",\"potentialAction\":[{\"@type\":\"SearchAction\",\"target\":{\"@type\":\"EntryPoint\",\"urlTemplate\":\"https:\/\/elukelele.com\/fr\/?s={search_term_string}\"},\"query-input\":{\"@type\":\"PropertyValueSpecification\",\"valueRequired\":true,\"valueName\":\"search_term_string\"}}],\"inLanguage\":\"fr-FR\"},{\"@type\":\"Person\",\"@id\":\"https:\/\/elukelele.com\/fr\/#\/schema\/person\/ccfb3d2be2ec7fa389608eb6da0b38d6\",\"name\":\"Daniel Perrin\",\"image\":{\"@type\":\"ImageObject\",\"inLanguage\":\"fr-FR\",\"@id\":\"https:\/\/elukelele.com\/fr\/#\/schema\/person\/image\/\",\"url\":\"https:\/\/secure.gravatar.com\/avatar\/37f9d9ffa29ce5640a0d9c6ca8bbd90afb854014296ecaa0e3a558ac716e6fe4?s=96&d=mm&r=g\",\"contentUrl\":\"https:\/\/secure.gravatar.com\/avatar\/37f9d9ffa29ce5640a0d9c6ca8bbd90afb854014296ecaa0e3a558ac716e6fe4?s=96&d=mm&r=g\",\"caption\":\"Daniel Perrin\"},\"sameAs\":[\"https:\/\/elukelele.com\/fr\"],\"url\":\"https:\/\/elukelele.com\/fr\/author\/daniel-perrin\/\"}]}<\/script>\n<!-- \/ Yoast SEO plugin. -->","yoast_head_json":{"title":"\u00c9lise Lucet ne reviendra finalement pas sur France 2 ce jeudi 20 novembre 2025","robots":{"index":"index","follow":"follow","max-snippet":"max-snippet:-1","max-image-preview":"max-image-preview:large","max-video-preview":"max-video-preview:-1"},"canonical":"https:\/\/elukelele.com\/fr\/divertissement\/elise-lucet-ne-reviendra-finalement-pas-sur-france-2-ce-jeudi-20-novembre-2025\/","og_locale":"fr_FR","og_type":"article","og_title":"\u00c9lise Lucet ne reviendra finalement pas sur France 2 ce jeudi 20 novembre 2025","og_description":"Le jeudi 20 novembre 2025 marquera une nouvelle absence pour \u00c9lise Lucet \u00e0 la t\u00eate de l&rsquo;\u00e9mission d&rsquo;investigation \u00ab\u00a0Envoy\u00e9 sp\u00e9cial\u00a0\u00bb sur France 2. Cette d\u00e9cision de programmation, qui n&rsquo;est pas la premi\u00e8re en cette p\u00e9riode, s&rsquo;inscrit dans un contexte de r\u00e9am\u00e9nagement des grilles de la cha\u00eene publique, visant notamment \u00e0 proposer des rendez-vous th\u00e9matiques forts [&hellip;]","og_url":"https:\/\/elukelele.com\/fr\/divertissement\/elise-lucet-ne-reviendra-finalement-pas-sur-france-2-ce-jeudi-20-novembre-2025\/","og_site_name":"El Ukelele","article_published_time":"2025-11-19T08:28:20+00:00","article_modified_time":"2025-11-19T08:28:21+00:00","og_image":[{"width":1200,"height":628,"url":"https:\/\/elukelele.com\/fr\/wp-content\/uploads\/2025\/11\/framed_only-167.png","type":"image\/png"}],"author":"Daniel Perrin","twitter_card":"summary_large_image","twitter_misc":{"\u00c9crit par":"Daniel Perrin","Dur\u00e9e de lecture estim\u00e9e":"4 minutes"},"schema":{"@context":"https:\/\/schema.org","@graph":[{"@type":"WebPage","@id":"https:\/\/elukelele.com\/fr\/divertissement\/elise-lucet-ne-reviendra-finalement-pas-sur-france-2-ce-jeudi-20-novembre-2025\/","url":"https:\/\/elukelele.com\/fr\/divertissement\/elise-lucet-ne-reviendra-finalement-pas-sur-france-2-ce-jeudi-20-novembre-2025\/","name":"\u00c9lise Lucet ne reviendra finalement pas sur France 2 ce jeudi 20 novembre 2025","isPartOf":{"@id":"https:\/\/elukelele.com\/fr\/#website"},"primaryImageOfPage":{"@id":"https:\/\/elukelele.com\/fr\/divertissement\/elise-lucet-ne-reviendra-finalement-pas-sur-france-2-ce-jeudi-20-novembre-2025\/#primaryimage"},"image":{"@id":"https:\/\/elukelele.com\/fr\/divertissement\/elise-lucet-ne-reviendra-finalement-pas-sur-france-2-ce-jeudi-20-novembre-2025\/#primaryimage"},"thumbnailUrl":"https:\/\/elukelele.com\/fr\/wp-content\/uploads\/2025\/11\/framed_only-167.png","datePublished":"2025-11-19T08:28:20+00:00","dateModified":"2025-11-19T08:28:21+00:00","author":{"@id":"https:\/\/elukelele.com\/fr\/#\/schema\/person\/ccfb3d2be2ec7fa389608eb6da0b38d6"},"breadcrumb":{"@id":"https:\/\/elukelele.com\/fr\/divertissement\/elise-lucet-ne-reviendra-finalement-pas-sur-france-2-ce-jeudi-20-novembre-2025\/#breadcrumb"},"inLanguage":"fr-FR","potentialAction":[{"@type":"ReadAction","target":["https:\/\/elukelele.com\/fr\/divertissement\/elise-lucet-ne-reviendra-finalement-pas-sur-france-2-ce-jeudi-20-novembre-2025\/"]}]},{"@type":"ImageObject","inLanguage":"fr-FR","@id":"https:\/\/elukelele.com\/fr\/divertissement\/elise-lucet-ne-reviendra-finalement-pas-sur-france-2-ce-jeudi-20-novembre-2025\/#primaryimage","url":"https:\/\/elukelele.com\/fr\/wp-content\/uploads\/2025\/11\/framed_only-167.png","contentUrl":"https:\/\/elukelele.com\/fr\/wp-content\/uploads\/2025\/11\/framed_only-167.png","width":1200,"height":628,"caption":"\u00c9lise Lucet"},{"@type":"BreadcrumbList","@id":"https:\/\/elukelele.com\/fr\/divertissement\/elise-lucet-ne-reviendra-finalement-pas-sur-france-2-ce-jeudi-20-novembre-2025\/#breadcrumb","itemListElement":[{"@type":"ListItem","position":1,"name":"Home","item":"https:\/\/elukelele.com\/fr\/"},{"@type":"ListItem","position":2,"name":"\u00c9lise Lucet ne reviendra finalement pas sur France 2 ce jeudi 20 novembre 2025"}]},{"@type":"WebSite","@id":"https:\/\/elukelele.com\/fr\/#website","url":"https:\/\/elukelele.com\/fr\/","name":"El Ukelele","description":"Musique au-del\u00e0 de l&#039;indie","potentialAction":[{"@type":"SearchAction","target":{"@type":"EntryPoint","urlTemplate":"https:\/\/elukelele.com\/fr\/?s={search_term_string}"},"query-input":{"@type":"PropertyValueSpecification","valueRequired":true,"valueName":"search_term_string"}}],"inLanguage":"fr-FR"},{"@type":"Person","@id":"https:\/\/elukelele.com\/fr\/#\/schema\/person\/ccfb3d2be2ec7fa389608eb6da0b38d6","name":"Daniel Perrin","image":{"@type":"ImageObject","inLanguage":"fr-FR","@id":"https:\/\/elukelele.com\/fr\/#\/schema\/person\/image\/","url":"https:\/\/secure.gravatar.com\/avatar\/37f9d9ffa29ce5640a0d9c6ca8bbd90afb854014296ecaa0e3a558ac716e6fe4?s=96&d=mm&r=g","contentUrl":"https:\/\/secure.gravatar.com\/avatar\/37f9d9ffa29ce5640a0d9c6ca8bbd90afb854014296ecaa0e3a558ac716e6fe4?s=96&d=mm&r=g","caption":"Daniel Perrin"},"sameAs":["https:\/\/elukelele.com\/fr"],"url":"https:\/\/elukelele.com\/fr\/author\/daniel-perrin\/"}]}},"_links":{"self":[{"href":"https:\/\/elukelele.com\/fr\/wp-json\/wp\/v2\/posts\/44913","targetHints":{"allow":["GET"]}}],"collection":[{"href":"https:\/\/elukelele.com\/fr\/wp-json\/wp\/v2\/posts"}],"about":[{"href":"https:\/\/elukelele.com\/fr\/wp-json\/wp\/v2\/types\/post"}],"author":[{"embeddable":true,"href":"https:\/\/elukelele.com\/fr\/wp-json\/wp\/v2\/users\/4"}],"replies":[{"embeddable":true,"href":"https:\/\/elukelele.com\/fr\/wp-json\/wp\/v2\/comments?post=44913"}],"version-history":[{"count":1,"href":"https:\/\/elukelele.com\/fr\/wp-json\/wp\/v2\/posts\/44913\/revisions"}],"predecessor-version":[{"id":44952,"href":"https:\/\/elukelele.com\/fr\/wp-json\/wp\/v2\/posts\/44913\/revisions\/44952"}],"wp:featuredmedia":[{"embeddable":true,"href":"https:\/\/elukelele.com\/fr\/wp-json\/wp\/v2\/media\/44911"}],"wp:attachment":[{"href":"https:\/\/elukelele.com\/fr\/wp-json\/wp\/v2\/media?parent=44913"}],"wp:term":[{"taxonomy":"category","embeddable":true,"href":"https:\/\/elukelele.com\/fr\/wp-json\/wp\/v2\/categories?post=44913"},{"taxonomy":"post_tag","embeddable":true,"href":"https:\/\/elukelele.com\/fr\/wp-json\/wp\/v2\/tags?post=44913"}],"curies":[{"name":"wp","href":"https:\/\/api.w.org\/{rel}","templated":true}]}}