{"id":44903,"date":"2025-11-19T07:30:57","date_gmt":"2025-11-19T07:30:57","guid":{"rendered":"https:\/\/elukelele.com\/fr\/?p=44903"},"modified":"2025-11-19T07:30:58","modified_gmt":"2025-11-19T07:30:58","slug":"un-si-grand-soleil-en-avance-kira-au-coeur-dune-vengeance","status":"publish","type":"post","link":"https:\/\/elukelele.com\/fr\/divertissement\/un-si-grand-soleil-en-avance-kira-au-coeur-dune-vengeance\/","title":{"rendered":"Un si grand soleil en avance\u00a0: Kira au c\u0153ur d\u2019une vengeance"},"content":{"rendered":"<p>L&rsquo;\u00e9pisode d&rsquo;\u00ab Un si grand soleil \u00bb diffus\u00e9 le mercredi 19 novembre 2025 s&rsquo;annonce riche en rebondissements, pla\u00e7ant Kira au centre d&rsquo;une intrigue de vengeance. Alors que des tensions montent autour de l&rsquo;entreprise L Cosm\u00e9tiques, et que Dimitri et Lucas se retrouvent sous surveillance, c&rsquo;est une affaire de discrimination qui va pousser Kira \u00e0 prendre les r\u00eanes d&rsquo;une op\u00e9ration d\u00e9licate, cherchant \u00e0 r\u00e9parer une injustice et \u00e0 faire \u00e9clater la v\u00e9rit\u00e9. Les t\u00e9l\u00e9spectateurs de France 3 d\u00e9couvriront comment la jeune femme, port\u00e9e par un sens aigu de la justice, va orchestrer une riposte qui pourrait bien changer la donne pour plusieurs personnages.<\/p>\n<h2>Les Manigances de Richard Conte et la Surveillance de Dimitri et Lucas<\/h2>\n<p>Dans la suite des \u00e9v\u00e9nements d&rsquo;\u00ab Un si grand soleil \u00bb, Sibylle est en pleine pr\u00e9paration de livraisons lorsqu&rsquo;elle re\u00e7oit un appel de Richard Conte. Ce dernier s&rsquo;enquiert de l&rsquo;aptitude d&rsquo;une personne \u00e0 travailler pour lui. Sibylle, confiante, lui assure que quelques jours suffiront \u00e0 la personne concern\u00e9e pour le convaincre de ses capacit\u00e9s. Richard Conte, connu pour son impatience, lui recommande d&rsquo;agir rapidement.<\/p>\n<p>Pendant ce temps, Richard Conte est aper\u00e7u en train de visiter le site de L Cosm\u00e9tiques, laissant planer le doute sur ses intentions. Serait-il en train de cibler Lucas (J\u00e9r\u00e9my Cherbonnier) ou de pr\u00e9parer un coup d&rsquo;\u00e9clat dans les coulisses de l&rsquo;entreprise ? De son c\u00f4t\u00e9, Lucas re\u00e7oit une proposition de Dimitri pour boire un verre. Lucas accepte, mais insiste sur la discr\u00e9tion de leur rencontre, \u00e9tant au travail. Leur discussion se prolonge lors d&rsquo;un d\u00eener en pr\u00e9sence d&rsquo;Emma (Sarah Jague), o\u00f9 Dimitri fr\u00f4le la gaffe. Lucas tente de rattraper la situation en affirmant que leur collaboration est termin\u00e9e, ce qui pourrait n\u00e9anmoins \u00e9veiller les soup\u00e7ons d&rsquo;Emma. Parall\u00e8lement, Sibylle garde un \u0153il attentif sur Lucas et Dimitri (Victorien Robert). Il reste \u00e0 voir si elle exercera une pression sur les deux hommes afin qu&rsquo;ils acceptent sa proposition dans les prochains jours.<\/p>\n<h2>Kira au C\u0153ur d&rsquo;une Vengeance Calcul\u00e9e<\/h2>\n<p>L&rsquo;ambiance est \u00e9galement \u00e9lectrique chez Pinot. Serge Levars (Laurent Frattale), son avocat, lui annonce que le journal n&rsquo;a pas l&rsquo;intention de publier de d\u00e9menti ni de retirer l&rsquo;article incrimin\u00e9. Furieux, le restaurateur d\u00e9cide d&rsquo;attaquer le quotidien pour diffamation. Thierry (Nicolas G\u00e9rout) enregistre la plainte mais reste sceptique quant \u00e0 ses chances de succ\u00e8s.<\/p>\n<p>Marie-Sophie Gu\u00e9rin (Oph\u00e9lie Koering) est rapidement inform\u00e9e de la plainte d\u00e9pos\u00e9e par Pinot et se tourne vers Kira (Coline Ramos-Pinto). Bien que la stagiaire exprime le souhait de publier un d\u00e9menti pour apaiser les tensions autour du journal, la r\u00e9dactrice en cheffe du Midi Libre a d&rsquo;autres plans. Elle organise une vengeance m\u00e9ticuleuse, dont Kira sera la figure centrale. L&rsquo;objectif est de mettre en place un \u00ab\u00a0testing\u00a0\u00bb pour v\u00e9rifier si des actes de discrimination sont r\u00e9ellement commis \u00e0 l&rsquo;entr\u00e9e de l&rsquo;\u00e9tablissement. Kira sollicite la participation d&rsquo;Achille (Matthieu Rodriguez), Pablo (Afrile Sorrente), Noura (Mariel-Louise Compain) et Charlotte (Cl\u00e9mence Boeuf) pour cette op\u00e9ration. Pascal, bien que plus h\u00e9sitant, comprend la d\u00e9marche. Pour Kira, cette initiative repr\u00e9sente une occasion en or de r\u00e9parer une erreur pass\u00e9e et de r\u00e9tablir une forme de justice.<\/p>\n<p>Cet \u00e9pisode cl\u00e9 d&rsquo;\u00ab Un si grand soleil en avance : Kira au c\u0153ur d\u2019une vengeance (\u00e9pisode du mercredi 19 novembre 2025) \u00bb promet des d\u00e9veloppements intenses pour plusieurs personnages. Entre les ambitions cach\u00e9es de Richard Conte et la qu\u00eate de justice de Kira, les dynamiques des relations et les enjeux professionnels s&rsquo;entrem\u00ealent, offrant une trame narrative captivante.<\/p>\n","protected":false},"excerpt":{"rendered":"<p>L&rsquo;\u00e9pisode d&rsquo;\u00ab Un si grand soleil \u00bb diffus\u00e9 le mercredi 19 novembre 2025 s&rsquo;annonce riche en rebondissements, pla\u00e7ant Kira au centre d&rsquo;une intrigue de vengeance. Alors que des tensions montent autour de l&rsquo;entreprise L Cosm\u00e9tiques, et que Dimitri et Lucas se retrouvent sous surveillance, c&rsquo;est une affaire de discrimination qui va pousser Kira \u00e0 prendre [&hellip;]<\/p>\n","protected":false},"author":4,"featured_media":44902,"comment_status":"open","ping_status":"open","sticky":false,"template":"","format":"standard","meta":{"_yoast_wpseo_title":"Un si grand soleil en avance\u00a0: Kira au c\u0153ur d\u2019une vengeance","_yoast_wpseo_metadesc":"","_yoast_wpseo_focuskw":"grand"},"categories":[5],"tags":[],"class_list":["post-44903","post","type-post","status-publish","format-standard","has-post-thumbnail","hentry","category-divertissement"],"yoast_head":"<!-- This site is optimized with the Yoast SEO plugin v26.3 - https:\/\/yoast.com\/wordpress\/plugins\/seo\/ -->\n<title>Un si grand soleil en avance\u00a0: Kira au c\u0153ur d\u2019une vengeance<\/title>\n<meta name=\"robots\" content=\"index, follow, max-snippet:-1, max-image-preview:large, max-video-preview:-1\" \/>\n<link rel=\"canonical\" href=\"https:\/\/elukelele.com\/fr\/divertissement\/un-si-grand-soleil-en-avance-kira-au-coeur-dune-vengeance\/\" \/>\n<meta property=\"og:locale\" content=\"fr_FR\" \/>\n<meta property=\"og:type\" content=\"article\" \/>\n<meta property=\"og:title\" content=\"Un si grand soleil en avance\u00a0: Kira au c\u0153ur d\u2019une vengeance\" \/>\n<meta property=\"og:description\" content=\"L&rsquo;\u00e9pisode d&rsquo;\u00ab Un si grand soleil \u00bb diffus\u00e9 le mercredi 19 novembre 2025 s&rsquo;annonce riche en rebondissements, pla\u00e7ant Kira au centre d&rsquo;une intrigue de vengeance. Alors que des tensions montent autour de l&rsquo;entreprise L Cosm\u00e9tiques, et que Dimitri et Lucas se retrouvent sous surveillance, c&rsquo;est une affaire de discrimination qui va pousser Kira \u00e0 prendre [&hellip;]\" \/>\n<meta property=\"og:url\" content=\"https:\/\/elukelele.com\/fr\/divertissement\/un-si-grand-soleil-en-avance-kira-au-coeur-dune-vengeance\/\" \/>\n<meta property=\"og:site_name\" content=\"El Ukelele\" \/>\n<meta property=\"article:published_time\" content=\"2025-11-19T07:30:57+00:00\" \/>\n<meta property=\"article:modified_time\" content=\"2025-11-19T07:30:58+00:00\" \/>\n<meta property=\"og:image\" content=\"https:\/\/elukelele.com\/fr\/wp-content\/uploads\/2025\/11\/framed_only-162.png\" \/>\n\t<meta property=\"og:image:width\" content=\"1200\" \/>\n\t<meta property=\"og:image:height\" content=\"628\" \/>\n\t<meta property=\"og:image:type\" content=\"image\/png\" \/>\n<meta name=\"author\" content=\"Daniel Perrin\" \/>\n<meta name=\"twitter:card\" content=\"summary_large_image\" \/>\n<meta name=\"twitter:label1\" content=\"\u00c9crit par\" \/>\n\t<meta name=\"twitter:data1\" content=\"Daniel Perrin\" \/>\n\t<meta name=\"twitter:label2\" content=\"Dur\u00e9e de lecture estim\u00e9e\" \/>\n\t<meta name=\"twitter:data2\" content=\"4 minutes\" \/>\n<script type=\"application\/ld+json\" class=\"yoast-schema-graph\">{\"@context\":\"https:\/\/schema.org\",\"@graph\":[{\"@type\":\"WebPage\",\"@id\":\"https:\/\/elukelele.com\/fr\/divertissement\/un-si-grand-soleil-en-avance-kira-au-coeur-dune-vengeance\/\",\"url\":\"https:\/\/elukelele.com\/fr\/divertissement\/un-si-grand-soleil-en-avance-kira-au-coeur-dune-vengeance\/\",\"name\":\"Un si grand soleil en avance\u00a0: Kira au c\u0153ur d\u2019une vengeance\",\"isPartOf\":{\"@id\":\"https:\/\/elukelele.com\/fr\/#website\"},\"primaryImageOfPage\":{\"@id\":\"https:\/\/elukelele.com\/fr\/divertissement\/un-si-grand-soleil-en-avance-kira-au-coeur-dune-vengeance\/#primaryimage\"},\"image\":{\"@id\":\"https:\/\/elukelele.com\/fr\/divertissement\/un-si-grand-soleil-en-avance-kira-au-coeur-dune-vengeance\/#primaryimage\"},\"thumbnailUrl\":\"https:\/\/elukelele.com\/fr\/wp-content\/uploads\/2025\/11\/framed_only-162.png\",\"datePublished\":\"2025-11-19T07:30:57+00:00\",\"dateModified\":\"2025-11-19T07:30:58+00:00\",\"author\":{\"@id\":\"https:\/\/elukelele.com\/fr\/#\/schema\/person\/ccfb3d2be2ec7fa389608eb6da0b38d6\"},\"breadcrumb\":{\"@id\":\"https:\/\/elukelele.com\/fr\/divertissement\/un-si-grand-soleil-en-avance-kira-au-coeur-dune-vengeance\/#breadcrumb\"},\"inLanguage\":\"fr-FR\",\"potentialAction\":[{\"@type\":\"ReadAction\",\"target\":[\"https:\/\/elukelele.com\/fr\/divertissement\/un-si-grand-soleil-en-avance-kira-au-coeur-dune-vengeance\/\"]}]},{\"@type\":\"ImageObject\",\"inLanguage\":\"fr-FR\",\"@id\":\"https:\/\/elukelele.com\/fr\/divertissement\/un-si-grand-soleil-en-avance-kira-au-coeur-dune-vengeance\/#primaryimage\",\"url\":\"https:\/\/elukelele.com\/fr\/wp-content\/uploads\/2025\/11\/framed_only-162.png\",\"contentUrl\":\"https:\/\/elukelele.com\/fr\/wp-content\/uploads\/2025\/11\/framed_only-162.png\",\"width\":1200,\"height\":628,\"caption\":\"grand\"},{\"@type\":\"BreadcrumbList\",\"@id\":\"https:\/\/elukelele.com\/fr\/divertissement\/un-si-grand-soleil-en-avance-kira-au-coeur-dune-vengeance\/#breadcrumb\",\"itemListElement\":[{\"@type\":\"ListItem\",\"position\":1,\"name\":\"Home\",\"item\":\"https:\/\/elukelele.com\/fr\/\"},{\"@type\":\"ListItem\",\"position\":2,\"name\":\"Un si grand soleil en avance\u00a0: Kira au c\u0153ur d\u2019une vengeance\"}]},{\"@type\":\"WebSite\",\"@id\":\"https:\/\/elukelele.com\/fr\/#website\",\"url\":\"https:\/\/elukelele.com\/fr\/\",\"name\":\"El Ukelele\",\"description\":\"Musique au-del\u00e0 de l&#039;indie\",\"potentialAction\":[{\"@type\":\"SearchAction\",\"target\":{\"@type\":\"EntryPoint\",\"urlTemplate\":\"https:\/\/elukelele.com\/fr\/?s={search_term_string}\"},\"query-input\":{\"@type\":\"PropertyValueSpecification\",\"valueRequired\":true,\"valueName\":\"search_term_string\"}}],\"inLanguage\":\"fr-FR\"},{\"@type\":\"Person\",\"@id\":\"https:\/\/elukelele.com\/fr\/#\/schema\/person\/ccfb3d2be2ec7fa389608eb6da0b38d6\",\"name\":\"Daniel Perrin\",\"image\":{\"@type\":\"ImageObject\",\"inLanguage\":\"fr-FR\",\"@id\":\"https:\/\/elukelele.com\/fr\/#\/schema\/person\/image\/\",\"url\":\"https:\/\/secure.gravatar.com\/avatar\/37f9d9ffa29ce5640a0d9c6ca8bbd90afb854014296ecaa0e3a558ac716e6fe4?s=96&d=mm&r=g\",\"contentUrl\":\"https:\/\/secure.gravatar.com\/avatar\/37f9d9ffa29ce5640a0d9c6ca8bbd90afb854014296ecaa0e3a558ac716e6fe4?s=96&d=mm&r=g\",\"caption\":\"Daniel Perrin\"},\"sameAs\":[\"https:\/\/elukelele.com\/fr\"],\"url\":\"https:\/\/elukelele.com\/fr\/author\/daniel-perrin\/\"}]}<\/script>\n<!-- \/ Yoast SEO plugin. -->","yoast_head_json":{"title":"Un si grand soleil en avance\u00a0: Kira au c\u0153ur d\u2019une vengeance","robots":{"index":"index","follow":"follow","max-snippet":"max-snippet:-1","max-image-preview":"max-image-preview:large","max-video-preview":"max-video-preview:-1"},"canonical":"https:\/\/elukelele.com\/fr\/divertissement\/un-si-grand-soleil-en-avance-kira-au-coeur-dune-vengeance\/","og_locale":"fr_FR","og_type":"article","og_title":"Un si grand soleil en avance\u00a0: Kira au c\u0153ur d\u2019une vengeance","og_description":"L&rsquo;\u00e9pisode d&rsquo;\u00ab Un si grand soleil \u00bb diffus\u00e9 le mercredi 19 novembre 2025 s&rsquo;annonce riche en rebondissements, pla\u00e7ant Kira au centre d&rsquo;une intrigue de vengeance. Alors que des tensions montent autour de l&rsquo;entreprise L Cosm\u00e9tiques, et que Dimitri et Lucas se retrouvent sous surveillance, c&rsquo;est une affaire de discrimination qui va pousser Kira \u00e0 prendre [&hellip;]","og_url":"https:\/\/elukelele.com\/fr\/divertissement\/un-si-grand-soleil-en-avance-kira-au-coeur-dune-vengeance\/","og_site_name":"El Ukelele","article_published_time":"2025-11-19T07:30:57+00:00","article_modified_time":"2025-11-19T07:30:58+00:00","og_image":[{"width":1200,"height":628,"url":"https:\/\/elukelele.com\/fr\/wp-content\/uploads\/2025\/11\/framed_only-162.png","type":"image\/png"}],"author":"Daniel Perrin","twitter_card":"summary_large_image","twitter_misc":{"\u00c9crit par":"Daniel Perrin","Dur\u00e9e de lecture estim\u00e9e":"4 minutes"},"schema":{"@context":"https:\/\/schema.org","@graph":[{"@type":"WebPage","@id":"https:\/\/elukelele.com\/fr\/divertissement\/un-si-grand-soleil-en-avance-kira-au-coeur-dune-vengeance\/","url":"https:\/\/elukelele.com\/fr\/divertissement\/un-si-grand-soleil-en-avance-kira-au-coeur-dune-vengeance\/","name":"Un si grand soleil en avance\u00a0: Kira au c\u0153ur d\u2019une vengeance","isPartOf":{"@id":"https:\/\/elukelele.com\/fr\/#website"},"primaryImageOfPage":{"@id":"https:\/\/elukelele.com\/fr\/divertissement\/un-si-grand-soleil-en-avance-kira-au-coeur-dune-vengeance\/#primaryimage"},"image":{"@id":"https:\/\/elukelele.com\/fr\/divertissement\/un-si-grand-soleil-en-avance-kira-au-coeur-dune-vengeance\/#primaryimage"},"thumbnailUrl":"https:\/\/elukelele.com\/fr\/wp-content\/uploads\/2025\/11\/framed_only-162.png","datePublished":"2025-11-19T07:30:57+00:00","dateModified":"2025-11-19T07:30:58+00:00","author":{"@id":"https:\/\/elukelele.com\/fr\/#\/schema\/person\/ccfb3d2be2ec7fa389608eb6da0b38d6"},"breadcrumb":{"@id":"https:\/\/elukelele.com\/fr\/divertissement\/un-si-grand-soleil-en-avance-kira-au-coeur-dune-vengeance\/#breadcrumb"},"inLanguage":"fr-FR","potentialAction":[{"@type":"ReadAction","target":["https:\/\/elukelele.com\/fr\/divertissement\/un-si-grand-soleil-en-avance-kira-au-coeur-dune-vengeance\/"]}]},{"@type":"ImageObject","inLanguage":"fr-FR","@id":"https:\/\/elukelele.com\/fr\/divertissement\/un-si-grand-soleil-en-avance-kira-au-coeur-dune-vengeance\/#primaryimage","url":"https:\/\/elukelele.com\/fr\/wp-content\/uploads\/2025\/11\/framed_only-162.png","contentUrl":"https:\/\/elukelele.com\/fr\/wp-content\/uploads\/2025\/11\/framed_only-162.png","width":1200,"height":628,"caption":"grand"},{"@type":"BreadcrumbList","@id":"https:\/\/elukelele.com\/fr\/divertissement\/un-si-grand-soleil-en-avance-kira-au-coeur-dune-vengeance\/#breadcrumb","itemListElement":[{"@type":"ListItem","position":1,"name":"Home","item":"https:\/\/elukelele.com\/fr\/"},{"@type":"ListItem","position":2,"name":"Un si grand soleil en avance\u00a0: Kira au c\u0153ur d\u2019une vengeance"}]},{"@type":"WebSite","@id":"https:\/\/elukelele.com\/fr\/#website","url":"https:\/\/elukelele.com\/fr\/","name":"El Ukelele","description":"Musique au-del\u00e0 de l&#039;indie","potentialAction":[{"@type":"SearchAction","target":{"@type":"EntryPoint","urlTemplate":"https:\/\/elukelele.com\/fr\/?s={search_term_string}"},"query-input":{"@type":"PropertyValueSpecification","valueRequired":true,"valueName":"search_term_string"}}],"inLanguage":"fr-FR"},{"@type":"Person","@id":"https:\/\/elukelele.com\/fr\/#\/schema\/person\/ccfb3d2be2ec7fa389608eb6da0b38d6","name":"Daniel Perrin","image":{"@type":"ImageObject","inLanguage":"fr-FR","@id":"https:\/\/elukelele.com\/fr\/#\/schema\/person\/image\/","url":"https:\/\/secure.gravatar.com\/avatar\/37f9d9ffa29ce5640a0d9c6ca8bbd90afb854014296ecaa0e3a558ac716e6fe4?s=96&d=mm&r=g","contentUrl":"https:\/\/secure.gravatar.com\/avatar\/37f9d9ffa29ce5640a0d9c6ca8bbd90afb854014296ecaa0e3a558ac716e6fe4?s=96&d=mm&r=g","caption":"Daniel Perrin"},"sameAs":["https:\/\/elukelele.com\/fr"],"url":"https:\/\/elukelele.com\/fr\/author\/daniel-perrin\/"}]}},"_links":{"self":[{"href":"https:\/\/elukelele.com\/fr\/wp-json\/wp\/v2\/posts\/44903","targetHints":{"allow":["GET"]}}],"collection":[{"href":"https:\/\/elukelele.com\/fr\/wp-json\/wp\/v2\/posts"}],"about":[{"href":"https:\/\/elukelele.com\/fr\/wp-json\/wp\/v2\/types\/post"}],"author":[{"embeddable":true,"href":"https:\/\/elukelele.com\/fr\/wp-json\/wp\/v2\/users\/4"}],"replies":[{"embeddable":true,"href":"https:\/\/elukelele.com\/fr\/wp-json\/wp\/v2\/comments?post=44903"}],"version-history":[{"count":2,"href":"https:\/\/elukelele.com\/fr\/wp-json\/wp\/v2\/posts\/44903\/revisions"}],"predecessor-version":[{"id":44950,"href":"https:\/\/elukelele.com\/fr\/wp-json\/wp\/v2\/posts\/44903\/revisions\/44950"}],"wp:featuredmedia":[{"embeddable":true,"href":"https:\/\/elukelele.com\/fr\/wp-json\/wp\/v2\/media\/44902"}],"wp:attachment":[{"href":"https:\/\/elukelele.com\/fr\/wp-json\/wp\/v2\/media?parent=44903"}],"wp:term":[{"taxonomy":"category","embeddable":true,"href":"https:\/\/elukelele.com\/fr\/wp-json\/wp\/v2\/categories?post=44903"},{"taxonomy":"post_tag","embeddable":true,"href":"https:\/\/elukelele.com\/fr\/wp-json\/wp\/v2\/tags?post=44903"}],"curies":[{"name":"wp","href":"https:\/\/api.w.org\/{rel}","templated":true}]}}