{"id":44647,"date":"2025-11-19T06:44:39","date_gmt":"2025-11-19T06:44:39","guid":{"rendered":"https:\/\/elukelele.com\/fr\/?p=44647"},"modified":"2025-11-19T06:44:40","modified_gmt":"2025-11-19T06:44:40","slug":"cest-bien-de-disparaitre-cette-chanteuse-star-francaise-va-t-elle-mettre-un-terme-a-carriere","status":"publish","type":"post","link":"https:\/\/elukelele.com\/fr\/divertissement\/cest-bien-de-disparaitre-cette-chanteuse-star-francaise-va-t-elle-mettre-un-terme-a-carriere\/","title":{"rendered":"\u00ab\u00a0C\u2019est bien de dispara\u00eetre\u00a0\u00bb\u00a0: cette chanteuse star fran\u00e7aise va-t-elle mettre un terme \u00e0 carri\u00e8re\u00a0?"},"content":{"rendered":"<p>La sc\u00e8ne musicale fran\u00e7aise est en effervescence suite aux d\u00e9clarations de la chanteuse star Vitaa. L&rsquo;artiste, connue pour ses tubes et ses collaborations fructueuses, a r\u00e9cemment \u00e9voqu\u00e9 l&rsquo;id\u00e9e de faire une pause dans sa carri\u00e8re, laissant ses fans dans l&rsquo;incertitude quant \u00e0 son avenir. Cette annonce, marqu\u00e9e par la phrase \u00ab\u00a0C\u2019est bien de dispara\u00eetre\u00a0\u00bb, soul\u00e8ve des questions sur la dur\u00e9e et la nature de ce retrait potentiel.<\/p>\n<p>Actuellement en pleine tourn\u00e9e pour son album \u00ab\u00a0Charlotte\u00a0\u00bb, Vitaa a partag\u00e9 son d\u00e9sir de s&rsquo;\u00e9loigner des projecteurs \u00e0 l&rsquo;issue de cette s\u00e9rie de concerts, une nouvelle qui a imm\u00e9diatement interpell\u00e9 son public.<\/p>\n<h2>Une Annonce Qui R\u00e9sonne \u00e0 Lyon<\/h2>\n<p>C&rsquo;est le 15 novembre dernier, lors d&rsquo;un concert \u00e0 la LDLC Arena de Lyon, que Vitaa a fait cette r\u00e9v\u00e9lation inattendue. L&rsquo;artiste a exprim\u00e9 son intention de \u00ab\u00a0repartir dans l&rsquo;ombre\u00a0\u00bb, ajoutant que \u00ab\u00a0c\u2019est bien de dispara\u00eetre aussi\u00a0\u00bb. Ces paroles, rapport\u00e9es par divers m\u00e9dias, ont rapidement circul\u00e9, provoquant une vague de r\u00e9actions parmi ses admirateurs. La chanteuse de 42 ans n&rsquo;a pas pr\u00e9cis\u00e9 la dur\u00e9e de cette pause envisag\u00e9e, ce qui alimente les sp\u00e9culations et l&rsquo;inqui\u00e9tude de ses fans.<\/p>\n<p>Cette d\u00e9claration survient alors que Vitaa parcourt la France, la Suisse et la Belgique dans le cadre de sa tourn\u00e9e actuelle. L&rsquo;incertitude planant sur la dur\u00e9e de son absence de la sc\u00e8ne musicale a cr\u00e9\u00e9 un climat d&rsquo;attente et de questionnement.<\/p>\n<h2>Une Carri\u00e8re Intense et un Souhait de Recul<\/h2>\n<p>Vitaa a connu une carri\u00e8re particuli\u00e8rement intense, jalonn\u00e9e de succ\u00e8s et d&rsquo;une pr\u00e9sence m\u00e9diatique constante. Cependant, des informations r\u00e9centes ont fait \u00e9tat de difficult\u00e9s \u00e0 remplir certaines salles de concert ces derniers mois, avec des places parfois propos\u00e9es \u00e0 des tarifs r\u00e9duits. Si ces \u00e9l\u00e9ments ne sont pas pr\u00e9sent\u00e9s comme la raison directe de son souhait de recul, ils s&rsquo;inscrivent dans le contexte de cette annonce. Lors de ce m\u00eame concert \u00e0 Lyon, l&rsquo;artiste a tenu \u00e0 exprimer sa profonde gratitude envers son public. \u00ab\u00a0Merci pour tous les messages que je re\u00e7ois depuis des ann\u00e9es maintenant. Merci pour tous les cadeaux que vous me faites, je lis tout, je vois tout. Je prends tout, je vous aime\u00a0\u00bb, a-t-elle d\u00e9clar\u00e9, \u00e9mue, avant de conclure sa performance.<\/p>\n<p>Ce message d&rsquo;adieu, m\u00eame s&rsquo;il est potentiellement temporaire, r\u00e9sonne comme un remerciement sinc\u00e8re \u00e0 ceux qui l&rsquo;ont soutenue tout au long de son parcours musical.<\/p>\n<h2>Quel Avenir pour la Chanteuse ?<\/h2>\n<p>Avant de se retirer, temporairement ou non, Vitaa est attendue pour trois derni\u00e8res repr\u00e9sentations \u00e0 La Seine Musicale \u00e0 Paris, les 28, 29 et 30 novembre prochains. Ces dates marqueront la fin de sa tourn\u00e9e actuelle et, potentiellement, le d\u00e9but de cette p\u00e9riode de \u00ab\u00a0disparition\u00a0\u00bb artistique.<\/p>\n<p>La question qui demeure est de savoir si cette pause sera un simple interlude avant un retour en force, ou si elle pr\u00e9figure une r\u00e9orientation plus significative de sa carri\u00e8re. Les fans, suspendus \u00e0 ses prochaines d\u00e9clarations, esp\u00e8rent un retour rapide de l&rsquo;artiste sur le devant de la sc\u00e8ne.<\/p>\n<h2>FAQ<\/h2>\n<h3>Quand Vitaa a-t-elle annonc\u00e9 sa pause ?<\/h3>\n<p>Vitaa a fait cette annonce lors de son concert \u00e0 la LDLC Arena de Lyon, le 15 novembre dernier.<\/p>\n<h3>Quelle est la dur\u00e9e de cette pause ?<\/h3>\n<p>La dur\u00e9e exacte de la pause n&rsquo;a pas \u00e9t\u00e9 pr\u00e9cis\u00e9e par la chanteuse.<\/p>\n<h3>Quels sont les derniers concerts de Vitaa avant sa pause ?<\/h3>\n<p>Les trois derniers concerts de Vitaa auront lieu \u00e0 La Seine Musicale de Paris, les 28, 29 et 30 novembre prochains.<\/p>\n<h3>Vitaa met-elle un terme d\u00e9finitif \u00e0 sa carri\u00e8re ?<\/h3>\n<p>La chanteuse a \u00e9voqu\u00e9 une \u00ab\u00a0pause\u00a0\u00bb et un d\u00e9sir de \u00ab\u00a0repartir dans l&rsquo;ombre\u00a0\u00bb, sans pour autant annoncer un arr\u00eat d\u00e9finitif de sa carri\u00e8re.<\/p>\n<h2>Conclusion<\/h2>\n<p>L&rsquo;annonce de Vitaa d&rsquo;une potentielle pause dans sa carri\u00e8re, symbolis\u00e9e par son expression \u00ab\u00a0C\u2019est bien de dispara\u00eetre\u00a0\u00bb, a ouvert un chapitre d&rsquo;incertitude pour la chanteuse et ses nombreux admirateurs. Alors qu&rsquo;elle s&rsquo;appr\u00eate \u00e0 achever sa tourn\u00e9e avec des dates \u00e0 La Seine Musicale, le myst\u00e8re plane sur l&rsquo;ampleur et la dur\u00e9e de son retrait. Si le public exprime son inqui\u00e9tude, l&rsquo;artiste a tenu \u00e0 remercier ses fans pour leur soutien ind\u00e9fectible. Seul le temps nous dira si cette \u00ab\u00a0disparition\u00a0\u00bb sera une parenth\u00e8se cr\u00e9ative ou le pr\u00e9lude \u00e0 une nouvelle \u00e9tape dans la vie de la star fran\u00e7aise.<\/p>\n","protected":false},"excerpt":{"rendered":"<p>La sc\u00e8ne musicale fran\u00e7aise est en effervescence suite aux d\u00e9clarations de la chanteuse star Vitaa. L&rsquo;artiste, connue pour ses tubes et ses collaborations fructueuses, a r\u00e9cemment \u00e9voqu\u00e9 l&rsquo;id\u00e9e de faire une pause dans sa carri\u00e8re, laissant ses fans dans l&rsquo;incertitude quant \u00e0 son avenir. Cette annonce, marqu\u00e9e par la phrase \u00ab\u00a0C\u2019est bien de dispara\u00eetre\u00a0\u00bb, soul\u00e8ve [&hellip;]<\/p>\n","protected":false},"author":4,"featured_media":44646,"comment_status":"open","ping_status":"open","sticky":false,"template":"","format":"standard","meta":{"_yoast_wpseo_title":"\"C\u2019est bien de dispara\u00eetre\"\u00a0: cette chanteuse star fran\u00e7aise va-t-elle mettre un terme \u00e0 carri\u00e8re\u00a0?","_yoast_wpseo_metadesc":"","_yoast_wpseo_focuskw":"mettre"},"categories":[5],"tags":[],"class_list":["post-44647","post","type-post","status-publish","format-standard","has-post-thumbnail","hentry","category-divertissement"],"yoast_head":"<!-- This site is optimized with the Yoast SEO plugin v26.3 - https:\/\/yoast.com\/wordpress\/plugins\/seo\/ -->\n<title>&quot;C\u2019est bien de dispara\u00eetre&quot;\u00a0: cette chanteuse star fran\u00e7aise va-t-elle mettre un terme \u00e0 carri\u00e8re\u00a0?<\/title>\n<meta name=\"robots\" content=\"index, follow, max-snippet:-1, max-image-preview:large, max-video-preview:-1\" \/>\n<link rel=\"canonical\" href=\"https:\/\/elukelele.com\/fr\/divertissement\/cest-bien-de-disparaitre-cette-chanteuse-star-francaise-va-t-elle-mettre-un-terme-a-carriere\/\" \/>\n<meta property=\"og:locale\" content=\"fr_FR\" \/>\n<meta property=\"og:type\" content=\"article\" \/>\n<meta property=\"og:title\" content=\"&quot;C\u2019est bien de dispara\u00eetre&quot;\u00a0: cette chanteuse star fran\u00e7aise va-t-elle mettre un terme \u00e0 carri\u00e8re\u00a0?\" \/>\n<meta property=\"og:description\" content=\"La sc\u00e8ne musicale fran\u00e7aise est en effervescence suite aux d\u00e9clarations de la chanteuse star Vitaa. L&rsquo;artiste, connue pour ses tubes et ses collaborations fructueuses, a r\u00e9cemment \u00e9voqu\u00e9 l&rsquo;id\u00e9e de faire une pause dans sa carri\u00e8re, laissant ses fans dans l&rsquo;incertitude quant \u00e0 son avenir. Cette annonce, marqu\u00e9e par la phrase \u00ab\u00a0C\u2019est bien de dispara\u00eetre\u00a0\u00bb, soul\u00e8ve [&hellip;]\" \/>\n<meta property=\"og:url\" content=\"https:\/\/elukelele.com\/fr\/divertissement\/cest-bien-de-disparaitre-cette-chanteuse-star-francaise-va-t-elle-mettre-un-terme-a-carriere\/\" \/>\n<meta property=\"og:site_name\" content=\"El Ukelele\" \/>\n<meta property=\"article:published_time\" content=\"2025-11-19T06:44:39+00:00\" \/>\n<meta property=\"article:modified_time\" content=\"2025-11-19T06:44:40+00:00\" \/>\n<meta property=\"og:image\" content=\"https:\/\/elukelele.com\/fr\/wp-content\/uploads\/2025\/11\/framed_only-34.png\" \/>\n\t<meta property=\"og:image:width\" content=\"1200\" \/>\n\t<meta property=\"og:image:height\" content=\"628\" \/>\n\t<meta property=\"og:image:type\" content=\"image\/png\" \/>\n<meta name=\"author\" content=\"Daniel Perrin\" \/>\n<meta name=\"twitter:card\" content=\"summary_large_image\" \/>\n<meta name=\"twitter:label1\" content=\"\u00c9crit par\" \/>\n\t<meta name=\"twitter:data1\" content=\"Daniel Perrin\" \/>\n\t<meta name=\"twitter:label2\" content=\"Dur\u00e9e de lecture estim\u00e9e\" \/>\n\t<meta name=\"twitter:data2\" content=\"4 minutes\" \/>\n<script type=\"application\/ld+json\" class=\"yoast-schema-graph\">{\"@context\":\"https:\/\/schema.org\",\"@graph\":[{\"@type\":\"WebPage\",\"@id\":\"https:\/\/elukelele.com\/fr\/divertissement\/cest-bien-de-disparaitre-cette-chanteuse-star-francaise-va-t-elle-mettre-un-terme-a-carriere\/\",\"url\":\"https:\/\/elukelele.com\/fr\/divertissement\/cest-bien-de-disparaitre-cette-chanteuse-star-francaise-va-t-elle-mettre-un-terme-a-carriere\/\",\"name\":\"\\\"C\u2019est bien de dispara\u00eetre\\\"\u00a0: cette chanteuse star fran\u00e7aise va-t-elle mettre un terme \u00e0 carri\u00e8re\u00a0?\",\"isPartOf\":{\"@id\":\"https:\/\/elukelele.com\/fr\/#website\"},\"primaryImageOfPage\":{\"@id\":\"https:\/\/elukelele.com\/fr\/divertissement\/cest-bien-de-disparaitre-cette-chanteuse-star-francaise-va-t-elle-mettre-un-terme-a-carriere\/#primaryimage\"},\"image\":{\"@id\":\"https:\/\/elukelele.com\/fr\/divertissement\/cest-bien-de-disparaitre-cette-chanteuse-star-francaise-va-t-elle-mettre-un-terme-a-carriere\/#primaryimage\"},\"thumbnailUrl\":\"https:\/\/elukelele.com\/fr\/wp-content\/uploads\/2025\/11\/framed_only-34.png\",\"datePublished\":\"2025-11-19T06:44:39+00:00\",\"dateModified\":\"2025-11-19T06:44:40+00:00\",\"author\":{\"@id\":\"https:\/\/elukelele.com\/fr\/#\/schema\/person\/ccfb3d2be2ec7fa389608eb6da0b38d6\"},\"breadcrumb\":{\"@id\":\"https:\/\/elukelele.com\/fr\/divertissement\/cest-bien-de-disparaitre-cette-chanteuse-star-francaise-va-t-elle-mettre-un-terme-a-carriere\/#breadcrumb\"},\"inLanguage\":\"fr-FR\",\"potentialAction\":[{\"@type\":\"ReadAction\",\"target\":[\"https:\/\/elukelele.com\/fr\/divertissement\/cest-bien-de-disparaitre-cette-chanteuse-star-francaise-va-t-elle-mettre-un-terme-a-carriere\/\"]}]},{\"@type\":\"ImageObject\",\"inLanguage\":\"fr-FR\",\"@id\":\"https:\/\/elukelele.com\/fr\/divertissement\/cest-bien-de-disparaitre-cette-chanteuse-star-francaise-va-t-elle-mettre-un-terme-a-carriere\/#primaryimage\",\"url\":\"https:\/\/elukelele.com\/fr\/wp-content\/uploads\/2025\/11\/framed_only-34.png\",\"contentUrl\":\"https:\/\/elukelele.com\/fr\/wp-content\/uploads\/2025\/11\/framed_only-34.png\",\"width\":1200,\"height\":628,\"caption\":\"mettre\"},{\"@type\":\"BreadcrumbList\",\"@id\":\"https:\/\/elukelele.com\/fr\/divertissement\/cest-bien-de-disparaitre-cette-chanteuse-star-francaise-va-t-elle-mettre-un-terme-a-carriere\/#breadcrumb\",\"itemListElement\":[{\"@type\":\"ListItem\",\"position\":1,\"name\":\"Home\",\"item\":\"https:\/\/elukelele.com\/fr\/\"},{\"@type\":\"ListItem\",\"position\":2,\"name\":\"\u00ab\u00a0C\u2019est bien de dispara\u00eetre\u00a0\u00bb\u00a0: cette chanteuse star fran\u00e7aise va-t-elle mettre un terme \u00e0 carri\u00e8re\u00a0?\"}]},{\"@type\":\"WebSite\",\"@id\":\"https:\/\/elukelele.com\/fr\/#website\",\"url\":\"https:\/\/elukelele.com\/fr\/\",\"name\":\"El Ukelele\",\"description\":\"Musique au-del\u00e0 de l&#039;indie\",\"potentialAction\":[{\"@type\":\"SearchAction\",\"target\":{\"@type\":\"EntryPoint\",\"urlTemplate\":\"https:\/\/elukelele.com\/fr\/?s={search_term_string}\"},\"query-input\":{\"@type\":\"PropertyValueSpecification\",\"valueRequired\":true,\"valueName\":\"search_term_string\"}}],\"inLanguage\":\"fr-FR\"},{\"@type\":\"Person\",\"@id\":\"https:\/\/elukelele.com\/fr\/#\/schema\/person\/ccfb3d2be2ec7fa389608eb6da0b38d6\",\"name\":\"Daniel Perrin\",\"image\":{\"@type\":\"ImageObject\",\"inLanguage\":\"fr-FR\",\"@id\":\"https:\/\/elukelele.com\/fr\/#\/schema\/person\/image\/\",\"url\":\"https:\/\/secure.gravatar.com\/avatar\/37f9d9ffa29ce5640a0d9c6ca8bbd90afb854014296ecaa0e3a558ac716e6fe4?s=96&d=mm&r=g\",\"contentUrl\":\"https:\/\/secure.gravatar.com\/avatar\/37f9d9ffa29ce5640a0d9c6ca8bbd90afb854014296ecaa0e3a558ac716e6fe4?s=96&d=mm&r=g\",\"caption\":\"Daniel Perrin\"},\"sameAs\":[\"https:\/\/elukelele.com\/fr\"],\"url\":\"https:\/\/elukelele.com\/fr\/author\/daniel-perrin\/\"}]}<\/script>\n<!-- \/ Yoast SEO plugin. -->","yoast_head_json":{"title":"\"C\u2019est bien de dispara\u00eetre\"\u00a0: cette chanteuse star fran\u00e7aise va-t-elle mettre un terme \u00e0 carri\u00e8re\u00a0?","robots":{"index":"index","follow":"follow","max-snippet":"max-snippet:-1","max-image-preview":"max-image-preview:large","max-video-preview":"max-video-preview:-1"},"canonical":"https:\/\/elukelele.com\/fr\/divertissement\/cest-bien-de-disparaitre-cette-chanteuse-star-francaise-va-t-elle-mettre-un-terme-a-carriere\/","og_locale":"fr_FR","og_type":"article","og_title":"\"C\u2019est bien de dispara\u00eetre\"\u00a0: cette chanteuse star fran\u00e7aise va-t-elle mettre un terme \u00e0 carri\u00e8re\u00a0?","og_description":"La sc\u00e8ne musicale fran\u00e7aise est en effervescence suite aux d\u00e9clarations de la chanteuse star Vitaa. L&rsquo;artiste, connue pour ses tubes et ses collaborations fructueuses, a r\u00e9cemment \u00e9voqu\u00e9 l&rsquo;id\u00e9e de faire une pause dans sa carri\u00e8re, laissant ses fans dans l&rsquo;incertitude quant \u00e0 son avenir. Cette annonce, marqu\u00e9e par la phrase \u00ab\u00a0C\u2019est bien de dispara\u00eetre\u00a0\u00bb, soul\u00e8ve [&hellip;]","og_url":"https:\/\/elukelele.com\/fr\/divertissement\/cest-bien-de-disparaitre-cette-chanteuse-star-francaise-va-t-elle-mettre-un-terme-a-carriere\/","og_site_name":"El Ukelele","article_published_time":"2025-11-19T06:44:39+00:00","article_modified_time":"2025-11-19T06:44:40+00:00","og_image":[{"width":1200,"height":628,"url":"https:\/\/elukelele.com\/fr\/wp-content\/uploads\/2025\/11\/framed_only-34.png","type":"image\/png"}],"author":"Daniel Perrin","twitter_card":"summary_large_image","twitter_misc":{"\u00c9crit par":"Daniel Perrin","Dur\u00e9e de lecture estim\u00e9e":"4 minutes"},"schema":{"@context":"https:\/\/schema.org","@graph":[{"@type":"WebPage","@id":"https:\/\/elukelele.com\/fr\/divertissement\/cest-bien-de-disparaitre-cette-chanteuse-star-francaise-va-t-elle-mettre-un-terme-a-carriere\/","url":"https:\/\/elukelele.com\/fr\/divertissement\/cest-bien-de-disparaitre-cette-chanteuse-star-francaise-va-t-elle-mettre-un-terme-a-carriere\/","name":"\"C\u2019est bien de dispara\u00eetre\"\u00a0: cette chanteuse star fran\u00e7aise va-t-elle mettre un terme \u00e0 carri\u00e8re\u00a0?","isPartOf":{"@id":"https:\/\/elukelele.com\/fr\/#website"},"primaryImageOfPage":{"@id":"https:\/\/elukelele.com\/fr\/divertissement\/cest-bien-de-disparaitre-cette-chanteuse-star-francaise-va-t-elle-mettre-un-terme-a-carriere\/#primaryimage"},"image":{"@id":"https:\/\/elukelele.com\/fr\/divertissement\/cest-bien-de-disparaitre-cette-chanteuse-star-francaise-va-t-elle-mettre-un-terme-a-carriere\/#primaryimage"},"thumbnailUrl":"https:\/\/elukelele.com\/fr\/wp-content\/uploads\/2025\/11\/framed_only-34.png","datePublished":"2025-11-19T06:44:39+00:00","dateModified":"2025-11-19T06:44:40+00:00","author":{"@id":"https:\/\/elukelele.com\/fr\/#\/schema\/person\/ccfb3d2be2ec7fa389608eb6da0b38d6"},"breadcrumb":{"@id":"https:\/\/elukelele.com\/fr\/divertissement\/cest-bien-de-disparaitre-cette-chanteuse-star-francaise-va-t-elle-mettre-un-terme-a-carriere\/#breadcrumb"},"inLanguage":"fr-FR","potentialAction":[{"@type":"ReadAction","target":["https:\/\/elukelele.com\/fr\/divertissement\/cest-bien-de-disparaitre-cette-chanteuse-star-francaise-va-t-elle-mettre-un-terme-a-carriere\/"]}]},{"@type":"ImageObject","inLanguage":"fr-FR","@id":"https:\/\/elukelele.com\/fr\/divertissement\/cest-bien-de-disparaitre-cette-chanteuse-star-francaise-va-t-elle-mettre-un-terme-a-carriere\/#primaryimage","url":"https:\/\/elukelele.com\/fr\/wp-content\/uploads\/2025\/11\/framed_only-34.png","contentUrl":"https:\/\/elukelele.com\/fr\/wp-content\/uploads\/2025\/11\/framed_only-34.png","width":1200,"height":628,"caption":"mettre"},{"@type":"BreadcrumbList","@id":"https:\/\/elukelele.com\/fr\/divertissement\/cest-bien-de-disparaitre-cette-chanteuse-star-francaise-va-t-elle-mettre-un-terme-a-carriere\/#breadcrumb","itemListElement":[{"@type":"ListItem","position":1,"name":"Home","item":"https:\/\/elukelele.com\/fr\/"},{"@type":"ListItem","position":2,"name":"\u00ab\u00a0C\u2019est bien de dispara\u00eetre\u00a0\u00bb\u00a0: cette chanteuse star fran\u00e7aise va-t-elle mettre un terme \u00e0 carri\u00e8re\u00a0?"}]},{"@type":"WebSite","@id":"https:\/\/elukelele.com\/fr\/#website","url":"https:\/\/elukelele.com\/fr\/","name":"El Ukelele","description":"Musique au-del\u00e0 de l&#039;indie","potentialAction":[{"@type":"SearchAction","target":{"@type":"EntryPoint","urlTemplate":"https:\/\/elukelele.com\/fr\/?s={search_term_string}"},"query-input":{"@type":"PropertyValueSpecification","valueRequired":true,"valueName":"search_term_string"}}],"inLanguage":"fr-FR"},{"@type":"Person","@id":"https:\/\/elukelele.com\/fr\/#\/schema\/person\/ccfb3d2be2ec7fa389608eb6da0b38d6","name":"Daniel Perrin","image":{"@type":"ImageObject","inLanguage":"fr-FR","@id":"https:\/\/elukelele.com\/fr\/#\/schema\/person\/image\/","url":"https:\/\/secure.gravatar.com\/avatar\/37f9d9ffa29ce5640a0d9c6ca8bbd90afb854014296ecaa0e3a558ac716e6fe4?s=96&d=mm&r=g","contentUrl":"https:\/\/secure.gravatar.com\/avatar\/37f9d9ffa29ce5640a0d9c6ca8bbd90afb854014296ecaa0e3a558ac716e6fe4?s=96&d=mm&r=g","caption":"Daniel Perrin"},"sameAs":["https:\/\/elukelele.com\/fr"],"url":"https:\/\/elukelele.com\/fr\/author\/daniel-perrin\/"}]}},"_links":{"self":[{"href":"https:\/\/elukelele.com\/fr\/wp-json\/wp\/v2\/posts\/44647","targetHints":{"allow":["GET"]}}],"collection":[{"href":"https:\/\/elukelele.com\/fr\/wp-json\/wp\/v2\/posts"}],"about":[{"href":"https:\/\/elukelele.com\/fr\/wp-json\/wp\/v2\/types\/post"}],"author":[{"embeddable":true,"href":"https:\/\/elukelele.com\/fr\/wp-json\/wp\/v2\/users\/4"}],"replies":[{"embeddable":true,"href":"https:\/\/elukelele.com\/fr\/wp-json\/wp\/v2\/comments?post=44647"}],"version-history":[{"count":1,"href":"https:\/\/elukelele.com\/fr\/wp-json\/wp\/v2\/posts\/44647\/revisions"}],"predecessor-version":[{"id":44940,"href":"https:\/\/elukelele.com\/fr\/wp-json\/wp\/v2\/posts\/44647\/revisions\/44940"}],"wp:featuredmedia":[{"embeddable":true,"href":"https:\/\/elukelele.com\/fr\/wp-json\/wp\/v2\/media\/44646"}],"wp:attachment":[{"href":"https:\/\/elukelele.com\/fr\/wp-json\/wp\/v2\/media?parent=44647"}],"wp:term":[{"taxonomy":"category","embeddable":true,"href":"https:\/\/elukelele.com\/fr\/wp-json\/wp\/v2\/categories?post=44647"},{"taxonomy":"post_tag","embeddable":true,"href":"https:\/\/elukelele.com\/fr\/wp-json\/wp\/v2\/tags?post=44647"}],"curies":[{"name":"wp","href":"https:\/\/api.w.org\/{rel}","templated":true}]}}